{"id":226,"date":"2019-08-14T16:36:55","date_gmt":"2019-08-14T16:36:55","guid":{"rendered":"http:\/\/21panorama.com\/?p=226"},"modified":"2019-08-15T02:38:19","modified_gmt":"2019-08-15T02:38:19","slug":"fomenta-gobierno-de-coacalco-tradiciones-e-identidad-cultural","status":"publish","type":"post","link":"https:\/\/21panorama.com\/index.php\/2019\/08\/14\/fomenta-gobierno-de-coacalco-tradiciones-e-identidad-cultural\/","title":{"rendered":"FOMENTA GOBIERNO DE COACALCO TRADICIONES E IDENTIDAD CULTURAL"},"content":{"rendered":"\n<p>Para el Gobierno de Coacalco, encabezado por el Alcalde Darwin Eslava, fomentar las tradiciones y la identidad coacalquense, es una de las acciones que se realizar\u00e1 durante su administraci\u00f3n.<\/p>\n\n\n\n<p>Durante la apertura de la Fiesta Patronal de San Lorenzo Tetlixtac, el Presidente Municipal resalt\u00f3 la importancia que esta localidad tiene \u2013 junto con Santa Mar\u00eda Magdalena Huichachitla y Cabecera municipal \u2013 para Coacalco al ser uno de los tres pueblos fundadores.&nbsp;<\/p>\n\n\n\n<p>\u201cEn estos lugares est\u00e1n nuestras ra\u00edces, la identidad de lo que somos como coacalquenses y que todos los d\u00edas nos hacen sentir orgullosos\u201d, indic\u00f3.<\/p>\n\n\n\n<p>Despu\u00e9s de varias ediciones de no contar con el apoyo del gobierno local en turno, los organizadores agradecieron la intervenci\u00f3n de la actual administraci\u00f3n, as\u00ed como la participaci\u00f3n de la Direcci\u00f3n de Cultura, Turismo y Artes, quien aport\u00f3 algunas actividades.<\/p>\n\n\n\n<p>Entre estas resaltan la participaci\u00f3n de Ensamble de Alientos y Cuartetos de Guitarras, Compa\u00f1\u00eda de Teatro \u201cA la mexicana\u201d, Casa de Cultura Ballet Cl\u00e1sico y la Esencia Mexicana Ballet Folcl\u00f3rico, los cuales se presentar\u00e1n en los diferentes d\u00edas que dura la feria, la cual termina este domingo 18 de agosto.<\/p>\n","protected":false},"excerpt":{"rendered":"<p>Para el Gobierno de Coacalco, encabezado por el Alcalde Darwin Eslava, fomentar las tradiciones y la identidad coacalquense, es una de las acciones que se realizar\u00e1 durante su administraci\u00f3n. Durante la apertura de la Fiesta Patronal de San Lorenzo Tetlixtac, el Presidente Municipal resalt\u00f3 la importancia que esta localidad tiene \u2013 junto con Santa Mar\u00eda Magdalena Huichachitla y Cabecera municipal \u2013 para Coacalco al ser uno de los tres pueblos fundadores.&nbsp; \u201cEn estos lugares est\u00e1n nuestras ra\u00edces, la identidad de lo que somos como coacalquenses y que todos los d\u00edas&hellip;<\/p>\n","protected":false},"author":1,"featured_media":227,"comment_status":"open","ping_status":"open","sticky":false,"template":"","format":"standard","meta":{"footnotes":""},"categories":[9,1],"tags":[],"class_list":["post-226","post","type-post","status-publish","format-standard","has-post-thumbnail","hentry","category-religion","category-sociedad"],"yoast_head":"<!-- This site is optimized with the Yoast SEO plugin v24.9 - https:\/\/yoast.com\/wordpress\/plugins\/seo\/ -->\n<title>FOMENTA GOBIERNO DE COACALCO TRADICIONES E IDENTIDAD CULTURAL - 21 Panorama<\/title>\n<meta name=\"robots\" content=\"index, follow, max-snippet:-1, max-image-preview:large, max-video-preview:-1\" \/>\n<link rel=\"canonical\" href=\"https:\/\/21panorama.com\/index.php\/2019\/08\/14\/fomenta-gobierno-de-coacalco-tradiciones-e-identidad-cultural\/\" \/>\n<meta property=\"og:locale\" content=\"es_MX\" \/>\n<meta property=\"og:type\" content=\"article\" \/>\n<meta property=\"og:title\" content=\"FOMENTA GOBIERNO DE COACALCO TRADICIONES E IDENTIDAD CULTURAL - 21 Panorama\" \/>\n<meta property=\"og:description\" content=\"Para el Gobierno de Coacalco, encabezado por el Alcalde Darwin Eslava, fomentar las tradiciones y la identidad coacalquense, es una de las acciones que se realizar\u00e1 durante su administraci\u00f3n. Durante la apertura de la Fiesta Patronal de San Lorenzo Tetlixtac, el Presidente Municipal resalt\u00f3 la importancia que esta localidad tiene \u2013 junto con Santa Mar\u00eda Magdalena Huichachitla y Cabecera municipal \u2013 para Coacalco al ser uno de los tres pueblos fundadores.&nbsp; \u201cEn estos lugares est\u00e1n nuestras ra\u00edces, la identidad de lo que somos como coacalquenses y que todos los d\u00edas&hellip;\" \/>\n<meta property=\"og:url\" content=\"https:\/\/21panorama.com\/index.php\/2019\/08\/14\/fomenta-gobierno-de-coacalco-tradiciones-e-identidad-cultural\/\" \/>\n<meta property=\"og:site_name\" content=\"21 Panorama\" \/>\n<meta property=\"article:published_time\" content=\"2019-08-14T16:36:55+00:00\" \/>\n<meta property=\"article:modified_time\" content=\"2019-08-15T02:38:19+00:00\" \/>\n<meta property=\"og:image\" content=\"https:\/\/21panorama.com\/wp-content\/uploads\/2019\/08\/SanLorenzo-9a-2-e1565733486601.jpeg\" \/>\n\t<meta property=\"og:image:width\" content=\"853\" \/>\n\t<meta property=\"og:image:height\" content=\"1280\" \/>\n\t<meta property=\"og:image:type\" content=\"image\/jpeg\" \/>\n<meta name=\"author\" content=\"admin\" \/>\n<meta name=\"twitter:card\" content=\"summary_large_image\" \/>\n<meta name=\"twitter:label1\" content=\"Escrito por\" \/>\n\t<meta name=\"twitter:data1\" content=\"admin\" \/>\n\t<meta name=\"twitter:label2\" content=\"Tiempo de lectura\" \/>\n\t<meta name=\"twitter:data2\" content=\"1 minuto\" \/>\n<script type=\"application\/ld+json\" class=\"yoast-schema-graph\">{\"@context\":\"https:\/\/schema.org\",\"@graph\":[{\"@type\":\"Article\",\"@id\":\"https:\/\/21panorama.com\/index.php\/2019\/08\/14\/fomenta-gobierno-de-coacalco-tradiciones-e-identidad-cultural\/#article\",\"isPartOf\":{\"@id\":\"https:\/\/21panorama.com\/index.php\/2019\/08\/14\/fomenta-gobierno-de-coacalco-tradiciones-e-identidad-cultural\/\"},\"author\":{\"name\":\"admin\",\"@id\":\"https:\/\/21panorama.com\/#\/schema\/person\/1afc291b96d5792a158768324287319f\"},\"headline\":\"FOMENTA GOBIERNO DE COACALCO TRADICIONES E IDENTIDAD CULTURAL\",\"datePublished\":\"2019-08-14T16:36:55+00:00\",\"dateModified\":\"2019-08-15T02:38:19+00:00\",\"mainEntityOfPage\":{\"@id\":\"https:\/\/21panorama.com\/index.php\/2019\/08\/14\/fomenta-gobierno-de-coacalco-tradiciones-e-identidad-cultural\/\"},\"wordCount\":207,\"commentCount\":0,\"publisher\":{\"@id\":\"https:\/\/21panorama.com\/#organization\"},\"image\":{\"@id\":\"https:\/\/21panorama.com\/index.php\/2019\/08\/14\/fomenta-gobierno-de-coacalco-tradiciones-e-identidad-cultural\/#primaryimage\"},\"thumbnailUrl\":\"https:\/\/21panorama.com\/wp-content\/uploads\/2019\/08\/SanLorenzo-9a-2-e1565733486601.jpeg\",\"articleSection\":[\"Religi\u00f3n\",\"Sociedad\"],\"inLanguage\":\"es\",\"potentialAction\":[{\"@type\":\"CommentAction\",\"name\":\"Comment\",\"target\":[\"https:\/\/21panorama.com\/index.php\/2019\/08\/14\/fomenta-gobierno-de-coacalco-tradiciones-e-identidad-cultural\/#respond\"]}]},{\"@type\":\"WebPage\",\"@id\":\"https:\/\/21panorama.com\/index.php\/2019\/08\/14\/fomenta-gobierno-de-coacalco-tradiciones-e-identidad-cultural\/\",\"url\":\"https:\/\/21panorama.com\/index.php\/2019\/08\/14\/fomenta-gobierno-de-coacalco-tradiciones-e-identidad-cultural\/\",\"name\":\"FOMENTA GOBIERNO DE COACALCO TRADICIONES E IDENTIDAD CULTURAL - 21 Panorama\",\"isPartOf\":{\"@id\":\"https:\/\/21panorama.com\/#website\"},\"primaryImageOfPage\":{\"@id\":\"https:\/\/21panorama.com\/index.php\/2019\/08\/14\/fomenta-gobierno-de-coacalco-tradiciones-e-identidad-cultural\/#primaryimage\"},\"image\":{\"@id\":\"https:\/\/21panorama.com\/index.php\/2019\/08\/14\/fomenta-gobierno-de-coacalco-tradiciones-e-identidad-cultural\/#primaryimage\"},\"thumbnailUrl\":\"https:\/\/21panorama.com\/wp-content\/uploads\/2019\/08\/SanLorenzo-9a-2-e1565733486601.jpeg\",\"datePublished\":\"2019-08-14T16:36:55+00:00\",\"dateModified\":\"2019-08-15T02:38:19+00:00\",\"breadcrumb\":{\"@id\":\"https:\/\/21panorama.com\/index.php\/2019\/08\/14\/fomenta-gobierno-de-coacalco-tradiciones-e-identidad-cultural\/#breadcrumb\"},\"inLanguage\":\"es\",\"potentialAction\":[{\"@type\":\"ReadAction\",\"target\":[\"https:\/\/21panorama.com\/index.php\/2019\/08\/14\/fomenta-gobierno-de-coacalco-tradiciones-e-identidad-cultural\/\"]}]},{\"@type\":\"ImageObject\",\"inLanguage\":\"es\",\"@id\":\"https:\/\/21panorama.com\/index.php\/2019\/08\/14\/fomenta-gobierno-de-coacalco-tradiciones-e-identidad-cultural\/#primaryimage\",\"url\":\"https:\/\/21panorama.com\/wp-content\/uploads\/2019\/08\/SanLorenzo-9a-2-e1565733486601.jpeg\",\"contentUrl\":\"https:\/\/21panorama.com\/wp-content\/uploads\/2019\/08\/SanLorenzo-9a-2-e1565733486601.jpeg\",\"width\":853,\"height\":1280},{\"@type\":\"BreadcrumbList\",\"@id\":\"https:\/\/21panorama.com\/index.php\/2019\/08\/14\/fomenta-gobierno-de-coacalco-tradiciones-e-identidad-cultural\/#breadcrumb\",\"itemListElement\":[{\"@type\":\"ListItem\",\"position\":1,\"name\":\"Inicio\",\"item\":\"https:\/\/21panorama.com\/\"},{\"@type\":\"ListItem\",\"position\":2,\"name\":\"FOMENTA GOBIERNO DE COACALCO TRADICIONES E IDENTIDAD CULTURAL\"}]},{\"@type\":\"WebSite\",\"@id\":\"https:\/\/21panorama.com\/#website\",\"url\":\"https:\/\/21panorama.com\/\",\"name\":\"21 Panorama\",\"description\":\"La construcci\u00f3n de la opini\u00f3n p\u00fablica merece un mejor Panorama en este siglo 21 para alcanzar una sociedad con mayor transparencia y sin corrupci\u00f3n.\",\"publisher\":{\"@id\":\"https:\/\/21panorama.com\/#organization\"},\"potentialAction\":[{\"@type\":\"SearchAction\",\"target\":{\"@type\":\"EntryPoint\",\"urlTemplate\":\"https:\/\/21panorama.com\/?s={search_term_string}\"},\"query-input\":{\"@type\":\"PropertyValueSpecification\",\"valueRequired\":true,\"valueName\":\"search_term_string\"}}],\"inLanguage\":\"es\"},{\"@type\":\"Organization\",\"@id\":\"https:\/\/21panorama.com\/#organization\",\"name\":\"21 Panorama\",\"url\":\"https:\/\/21panorama.com\/\",\"logo\":{\"@type\":\"ImageObject\",\"inLanguage\":\"es\",\"@id\":\"https:\/\/21panorama.com\/#\/schema\/logo\/image\/\",\"url\":\"https:\/\/21panorama.com\/wp-content\/uploads\/2019\/07\/cropped-Logo-Panorama-01.jpeg\",\"contentUrl\":\"https:\/\/21panorama.com\/wp-content\/uploads\/2019\/07\/cropped-Logo-Panorama-01.jpeg\",\"width\":290,\"height\":70,\"caption\":\"21 Panorama\"},\"image\":{\"@id\":\"https:\/\/21panorama.com\/#\/schema\/logo\/image\/\"}},{\"@type\":\"Person\",\"@id\":\"https:\/\/21panorama.com\/#\/schema\/person\/1afc291b96d5792a158768324287319f\",\"name\":\"admin\",\"image\":{\"@type\":\"ImageObject\",\"inLanguage\":\"es\",\"@id\":\"https:\/\/21panorama.com\/#\/schema\/person\/image\/\",\"url\":\"https:\/\/secure.gravatar.com\/avatar\/ad365d9d9f46719215b0d042cc3df92a5a8683e09ef13d102233e5491985f0f0?s=96&d=mm&r=g\",\"contentUrl\":\"https:\/\/secure.gravatar.com\/avatar\/ad365d9d9f46719215b0d042cc3df92a5a8683e09ef13d102233e5491985f0f0?s=96&d=mm&r=g\",\"caption\":\"admin\"},\"url\":\"https:\/\/21panorama.com\/index.php\/author\/admin\/\"}]}<\/script>\n<!-- \/ Yoast SEO plugin. -->","yoast_head_json":{"title":"FOMENTA GOBIERNO DE COACALCO TRADICIONES E IDENTIDAD CULTURAL - 21 Panorama","robots":{"index":"index","follow":"follow","max-snippet":"max-snippet:-1","max-image-preview":"max-image-preview:large","max-video-preview":"max-video-preview:-1"},"canonical":"https:\/\/21panorama.com\/index.php\/2019\/08\/14\/fomenta-gobierno-de-coacalco-tradiciones-e-identidad-cultural\/","og_locale":"es_MX","og_type":"article","og_title":"FOMENTA GOBIERNO DE COACALCO TRADICIONES E IDENTIDAD CULTURAL - 21 Panorama","og_description":"Para el Gobierno de Coacalco, encabezado por el Alcalde Darwin Eslava, fomentar las tradiciones y la identidad coacalquense, es una de las acciones que se realizar\u00e1 durante su administraci\u00f3n. Durante la apertura de la Fiesta Patronal de San Lorenzo Tetlixtac, el Presidente Municipal resalt\u00f3 la importancia que esta localidad tiene \u2013 junto con Santa Mar\u00eda Magdalena Huichachitla y Cabecera municipal \u2013 para Coacalco al ser uno de los tres pueblos fundadores.&nbsp; \u201cEn estos lugares est\u00e1n nuestras ra\u00edces, la identidad de lo que somos como coacalquenses y que todos los d\u00edas&hellip;","og_url":"https:\/\/21panorama.com\/index.php\/2019\/08\/14\/fomenta-gobierno-de-coacalco-tradiciones-e-identidad-cultural\/","og_site_name":"21 Panorama","article_published_time":"2019-08-14T16:36:55+00:00","article_modified_time":"2019-08-15T02:38:19+00:00","og_image":[{"width":853,"height":1280,"url":"https:\/\/21panorama.com\/wp-content\/uploads\/2019\/08\/SanLorenzo-9a-2-e1565733486601.jpeg","type":"image\/jpeg"}],"author":"admin","twitter_card":"summary_large_image","twitter_misc":{"Escrito por":"admin","Tiempo de lectura":"1 minuto"},"schema":{"@context":"https:\/\/schema.org","@graph":[{"@type":"Article","@id":"https:\/\/21panorama.com\/index.php\/2019\/08\/14\/fomenta-gobierno-de-coacalco-tradiciones-e-identidad-cultural\/#article","isPartOf":{"@id":"https:\/\/21panorama.com\/index.php\/2019\/08\/14\/fomenta-gobierno-de-coacalco-tradiciones-e-identidad-cultural\/"},"author":{"name":"admin","@id":"https:\/\/21panorama.com\/#\/schema\/person\/1afc291b96d5792a158768324287319f"},"headline":"FOMENTA GOBIERNO DE COACALCO TRADICIONES E IDENTIDAD CULTURAL","datePublished":"2019-08-14T16:36:55+00:00","dateModified":"2019-08-15T02:38:19+00:00","mainEntityOfPage":{"@id":"https:\/\/21panorama.com\/index.php\/2019\/08\/14\/fomenta-gobierno-de-coacalco-tradiciones-e-identidad-cultural\/"},"wordCount":207,"commentCount":0,"publisher":{"@id":"https:\/\/21panorama.com\/#organization"},"image":{"@id":"https:\/\/21panorama.com\/index.php\/2019\/08\/14\/fomenta-gobierno-de-coacalco-tradiciones-e-identidad-cultural\/#primaryimage"},"thumbnailUrl":"https:\/\/21panorama.com\/wp-content\/uploads\/2019\/08\/SanLorenzo-9a-2-e1565733486601.jpeg","articleSection":["Religi\u00f3n","Sociedad"],"inLanguage":"es","potentialAction":[{"@type":"CommentAction","name":"Comment","target":["https:\/\/21panorama.com\/index.php\/2019\/08\/14\/fomenta-gobierno-de-coacalco-tradiciones-e-identidad-cultural\/#respond"]}]},{"@type":"WebPage","@id":"https:\/\/21panorama.com\/index.php\/2019\/08\/14\/fomenta-gobierno-de-coacalco-tradiciones-e-identidad-cultural\/","url":"https:\/\/21panorama.com\/index.php\/2019\/08\/14\/fomenta-gobierno-de-coacalco-tradiciones-e-identidad-cultural\/","name":"FOMENTA GOBIERNO DE COACALCO TRADICIONES E IDENTIDAD CULTURAL - 21 Panorama","isPartOf":{"@id":"https:\/\/21panorama.com\/#website"},"primaryImageOfPage":{"@id":"https:\/\/21panorama.com\/index.php\/2019\/08\/14\/fomenta-gobierno-de-coacalco-tradiciones-e-identidad-cultural\/#primaryimage"},"image":{"@id":"https:\/\/21panorama.com\/index.php\/2019\/08\/14\/fomenta-gobierno-de-coacalco-tradiciones-e-identidad-cultural\/#primaryimage"},"thumbnailUrl":"https:\/\/21panorama.com\/wp-content\/uploads\/2019\/08\/SanLorenzo-9a-2-e1565733486601.jpeg","datePublished":"2019-08-14T16:36:55+00:00","dateModified":"2019-08-15T02:38:19+00:00","breadcrumb":{"@id":"https:\/\/21panorama.com\/index.php\/2019\/08\/14\/fomenta-gobierno-de-coacalco-tradiciones-e-identidad-cultural\/#breadcrumb"},"inLanguage":"es","potentialAction":[{"@type":"ReadAction","target":["https:\/\/21panorama.com\/index.php\/2019\/08\/14\/fomenta-gobierno-de-coacalco-tradiciones-e-identidad-cultural\/"]}]},{"@type":"ImageObject","inLanguage":"es","@id":"https:\/\/21panorama.com\/index.php\/2019\/08\/14\/fomenta-gobierno-de-coacalco-tradiciones-e-identidad-cultural\/#primaryimage","url":"https:\/\/21panorama.com\/wp-content\/uploads\/2019\/08\/SanLorenzo-9a-2-e1565733486601.jpeg","contentUrl":"https:\/\/21panorama.com\/wp-content\/uploads\/2019\/08\/SanLorenzo-9a-2-e1565733486601.jpeg","width":853,"height":1280},{"@type":"BreadcrumbList","@id":"https:\/\/21panorama.com\/index.php\/2019\/08\/14\/fomenta-gobierno-de-coacalco-tradiciones-e-identidad-cultural\/#breadcrumb","itemListElement":[{"@type":"ListItem","position":1,"name":"Inicio","item":"https:\/\/21panorama.com\/"},{"@type":"ListItem","position":2,"name":"FOMENTA GOBIERNO DE COACALCO TRADICIONES E IDENTIDAD CULTURAL"}]},{"@type":"WebSite","@id":"https:\/\/21panorama.com\/#website","url":"https:\/\/21panorama.com\/","name":"21 Panorama","description":"La construcci\u00f3n de la opini\u00f3n p\u00fablica merece un mejor Panorama en este siglo 21 para alcanzar una sociedad con mayor transparencia y sin corrupci\u00f3n.","publisher":{"@id":"https:\/\/21panorama.com\/#organization"},"potentialAction":[{"@type":"SearchAction","target":{"@type":"EntryPoint","urlTemplate":"https:\/\/21panorama.com\/?s={search_term_string}"},"query-input":{"@type":"PropertyValueSpecification","valueRequired":true,"valueName":"search_term_string"}}],"inLanguage":"es"},{"@type":"Organization","@id":"https:\/\/21panorama.com\/#organization","name":"21 Panorama","url":"https:\/\/21panorama.com\/","logo":{"@type":"ImageObject","inLanguage":"es","@id":"https:\/\/21panorama.com\/#\/schema\/logo\/image\/","url":"https:\/\/21panorama.com\/wp-content\/uploads\/2019\/07\/cropped-Logo-Panorama-01.jpeg","contentUrl":"https:\/\/21panorama.com\/wp-content\/uploads\/2019\/07\/cropped-Logo-Panorama-01.jpeg","width":290,"height":70,"caption":"21 Panorama"},"image":{"@id":"https:\/\/21panorama.com\/#\/schema\/logo\/image\/"}},{"@type":"Person","@id":"https:\/\/21panorama.com\/#\/schema\/person\/1afc291b96d5792a158768324287319f","name":"admin","image":{"@type":"ImageObject","inLanguage":"es","@id":"https:\/\/21panorama.com\/#\/schema\/person\/image\/","url":"https:\/\/secure.gravatar.com\/avatar\/ad365d9d9f46719215b0d042cc3df92a5a8683e09ef13d102233e5491985f0f0?s=96&d=mm&r=g","contentUrl":"https:\/\/secure.gravatar.com\/avatar\/ad365d9d9f46719215b0d042cc3df92a5a8683e09ef13d102233e5491985f0f0?s=96&d=mm&r=g","caption":"admin"},"url":"https:\/\/21panorama.com\/index.php\/author\/admin\/"}]}},"_links":{"self":[{"href":"https:\/\/21panorama.com\/index.php\/wp-json\/wp\/v2\/posts\/226","targetHints":{"allow":["GET"]}}],"collection":[{"href":"https:\/\/21panorama.com\/index.php\/wp-json\/wp\/v2\/posts"}],"about":[{"href":"https:\/\/21panorama.com\/index.php\/wp-json\/wp\/v2\/types\/post"}],"author":[{"embeddable":true,"href":"https:\/\/21panorama.com\/index.php\/wp-json\/wp\/v2\/users\/1"}],"replies":[{"embeddable":true,"href":"https:\/\/21panorama.com\/index.php\/wp-json\/wp\/v2\/comments?post=226"}],"version-history":[{"count":1,"href":"https:\/\/21panorama.com\/index.php\/wp-json\/wp\/v2\/posts\/226\/revisions"}],"predecessor-version":[{"id":228,"href":"https:\/\/21panorama.com\/index.php\/wp-json\/wp\/v2\/posts\/226\/revisions\/228"}],"wp:featuredmedia":[{"embeddable":true,"href":"https:\/\/21panorama.com\/index.php\/wp-json\/wp\/v2\/media\/227"}],"wp:attachment":[{"href":"https:\/\/21panorama.com\/index.php\/wp-json\/wp\/v2\/media?parent=226"}],"wp:term":[{"taxonomy":"category","embeddable":true,"href":"https:\/\/21panorama.com\/index.php\/wp-json\/wp\/v2\/categories?post=226"},{"taxonomy":"post_tag","embeddable":true,"href":"https:\/\/21panorama.com\/index.php\/wp-json\/wp\/v2\/tags?post=226"}],"curies":[{"name":"wp","href":"https:\/\/api.w.org\/{rel}","templated":true}]}}