{"id":223,"date":"2019-08-14T16:33:50","date_gmt":"2019-08-14T16:33:50","guid":{"rendered":"http:\/\/21panorama.com\/?p=223"},"modified":"2019-08-15T02:36:03","modified_gmt":"2019-08-15T02:36:03","slug":"natura-empresa-brasilena-invierte-10-millones-de-dolares-y-crea-200-empleos-en-el-pueblo-de-axotlan","status":"publish","type":"post","link":"https:\/\/21panorama.com\/index.php\/2019\/08\/14\/natura-empresa-brasilena-invierte-10-millones-de-dolares-y-crea-200-empleos-en-el-pueblo-de-axotlan\/","title":{"rendered":"Natura, empresa brasile\u00f1a invierte 10 millones de d\u00f3lares y crea 200 empleos en el pueblo de Axotl\u00e1n"},"content":{"rendered":"\n<p>La empresa brasile\u00f1a Natura, inaugur\u00f3 el Centro de Distribuci\u00f3n m\u00e1s grande de Latinoam\u00e9rica y de mayor inversi\u00f3n en materia de operaciones, log\u00edstica e innovaci\u00f3n tecnol\u00f3gica construido fuera de Brasil. La empresa fue inaugurada esta ma\u00f1ana por Ricardo N\u00fa\u00f1ez Ayala, presidente municipal de Cuautitl\u00e1n Izcalli.<\/p>\n\n\n\n<p>Para la realizaci\u00f3n del nuevo complejo asentado en el Pueblo de Axotl\u00e1n, fueron invertidos m\u00e1s de 10 millones de d\u00f3lares, cuenta con 24 mil metros cuadrados de terreno y 21 mil de construcci\u00f3n.<\/p>\n\n\n\n<p>El nuevo Centro de Distribuci\u00f3n Natura M\u00e9xico, crear\u00e1 m\u00e1s de 200 empleos directos y 50 indirectos en el municipio. Operar\u00e1 de forma sustentable a trav\u00e9s del Programa Rechazo Cero, que propugna generar \u201ccero desechos\u201d, y con ello impactar de forma positiva el medio ambiente y la sociedad. Los residuos generados como madera, pl\u00e1stico de playo y cart\u00f3n se destinar\u00e1n a un proveedor para su aprovechamiento y reciclaje evitando as\u00ed que terminen en un relleno sanitario.<\/p>\n\n\n\n<p>Ricardo N\u00fa\u00f1ez, celebr\u00f3 la confianza de la multinacional brasile\u00f1a en Cuautitl\u00e1n Izcalli, asimismo, ofreci\u00f3 las garant\u00edas necesarias para su correcto funcionamiento y para que las inversiones que lleguen a este municipio, contribuyan a mejorar el bienestar de la sociedad. \u201cAgradezco mucho que las instalaciones de la empresa sean amigables con el medio ambiente, lo que demuestra que Natura es socialmente responsable\u201d, coment\u00f3 el edil izcallense.<\/p>\n\n\n\n<p>El presidente de Natura, Jo\u00e3o Paulo Ferreira, dijo que la inauguraci\u00f3n del CEDIS es un reflejo del crecimiento de la compa\u00f1\u00eda, as\u00ed como demostraci\u00f3n de confianza de inversi\u00f3n en M\u00e9xico. La compa\u00f1\u00eda ha trabajado desde hace 14 a\u00f1os en nuestro pa\u00eds y este a\u00f1o cumplir\u00e1 50 a\u00f1os de ser creada.<\/p>\n\n\n\n<p>\u201cTodo este crecimiento a lo largo de 50 a\u00f1os, no es s\u00f3lo por el negocio, sino por la realizaci\u00f3n de creencias y sue\u00f1os. Personas que comparten los mismos valores que llamamos de Bienestar Bien, es decir, creencia en el desarrollo humano y de relaciones, la conexi\u00f3n con el otro, con el todo, con el planeta\u201d, enfatiz\u00f3 el presidente de la compa\u00f1\u00eda.<\/p>\n\n\n\n<p>En el mismo sentido, el director General de Natura M\u00e9xico, Hans Werner, expres\u00f3 que este a\u00f1o es muy importante para Natura, por la celebraci\u00f3n del 50 aniversario de su fundaci\u00f3n: \u201cy qu\u00e9 mejor forma de celebrarlo que aqu\u00ed en M\u00e9xico, con la inauguraci\u00f3n del Centro de Distribuci\u00f3n que ven\u00edamos so\u00f1ando hace mucho tiempo\u201d.<\/p>\n\n\n\n<p>Por su parte, Enrique Jacob Rocha, Secretario de Desarrollo Econ\u00f3mico del Estado de M\u00e9xico, agradeci\u00f3 la confianza en la entidad mexiquense. \u201cEs un orgullo que hayan considerado a esta entidad para ser parte de los planes de expansi\u00f3n de la compa\u00f1\u00eda\u201d. En este evento de inauguraci\u00f3n se cont\u00f3 con la participaci\u00f3n de los fundadores de Natura, Luiz Seabra y Pedro Passos; de Roberto Marques CEO de Natura&amp;CO; y miembros del Consejo a nivel global, as\u00ed como de la directora general de Desarrollo Econ\u00f3mico, Rosalba Irene Garc\u00eda P\u00e9rez.<\/p>\n","protected":false},"excerpt":{"rendered":"<p>La empresa brasile\u00f1a Natura, inaugur\u00f3 el Centro de Distribuci\u00f3n m\u00e1s grande de Latinoam\u00e9rica y de mayor inversi\u00f3n en materia de operaciones, log\u00edstica e innovaci\u00f3n tecnol\u00f3gica construido fuera de Brasil. La empresa fue inaugurada esta ma\u00f1ana por Ricardo N\u00fa\u00f1ez Ayala, presidente municipal de Cuautitl\u00e1n Izcalli. Para la realizaci\u00f3n del nuevo complejo asentado en el Pueblo de Axotl\u00e1n, fueron invertidos m\u00e1s de 10 millones de d\u00f3lares, cuenta con 24 mil metros cuadrados de terreno y 21 mil de construcci\u00f3n. El nuevo Centro de Distribuci\u00f3n Natura M\u00e9xico, crear\u00e1 m\u00e1s de 200 empleos directos&hellip;<\/p>\n","protected":false},"author":1,"featured_media":224,"comment_status":"open","ping_status":"open","sticky":false,"template":"","format":"standard","meta":{"footnotes":""},"categories":[3,8,1],"tags":[],"class_list":["post-223","post","type-post","status-publish","format-standard","has-post-thumbnail","hentry","category-ecomomia","category-internacional","category-sociedad"],"yoast_head":"<!-- This site is optimized with the Yoast SEO plugin v24.9 - https:\/\/yoast.com\/wordpress\/plugins\/seo\/ -->\n<title>Natura, empresa brasile\u00f1a invierte 10 millones de d\u00f3lares y crea 200 empleos en el pueblo de Axotl\u00e1n - 21 Panorama<\/title>\n<meta name=\"robots\" content=\"index, follow, max-snippet:-1, max-image-preview:large, max-video-preview:-1\" \/>\n<link rel=\"canonical\" href=\"https:\/\/21panorama.com\/index.php\/2019\/08\/14\/natura-empresa-brasilena-invierte-10-millones-de-dolares-y-crea-200-empleos-en-el-pueblo-de-axotlan\/\" \/>\n<meta property=\"og:locale\" content=\"es_MX\" \/>\n<meta property=\"og:type\" content=\"article\" \/>\n<meta property=\"og:title\" content=\"Natura, empresa brasile\u00f1a invierte 10 millones de d\u00f3lares y crea 200 empleos en el pueblo de Axotl\u00e1n - 21 Panorama\" \/>\n<meta property=\"og:description\" content=\"La empresa brasile\u00f1a Natura, inaugur\u00f3 el Centro de Distribuci\u00f3n m\u00e1s grande de Latinoam\u00e9rica y de mayor inversi\u00f3n en materia de operaciones, log\u00edstica e innovaci\u00f3n tecnol\u00f3gica construido fuera de Brasil. La empresa fue inaugurada esta ma\u00f1ana por Ricardo N\u00fa\u00f1ez Ayala, presidente municipal de Cuautitl\u00e1n Izcalli. Para la realizaci\u00f3n del nuevo complejo asentado en el Pueblo de Axotl\u00e1n, fueron invertidos m\u00e1s de 10 millones de d\u00f3lares, cuenta con 24 mil metros cuadrados de terreno y 21 mil de construcci\u00f3n. El nuevo Centro de Distribuci\u00f3n Natura M\u00e9xico, crear\u00e1 m\u00e1s de 200 empleos directos&hellip;\" \/>\n<meta property=\"og:url\" content=\"https:\/\/21panorama.com\/index.php\/2019\/08\/14\/natura-empresa-brasilena-invierte-10-millones-de-dolares-y-crea-200-empleos-en-el-pueblo-de-axotlan\/\" \/>\n<meta property=\"og:site_name\" content=\"21 Panorama\" \/>\n<meta property=\"article:published_time\" content=\"2019-08-14T16:33:50+00:00\" \/>\n<meta property=\"article:modified_time\" content=\"2019-08-15T02:36:03+00:00\" \/>\n<meta property=\"og:image\" content=\"https:\/\/21panorama.com\/wp-content\/uploads\/2019\/08\/B256_08.jpeg\" \/>\n\t<meta property=\"og:image:width\" content=\"1024\" \/>\n\t<meta property=\"og:image:height\" content=\"683\" \/>\n\t<meta property=\"og:image:type\" content=\"image\/jpeg\" \/>\n<meta name=\"author\" content=\"admin\" \/>\n<meta name=\"twitter:card\" content=\"summary_large_image\" \/>\n<meta name=\"twitter:label1\" content=\"Escrito por\" \/>\n\t<meta name=\"twitter:data1\" content=\"admin\" \/>\n\t<meta name=\"twitter:label2\" content=\"Tiempo de lectura\" \/>\n\t<meta name=\"twitter:data2\" content=\"3 minutos\" \/>\n<script type=\"application\/ld+json\" class=\"yoast-schema-graph\">{\"@context\":\"https:\/\/schema.org\",\"@graph\":[{\"@type\":\"Article\",\"@id\":\"https:\/\/21panorama.com\/index.php\/2019\/08\/14\/natura-empresa-brasilena-invierte-10-millones-de-dolares-y-crea-200-empleos-en-el-pueblo-de-axotlan\/#article\",\"isPartOf\":{\"@id\":\"https:\/\/21panorama.com\/index.php\/2019\/08\/14\/natura-empresa-brasilena-invierte-10-millones-de-dolares-y-crea-200-empleos-en-el-pueblo-de-axotlan\/\"},\"author\":{\"name\":\"admin\",\"@id\":\"https:\/\/21panorama.com\/#\/schema\/person\/1afc291b96d5792a158768324287319f\"},\"headline\":\"Natura, empresa brasile\u00f1a invierte 10 millones de d\u00f3lares y crea 200 empleos en el pueblo de Axotl\u00e1n\",\"datePublished\":\"2019-08-14T16:33:50+00:00\",\"dateModified\":\"2019-08-15T02:36:03+00:00\",\"mainEntityOfPage\":{\"@id\":\"https:\/\/21panorama.com\/index.php\/2019\/08\/14\/natura-empresa-brasilena-invierte-10-millones-de-dolares-y-crea-200-empleos-en-el-pueblo-de-axotlan\/\"},\"wordCount\":541,\"commentCount\":0,\"publisher\":{\"@id\":\"https:\/\/21panorama.com\/#organization\"},\"image\":{\"@id\":\"https:\/\/21panorama.com\/index.php\/2019\/08\/14\/natura-empresa-brasilena-invierte-10-millones-de-dolares-y-crea-200-empleos-en-el-pueblo-de-axotlan\/#primaryimage\"},\"thumbnailUrl\":\"https:\/\/21panorama.com\/wp-content\/uploads\/2019\/08\/B256_08.jpeg\",\"articleSection\":[\"Econom\u00eda\",\"Internacional\",\"Sociedad\"],\"inLanguage\":\"es\",\"potentialAction\":[{\"@type\":\"CommentAction\",\"name\":\"Comment\",\"target\":[\"https:\/\/21panorama.com\/index.php\/2019\/08\/14\/natura-empresa-brasilena-invierte-10-millones-de-dolares-y-crea-200-empleos-en-el-pueblo-de-axotlan\/#respond\"]}]},{\"@type\":\"WebPage\",\"@id\":\"https:\/\/21panorama.com\/index.php\/2019\/08\/14\/natura-empresa-brasilena-invierte-10-millones-de-dolares-y-crea-200-empleos-en-el-pueblo-de-axotlan\/\",\"url\":\"https:\/\/21panorama.com\/index.php\/2019\/08\/14\/natura-empresa-brasilena-invierte-10-millones-de-dolares-y-crea-200-empleos-en-el-pueblo-de-axotlan\/\",\"name\":\"Natura, empresa brasile\u00f1a invierte 10 millones de d\u00f3lares y crea 200 empleos en el pueblo de Axotl\u00e1n - 21 Panorama\",\"isPartOf\":{\"@id\":\"https:\/\/21panorama.com\/#website\"},\"primaryImageOfPage\":{\"@id\":\"https:\/\/21panorama.com\/index.php\/2019\/08\/14\/natura-empresa-brasilena-invierte-10-millones-de-dolares-y-crea-200-empleos-en-el-pueblo-de-axotlan\/#primaryimage\"},\"image\":{\"@id\":\"https:\/\/21panorama.com\/index.php\/2019\/08\/14\/natura-empresa-brasilena-invierte-10-millones-de-dolares-y-crea-200-empleos-en-el-pueblo-de-axotlan\/#primaryimage\"},\"thumbnailUrl\":\"https:\/\/21panorama.com\/wp-content\/uploads\/2019\/08\/B256_08.jpeg\",\"datePublished\":\"2019-08-14T16:33:50+00:00\",\"dateModified\":\"2019-08-15T02:36:03+00:00\",\"breadcrumb\":{\"@id\":\"https:\/\/21panorama.com\/index.php\/2019\/08\/14\/natura-empresa-brasilena-invierte-10-millones-de-dolares-y-crea-200-empleos-en-el-pueblo-de-axotlan\/#breadcrumb\"},\"inLanguage\":\"es\",\"potentialAction\":[{\"@type\":\"ReadAction\",\"target\":[\"https:\/\/21panorama.com\/index.php\/2019\/08\/14\/natura-empresa-brasilena-invierte-10-millones-de-dolares-y-crea-200-empleos-en-el-pueblo-de-axotlan\/\"]}]},{\"@type\":\"ImageObject\",\"inLanguage\":\"es\",\"@id\":\"https:\/\/21panorama.com\/index.php\/2019\/08\/14\/natura-empresa-brasilena-invierte-10-millones-de-dolares-y-crea-200-empleos-en-el-pueblo-de-axotlan\/#primaryimage\",\"url\":\"https:\/\/21panorama.com\/wp-content\/uploads\/2019\/08\/B256_08.jpeg\",\"contentUrl\":\"https:\/\/21panorama.com\/wp-content\/uploads\/2019\/08\/B256_08.jpeg\",\"width\":1024,\"height\":683},{\"@type\":\"BreadcrumbList\",\"@id\":\"https:\/\/21panorama.com\/index.php\/2019\/08\/14\/natura-empresa-brasilena-invierte-10-millones-de-dolares-y-crea-200-empleos-en-el-pueblo-de-axotlan\/#breadcrumb\",\"itemListElement\":[{\"@type\":\"ListItem\",\"position\":1,\"name\":\"Inicio\",\"item\":\"https:\/\/21panorama.com\/\"},{\"@type\":\"ListItem\",\"position\":2,\"name\":\"Natura, empresa brasile\u00f1a invierte 10 millones de d\u00f3lares y crea 200 empleos en el pueblo de Axotl\u00e1n\"}]},{\"@type\":\"WebSite\",\"@id\":\"https:\/\/21panorama.com\/#website\",\"url\":\"https:\/\/21panorama.com\/\",\"name\":\"21 Panorama\",\"description\":\"La construcci\u00f3n de la opini\u00f3n p\u00fablica merece un mejor Panorama en este siglo 21 para alcanzar una sociedad con mayor transparencia y sin corrupci\u00f3n.\",\"publisher\":{\"@id\":\"https:\/\/21panorama.com\/#organization\"},\"potentialAction\":[{\"@type\":\"SearchAction\",\"target\":{\"@type\":\"EntryPoint\",\"urlTemplate\":\"https:\/\/21panorama.com\/?s={search_term_string}\"},\"query-input\":{\"@type\":\"PropertyValueSpecification\",\"valueRequired\":true,\"valueName\":\"search_term_string\"}}],\"inLanguage\":\"es\"},{\"@type\":\"Organization\",\"@id\":\"https:\/\/21panorama.com\/#organization\",\"name\":\"21 Panorama\",\"url\":\"https:\/\/21panorama.com\/\",\"logo\":{\"@type\":\"ImageObject\",\"inLanguage\":\"es\",\"@id\":\"https:\/\/21panorama.com\/#\/schema\/logo\/image\/\",\"url\":\"https:\/\/21panorama.com\/wp-content\/uploads\/2019\/07\/cropped-Logo-Panorama-01.jpeg\",\"contentUrl\":\"https:\/\/21panorama.com\/wp-content\/uploads\/2019\/07\/cropped-Logo-Panorama-01.jpeg\",\"width\":290,\"height\":70,\"caption\":\"21 Panorama\"},\"image\":{\"@id\":\"https:\/\/21panorama.com\/#\/schema\/logo\/image\/\"}},{\"@type\":\"Person\",\"@id\":\"https:\/\/21panorama.com\/#\/schema\/person\/1afc291b96d5792a158768324287319f\",\"name\":\"admin\",\"image\":{\"@type\":\"ImageObject\",\"inLanguage\":\"es\",\"@id\":\"https:\/\/21panorama.com\/#\/schema\/person\/image\/\",\"url\":\"https:\/\/secure.gravatar.com\/avatar\/ad365d9d9f46719215b0d042cc3df92a5a8683e09ef13d102233e5491985f0f0?s=96&d=mm&r=g\",\"contentUrl\":\"https:\/\/secure.gravatar.com\/avatar\/ad365d9d9f46719215b0d042cc3df92a5a8683e09ef13d102233e5491985f0f0?s=96&d=mm&r=g\",\"caption\":\"admin\"},\"url\":\"https:\/\/21panorama.com\/index.php\/author\/admin\/\"}]}<\/script>\n<!-- \/ Yoast SEO plugin. -->","yoast_head_json":{"title":"Natura, empresa brasile\u00f1a invierte 10 millones de d\u00f3lares y crea 200 empleos en el pueblo de Axotl\u00e1n - 21 Panorama","robots":{"index":"index","follow":"follow","max-snippet":"max-snippet:-1","max-image-preview":"max-image-preview:large","max-video-preview":"max-video-preview:-1"},"canonical":"https:\/\/21panorama.com\/index.php\/2019\/08\/14\/natura-empresa-brasilena-invierte-10-millones-de-dolares-y-crea-200-empleos-en-el-pueblo-de-axotlan\/","og_locale":"es_MX","og_type":"article","og_title":"Natura, empresa brasile\u00f1a invierte 10 millones de d\u00f3lares y crea 200 empleos en el pueblo de Axotl\u00e1n - 21 Panorama","og_description":"La empresa brasile\u00f1a Natura, inaugur\u00f3 el Centro de Distribuci\u00f3n m\u00e1s grande de Latinoam\u00e9rica y de mayor inversi\u00f3n en materia de operaciones, log\u00edstica e innovaci\u00f3n tecnol\u00f3gica construido fuera de Brasil. La empresa fue inaugurada esta ma\u00f1ana por Ricardo N\u00fa\u00f1ez Ayala, presidente municipal de Cuautitl\u00e1n Izcalli. Para la realizaci\u00f3n del nuevo complejo asentado en el Pueblo de Axotl\u00e1n, fueron invertidos m\u00e1s de 10 millones de d\u00f3lares, cuenta con 24 mil metros cuadrados de terreno y 21 mil de construcci\u00f3n. El nuevo Centro de Distribuci\u00f3n Natura M\u00e9xico, crear\u00e1 m\u00e1s de 200 empleos directos&hellip;","og_url":"https:\/\/21panorama.com\/index.php\/2019\/08\/14\/natura-empresa-brasilena-invierte-10-millones-de-dolares-y-crea-200-empleos-en-el-pueblo-de-axotlan\/","og_site_name":"21 Panorama","article_published_time":"2019-08-14T16:33:50+00:00","article_modified_time":"2019-08-15T02:36:03+00:00","og_image":[{"width":1024,"height":683,"url":"https:\/\/21panorama.com\/wp-content\/uploads\/2019\/08\/B256_08.jpeg","type":"image\/jpeg"}],"author":"admin","twitter_card":"summary_large_image","twitter_misc":{"Escrito por":"admin","Tiempo de lectura":"3 minutos"},"schema":{"@context":"https:\/\/schema.org","@graph":[{"@type":"Article","@id":"https:\/\/21panorama.com\/index.php\/2019\/08\/14\/natura-empresa-brasilena-invierte-10-millones-de-dolares-y-crea-200-empleos-en-el-pueblo-de-axotlan\/#article","isPartOf":{"@id":"https:\/\/21panorama.com\/index.php\/2019\/08\/14\/natura-empresa-brasilena-invierte-10-millones-de-dolares-y-crea-200-empleos-en-el-pueblo-de-axotlan\/"},"author":{"name":"admin","@id":"https:\/\/21panorama.com\/#\/schema\/person\/1afc291b96d5792a158768324287319f"},"headline":"Natura, empresa brasile\u00f1a invierte 10 millones de d\u00f3lares y crea 200 empleos en el pueblo de Axotl\u00e1n","datePublished":"2019-08-14T16:33:50+00:00","dateModified":"2019-08-15T02:36:03+00:00","mainEntityOfPage":{"@id":"https:\/\/21panorama.com\/index.php\/2019\/08\/14\/natura-empresa-brasilena-invierte-10-millones-de-dolares-y-crea-200-empleos-en-el-pueblo-de-axotlan\/"},"wordCount":541,"commentCount":0,"publisher":{"@id":"https:\/\/21panorama.com\/#organization"},"image":{"@id":"https:\/\/21panorama.com\/index.php\/2019\/08\/14\/natura-empresa-brasilena-invierte-10-millones-de-dolares-y-crea-200-empleos-en-el-pueblo-de-axotlan\/#primaryimage"},"thumbnailUrl":"https:\/\/21panorama.com\/wp-content\/uploads\/2019\/08\/B256_08.jpeg","articleSection":["Econom\u00eda","Internacional","Sociedad"],"inLanguage":"es","potentialAction":[{"@type":"CommentAction","name":"Comment","target":["https:\/\/21panorama.com\/index.php\/2019\/08\/14\/natura-empresa-brasilena-invierte-10-millones-de-dolares-y-crea-200-empleos-en-el-pueblo-de-axotlan\/#respond"]}]},{"@type":"WebPage","@id":"https:\/\/21panorama.com\/index.php\/2019\/08\/14\/natura-empresa-brasilena-invierte-10-millones-de-dolares-y-crea-200-empleos-en-el-pueblo-de-axotlan\/","url":"https:\/\/21panorama.com\/index.php\/2019\/08\/14\/natura-empresa-brasilena-invierte-10-millones-de-dolares-y-crea-200-empleos-en-el-pueblo-de-axotlan\/","name":"Natura, empresa brasile\u00f1a invierte 10 millones de d\u00f3lares y crea 200 empleos en el pueblo de Axotl\u00e1n - 21 Panorama","isPartOf":{"@id":"https:\/\/21panorama.com\/#website"},"primaryImageOfPage":{"@id":"https:\/\/21panorama.com\/index.php\/2019\/08\/14\/natura-empresa-brasilena-invierte-10-millones-de-dolares-y-crea-200-empleos-en-el-pueblo-de-axotlan\/#primaryimage"},"image":{"@id":"https:\/\/21panorama.com\/index.php\/2019\/08\/14\/natura-empresa-brasilena-invierte-10-millones-de-dolares-y-crea-200-empleos-en-el-pueblo-de-axotlan\/#primaryimage"},"thumbnailUrl":"https:\/\/21panorama.com\/wp-content\/uploads\/2019\/08\/B256_08.jpeg","datePublished":"2019-08-14T16:33:50+00:00","dateModified":"2019-08-15T02:36:03+00:00","breadcrumb":{"@id":"https:\/\/21panorama.com\/index.php\/2019\/08\/14\/natura-empresa-brasilena-invierte-10-millones-de-dolares-y-crea-200-empleos-en-el-pueblo-de-axotlan\/#breadcrumb"},"inLanguage":"es","potentialAction":[{"@type":"ReadAction","target":["https:\/\/21panorama.com\/index.php\/2019\/08\/14\/natura-empresa-brasilena-invierte-10-millones-de-dolares-y-crea-200-empleos-en-el-pueblo-de-axotlan\/"]}]},{"@type":"ImageObject","inLanguage":"es","@id":"https:\/\/21panorama.com\/index.php\/2019\/08\/14\/natura-empresa-brasilena-invierte-10-millones-de-dolares-y-crea-200-empleos-en-el-pueblo-de-axotlan\/#primaryimage","url":"https:\/\/21panorama.com\/wp-content\/uploads\/2019\/08\/B256_08.jpeg","contentUrl":"https:\/\/21panorama.com\/wp-content\/uploads\/2019\/08\/B256_08.jpeg","width":1024,"height":683},{"@type":"BreadcrumbList","@id":"https:\/\/21panorama.com\/index.php\/2019\/08\/14\/natura-empresa-brasilena-invierte-10-millones-de-dolares-y-crea-200-empleos-en-el-pueblo-de-axotlan\/#breadcrumb","itemListElement":[{"@type":"ListItem","position":1,"name":"Inicio","item":"https:\/\/21panorama.com\/"},{"@type":"ListItem","position":2,"name":"Natura, empresa brasile\u00f1a invierte 10 millones de d\u00f3lares y crea 200 empleos en el pueblo de Axotl\u00e1n"}]},{"@type":"WebSite","@id":"https:\/\/21panorama.com\/#website","url":"https:\/\/21panorama.com\/","name":"21 Panorama","description":"La construcci\u00f3n de la opini\u00f3n p\u00fablica merece un mejor Panorama en este siglo 21 para alcanzar una sociedad con mayor transparencia y sin corrupci\u00f3n.","publisher":{"@id":"https:\/\/21panorama.com\/#organization"},"potentialAction":[{"@type":"SearchAction","target":{"@type":"EntryPoint","urlTemplate":"https:\/\/21panorama.com\/?s={search_term_string}"},"query-input":{"@type":"PropertyValueSpecification","valueRequired":true,"valueName":"search_term_string"}}],"inLanguage":"es"},{"@type":"Organization","@id":"https:\/\/21panorama.com\/#organization","name":"21 Panorama","url":"https:\/\/21panorama.com\/","logo":{"@type":"ImageObject","inLanguage":"es","@id":"https:\/\/21panorama.com\/#\/schema\/logo\/image\/","url":"https:\/\/21panorama.com\/wp-content\/uploads\/2019\/07\/cropped-Logo-Panorama-01.jpeg","contentUrl":"https:\/\/21panorama.com\/wp-content\/uploads\/2019\/07\/cropped-Logo-Panorama-01.jpeg","width":290,"height":70,"caption":"21 Panorama"},"image":{"@id":"https:\/\/21panorama.com\/#\/schema\/logo\/image\/"}},{"@type":"Person","@id":"https:\/\/21panorama.com\/#\/schema\/person\/1afc291b96d5792a158768324287319f","name":"admin","image":{"@type":"ImageObject","inLanguage":"es","@id":"https:\/\/21panorama.com\/#\/schema\/person\/image\/","url":"https:\/\/secure.gravatar.com\/avatar\/ad365d9d9f46719215b0d042cc3df92a5a8683e09ef13d102233e5491985f0f0?s=96&d=mm&r=g","contentUrl":"https:\/\/secure.gravatar.com\/avatar\/ad365d9d9f46719215b0d042cc3df92a5a8683e09ef13d102233e5491985f0f0?s=96&d=mm&r=g","caption":"admin"},"url":"https:\/\/21panorama.com\/index.php\/author\/admin\/"}]}},"_links":{"self":[{"href":"https:\/\/21panorama.com\/index.php\/wp-json\/wp\/v2\/posts\/223","targetHints":{"allow":["GET"]}}],"collection":[{"href":"https:\/\/21panorama.com\/index.php\/wp-json\/wp\/v2\/posts"}],"about":[{"href":"https:\/\/21panorama.com\/index.php\/wp-json\/wp\/v2\/types\/post"}],"author":[{"embeddable":true,"href":"https:\/\/21panorama.com\/index.php\/wp-json\/wp\/v2\/users\/1"}],"replies":[{"embeddable":true,"href":"https:\/\/21panorama.com\/index.php\/wp-json\/wp\/v2\/comments?post=223"}],"version-history":[{"count":1,"href":"https:\/\/21panorama.com\/index.php\/wp-json\/wp\/v2\/posts\/223\/revisions"}],"predecessor-version":[{"id":225,"href":"https:\/\/21panorama.com\/index.php\/wp-json\/wp\/v2\/posts\/223\/revisions\/225"}],"wp:featuredmedia":[{"embeddable":true,"href":"https:\/\/21panorama.com\/index.php\/wp-json\/wp\/v2\/media\/224"}],"wp:attachment":[{"href":"https:\/\/21panorama.com\/index.php\/wp-json\/wp\/v2\/media?parent=223"}],"wp:term":[{"taxonomy":"category","embeddable":true,"href":"https:\/\/21panorama.com\/index.php\/wp-json\/wp\/v2\/categories?post=223"},{"taxonomy":"post_tag","embeddable":true,"href":"https:\/\/21panorama.com\/index.php\/wp-json\/wp\/v2\/tags?post=223"}],"curies":[{"name":"wp","href":"https:\/\/api.w.org\/{rel}","templated":true}]}}