{"id":2226,"date":"2021-11-01T14:21:00","date_gmt":"2021-11-01T20:21:00","guid":{"rendered":"http:\/\/21panorama.com\/?p=2226"},"modified":"2021-11-02T14:27:26","modified_gmt":"2021-11-02T20:27:26","slug":"casas-de-atencion-lugares-de-encuentro-permanente-con-los-mexiquenses-elias-rescala","status":"publish","type":"post","link":"https:\/\/21panorama.com\/index.php\/2021\/11\/01\/casas-de-atencion-lugares-de-encuentro-permanente-con-los-mexiquenses-elias-rescala\/","title":{"rendered":"Casas de atencio\u0301n, lugares de encuentro permanente con los mexiquenses: Eli\u0301as Rescala"},"content":{"rendered":"\n<p>Toluca, Estado de Me\u0301xico, 1 de noviembre de 2021.- Las casas de atencio\u0301n de los diputados del PRI son lugares de encuentro permanente con la ciudadani\u0301a, en las que las familias mexiquenses podra\u0301n conocer el trabajo legislativo de sus diputados, pero sobre todo, son un punto de encuentro en donde no so\u0301lo se escuchara\u0301n sus peticiones sino que se les dara\u0301 puntual respuesta.<br>Asi\u0301 lo aseguro\u0301 Eli\u0301as Rescala, coordinador de los diputados del PRI en la legislatura local, quien afirmo\u0301 que, a trave\u0301s de las Casas de Atencio\u0301n Ciudadana, los legisladores del Revolucionario Institucional regresan a su distrito para responder con resultados a la confianza de la gente.<br>El li\u0301der parlamentario sostuvo que hasta el momento, van cuatro casas de Atencio\u0301n Ciudadana abiertas en Toluca por las diputadas y diputados Evleyn Osornio, Paola Jime\u0301nez, Jesu\u0301s Izquierdo y Braulio A\u0301lvarez.<br>En Jilotepec con la diputada Aurora Gonza\u0301lez, en Huixquilucan con Guillermo Zamacona y en Naucalpan con Enrique Jacob y David Parra, en Tenancingo con Karla Aguilar, Nicola\u0301s Romero con Jesu\u0301s Moreno y Monserrat Sobreyra, asi\u0301 como Gretel Gonza\u0301lez en Chicoloapan para un total de 12 casas en las que se mantiene cercani\u0301a permanente con las y los mexiquenses.<br>El coordinador de los diputados priistas resalto\u0301 que, a trave\u0301s de la apertura de estas primeras oficinas, los legisladores del tricolor contara\u0301n con un espacio desde el que iniciara\u0301n el recorrido por las comunidades y calles de sus distritos para escuchar a la gente, y ofrecer soluciones, pero tambie\u0301n para sumarse al trabajo comunitario de quienes a trave\u0301s de su voto hicieron posible que hoy el partido tenga una representacio\u0301n legislativa fuerte y responsable.<br>Hoy, el encuentro con las y los mexiquenses sera\u0301 permanente, porque entendemos esa cercani\u0301a como la principal base de nuestro trabajo, los diputados del PRI seremos aliados y principales generadores de leyes que se traduzcan en beneficios directos para las familias, dijo.<br>Finalmente, Eli\u0301as Rescala sen\u0303alo\u0301 que desde el primer di\u0301a que asumieron el cargo, los diputados del PRI han trabajado de manera responsable y unida y han presentado iniciativas de Ley en beneficio de los mexiquenses, y en breve presentara\u0301n un paquete de propuestas para impulsar la reactivacio\u0301n econo\u0301mica y para fortalecer los derechos de las mujeres del Estado de Me\u0301xico. <\/p>\n\n\n\n<figure class=\"wp-block-video\"><video height=\"480\" style=\"aspect-ratio: 848 \/ 480;\" width=\"848\" controls src=\"https:\/\/21panorama.com\/wp-content\/uploads\/2021\/11\/WhatsApp-Video-2021-11-01-at-18.36.28.mp4\"><\/video><\/figure>\n","protected":false},"excerpt":{"rendered":"<p>Toluca, Estado de Me\u0301xico, 1 de noviembre de 2021.- Las casas de atencio\u0301n de los diputados del PRI son lugares de encuentro permanente con la ciudadani\u0301a, en las que las familias mexiquenses podra\u0301n conocer el trabajo legislativo de sus diputados, pero sobre todo, son un punto de encuentro en donde no so\u0301lo se escuchara\u0301n sus peticiones sino que se les dara\u0301 puntual respuesta.<\/p>\n","protected":false},"author":1,"featured_media":2227,"comment_status":"open","ping_status":"open","sticky":false,"template":"","format":"standard","meta":{"footnotes":""},"categories":[1],"tags":[202,206],"class_list":["post-2226","post","type-post","status-publish","format-standard","has-post-thumbnail","hentry","category-sociedad","tag-atencion","tag-casas"],"yoast_head":"<!-- This site is optimized with the Yoast SEO plugin v24.9 - https:\/\/yoast.com\/wordpress\/plugins\/seo\/ -->\n<title>Casas de atencio\u0301n, lugares de encuentro permanente con los mexiquenses: Eli\u0301as Rescala - 21 Panorama<\/title>\n<meta name=\"robots\" content=\"index, follow, max-snippet:-1, max-image-preview:large, max-video-preview:-1\" \/>\n<link rel=\"canonical\" href=\"https:\/\/21panorama.com\/index.php\/2021\/11\/01\/casas-de-atencion-lugares-de-encuentro-permanente-con-los-mexiquenses-elias-rescala\/\" \/>\n<meta property=\"og:locale\" content=\"es_MX\" \/>\n<meta property=\"og:type\" content=\"article\" \/>\n<meta property=\"og:title\" content=\"Casas de atencio\u0301n, lugares de encuentro permanente con los mexiquenses: Eli\u0301as Rescala - 21 Panorama\" \/>\n<meta property=\"og:description\" content=\"Toluca, Estado de Me\u0301xico, 1 de noviembre de 2021.- Las casas de atencio\u0301n de los diputados del PRI son lugares de encuentro permanente con la ciudadani\u0301a, en las que las familias mexiquenses podra\u0301n conocer el trabajo legislativo de sus diputados, pero sobre todo, son un punto de encuentro en donde no so\u0301lo se escuchara\u0301n sus peticiones sino que se les dara\u0301 puntual respuesta.\" \/>\n<meta property=\"og:url\" content=\"https:\/\/21panorama.com\/index.php\/2021\/11\/01\/casas-de-atencion-lugares-de-encuentro-permanente-con-los-mexiquenses-elias-rescala\/\" \/>\n<meta property=\"og:site_name\" content=\"21 Panorama\" \/>\n<meta property=\"article:published_time\" content=\"2021-11-01T20:21:00+00:00\" \/>\n<meta property=\"article:modified_time\" content=\"2021-11-02T20:27:26+00:00\" \/>\n<meta property=\"og:image\" content=\"https:\/\/21panorama.com\/wp-content\/uploads\/2021\/11\/WhatsApp-Image-2021-11-01-at-18.36.15.jpeg\" \/>\n\t<meta property=\"og:image:width\" content=\"1024\" \/>\n\t<meta property=\"og:image:height\" content=\"683\" \/>\n\t<meta property=\"og:image:type\" content=\"image\/jpeg\" \/>\n<meta name=\"author\" content=\"admin\" \/>\n<meta name=\"twitter:card\" content=\"summary_large_image\" \/>\n<meta name=\"twitter:label1\" content=\"Escrito por\" \/>\n\t<meta name=\"twitter:data1\" content=\"admin\" \/>\n\t<meta name=\"twitter:label2\" content=\"Tiempo de lectura\" \/>\n\t<meta name=\"twitter:data2\" content=\"2 minutos\" \/>\n<script type=\"application\/ld+json\" class=\"yoast-schema-graph\">{\"@context\":\"https:\/\/schema.org\",\"@graph\":[{\"@type\":\"Article\",\"@id\":\"https:\/\/21panorama.com\/index.php\/2021\/11\/01\/casas-de-atencion-lugares-de-encuentro-permanente-con-los-mexiquenses-elias-rescala\/#article\",\"isPartOf\":{\"@id\":\"https:\/\/21panorama.com\/index.php\/2021\/11\/01\/casas-de-atencion-lugares-de-encuentro-permanente-con-los-mexiquenses-elias-rescala\/\"},\"author\":{\"name\":\"admin\",\"@id\":\"https:\/\/21panorama.com\/#\/schema\/person\/1afc291b96d5792a158768324287319f\"},\"headline\":\"Casas de atencio\u0301n, lugares de encuentro permanente con los mexiquenses: Eli\u0301as Rescala\",\"datePublished\":\"2021-11-01T20:21:00+00:00\",\"dateModified\":\"2021-11-02T20:27:26+00:00\",\"mainEntityOfPage\":{\"@id\":\"https:\/\/21panorama.com\/index.php\/2021\/11\/01\/casas-de-atencion-lugares-de-encuentro-permanente-con-los-mexiquenses-elias-rescala\/\"},\"wordCount\":418,\"commentCount\":0,\"publisher\":{\"@id\":\"https:\/\/21panorama.com\/#organization\"},\"image\":{\"@id\":\"https:\/\/21panorama.com\/index.php\/2021\/11\/01\/casas-de-atencion-lugares-de-encuentro-permanente-con-los-mexiquenses-elias-rescala\/#primaryimage\"},\"thumbnailUrl\":\"https:\/\/21panorama.com\/wp-content\/uploads\/2021\/11\/WhatsApp-Image-2021-11-01-at-18.36.15.jpeg\",\"keywords\":[\"atenci\u00f3n\",\"CASAS\"],\"articleSection\":[\"Sociedad\"],\"inLanguage\":\"es\",\"potentialAction\":[{\"@type\":\"CommentAction\",\"name\":\"Comment\",\"target\":[\"https:\/\/21panorama.com\/index.php\/2021\/11\/01\/casas-de-atencion-lugares-de-encuentro-permanente-con-los-mexiquenses-elias-rescala\/#respond\"]}]},{\"@type\":\"WebPage\",\"@id\":\"https:\/\/21panorama.com\/index.php\/2021\/11\/01\/casas-de-atencion-lugares-de-encuentro-permanente-con-los-mexiquenses-elias-rescala\/\",\"url\":\"https:\/\/21panorama.com\/index.php\/2021\/11\/01\/casas-de-atencion-lugares-de-encuentro-permanente-con-los-mexiquenses-elias-rescala\/\",\"name\":\"Casas de atencio\u0301n, lugares de encuentro permanente con los mexiquenses: Eli\u0301as Rescala - 21 Panorama\",\"isPartOf\":{\"@id\":\"https:\/\/21panorama.com\/#website\"},\"primaryImageOfPage\":{\"@id\":\"https:\/\/21panorama.com\/index.php\/2021\/11\/01\/casas-de-atencion-lugares-de-encuentro-permanente-con-los-mexiquenses-elias-rescala\/#primaryimage\"},\"image\":{\"@id\":\"https:\/\/21panorama.com\/index.php\/2021\/11\/01\/casas-de-atencion-lugares-de-encuentro-permanente-con-los-mexiquenses-elias-rescala\/#primaryimage\"},\"thumbnailUrl\":\"https:\/\/21panorama.com\/wp-content\/uploads\/2021\/11\/WhatsApp-Image-2021-11-01-at-18.36.15.jpeg\",\"datePublished\":\"2021-11-01T20:21:00+00:00\",\"dateModified\":\"2021-11-02T20:27:26+00:00\",\"breadcrumb\":{\"@id\":\"https:\/\/21panorama.com\/index.php\/2021\/11\/01\/casas-de-atencion-lugares-de-encuentro-permanente-con-los-mexiquenses-elias-rescala\/#breadcrumb\"},\"inLanguage\":\"es\",\"potentialAction\":[{\"@type\":\"ReadAction\",\"target\":[\"https:\/\/21panorama.com\/index.php\/2021\/11\/01\/casas-de-atencion-lugares-de-encuentro-permanente-con-los-mexiquenses-elias-rescala\/\"]}]},{\"@type\":\"ImageObject\",\"inLanguage\":\"es\",\"@id\":\"https:\/\/21panorama.com\/index.php\/2021\/11\/01\/casas-de-atencion-lugares-de-encuentro-permanente-con-los-mexiquenses-elias-rescala\/#primaryimage\",\"url\":\"https:\/\/21panorama.com\/wp-content\/uploads\/2021\/11\/WhatsApp-Image-2021-11-01-at-18.36.15.jpeg\",\"contentUrl\":\"https:\/\/21panorama.com\/wp-content\/uploads\/2021\/11\/WhatsApp-Image-2021-11-01-at-18.36.15.jpeg\",\"width\":1024,\"height\":683},{\"@type\":\"BreadcrumbList\",\"@id\":\"https:\/\/21panorama.com\/index.php\/2021\/11\/01\/casas-de-atencion-lugares-de-encuentro-permanente-con-los-mexiquenses-elias-rescala\/#breadcrumb\",\"itemListElement\":[{\"@type\":\"ListItem\",\"position\":1,\"name\":\"Inicio\",\"item\":\"https:\/\/21panorama.com\/\"},{\"@type\":\"ListItem\",\"position\":2,\"name\":\"Casas de atencio\u0301n, lugares de encuentro permanente con los mexiquenses: Eli\u0301as Rescala\"}]},{\"@type\":\"WebSite\",\"@id\":\"https:\/\/21panorama.com\/#website\",\"url\":\"https:\/\/21panorama.com\/\",\"name\":\"21 Panorama\",\"description\":\"La construcci\u00f3n de la opini\u00f3n p\u00fablica merece un mejor Panorama en este siglo 21 para alcanzar una sociedad con mayor transparencia y sin corrupci\u00f3n.\",\"publisher\":{\"@id\":\"https:\/\/21panorama.com\/#organization\"},\"potentialAction\":[{\"@type\":\"SearchAction\",\"target\":{\"@type\":\"EntryPoint\",\"urlTemplate\":\"https:\/\/21panorama.com\/?s={search_term_string}\"},\"query-input\":{\"@type\":\"PropertyValueSpecification\",\"valueRequired\":true,\"valueName\":\"search_term_string\"}}],\"inLanguage\":\"es\"},{\"@type\":\"Organization\",\"@id\":\"https:\/\/21panorama.com\/#organization\",\"name\":\"21 Panorama\",\"url\":\"https:\/\/21panorama.com\/\",\"logo\":{\"@type\":\"ImageObject\",\"inLanguage\":\"es\",\"@id\":\"https:\/\/21panorama.com\/#\/schema\/logo\/image\/\",\"url\":\"https:\/\/21panorama.com\/wp-content\/uploads\/2019\/07\/cropped-Logo-Panorama-01.jpeg\",\"contentUrl\":\"https:\/\/21panorama.com\/wp-content\/uploads\/2019\/07\/cropped-Logo-Panorama-01.jpeg\",\"width\":290,\"height\":70,\"caption\":\"21 Panorama\"},\"image\":{\"@id\":\"https:\/\/21panorama.com\/#\/schema\/logo\/image\/\"}},{\"@type\":\"Person\",\"@id\":\"https:\/\/21panorama.com\/#\/schema\/person\/1afc291b96d5792a158768324287319f\",\"name\":\"admin\",\"image\":{\"@type\":\"ImageObject\",\"inLanguage\":\"es\",\"@id\":\"https:\/\/21panorama.com\/#\/schema\/person\/image\/\",\"url\":\"https:\/\/secure.gravatar.com\/avatar\/ad365d9d9f46719215b0d042cc3df92a5a8683e09ef13d102233e5491985f0f0?s=96&d=mm&r=g\",\"contentUrl\":\"https:\/\/secure.gravatar.com\/avatar\/ad365d9d9f46719215b0d042cc3df92a5a8683e09ef13d102233e5491985f0f0?s=96&d=mm&r=g\",\"caption\":\"admin\"},\"url\":\"https:\/\/21panorama.com\/index.php\/author\/admin\/\"}]}<\/script>\n<!-- \/ Yoast SEO plugin. -->","yoast_head_json":{"title":"Casas de atencio\u0301n, lugares de encuentro permanente con los mexiquenses: Eli\u0301as Rescala - 21 Panorama","robots":{"index":"index","follow":"follow","max-snippet":"max-snippet:-1","max-image-preview":"max-image-preview:large","max-video-preview":"max-video-preview:-1"},"canonical":"https:\/\/21panorama.com\/index.php\/2021\/11\/01\/casas-de-atencion-lugares-de-encuentro-permanente-con-los-mexiquenses-elias-rescala\/","og_locale":"es_MX","og_type":"article","og_title":"Casas de atencio\u0301n, lugares de encuentro permanente con los mexiquenses: Eli\u0301as Rescala - 21 Panorama","og_description":"Toluca, Estado de Me\u0301xico, 1 de noviembre de 2021.- Las casas de atencio\u0301n de los diputados del PRI son lugares de encuentro permanente con la ciudadani\u0301a, en las que las familias mexiquenses podra\u0301n conocer el trabajo legislativo de sus diputados, pero sobre todo, son un punto de encuentro en donde no so\u0301lo se escuchara\u0301n sus peticiones sino que se les dara\u0301 puntual respuesta.","og_url":"https:\/\/21panorama.com\/index.php\/2021\/11\/01\/casas-de-atencion-lugares-de-encuentro-permanente-con-los-mexiquenses-elias-rescala\/","og_site_name":"21 Panorama","article_published_time":"2021-11-01T20:21:00+00:00","article_modified_time":"2021-11-02T20:27:26+00:00","og_image":[{"width":1024,"height":683,"url":"https:\/\/21panorama.com\/wp-content\/uploads\/2021\/11\/WhatsApp-Image-2021-11-01-at-18.36.15.jpeg","type":"image\/jpeg"}],"author":"admin","twitter_card":"summary_large_image","twitter_misc":{"Escrito por":"admin","Tiempo de lectura":"2 minutos"},"schema":{"@context":"https:\/\/schema.org","@graph":[{"@type":"Article","@id":"https:\/\/21panorama.com\/index.php\/2021\/11\/01\/casas-de-atencion-lugares-de-encuentro-permanente-con-los-mexiquenses-elias-rescala\/#article","isPartOf":{"@id":"https:\/\/21panorama.com\/index.php\/2021\/11\/01\/casas-de-atencion-lugares-de-encuentro-permanente-con-los-mexiquenses-elias-rescala\/"},"author":{"name":"admin","@id":"https:\/\/21panorama.com\/#\/schema\/person\/1afc291b96d5792a158768324287319f"},"headline":"Casas de atencio\u0301n, lugares de encuentro permanente con los mexiquenses: Eli\u0301as Rescala","datePublished":"2021-11-01T20:21:00+00:00","dateModified":"2021-11-02T20:27:26+00:00","mainEntityOfPage":{"@id":"https:\/\/21panorama.com\/index.php\/2021\/11\/01\/casas-de-atencion-lugares-de-encuentro-permanente-con-los-mexiquenses-elias-rescala\/"},"wordCount":418,"commentCount":0,"publisher":{"@id":"https:\/\/21panorama.com\/#organization"},"image":{"@id":"https:\/\/21panorama.com\/index.php\/2021\/11\/01\/casas-de-atencion-lugares-de-encuentro-permanente-con-los-mexiquenses-elias-rescala\/#primaryimage"},"thumbnailUrl":"https:\/\/21panorama.com\/wp-content\/uploads\/2021\/11\/WhatsApp-Image-2021-11-01-at-18.36.15.jpeg","keywords":["atenci\u00f3n","CASAS"],"articleSection":["Sociedad"],"inLanguage":"es","potentialAction":[{"@type":"CommentAction","name":"Comment","target":["https:\/\/21panorama.com\/index.php\/2021\/11\/01\/casas-de-atencion-lugares-de-encuentro-permanente-con-los-mexiquenses-elias-rescala\/#respond"]}]},{"@type":"WebPage","@id":"https:\/\/21panorama.com\/index.php\/2021\/11\/01\/casas-de-atencion-lugares-de-encuentro-permanente-con-los-mexiquenses-elias-rescala\/","url":"https:\/\/21panorama.com\/index.php\/2021\/11\/01\/casas-de-atencion-lugares-de-encuentro-permanente-con-los-mexiquenses-elias-rescala\/","name":"Casas de atencio\u0301n, lugares de encuentro permanente con los mexiquenses: Eli\u0301as Rescala - 21 Panorama","isPartOf":{"@id":"https:\/\/21panorama.com\/#website"},"primaryImageOfPage":{"@id":"https:\/\/21panorama.com\/index.php\/2021\/11\/01\/casas-de-atencion-lugares-de-encuentro-permanente-con-los-mexiquenses-elias-rescala\/#primaryimage"},"image":{"@id":"https:\/\/21panorama.com\/index.php\/2021\/11\/01\/casas-de-atencion-lugares-de-encuentro-permanente-con-los-mexiquenses-elias-rescala\/#primaryimage"},"thumbnailUrl":"https:\/\/21panorama.com\/wp-content\/uploads\/2021\/11\/WhatsApp-Image-2021-11-01-at-18.36.15.jpeg","datePublished":"2021-11-01T20:21:00+00:00","dateModified":"2021-11-02T20:27:26+00:00","breadcrumb":{"@id":"https:\/\/21panorama.com\/index.php\/2021\/11\/01\/casas-de-atencion-lugares-de-encuentro-permanente-con-los-mexiquenses-elias-rescala\/#breadcrumb"},"inLanguage":"es","potentialAction":[{"@type":"ReadAction","target":["https:\/\/21panorama.com\/index.php\/2021\/11\/01\/casas-de-atencion-lugares-de-encuentro-permanente-con-los-mexiquenses-elias-rescala\/"]}]},{"@type":"ImageObject","inLanguage":"es","@id":"https:\/\/21panorama.com\/index.php\/2021\/11\/01\/casas-de-atencion-lugares-de-encuentro-permanente-con-los-mexiquenses-elias-rescala\/#primaryimage","url":"https:\/\/21panorama.com\/wp-content\/uploads\/2021\/11\/WhatsApp-Image-2021-11-01-at-18.36.15.jpeg","contentUrl":"https:\/\/21panorama.com\/wp-content\/uploads\/2021\/11\/WhatsApp-Image-2021-11-01-at-18.36.15.jpeg","width":1024,"height":683},{"@type":"BreadcrumbList","@id":"https:\/\/21panorama.com\/index.php\/2021\/11\/01\/casas-de-atencion-lugares-de-encuentro-permanente-con-los-mexiquenses-elias-rescala\/#breadcrumb","itemListElement":[{"@type":"ListItem","position":1,"name":"Inicio","item":"https:\/\/21panorama.com\/"},{"@type":"ListItem","position":2,"name":"Casas de atencio\u0301n, lugares de encuentro permanente con los mexiquenses: Eli\u0301as Rescala"}]},{"@type":"WebSite","@id":"https:\/\/21panorama.com\/#website","url":"https:\/\/21panorama.com\/","name":"21 Panorama","description":"La construcci\u00f3n de la opini\u00f3n p\u00fablica merece un mejor Panorama en este siglo 21 para alcanzar una sociedad con mayor transparencia y sin corrupci\u00f3n.","publisher":{"@id":"https:\/\/21panorama.com\/#organization"},"potentialAction":[{"@type":"SearchAction","target":{"@type":"EntryPoint","urlTemplate":"https:\/\/21panorama.com\/?s={search_term_string}"},"query-input":{"@type":"PropertyValueSpecification","valueRequired":true,"valueName":"search_term_string"}}],"inLanguage":"es"},{"@type":"Organization","@id":"https:\/\/21panorama.com\/#organization","name":"21 Panorama","url":"https:\/\/21panorama.com\/","logo":{"@type":"ImageObject","inLanguage":"es","@id":"https:\/\/21panorama.com\/#\/schema\/logo\/image\/","url":"https:\/\/21panorama.com\/wp-content\/uploads\/2019\/07\/cropped-Logo-Panorama-01.jpeg","contentUrl":"https:\/\/21panorama.com\/wp-content\/uploads\/2019\/07\/cropped-Logo-Panorama-01.jpeg","width":290,"height":70,"caption":"21 Panorama"},"image":{"@id":"https:\/\/21panorama.com\/#\/schema\/logo\/image\/"}},{"@type":"Person","@id":"https:\/\/21panorama.com\/#\/schema\/person\/1afc291b96d5792a158768324287319f","name":"admin","image":{"@type":"ImageObject","inLanguage":"es","@id":"https:\/\/21panorama.com\/#\/schema\/person\/image\/","url":"https:\/\/secure.gravatar.com\/avatar\/ad365d9d9f46719215b0d042cc3df92a5a8683e09ef13d102233e5491985f0f0?s=96&d=mm&r=g","contentUrl":"https:\/\/secure.gravatar.com\/avatar\/ad365d9d9f46719215b0d042cc3df92a5a8683e09ef13d102233e5491985f0f0?s=96&d=mm&r=g","caption":"admin"},"url":"https:\/\/21panorama.com\/index.php\/author\/admin\/"}]}},"_links":{"self":[{"href":"https:\/\/21panorama.com\/index.php\/wp-json\/wp\/v2\/posts\/2226","targetHints":{"allow":["GET"]}}],"collection":[{"href":"https:\/\/21panorama.com\/index.php\/wp-json\/wp\/v2\/posts"}],"about":[{"href":"https:\/\/21panorama.com\/index.php\/wp-json\/wp\/v2\/types\/post"}],"author":[{"embeddable":true,"href":"https:\/\/21panorama.com\/index.php\/wp-json\/wp\/v2\/users\/1"}],"replies":[{"embeddable":true,"href":"https:\/\/21panorama.com\/index.php\/wp-json\/wp\/v2\/comments?post=2226"}],"version-history":[{"count":2,"href":"https:\/\/21panorama.com\/index.php\/wp-json\/wp\/v2\/posts\/2226\/revisions"}],"predecessor-version":[{"id":2230,"href":"https:\/\/21panorama.com\/index.php\/wp-json\/wp\/v2\/posts\/2226\/revisions\/2230"}],"wp:featuredmedia":[{"embeddable":true,"href":"https:\/\/21panorama.com\/index.php\/wp-json\/wp\/v2\/media\/2227"}],"wp:attachment":[{"href":"https:\/\/21panorama.com\/index.php\/wp-json\/wp\/v2\/media?parent=2226"}],"wp:term":[{"taxonomy":"category","embeddable":true,"href":"https:\/\/21panorama.com\/index.php\/wp-json\/wp\/v2\/categories?post=2226"},{"taxonomy":"post_tag","embeddable":true,"href":"https:\/\/21panorama.com\/index.php\/wp-json\/wp\/v2\/tags?post=2226"}],"curies":[{"name":"wp","href":"https:\/\/api.w.org\/{rel}","templated":true}]}}