{"id":2209,"date":"2021-11-01T08:59:46","date_gmt":"2021-11-01T14:59:46","guid":{"rendered":"http:\/\/21panorama.com\/?p=2209"},"modified":"2021-11-01T08:59:47","modified_gmt":"2021-11-01T14:59:47","slug":"como-va-la-intencion-del-voto-segun-massive-caller-en-el-edomex","status":"publish","type":"post","link":"https:\/\/21panorama.com\/index.php\/2021\/11\/01\/como-va-la-intencion-del-voto-segun-massive-caller-en-el-edomex\/","title":{"rendered":"COMO VA LA INTENCI\u00d3N DEL VOTO SEG\u00daN MASSIVE CALLER EN EL EDOMEX?"},"content":{"rendered":"\n<p>Un nuevo sondeo telef\u00f3nico de Massive Caller sobre las preferencias electorales indican que solo en alianza PRI-PAN se podr\u00eda vencer en las urnas a Morena que hasta el momento lleva delantera.<\/p>\n\n\n\n<p>De acuerdo a los sondeos establecidos Morena lleva una preferencia de casi el 32 por ciento de los encuestados, mientras que PRI llega cerca del 24 por ciento y 21 por ciento del PAN.<\/p>\n\n\n\n<p>De acuerdo a esta empresa encuestadora, los perfiles m\u00e1s avanzados dentro de sus partidos pol\u00edticos son Delfina G\u00f3mez, Alejandra del Moral y Enrique Vargas.<\/p>\n\n\n\n<p>En el muestreo, los perfiles del PRI que se tomaron en cuenta fueron Ana Lilia Herrera, Ricardo Aguilar, Ernesto Nemer y Elias Rescala. Mientras que en Morena se incluy\u00f3 a Higinio Mart\u00ednez y Horacio Duarte Yeidkcol Polevsnky y Fernando Vilchis.<\/p>\n\n\n\n<figure class=\"wp-block-gallery columns-3 is-cropped wp-block-gallery-1 is-layout-flex wp-block-gallery-is-layout-flex\"><ul class=\"blocks-gallery-grid\"><li class=\"blocks-gallery-item\"><figure><img decoding=\"async\" width=\"1024\" height=\"473\" src=\"https:\/\/21panorama.com\/wp-content\/uploads\/2021\/11\/965e423b-acb0-4804-82b4-a655556ba207-1024x473.jpeg\" alt=\"\" data-id=\"2211\" data-link=\"https:\/\/21panorama.com\/?attachment_id=2211\" class=\"wp-image-2211\" srcset=\"https:\/\/21panorama.com\/wp-content\/uploads\/2021\/11\/965e423b-acb0-4804-82b4-a655556ba207-1024x473.jpeg 1024w, https:\/\/21panorama.com\/wp-content\/uploads\/2021\/11\/965e423b-acb0-4804-82b4-a655556ba207-300x139.jpeg 300w, https:\/\/21panorama.com\/wp-content\/uploads\/2021\/11\/965e423b-acb0-4804-82b4-a655556ba207-768x355.jpeg 768w, https:\/\/21panorama.com\/wp-content\/uploads\/2021\/11\/965e423b-acb0-4804-82b4-a655556ba207-1536x709.jpeg 1536w, https:\/\/21panorama.com\/wp-content\/uploads\/2021\/11\/965e423b-acb0-4804-82b4-a655556ba207.jpeg 1600w\" sizes=\"(max-width: 1024px) 100vw, 1024px\" \/><\/figure><\/li><li class=\"blocks-gallery-item\"><figure><img decoding=\"async\" width=\"1024\" height=\"473\" src=\"https:\/\/21panorama.com\/wp-content\/uploads\/2021\/11\/d2940d04-4a49-48ed-a34b-bd06e5baedd1-1024x473.jpeg\" alt=\"\" data-id=\"2212\" data-link=\"https:\/\/21panorama.com\/?attachment_id=2212\" class=\"wp-image-2212\" srcset=\"https:\/\/21panorama.com\/wp-content\/uploads\/2021\/11\/d2940d04-4a49-48ed-a34b-bd06e5baedd1-1024x473.jpeg 1024w, https:\/\/21panorama.com\/wp-content\/uploads\/2021\/11\/d2940d04-4a49-48ed-a34b-bd06e5baedd1-300x139.jpeg 300w, https:\/\/21panorama.com\/wp-content\/uploads\/2021\/11\/d2940d04-4a49-48ed-a34b-bd06e5baedd1-768x355.jpeg 768w, https:\/\/21panorama.com\/wp-content\/uploads\/2021\/11\/d2940d04-4a49-48ed-a34b-bd06e5baedd1-1536x709.jpeg 1536w, https:\/\/21panorama.com\/wp-content\/uploads\/2021\/11\/d2940d04-4a49-48ed-a34b-bd06e5baedd1.jpeg 1600w\" sizes=\"(max-width: 1024px) 100vw, 1024px\" \/><\/figure><\/li><li class=\"blocks-gallery-item\"><figure><img decoding=\"async\" width=\"1024\" height=\"473\" src=\"https:\/\/21panorama.com\/wp-content\/uploads\/2021\/11\/24fa2882-afd8-4238-b455-c67da38fd04a-1024x473.jpeg\" alt=\"\" data-id=\"2213\" data-full-url=\"https:\/\/21panorama.com\/wp-content\/uploads\/2021\/11\/24fa2882-afd8-4238-b455-c67da38fd04a.jpeg\" data-link=\"https:\/\/21panorama.com\/?attachment_id=2213\" class=\"wp-image-2213\" srcset=\"https:\/\/21panorama.com\/wp-content\/uploads\/2021\/11\/24fa2882-afd8-4238-b455-c67da38fd04a-1024x473.jpeg 1024w, https:\/\/21panorama.com\/wp-content\/uploads\/2021\/11\/24fa2882-afd8-4238-b455-c67da38fd04a-300x139.jpeg 300w, https:\/\/21panorama.com\/wp-content\/uploads\/2021\/11\/24fa2882-afd8-4238-b455-c67da38fd04a-768x355.jpeg 768w, https:\/\/21panorama.com\/wp-content\/uploads\/2021\/11\/24fa2882-afd8-4238-b455-c67da38fd04a-1536x709.jpeg 1536w, https:\/\/21panorama.com\/wp-content\/uploads\/2021\/11\/24fa2882-afd8-4238-b455-c67da38fd04a.jpeg 1600w\" sizes=\"(max-width: 1024px) 100vw, 1024px\" \/><\/figure><\/li><\/ul><\/figure>\n","protected":false},"excerpt":{"rendered":"<p>Un  nuevo sondeo telef\u00f3nico de Massive Caller sobre las preferencias electorales indican que solo en alianza PRI-PAN se podr\u00eda vencer en las urnas a Morena que hasta el momento lleva delantera. <\/p>\n","protected":false},"author":1,"featured_media":2210,"comment_status":"open","ping_status":"open","sticky":false,"template":"","format":"standard","meta":{"footnotes":""},"categories":[12],"tags":[134],"class_list":["post-2209","post","type-post","status-publish","format-standard","has-post-thumbnail","hentry","category-politica","tag-voto"],"yoast_head":"<!-- This site is optimized with the Yoast SEO plugin v24.9 - https:\/\/yoast.com\/wordpress\/plugins\/seo\/ -->\n<title>COMO VA LA INTENCI\u00d3N DEL VOTO SEG\u00daN MASSIVE CALLER EN EL EDOMEX? - 21 Panorama<\/title>\n<meta name=\"robots\" content=\"index, follow, max-snippet:-1, max-image-preview:large, max-video-preview:-1\" \/>\n<link rel=\"canonical\" href=\"https:\/\/21panorama.com\/index.php\/2021\/11\/01\/como-va-la-intencion-del-voto-segun-massive-caller-en-el-edomex\/\" \/>\n<meta property=\"og:locale\" content=\"es_MX\" \/>\n<meta property=\"og:type\" content=\"article\" \/>\n<meta property=\"og:title\" content=\"COMO VA LA INTENCI\u00d3N DEL VOTO SEG\u00daN MASSIVE CALLER EN EL EDOMEX? - 21 Panorama\" \/>\n<meta property=\"og:description\" content=\"Un nuevo sondeo telef\u00f3nico de Massive Caller sobre las preferencias electorales indican que solo en alianza PRI-PAN se podr\u00eda vencer en las urnas a Morena que hasta el momento lleva delantera.\" \/>\n<meta property=\"og:url\" content=\"https:\/\/21panorama.com\/index.php\/2021\/11\/01\/como-va-la-intencion-del-voto-segun-massive-caller-en-el-edomex\/\" \/>\n<meta property=\"og:site_name\" content=\"21 Panorama\" \/>\n<meta property=\"article:published_time\" content=\"2021-11-01T14:59:46+00:00\" \/>\n<meta property=\"article:modified_time\" content=\"2021-11-01T14:59:47+00:00\" \/>\n<meta property=\"og:image\" content=\"https:\/\/21panorama.com\/wp-content\/uploads\/2021\/11\/19ef4dbd-ac1b-4752-98b7-632643f2e595.jpeg\" \/>\n\t<meta property=\"og:image:width\" content=\"1600\" \/>\n\t<meta property=\"og:image:height\" content=\"739\" \/>\n\t<meta property=\"og:image:type\" content=\"image\/jpeg\" \/>\n<meta name=\"author\" content=\"admin\" \/>\n<meta name=\"twitter:card\" content=\"summary_large_image\" \/>\n<meta name=\"twitter:label1\" content=\"Escrito por\" \/>\n\t<meta name=\"twitter:data1\" content=\"admin\" \/>\n\t<meta name=\"twitter:label2\" content=\"Tiempo de lectura\" \/>\n\t<meta name=\"twitter:data2\" content=\"2 minutos\" \/>\n<script type=\"application\/ld+json\" class=\"yoast-schema-graph\">{\"@context\":\"https:\/\/schema.org\",\"@graph\":[{\"@type\":\"Article\",\"@id\":\"https:\/\/21panorama.com\/index.php\/2021\/11\/01\/como-va-la-intencion-del-voto-segun-massive-caller-en-el-edomex\/#article\",\"isPartOf\":{\"@id\":\"https:\/\/21panorama.com\/index.php\/2021\/11\/01\/como-va-la-intencion-del-voto-segun-massive-caller-en-el-edomex\/\"},\"author\":{\"name\":\"admin\",\"@id\":\"https:\/\/21panorama.com\/#\/schema\/person\/1afc291b96d5792a158768324287319f\"},\"headline\":\"COMO VA LA INTENCI\u00d3N DEL VOTO SEG\u00daN MASSIVE CALLER EN EL EDOMEX?\",\"datePublished\":\"2021-11-01T14:59:46+00:00\",\"dateModified\":\"2021-11-01T14:59:47+00:00\",\"mainEntityOfPage\":{\"@id\":\"https:\/\/21panorama.com\/index.php\/2021\/11\/01\/como-va-la-intencion-del-voto-segun-massive-caller-en-el-edomex\/\"},\"wordCount\":146,\"commentCount\":0,\"publisher\":{\"@id\":\"https:\/\/21panorama.com\/#organization\"},\"image\":{\"@id\":\"https:\/\/21panorama.com\/index.php\/2021\/11\/01\/como-va-la-intencion-del-voto-segun-massive-caller-en-el-edomex\/#primaryimage\"},\"thumbnailUrl\":\"https:\/\/21panorama.com\/wp-content\/uploads\/2021\/11\/19ef4dbd-ac1b-4752-98b7-632643f2e595.jpeg\",\"keywords\":[\"VOTO\"],\"articleSection\":[\"Politica\"],\"inLanguage\":\"es\",\"potentialAction\":[{\"@type\":\"CommentAction\",\"name\":\"Comment\",\"target\":[\"https:\/\/21panorama.com\/index.php\/2021\/11\/01\/como-va-la-intencion-del-voto-segun-massive-caller-en-el-edomex\/#respond\"]}]},{\"@type\":\"WebPage\",\"@id\":\"https:\/\/21panorama.com\/index.php\/2021\/11\/01\/como-va-la-intencion-del-voto-segun-massive-caller-en-el-edomex\/\",\"url\":\"https:\/\/21panorama.com\/index.php\/2021\/11\/01\/como-va-la-intencion-del-voto-segun-massive-caller-en-el-edomex\/\",\"name\":\"COMO VA LA INTENCI\u00d3N DEL VOTO SEG\u00daN MASSIVE CALLER EN EL EDOMEX? - 21 Panorama\",\"isPartOf\":{\"@id\":\"https:\/\/21panorama.com\/#website\"},\"primaryImageOfPage\":{\"@id\":\"https:\/\/21panorama.com\/index.php\/2021\/11\/01\/como-va-la-intencion-del-voto-segun-massive-caller-en-el-edomex\/#primaryimage\"},\"image\":{\"@id\":\"https:\/\/21panorama.com\/index.php\/2021\/11\/01\/como-va-la-intencion-del-voto-segun-massive-caller-en-el-edomex\/#primaryimage\"},\"thumbnailUrl\":\"https:\/\/21panorama.com\/wp-content\/uploads\/2021\/11\/19ef4dbd-ac1b-4752-98b7-632643f2e595.jpeg\",\"datePublished\":\"2021-11-01T14:59:46+00:00\",\"dateModified\":\"2021-11-01T14:59:47+00:00\",\"breadcrumb\":{\"@id\":\"https:\/\/21panorama.com\/index.php\/2021\/11\/01\/como-va-la-intencion-del-voto-segun-massive-caller-en-el-edomex\/#breadcrumb\"},\"inLanguage\":\"es\",\"potentialAction\":[{\"@type\":\"ReadAction\",\"target\":[\"https:\/\/21panorama.com\/index.php\/2021\/11\/01\/como-va-la-intencion-del-voto-segun-massive-caller-en-el-edomex\/\"]}]},{\"@type\":\"ImageObject\",\"inLanguage\":\"es\",\"@id\":\"https:\/\/21panorama.com\/index.php\/2021\/11\/01\/como-va-la-intencion-del-voto-segun-massive-caller-en-el-edomex\/#primaryimage\",\"url\":\"https:\/\/21panorama.com\/wp-content\/uploads\/2021\/11\/19ef4dbd-ac1b-4752-98b7-632643f2e595.jpeg\",\"contentUrl\":\"https:\/\/21panorama.com\/wp-content\/uploads\/2021\/11\/19ef4dbd-ac1b-4752-98b7-632643f2e595.jpeg\",\"width\":1600,\"height\":739},{\"@type\":\"BreadcrumbList\",\"@id\":\"https:\/\/21panorama.com\/index.php\/2021\/11\/01\/como-va-la-intencion-del-voto-segun-massive-caller-en-el-edomex\/#breadcrumb\",\"itemListElement\":[{\"@type\":\"ListItem\",\"position\":1,\"name\":\"Inicio\",\"item\":\"https:\/\/21panorama.com\/\"},{\"@type\":\"ListItem\",\"position\":2,\"name\":\"COMO VA LA INTENCI\u00d3N DEL VOTO SEG\u00daN MASSIVE CALLER EN EL EDOMEX?\"}]},{\"@type\":\"WebSite\",\"@id\":\"https:\/\/21panorama.com\/#website\",\"url\":\"https:\/\/21panorama.com\/\",\"name\":\"21 Panorama\",\"description\":\"La construcci\u00f3n de la opini\u00f3n p\u00fablica merece un mejor Panorama en este siglo 21 para alcanzar una sociedad con mayor transparencia y sin corrupci\u00f3n.\",\"publisher\":{\"@id\":\"https:\/\/21panorama.com\/#organization\"},\"potentialAction\":[{\"@type\":\"SearchAction\",\"target\":{\"@type\":\"EntryPoint\",\"urlTemplate\":\"https:\/\/21panorama.com\/?s={search_term_string}\"},\"query-input\":{\"@type\":\"PropertyValueSpecification\",\"valueRequired\":true,\"valueName\":\"search_term_string\"}}],\"inLanguage\":\"es\"},{\"@type\":\"Organization\",\"@id\":\"https:\/\/21panorama.com\/#organization\",\"name\":\"21 Panorama\",\"url\":\"https:\/\/21panorama.com\/\",\"logo\":{\"@type\":\"ImageObject\",\"inLanguage\":\"es\",\"@id\":\"https:\/\/21panorama.com\/#\/schema\/logo\/image\/\",\"url\":\"https:\/\/21panorama.com\/wp-content\/uploads\/2019\/07\/cropped-Logo-Panorama-01.jpeg\",\"contentUrl\":\"https:\/\/21panorama.com\/wp-content\/uploads\/2019\/07\/cropped-Logo-Panorama-01.jpeg\",\"width\":290,\"height\":70,\"caption\":\"21 Panorama\"},\"image\":{\"@id\":\"https:\/\/21panorama.com\/#\/schema\/logo\/image\/\"}},{\"@type\":\"Person\",\"@id\":\"https:\/\/21panorama.com\/#\/schema\/person\/1afc291b96d5792a158768324287319f\",\"name\":\"admin\",\"image\":{\"@type\":\"ImageObject\",\"inLanguage\":\"es\",\"@id\":\"https:\/\/21panorama.com\/#\/schema\/person\/image\/\",\"url\":\"https:\/\/secure.gravatar.com\/avatar\/ad365d9d9f46719215b0d042cc3df92a5a8683e09ef13d102233e5491985f0f0?s=96&d=mm&r=g\",\"contentUrl\":\"https:\/\/secure.gravatar.com\/avatar\/ad365d9d9f46719215b0d042cc3df92a5a8683e09ef13d102233e5491985f0f0?s=96&d=mm&r=g\",\"caption\":\"admin\"},\"url\":\"https:\/\/21panorama.com\/index.php\/author\/admin\/\"}]}<\/script>\n<!-- \/ Yoast SEO plugin. -->","yoast_head_json":{"title":"COMO VA LA INTENCI\u00d3N DEL VOTO SEG\u00daN MASSIVE CALLER EN EL EDOMEX? - 21 Panorama","robots":{"index":"index","follow":"follow","max-snippet":"max-snippet:-1","max-image-preview":"max-image-preview:large","max-video-preview":"max-video-preview:-1"},"canonical":"https:\/\/21panorama.com\/index.php\/2021\/11\/01\/como-va-la-intencion-del-voto-segun-massive-caller-en-el-edomex\/","og_locale":"es_MX","og_type":"article","og_title":"COMO VA LA INTENCI\u00d3N DEL VOTO SEG\u00daN MASSIVE CALLER EN EL EDOMEX? - 21 Panorama","og_description":"Un nuevo sondeo telef\u00f3nico de Massive Caller sobre las preferencias electorales indican que solo en alianza PRI-PAN se podr\u00eda vencer en las urnas a Morena que hasta el momento lleva delantera.","og_url":"https:\/\/21panorama.com\/index.php\/2021\/11\/01\/como-va-la-intencion-del-voto-segun-massive-caller-en-el-edomex\/","og_site_name":"21 Panorama","article_published_time":"2021-11-01T14:59:46+00:00","article_modified_time":"2021-11-01T14:59:47+00:00","og_image":[{"width":1600,"height":739,"url":"https:\/\/21panorama.com\/wp-content\/uploads\/2021\/11\/19ef4dbd-ac1b-4752-98b7-632643f2e595.jpeg","type":"image\/jpeg"}],"author":"admin","twitter_card":"summary_large_image","twitter_misc":{"Escrito por":"admin","Tiempo de lectura":"2 minutos"},"schema":{"@context":"https:\/\/schema.org","@graph":[{"@type":"Article","@id":"https:\/\/21panorama.com\/index.php\/2021\/11\/01\/como-va-la-intencion-del-voto-segun-massive-caller-en-el-edomex\/#article","isPartOf":{"@id":"https:\/\/21panorama.com\/index.php\/2021\/11\/01\/como-va-la-intencion-del-voto-segun-massive-caller-en-el-edomex\/"},"author":{"name":"admin","@id":"https:\/\/21panorama.com\/#\/schema\/person\/1afc291b96d5792a158768324287319f"},"headline":"COMO VA LA INTENCI\u00d3N DEL VOTO SEG\u00daN MASSIVE CALLER EN EL EDOMEX?","datePublished":"2021-11-01T14:59:46+00:00","dateModified":"2021-11-01T14:59:47+00:00","mainEntityOfPage":{"@id":"https:\/\/21panorama.com\/index.php\/2021\/11\/01\/como-va-la-intencion-del-voto-segun-massive-caller-en-el-edomex\/"},"wordCount":146,"commentCount":0,"publisher":{"@id":"https:\/\/21panorama.com\/#organization"},"image":{"@id":"https:\/\/21panorama.com\/index.php\/2021\/11\/01\/como-va-la-intencion-del-voto-segun-massive-caller-en-el-edomex\/#primaryimage"},"thumbnailUrl":"https:\/\/21panorama.com\/wp-content\/uploads\/2021\/11\/19ef4dbd-ac1b-4752-98b7-632643f2e595.jpeg","keywords":["VOTO"],"articleSection":["Politica"],"inLanguage":"es","potentialAction":[{"@type":"CommentAction","name":"Comment","target":["https:\/\/21panorama.com\/index.php\/2021\/11\/01\/como-va-la-intencion-del-voto-segun-massive-caller-en-el-edomex\/#respond"]}]},{"@type":"WebPage","@id":"https:\/\/21panorama.com\/index.php\/2021\/11\/01\/como-va-la-intencion-del-voto-segun-massive-caller-en-el-edomex\/","url":"https:\/\/21panorama.com\/index.php\/2021\/11\/01\/como-va-la-intencion-del-voto-segun-massive-caller-en-el-edomex\/","name":"COMO VA LA INTENCI\u00d3N DEL VOTO SEG\u00daN MASSIVE CALLER EN EL EDOMEX? - 21 Panorama","isPartOf":{"@id":"https:\/\/21panorama.com\/#website"},"primaryImageOfPage":{"@id":"https:\/\/21panorama.com\/index.php\/2021\/11\/01\/como-va-la-intencion-del-voto-segun-massive-caller-en-el-edomex\/#primaryimage"},"image":{"@id":"https:\/\/21panorama.com\/index.php\/2021\/11\/01\/como-va-la-intencion-del-voto-segun-massive-caller-en-el-edomex\/#primaryimage"},"thumbnailUrl":"https:\/\/21panorama.com\/wp-content\/uploads\/2021\/11\/19ef4dbd-ac1b-4752-98b7-632643f2e595.jpeg","datePublished":"2021-11-01T14:59:46+00:00","dateModified":"2021-11-01T14:59:47+00:00","breadcrumb":{"@id":"https:\/\/21panorama.com\/index.php\/2021\/11\/01\/como-va-la-intencion-del-voto-segun-massive-caller-en-el-edomex\/#breadcrumb"},"inLanguage":"es","potentialAction":[{"@type":"ReadAction","target":["https:\/\/21panorama.com\/index.php\/2021\/11\/01\/como-va-la-intencion-del-voto-segun-massive-caller-en-el-edomex\/"]}]},{"@type":"ImageObject","inLanguage":"es","@id":"https:\/\/21panorama.com\/index.php\/2021\/11\/01\/como-va-la-intencion-del-voto-segun-massive-caller-en-el-edomex\/#primaryimage","url":"https:\/\/21panorama.com\/wp-content\/uploads\/2021\/11\/19ef4dbd-ac1b-4752-98b7-632643f2e595.jpeg","contentUrl":"https:\/\/21panorama.com\/wp-content\/uploads\/2021\/11\/19ef4dbd-ac1b-4752-98b7-632643f2e595.jpeg","width":1600,"height":739},{"@type":"BreadcrumbList","@id":"https:\/\/21panorama.com\/index.php\/2021\/11\/01\/como-va-la-intencion-del-voto-segun-massive-caller-en-el-edomex\/#breadcrumb","itemListElement":[{"@type":"ListItem","position":1,"name":"Inicio","item":"https:\/\/21panorama.com\/"},{"@type":"ListItem","position":2,"name":"COMO VA LA INTENCI\u00d3N DEL VOTO SEG\u00daN MASSIVE CALLER EN EL EDOMEX?"}]},{"@type":"WebSite","@id":"https:\/\/21panorama.com\/#website","url":"https:\/\/21panorama.com\/","name":"21 Panorama","description":"La construcci\u00f3n de la opini\u00f3n p\u00fablica merece un mejor Panorama en este siglo 21 para alcanzar una sociedad con mayor transparencia y sin corrupci\u00f3n.","publisher":{"@id":"https:\/\/21panorama.com\/#organization"},"potentialAction":[{"@type":"SearchAction","target":{"@type":"EntryPoint","urlTemplate":"https:\/\/21panorama.com\/?s={search_term_string}"},"query-input":{"@type":"PropertyValueSpecification","valueRequired":true,"valueName":"search_term_string"}}],"inLanguage":"es"},{"@type":"Organization","@id":"https:\/\/21panorama.com\/#organization","name":"21 Panorama","url":"https:\/\/21panorama.com\/","logo":{"@type":"ImageObject","inLanguage":"es","@id":"https:\/\/21panorama.com\/#\/schema\/logo\/image\/","url":"https:\/\/21panorama.com\/wp-content\/uploads\/2019\/07\/cropped-Logo-Panorama-01.jpeg","contentUrl":"https:\/\/21panorama.com\/wp-content\/uploads\/2019\/07\/cropped-Logo-Panorama-01.jpeg","width":290,"height":70,"caption":"21 Panorama"},"image":{"@id":"https:\/\/21panorama.com\/#\/schema\/logo\/image\/"}},{"@type":"Person","@id":"https:\/\/21panorama.com\/#\/schema\/person\/1afc291b96d5792a158768324287319f","name":"admin","image":{"@type":"ImageObject","inLanguage":"es","@id":"https:\/\/21panorama.com\/#\/schema\/person\/image\/","url":"https:\/\/secure.gravatar.com\/avatar\/ad365d9d9f46719215b0d042cc3df92a5a8683e09ef13d102233e5491985f0f0?s=96&d=mm&r=g","contentUrl":"https:\/\/secure.gravatar.com\/avatar\/ad365d9d9f46719215b0d042cc3df92a5a8683e09ef13d102233e5491985f0f0?s=96&d=mm&r=g","caption":"admin"},"url":"https:\/\/21panorama.com\/index.php\/author\/admin\/"}]}},"_links":{"self":[{"href":"https:\/\/21panorama.com\/index.php\/wp-json\/wp\/v2\/posts\/2209","targetHints":{"allow":["GET"]}}],"collection":[{"href":"https:\/\/21panorama.com\/index.php\/wp-json\/wp\/v2\/posts"}],"about":[{"href":"https:\/\/21panorama.com\/index.php\/wp-json\/wp\/v2\/types\/post"}],"author":[{"embeddable":true,"href":"https:\/\/21panorama.com\/index.php\/wp-json\/wp\/v2\/users\/1"}],"replies":[{"embeddable":true,"href":"https:\/\/21panorama.com\/index.php\/wp-json\/wp\/v2\/comments?post=2209"}],"version-history":[{"count":1,"href":"https:\/\/21panorama.com\/index.php\/wp-json\/wp\/v2\/posts\/2209\/revisions"}],"predecessor-version":[{"id":2214,"href":"https:\/\/21panorama.com\/index.php\/wp-json\/wp\/v2\/posts\/2209\/revisions\/2214"}],"wp:featuredmedia":[{"embeddable":true,"href":"https:\/\/21panorama.com\/index.php\/wp-json\/wp\/v2\/media\/2210"}],"wp:attachment":[{"href":"https:\/\/21panorama.com\/index.php\/wp-json\/wp\/v2\/media?parent=2209"}],"wp:term":[{"taxonomy":"category","embeddable":true,"href":"https:\/\/21panorama.com\/index.php\/wp-json\/wp\/v2\/categories?post=2209"},{"taxonomy":"post_tag","embeddable":true,"href":"https:\/\/21panorama.com\/index.php\/wp-json\/wp\/v2\/tags?post=2209"}],"curies":[{"name":"wp","href":"https:\/\/api.w.org\/{rel}","templated":true}]}}