{"id":220,"date":"2019-08-12T18:19:19","date_gmt":"2019-08-12T18:19:19","guid":{"rendered":"http:\/\/21panorama.com\/?p=220"},"modified":"2019-08-13T03:20:37","modified_gmt":"2019-08-13T03:20:37","slug":"conforman-consejo-de-jurados-para-el-premio-estatal-de-la-juventud-2019","status":"publish","type":"post","link":"https:\/\/21panorama.com\/index.php\/2019\/08\/12\/conforman-consejo-de-jurados-para-el-premio-estatal-de-la-juventud-2019\/","title":{"rendered":"CONFORMAN CONSEJO DE JURADOS PARA EL PREMIO ESTATAL DE LA JUVENTUD 2019"},"content":{"rendered":"\n<p>Con la finalidad de evaluar los proyectos de los j\u00f3venes mexiquenses que participan para obtener el Premio Estatal de la Juventud 2019, que otorga el Instituto Mexiquense de la Juventud (IMEJ), el Secretario de Desarrollo Social, Eric Sevilla Montes de Oca, tom\u00f3 protesta a los servidores p\u00fablicos y ciudadanos que forman parte del Consejo de Jurados.<\/p>\n\n\n\n<p>Este Consejo qued\u00f3 compuesto por 30 integrantes, quienes realizar\u00e1n una valoraci\u00f3n de los j\u00f3venes que sobresalgan por sus m\u00e9ritos para obtener este premio, lo anterior en el marco de la Semana Estatal de la Juventud 2019.<\/p>\n\n\n\n<p>Entre el jurado participan instituciones como la Universidad Aut\u00f3noma del Estado de M\u00e9xico (UAEM), el Sistema para el Desarrollo Integral de la Familia de la entidad (DIFEM), as\u00ed como las Secretar\u00edas de Educaci\u00f3n, Cultura, Medio Ambiente, Desarrollo Agropecuario y Turismo.<\/p>\n\n\n\n<p>Adem\u00e1s de la Junta de Asistencia Privada del Estado de M\u00e9xico (JAPEM), el Consejo Estatal para el Desarrollo de los Pueblos Ind\u00edgenas del Estado de M\u00e9xico (CEDIPIEM) y los j\u00f3venes ganadores de la convocatoria del a\u00f1o pasado.<\/p>\n\n\n\n<p>En la edici\u00f3n 2019 se recibieron 452 expedientes en sus 10 modalidades: trayectoria acad\u00e9mica, labor social, labor ind\u00edgena, trayectoria art\u00edstica y cultural, superaci\u00f3n de j\u00f3venes con discapacidad, innovaci\u00f3n tecnol\u00f3gica, protecci\u00f3n al ambiente, j\u00f3venes del campo, artes populares y j\u00f3venes emprendedores.<\/p>\n\n\n\n<p>Cabe mencionar que los participantes provienen de 86 municipios de la entidad, de los cuales 117 pertenecen a la categor\u00eda A que abarca la edad de 12 a 17 a\u00f1os, 210 a la categor\u00eda B de 18 a 24 a\u00f1os y 125 en la categor\u00eda C de 25 a 29 a\u00f1os.<\/p>\n\n\n\n<p>Conforme a lo estipulado, las propuestas se evaluar\u00e1n de acuerdo con su desempe\u00f1o, aportaci\u00f3n, desarrollo, superaci\u00f3n y perseverancia de los aspirantes.<\/p>\n\n\n\n<p>La Ceremonia de Premiaci\u00f3n ser\u00e1 encabezada por el Gobernador Alfredo Del Mazo Maza, quien har\u00e1 entrega de los premios a los ganadores del certamen.<\/p>\n\n\n\n<ul class=\"wp-block-list\"><li><\/li><\/ul>\n","protected":false},"excerpt":{"rendered":"<p>Con la finalidad de evaluar los proyectos de los j\u00f3venes mexiquenses que participan para obtener el Premio Estatal de la Juventud 2019, que otorga el Instituto Mexiquense de la Juventud (IMEJ), el Secretario de Desarrollo Social, Eric Sevilla Montes de Oca, tom\u00f3 protesta a los servidores p\u00fablicos y ciudadanos que forman parte del Consejo de Jurados. Este Consejo qued\u00f3 compuesto por 30 integrantes, quienes realizar\u00e1n una valoraci\u00f3n de los j\u00f3venes que sobresalgan por sus m\u00e9ritos para obtener este premio, lo anterior en el marco de la Semana Estatal de la&hellip;<\/p>\n","protected":false},"author":1,"featured_media":221,"comment_status":"open","ping_status":"open","sticky":false,"template":"","format":"standard","meta":{"footnotes":""},"categories":[6,7,10,12,1],"tags":[],"class_list":["post-220","post","type-post","status-publish","format-standard","has-post-thumbnail","hentry","category-cienciaysalud","category-deportes","category-opinion","category-politica","category-sociedad"],"yoast_head":"<!-- This site is optimized with the Yoast SEO plugin v24.9 - https:\/\/yoast.com\/wordpress\/plugins\/seo\/ -->\n<title>CONFORMAN CONSEJO DE JURADOS PARA EL PREMIO ESTATAL DE LA JUVENTUD 2019 - 21 Panorama<\/title>\n<meta name=\"robots\" content=\"index, follow, max-snippet:-1, max-image-preview:large, max-video-preview:-1\" \/>\n<link rel=\"canonical\" href=\"https:\/\/21panorama.com\/index.php\/2019\/08\/12\/conforman-consejo-de-jurados-para-el-premio-estatal-de-la-juventud-2019\/\" \/>\n<meta property=\"og:locale\" content=\"es_MX\" \/>\n<meta property=\"og:type\" content=\"article\" \/>\n<meta property=\"og:title\" content=\"CONFORMAN CONSEJO DE JURADOS PARA EL PREMIO ESTATAL DE LA JUVENTUD 2019 - 21 Panorama\" \/>\n<meta property=\"og:description\" content=\"Con la finalidad de evaluar los proyectos de los j\u00f3venes mexiquenses que participan para obtener el Premio Estatal de la Juventud 2019, que otorga el Instituto Mexiquense de la Juventud (IMEJ), el Secretario de Desarrollo Social, Eric Sevilla Montes de Oca, tom\u00f3 protesta a los servidores p\u00fablicos y ciudadanos que forman parte del Consejo de Jurados. Este Consejo qued\u00f3 compuesto por 30 integrantes, quienes realizar\u00e1n una valoraci\u00f3n de los j\u00f3venes que sobresalgan por sus m\u00e9ritos para obtener este premio, lo anterior en el marco de la Semana Estatal de la&hellip;\" \/>\n<meta property=\"og:url\" content=\"https:\/\/21panorama.com\/index.php\/2019\/08\/12\/conforman-consejo-de-jurados-para-el-premio-estatal-de-la-juventud-2019\/\" \/>\n<meta property=\"og:site_name\" content=\"21 Panorama\" \/>\n<meta property=\"article:published_time\" content=\"2019-08-12T18:19:19+00:00\" \/>\n<meta property=\"article:modified_time\" content=\"2019-08-13T03:20:37+00:00\" \/>\n<meta property=\"og:image\" content=\"https:\/\/21panorama.com\/wp-content\/uploads\/2019\/08\/w2_8421_1.jpg\" \/>\n\t<meta property=\"og:image:width\" content=\"6240\" \/>\n\t<meta property=\"og:image:height\" content=\"4160\" \/>\n\t<meta property=\"og:image:type\" content=\"image\/jpeg\" \/>\n<meta name=\"author\" content=\"admin\" \/>\n<meta name=\"twitter:card\" content=\"summary_large_image\" \/>\n<meta name=\"twitter:label1\" content=\"Escrito por\" \/>\n\t<meta name=\"twitter:data1\" content=\"admin\" \/>\n\t<meta name=\"twitter:label2\" content=\"Tiempo de lectura\" \/>\n\t<meta name=\"twitter:data2\" content=\"2 minutos\" \/>\n<script type=\"application\/ld+json\" class=\"yoast-schema-graph\">{\"@context\":\"https:\/\/schema.org\",\"@graph\":[{\"@type\":\"Article\",\"@id\":\"https:\/\/21panorama.com\/index.php\/2019\/08\/12\/conforman-consejo-de-jurados-para-el-premio-estatal-de-la-juventud-2019\/#article\",\"isPartOf\":{\"@id\":\"https:\/\/21panorama.com\/index.php\/2019\/08\/12\/conforman-consejo-de-jurados-para-el-premio-estatal-de-la-juventud-2019\/\"},\"author\":{\"name\":\"admin\",\"@id\":\"https:\/\/21panorama.com\/#\/schema\/person\/1afc291b96d5792a158768324287319f\"},\"headline\":\"CONFORMAN CONSEJO DE JURADOS PARA EL PREMIO ESTATAL DE LA JUVENTUD 2019\",\"datePublished\":\"2019-08-12T18:19:19+00:00\",\"dateModified\":\"2019-08-13T03:20:37+00:00\",\"mainEntityOfPage\":{\"@id\":\"https:\/\/21panorama.com\/index.php\/2019\/08\/12\/conforman-consejo-de-jurados-para-el-premio-estatal-de-la-juventud-2019\/\"},\"wordCount\":338,\"commentCount\":0,\"publisher\":{\"@id\":\"https:\/\/21panorama.com\/#organization\"},\"image\":{\"@id\":\"https:\/\/21panorama.com\/index.php\/2019\/08\/12\/conforman-consejo-de-jurados-para-el-premio-estatal-de-la-juventud-2019\/#primaryimage\"},\"thumbnailUrl\":\"https:\/\/21panorama.com\/wp-content\/uploads\/2019\/08\/w2_8421_1.jpg\",\"articleSection\":[\"Ciencia y Salud\",\"Deportes\",\"Opini\u00f3n\",\"Politica\",\"Sociedad\"],\"inLanguage\":\"es\",\"potentialAction\":[{\"@type\":\"CommentAction\",\"name\":\"Comment\",\"target\":[\"https:\/\/21panorama.com\/index.php\/2019\/08\/12\/conforman-consejo-de-jurados-para-el-premio-estatal-de-la-juventud-2019\/#respond\"]}]},{\"@type\":\"WebPage\",\"@id\":\"https:\/\/21panorama.com\/index.php\/2019\/08\/12\/conforman-consejo-de-jurados-para-el-premio-estatal-de-la-juventud-2019\/\",\"url\":\"https:\/\/21panorama.com\/index.php\/2019\/08\/12\/conforman-consejo-de-jurados-para-el-premio-estatal-de-la-juventud-2019\/\",\"name\":\"CONFORMAN CONSEJO DE JURADOS PARA EL PREMIO ESTATAL DE LA JUVENTUD 2019 - 21 Panorama\",\"isPartOf\":{\"@id\":\"https:\/\/21panorama.com\/#website\"},\"primaryImageOfPage\":{\"@id\":\"https:\/\/21panorama.com\/index.php\/2019\/08\/12\/conforman-consejo-de-jurados-para-el-premio-estatal-de-la-juventud-2019\/#primaryimage\"},\"image\":{\"@id\":\"https:\/\/21panorama.com\/index.php\/2019\/08\/12\/conforman-consejo-de-jurados-para-el-premio-estatal-de-la-juventud-2019\/#primaryimage\"},\"thumbnailUrl\":\"https:\/\/21panorama.com\/wp-content\/uploads\/2019\/08\/w2_8421_1.jpg\",\"datePublished\":\"2019-08-12T18:19:19+00:00\",\"dateModified\":\"2019-08-13T03:20:37+00:00\",\"breadcrumb\":{\"@id\":\"https:\/\/21panorama.com\/index.php\/2019\/08\/12\/conforman-consejo-de-jurados-para-el-premio-estatal-de-la-juventud-2019\/#breadcrumb\"},\"inLanguage\":\"es\",\"potentialAction\":[{\"@type\":\"ReadAction\",\"target\":[\"https:\/\/21panorama.com\/index.php\/2019\/08\/12\/conforman-consejo-de-jurados-para-el-premio-estatal-de-la-juventud-2019\/\"]}]},{\"@type\":\"ImageObject\",\"inLanguage\":\"es\",\"@id\":\"https:\/\/21panorama.com\/index.php\/2019\/08\/12\/conforman-consejo-de-jurados-para-el-premio-estatal-de-la-juventud-2019\/#primaryimage\",\"url\":\"https:\/\/21panorama.com\/wp-content\/uploads\/2019\/08\/w2_8421_1.jpg\",\"contentUrl\":\"https:\/\/21panorama.com\/wp-content\/uploads\/2019\/08\/w2_8421_1.jpg\",\"width\":6240,\"height\":4160},{\"@type\":\"BreadcrumbList\",\"@id\":\"https:\/\/21panorama.com\/index.php\/2019\/08\/12\/conforman-consejo-de-jurados-para-el-premio-estatal-de-la-juventud-2019\/#breadcrumb\",\"itemListElement\":[{\"@type\":\"ListItem\",\"position\":1,\"name\":\"Inicio\",\"item\":\"https:\/\/21panorama.com\/\"},{\"@type\":\"ListItem\",\"position\":2,\"name\":\"CONFORMAN CONSEJO DE JURADOS PARA EL PREMIO ESTATAL DE LA JUVENTUD 2019\"}]},{\"@type\":\"WebSite\",\"@id\":\"https:\/\/21panorama.com\/#website\",\"url\":\"https:\/\/21panorama.com\/\",\"name\":\"21 Panorama\",\"description\":\"La construcci\u00f3n de la opini\u00f3n p\u00fablica merece un mejor Panorama en este siglo 21 para alcanzar una sociedad con mayor transparencia y sin corrupci\u00f3n.\",\"publisher\":{\"@id\":\"https:\/\/21panorama.com\/#organization\"},\"potentialAction\":[{\"@type\":\"SearchAction\",\"target\":{\"@type\":\"EntryPoint\",\"urlTemplate\":\"https:\/\/21panorama.com\/?s={search_term_string}\"},\"query-input\":{\"@type\":\"PropertyValueSpecification\",\"valueRequired\":true,\"valueName\":\"search_term_string\"}}],\"inLanguage\":\"es\"},{\"@type\":\"Organization\",\"@id\":\"https:\/\/21panorama.com\/#organization\",\"name\":\"21 Panorama\",\"url\":\"https:\/\/21panorama.com\/\",\"logo\":{\"@type\":\"ImageObject\",\"inLanguage\":\"es\",\"@id\":\"https:\/\/21panorama.com\/#\/schema\/logo\/image\/\",\"url\":\"https:\/\/21panorama.com\/wp-content\/uploads\/2019\/07\/cropped-Logo-Panorama-01.jpeg\",\"contentUrl\":\"https:\/\/21panorama.com\/wp-content\/uploads\/2019\/07\/cropped-Logo-Panorama-01.jpeg\",\"width\":290,\"height\":70,\"caption\":\"21 Panorama\"},\"image\":{\"@id\":\"https:\/\/21panorama.com\/#\/schema\/logo\/image\/\"}},{\"@type\":\"Person\",\"@id\":\"https:\/\/21panorama.com\/#\/schema\/person\/1afc291b96d5792a158768324287319f\",\"name\":\"admin\",\"image\":{\"@type\":\"ImageObject\",\"inLanguage\":\"es\",\"@id\":\"https:\/\/21panorama.com\/#\/schema\/person\/image\/\",\"url\":\"https:\/\/secure.gravatar.com\/avatar\/ad365d9d9f46719215b0d042cc3df92a5a8683e09ef13d102233e5491985f0f0?s=96&d=mm&r=g\",\"contentUrl\":\"https:\/\/secure.gravatar.com\/avatar\/ad365d9d9f46719215b0d042cc3df92a5a8683e09ef13d102233e5491985f0f0?s=96&d=mm&r=g\",\"caption\":\"admin\"},\"url\":\"https:\/\/21panorama.com\/index.php\/author\/admin\/\"}]}<\/script>\n<!-- \/ Yoast SEO plugin. -->","yoast_head_json":{"title":"CONFORMAN CONSEJO DE JURADOS PARA EL PREMIO ESTATAL DE LA JUVENTUD 2019 - 21 Panorama","robots":{"index":"index","follow":"follow","max-snippet":"max-snippet:-1","max-image-preview":"max-image-preview:large","max-video-preview":"max-video-preview:-1"},"canonical":"https:\/\/21panorama.com\/index.php\/2019\/08\/12\/conforman-consejo-de-jurados-para-el-premio-estatal-de-la-juventud-2019\/","og_locale":"es_MX","og_type":"article","og_title":"CONFORMAN CONSEJO DE JURADOS PARA EL PREMIO ESTATAL DE LA JUVENTUD 2019 - 21 Panorama","og_description":"Con la finalidad de evaluar los proyectos de los j\u00f3venes mexiquenses que participan para obtener el Premio Estatal de la Juventud 2019, que otorga el Instituto Mexiquense de la Juventud (IMEJ), el Secretario de Desarrollo Social, Eric Sevilla Montes de Oca, tom\u00f3 protesta a los servidores p\u00fablicos y ciudadanos que forman parte del Consejo de Jurados. Este Consejo qued\u00f3 compuesto por 30 integrantes, quienes realizar\u00e1n una valoraci\u00f3n de los j\u00f3venes que sobresalgan por sus m\u00e9ritos para obtener este premio, lo anterior en el marco de la Semana Estatal de la&hellip;","og_url":"https:\/\/21panorama.com\/index.php\/2019\/08\/12\/conforman-consejo-de-jurados-para-el-premio-estatal-de-la-juventud-2019\/","og_site_name":"21 Panorama","article_published_time":"2019-08-12T18:19:19+00:00","article_modified_time":"2019-08-13T03:20:37+00:00","og_image":[{"width":6240,"height":4160,"url":"https:\/\/21panorama.com\/wp-content\/uploads\/2019\/08\/w2_8421_1.jpg","type":"image\/jpeg"}],"author":"admin","twitter_card":"summary_large_image","twitter_misc":{"Escrito por":"admin","Tiempo de lectura":"2 minutos"},"schema":{"@context":"https:\/\/schema.org","@graph":[{"@type":"Article","@id":"https:\/\/21panorama.com\/index.php\/2019\/08\/12\/conforman-consejo-de-jurados-para-el-premio-estatal-de-la-juventud-2019\/#article","isPartOf":{"@id":"https:\/\/21panorama.com\/index.php\/2019\/08\/12\/conforman-consejo-de-jurados-para-el-premio-estatal-de-la-juventud-2019\/"},"author":{"name":"admin","@id":"https:\/\/21panorama.com\/#\/schema\/person\/1afc291b96d5792a158768324287319f"},"headline":"CONFORMAN CONSEJO DE JURADOS PARA EL PREMIO ESTATAL DE LA JUVENTUD 2019","datePublished":"2019-08-12T18:19:19+00:00","dateModified":"2019-08-13T03:20:37+00:00","mainEntityOfPage":{"@id":"https:\/\/21panorama.com\/index.php\/2019\/08\/12\/conforman-consejo-de-jurados-para-el-premio-estatal-de-la-juventud-2019\/"},"wordCount":338,"commentCount":0,"publisher":{"@id":"https:\/\/21panorama.com\/#organization"},"image":{"@id":"https:\/\/21panorama.com\/index.php\/2019\/08\/12\/conforman-consejo-de-jurados-para-el-premio-estatal-de-la-juventud-2019\/#primaryimage"},"thumbnailUrl":"https:\/\/21panorama.com\/wp-content\/uploads\/2019\/08\/w2_8421_1.jpg","articleSection":["Ciencia y Salud","Deportes","Opini\u00f3n","Politica","Sociedad"],"inLanguage":"es","potentialAction":[{"@type":"CommentAction","name":"Comment","target":["https:\/\/21panorama.com\/index.php\/2019\/08\/12\/conforman-consejo-de-jurados-para-el-premio-estatal-de-la-juventud-2019\/#respond"]}]},{"@type":"WebPage","@id":"https:\/\/21panorama.com\/index.php\/2019\/08\/12\/conforman-consejo-de-jurados-para-el-premio-estatal-de-la-juventud-2019\/","url":"https:\/\/21panorama.com\/index.php\/2019\/08\/12\/conforman-consejo-de-jurados-para-el-premio-estatal-de-la-juventud-2019\/","name":"CONFORMAN CONSEJO DE JURADOS PARA EL PREMIO ESTATAL DE LA JUVENTUD 2019 - 21 Panorama","isPartOf":{"@id":"https:\/\/21panorama.com\/#website"},"primaryImageOfPage":{"@id":"https:\/\/21panorama.com\/index.php\/2019\/08\/12\/conforman-consejo-de-jurados-para-el-premio-estatal-de-la-juventud-2019\/#primaryimage"},"image":{"@id":"https:\/\/21panorama.com\/index.php\/2019\/08\/12\/conforman-consejo-de-jurados-para-el-premio-estatal-de-la-juventud-2019\/#primaryimage"},"thumbnailUrl":"https:\/\/21panorama.com\/wp-content\/uploads\/2019\/08\/w2_8421_1.jpg","datePublished":"2019-08-12T18:19:19+00:00","dateModified":"2019-08-13T03:20:37+00:00","breadcrumb":{"@id":"https:\/\/21panorama.com\/index.php\/2019\/08\/12\/conforman-consejo-de-jurados-para-el-premio-estatal-de-la-juventud-2019\/#breadcrumb"},"inLanguage":"es","potentialAction":[{"@type":"ReadAction","target":["https:\/\/21panorama.com\/index.php\/2019\/08\/12\/conforman-consejo-de-jurados-para-el-premio-estatal-de-la-juventud-2019\/"]}]},{"@type":"ImageObject","inLanguage":"es","@id":"https:\/\/21panorama.com\/index.php\/2019\/08\/12\/conforman-consejo-de-jurados-para-el-premio-estatal-de-la-juventud-2019\/#primaryimage","url":"https:\/\/21panorama.com\/wp-content\/uploads\/2019\/08\/w2_8421_1.jpg","contentUrl":"https:\/\/21panorama.com\/wp-content\/uploads\/2019\/08\/w2_8421_1.jpg","width":6240,"height":4160},{"@type":"BreadcrumbList","@id":"https:\/\/21panorama.com\/index.php\/2019\/08\/12\/conforman-consejo-de-jurados-para-el-premio-estatal-de-la-juventud-2019\/#breadcrumb","itemListElement":[{"@type":"ListItem","position":1,"name":"Inicio","item":"https:\/\/21panorama.com\/"},{"@type":"ListItem","position":2,"name":"CONFORMAN CONSEJO DE JURADOS PARA EL PREMIO ESTATAL DE LA JUVENTUD 2019"}]},{"@type":"WebSite","@id":"https:\/\/21panorama.com\/#website","url":"https:\/\/21panorama.com\/","name":"21 Panorama","description":"La construcci\u00f3n de la opini\u00f3n p\u00fablica merece un mejor Panorama en este siglo 21 para alcanzar una sociedad con mayor transparencia y sin corrupci\u00f3n.","publisher":{"@id":"https:\/\/21panorama.com\/#organization"},"potentialAction":[{"@type":"SearchAction","target":{"@type":"EntryPoint","urlTemplate":"https:\/\/21panorama.com\/?s={search_term_string}"},"query-input":{"@type":"PropertyValueSpecification","valueRequired":true,"valueName":"search_term_string"}}],"inLanguage":"es"},{"@type":"Organization","@id":"https:\/\/21panorama.com\/#organization","name":"21 Panorama","url":"https:\/\/21panorama.com\/","logo":{"@type":"ImageObject","inLanguage":"es","@id":"https:\/\/21panorama.com\/#\/schema\/logo\/image\/","url":"https:\/\/21panorama.com\/wp-content\/uploads\/2019\/07\/cropped-Logo-Panorama-01.jpeg","contentUrl":"https:\/\/21panorama.com\/wp-content\/uploads\/2019\/07\/cropped-Logo-Panorama-01.jpeg","width":290,"height":70,"caption":"21 Panorama"},"image":{"@id":"https:\/\/21panorama.com\/#\/schema\/logo\/image\/"}},{"@type":"Person","@id":"https:\/\/21panorama.com\/#\/schema\/person\/1afc291b96d5792a158768324287319f","name":"admin","image":{"@type":"ImageObject","inLanguage":"es","@id":"https:\/\/21panorama.com\/#\/schema\/person\/image\/","url":"https:\/\/secure.gravatar.com\/avatar\/ad365d9d9f46719215b0d042cc3df92a5a8683e09ef13d102233e5491985f0f0?s=96&d=mm&r=g","contentUrl":"https:\/\/secure.gravatar.com\/avatar\/ad365d9d9f46719215b0d042cc3df92a5a8683e09ef13d102233e5491985f0f0?s=96&d=mm&r=g","caption":"admin"},"url":"https:\/\/21panorama.com\/index.php\/author\/admin\/"}]}},"_links":{"self":[{"href":"https:\/\/21panorama.com\/index.php\/wp-json\/wp\/v2\/posts\/220","targetHints":{"allow":["GET"]}}],"collection":[{"href":"https:\/\/21panorama.com\/index.php\/wp-json\/wp\/v2\/posts"}],"about":[{"href":"https:\/\/21panorama.com\/index.php\/wp-json\/wp\/v2\/types\/post"}],"author":[{"embeddable":true,"href":"https:\/\/21panorama.com\/index.php\/wp-json\/wp\/v2\/users\/1"}],"replies":[{"embeddable":true,"href":"https:\/\/21panorama.com\/index.php\/wp-json\/wp\/v2\/comments?post=220"}],"version-history":[{"count":1,"href":"https:\/\/21panorama.com\/index.php\/wp-json\/wp\/v2\/posts\/220\/revisions"}],"predecessor-version":[{"id":222,"href":"https:\/\/21panorama.com\/index.php\/wp-json\/wp\/v2\/posts\/220\/revisions\/222"}],"wp:featuredmedia":[{"embeddable":true,"href":"https:\/\/21panorama.com\/index.php\/wp-json\/wp\/v2\/media\/221"}],"wp:attachment":[{"href":"https:\/\/21panorama.com\/index.php\/wp-json\/wp\/v2\/media?parent=220"}],"wp:term":[{"taxonomy":"category","embeddable":true,"href":"https:\/\/21panorama.com\/index.php\/wp-json\/wp\/v2\/categories?post=220"},{"taxonomy":"post_tag","embeddable":true,"href":"https:\/\/21panorama.com\/index.php\/wp-json\/wp\/v2\/tags?post=220"}],"curies":[{"name":"wp","href":"https:\/\/api.w.org\/{rel}","templated":true}]}}