{"id":2195,"date":"2021-10-30T11:11:43","date_gmt":"2021-10-30T16:11:43","guid":{"rendered":"http:\/\/21panorama.com\/?p=2195"},"modified":"2021-10-30T12:01:18","modified_gmt":"2021-10-30T17:01:18","slug":"abre-diputado-braulio-alvarez-casa-de-atencion-a-ciudadanos","status":"publish","type":"post","link":"https:\/\/21panorama.com\/index.php\/2021\/10\/30\/abre-diputado-braulio-alvarez-casa-de-atencion-a-ciudadanos\/","title":{"rendered":"ABRE DIPUTADO BRAULIO \u00c1LVAREZ CASA DE ATENCI\u00d3N A CIUDADANOS"},"content":{"rendered":"\n<p>Al refrendar su compromiso de mantener la cercan\u00eda con la ciudadan\u00eda y visitar frecuentemente las localidades que integran el II distrito electoral de Toluca, el diputado Braulio \u00c1lvarez Jasso, de Diputados PRI Edom\u00e9x, inaugur\u00f3 su Casa de Atenci\u00f3n Ciudadana en San Lorenzo Tepaltitl\u00e1n, en la capital mexiquense, donde subray\u00f3 que, adem\u00e1s de su trabajo legislativo, enfocar\u00e1 sus esfuerzos en gestiones que contribuyan a resolver las principales demandas de la poblaci\u00f3n.<\/p>\n\n\n\n<p>Ante vecinos de Toluca que lo acompa\u00f1aron con el coordinador de la bancada pri\u00edsta, Elias Rescala Jim\u00e9nez, y la presidenta del PRI estatal, Alejandra Del Moral, el diputado Braulio \u00c1lvarez Jasso consider\u00f3 la necesidad de contar con mejores calles y vialidades primarias.<\/p>\n\n\n\n<p>Hizo el compromiso de visitar las localidades de su distrito y resolver mucho de los problemas que tiene la zona norte de la capital mexiquense con<br>grandes proyectos por impulsar como por ejemplo una Preparatoria en San Andr\u00e9s Cuexcontitl\u00e1n.<\/p>\n\n\n\n<p>El diputado El\u00edas Rescala afirm\u00f3 que la apertura de la Casa de Atenci\u00f3n Ciudadana representa acercar el Congreso mexiquense a la gente, y subray\u00f3 que las y los diputados deben ser los primeros gestores de sus comunidades, y en coincidencia con Alejandra del Moral subray\u00f3 que se mantendr\u00e1n cercanos a la gente para escuchar de primera mano sus necesidades y buscar soluciones en colaboraci\u00f3n con los gobiernos municipal y estatal.<\/p>\n\n\n\n<p>Acompa\u00f1ados tambi\u00e9n por Laura Gonz\u00e1lez Hern\u00e1ndez, presidenta del Consejo Coordinador Empresarial estatal, Raymundo Mart\u00ednez calific\u00f3 de in\u00e9dito que Toluca este representado por siete diputadas y diputados en el Congreso local, e indic\u00f3 que una vez que inicie funciones, demostrar\u00e1n que tambi\u00e9n saben dar resultados con trabajo colaborativo y comunitario, para que Toluca se convierta en la ciudad m\u00e1s importante del pa\u00eds, con mejoras en seguridad, vialidades y servicios p\u00fablicos.<\/p>\n\n\n\n<figure class=\"wp-block-gallery columns-2 is-cropped wp-block-gallery-1 is-layout-flex wp-block-gallery-is-layout-flex\"><ul class=\"blocks-gallery-grid\"><li class=\"blocks-gallery-item\"><figure><img decoding=\"async\" width=\"960\" height=\"640\" src=\"https:\/\/21panorama.com\/wp-content\/uploads\/2021\/10\/296a6b61-8294-4c19-8a44-2c6025f77edf.jpeg\" alt=\"\" data-id=\"2197\" data-link=\"https:\/\/21panorama.com\/?attachment_id=2197\" class=\"wp-image-2197\" srcset=\"https:\/\/21panorama.com\/wp-content\/uploads\/2021\/10\/296a6b61-8294-4c19-8a44-2c6025f77edf.jpeg 960w, https:\/\/21panorama.com\/wp-content\/uploads\/2021\/10\/296a6b61-8294-4c19-8a44-2c6025f77edf-300x200.jpeg 300w, https:\/\/21panorama.com\/wp-content\/uploads\/2021\/10\/296a6b61-8294-4c19-8a44-2c6025f77edf-768x512.jpeg 768w\" sizes=\"(max-width: 960px) 100vw, 960px\" \/><\/figure><\/li><li class=\"blocks-gallery-item\"><figure><img decoding=\"async\" width=\"960\" height=\"639\" src=\"https:\/\/21panorama.com\/wp-content\/uploads\/2021\/10\/cc6e78e9-6ec7-4acb-ab3e-67d4b2f31941.jpeg\" alt=\"\" data-id=\"2198\" data-full-url=\"https:\/\/21panorama.com\/wp-content\/uploads\/2021\/10\/cc6e78e9-6ec7-4acb-ab3e-67d4b2f31941.jpeg\" data-link=\"https:\/\/21panorama.com\/?attachment_id=2198\" class=\"wp-image-2198\" srcset=\"https:\/\/21panorama.com\/wp-content\/uploads\/2021\/10\/cc6e78e9-6ec7-4acb-ab3e-67d4b2f31941.jpeg 960w, https:\/\/21panorama.com\/wp-content\/uploads\/2021\/10\/cc6e78e9-6ec7-4acb-ab3e-67d4b2f31941-300x200.jpeg 300w, https:\/\/21panorama.com\/wp-content\/uploads\/2021\/10\/cc6e78e9-6ec7-4acb-ab3e-67d4b2f31941-768x511.jpeg 768w\" sizes=\"(max-width: 960px) 100vw, 960px\" \/><\/figure><\/li><\/ul><\/figure>\n","protected":false},"excerpt":{"rendered":"<p>Al refrendar su compromiso de mantener la cercan\u00eda con la ciudadan\u00eda y visitar frecuentemente las localidades que integran el II distrito lectoral de Toluca, el diputado Braulio \u00c1lvarez Jasso, de Diputados PRI Edom\u00e9x, inaugur\u00f3 su Casa de Atenci\u00f3n Ciudadana en San Lorenzo Tepaltitl\u00e1n, en la capital mexiquense, donde subray\u00f3 que, adem\u00e1s de su trabajo legislativo, enfocar\u00e1 sus esfuerzos en gestiones que contribuyan a resolver las principales demandas de la poblaci\u00f3n.<\/p>\n","protected":false},"author":1,"featured_media":2196,"comment_status":"open","ping_status":"open","sticky":false,"template":"","format":"standard","meta":{"footnotes":""},"categories":[1],"tags":[202,201],"class_list":["post-2195","post","type-post","status-publish","format-standard","has-post-thumbnail","hentry","category-sociedad","tag-atencion","tag-casa"],"yoast_head":"<!-- This site is optimized with the Yoast SEO plugin v24.9 - https:\/\/yoast.com\/wordpress\/plugins\/seo\/ -->\n<title>ABRE DIPUTADO BRAULIO \u00c1LVAREZ CASA DE ATENCI\u00d3N A CIUDADANOS - 21 Panorama<\/title>\n<meta name=\"robots\" content=\"index, follow, max-snippet:-1, max-image-preview:large, max-video-preview:-1\" \/>\n<link rel=\"canonical\" href=\"https:\/\/21panorama.com\/index.php\/2021\/10\/30\/abre-diputado-braulio-alvarez-casa-de-atencion-a-ciudadanos\/\" \/>\n<meta property=\"og:locale\" content=\"es_MX\" \/>\n<meta property=\"og:type\" content=\"article\" \/>\n<meta property=\"og:title\" content=\"ABRE DIPUTADO BRAULIO \u00c1LVAREZ CASA DE ATENCI\u00d3N A CIUDADANOS - 21 Panorama\" \/>\n<meta property=\"og:description\" content=\"Al refrendar su compromiso de mantener la cercan\u00eda con la ciudadan\u00eda y visitar frecuentemente las localidades que integran el II distrito lectoral de Toluca, el diputado Braulio \u00c1lvarez Jasso, de Diputados PRI Edom\u00e9x, inaugur\u00f3 su Casa de Atenci\u00f3n Ciudadana en San Lorenzo Tepaltitl\u00e1n, en la capital mexiquense, donde subray\u00f3 que, adem\u00e1s de su trabajo legislativo, enfocar\u00e1 sus esfuerzos en gestiones que contribuyan a resolver las principales demandas de la poblaci\u00f3n.\" \/>\n<meta property=\"og:url\" content=\"https:\/\/21panorama.com\/index.php\/2021\/10\/30\/abre-diputado-braulio-alvarez-casa-de-atencion-a-ciudadanos\/\" \/>\n<meta property=\"og:site_name\" content=\"21 Panorama\" \/>\n<meta property=\"article:published_time\" content=\"2021-10-30T16:11:43+00:00\" \/>\n<meta property=\"article:modified_time\" content=\"2021-10-30T17:01:18+00:00\" \/>\n<meta property=\"og:image\" content=\"https:\/\/21panorama.com\/wp-content\/uploads\/2021\/10\/4b33ce27-e5df-400a-8421-5b520756b505.jpeg\" \/>\n\t<meta property=\"og:image:width\" content=\"960\" \/>\n\t<meta property=\"og:image:height\" content=\"639\" \/>\n\t<meta property=\"og:image:type\" content=\"image\/jpeg\" \/>\n<meta name=\"author\" content=\"admin\" \/>\n<meta name=\"twitter:card\" content=\"summary_large_image\" \/>\n<meta name=\"twitter:label1\" content=\"Escrito por\" \/>\n\t<meta name=\"twitter:data1\" content=\"admin\" \/>\n\t<meta name=\"twitter:label2\" content=\"Tiempo de lectura\" \/>\n\t<meta name=\"twitter:data2\" content=\"2 minutos\" \/>\n<script type=\"application\/ld+json\" class=\"yoast-schema-graph\">{\"@context\":\"https:\/\/schema.org\",\"@graph\":[{\"@type\":\"Article\",\"@id\":\"https:\/\/21panorama.com\/index.php\/2021\/10\/30\/abre-diputado-braulio-alvarez-casa-de-atencion-a-ciudadanos\/#article\",\"isPartOf\":{\"@id\":\"https:\/\/21panorama.com\/index.php\/2021\/10\/30\/abre-diputado-braulio-alvarez-casa-de-atencion-a-ciudadanos\/\"},\"author\":{\"name\":\"admin\",\"@id\":\"https:\/\/21panorama.com\/#\/schema\/person\/1afc291b96d5792a158768324287319f\"},\"headline\":\"ABRE DIPUTADO BRAULIO \u00c1LVAREZ CASA DE ATENCI\u00d3N A CIUDADANOS\",\"datePublished\":\"2021-10-30T16:11:43+00:00\",\"dateModified\":\"2021-10-30T17:01:18+00:00\",\"mainEntityOfPage\":{\"@id\":\"https:\/\/21panorama.com\/index.php\/2021\/10\/30\/abre-diputado-braulio-alvarez-casa-de-atencion-a-ciudadanos\/\"},\"wordCount\":326,\"commentCount\":0,\"publisher\":{\"@id\":\"https:\/\/21panorama.com\/#organization\"},\"image\":{\"@id\":\"https:\/\/21panorama.com\/index.php\/2021\/10\/30\/abre-diputado-braulio-alvarez-casa-de-atencion-a-ciudadanos\/#primaryimage\"},\"thumbnailUrl\":\"https:\/\/21panorama.com\/wp-content\/uploads\/2021\/10\/4b33ce27-e5df-400a-8421-5b520756b505.jpeg\",\"keywords\":[\"atenci\u00f3n\",\"casa\"],\"articleSection\":[\"Sociedad\"],\"inLanguage\":\"es\",\"potentialAction\":[{\"@type\":\"CommentAction\",\"name\":\"Comment\",\"target\":[\"https:\/\/21panorama.com\/index.php\/2021\/10\/30\/abre-diputado-braulio-alvarez-casa-de-atencion-a-ciudadanos\/#respond\"]}]},{\"@type\":\"WebPage\",\"@id\":\"https:\/\/21panorama.com\/index.php\/2021\/10\/30\/abre-diputado-braulio-alvarez-casa-de-atencion-a-ciudadanos\/\",\"url\":\"https:\/\/21panorama.com\/index.php\/2021\/10\/30\/abre-diputado-braulio-alvarez-casa-de-atencion-a-ciudadanos\/\",\"name\":\"ABRE DIPUTADO BRAULIO \u00c1LVAREZ CASA DE ATENCI\u00d3N A CIUDADANOS - 21 Panorama\",\"isPartOf\":{\"@id\":\"https:\/\/21panorama.com\/#website\"},\"primaryImageOfPage\":{\"@id\":\"https:\/\/21panorama.com\/index.php\/2021\/10\/30\/abre-diputado-braulio-alvarez-casa-de-atencion-a-ciudadanos\/#primaryimage\"},\"image\":{\"@id\":\"https:\/\/21panorama.com\/index.php\/2021\/10\/30\/abre-diputado-braulio-alvarez-casa-de-atencion-a-ciudadanos\/#primaryimage\"},\"thumbnailUrl\":\"https:\/\/21panorama.com\/wp-content\/uploads\/2021\/10\/4b33ce27-e5df-400a-8421-5b520756b505.jpeg\",\"datePublished\":\"2021-10-30T16:11:43+00:00\",\"dateModified\":\"2021-10-30T17:01:18+00:00\",\"breadcrumb\":{\"@id\":\"https:\/\/21panorama.com\/index.php\/2021\/10\/30\/abre-diputado-braulio-alvarez-casa-de-atencion-a-ciudadanos\/#breadcrumb\"},\"inLanguage\":\"es\",\"potentialAction\":[{\"@type\":\"ReadAction\",\"target\":[\"https:\/\/21panorama.com\/index.php\/2021\/10\/30\/abre-diputado-braulio-alvarez-casa-de-atencion-a-ciudadanos\/\"]}]},{\"@type\":\"ImageObject\",\"inLanguage\":\"es\",\"@id\":\"https:\/\/21panorama.com\/index.php\/2021\/10\/30\/abre-diputado-braulio-alvarez-casa-de-atencion-a-ciudadanos\/#primaryimage\",\"url\":\"https:\/\/21panorama.com\/wp-content\/uploads\/2021\/10\/4b33ce27-e5df-400a-8421-5b520756b505.jpeg\",\"contentUrl\":\"https:\/\/21panorama.com\/wp-content\/uploads\/2021\/10\/4b33ce27-e5df-400a-8421-5b520756b505.jpeg\",\"width\":960,\"height\":639},{\"@type\":\"BreadcrumbList\",\"@id\":\"https:\/\/21panorama.com\/index.php\/2021\/10\/30\/abre-diputado-braulio-alvarez-casa-de-atencion-a-ciudadanos\/#breadcrumb\",\"itemListElement\":[{\"@type\":\"ListItem\",\"position\":1,\"name\":\"Inicio\",\"item\":\"https:\/\/21panorama.com\/\"},{\"@type\":\"ListItem\",\"position\":2,\"name\":\"ABRE DIPUTADO BRAULIO \u00c1LVAREZ CASA DE ATENCI\u00d3N A CIUDADANOS\"}]},{\"@type\":\"WebSite\",\"@id\":\"https:\/\/21panorama.com\/#website\",\"url\":\"https:\/\/21panorama.com\/\",\"name\":\"21 Panorama\",\"description\":\"La construcci\u00f3n de la opini\u00f3n p\u00fablica merece un mejor Panorama en este siglo 21 para alcanzar una sociedad con mayor transparencia y sin corrupci\u00f3n.\",\"publisher\":{\"@id\":\"https:\/\/21panorama.com\/#organization\"},\"potentialAction\":[{\"@type\":\"SearchAction\",\"target\":{\"@type\":\"EntryPoint\",\"urlTemplate\":\"https:\/\/21panorama.com\/?s={search_term_string}\"},\"query-input\":{\"@type\":\"PropertyValueSpecification\",\"valueRequired\":true,\"valueName\":\"search_term_string\"}}],\"inLanguage\":\"es\"},{\"@type\":\"Organization\",\"@id\":\"https:\/\/21panorama.com\/#organization\",\"name\":\"21 Panorama\",\"url\":\"https:\/\/21panorama.com\/\",\"logo\":{\"@type\":\"ImageObject\",\"inLanguage\":\"es\",\"@id\":\"https:\/\/21panorama.com\/#\/schema\/logo\/image\/\",\"url\":\"https:\/\/21panorama.com\/wp-content\/uploads\/2019\/07\/cropped-Logo-Panorama-01.jpeg\",\"contentUrl\":\"https:\/\/21panorama.com\/wp-content\/uploads\/2019\/07\/cropped-Logo-Panorama-01.jpeg\",\"width\":290,\"height\":70,\"caption\":\"21 Panorama\"},\"image\":{\"@id\":\"https:\/\/21panorama.com\/#\/schema\/logo\/image\/\"}},{\"@type\":\"Person\",\"@id\":\"https:\/\/21panorama.com\/#\/schema\/person\/1afc291b96d5792a158768324287319f\",\"name\":\"admin\",\"image\":{\"@type\":\"ImageObject\",\"inLanguage\":\"es\",\"@id\":\"https:\/\/21panorama.com\/#\/schema\/person\/image\/\",\"url\":\"https:\/\/secure.gravatar.com\/avatar\/ad365d9d9f46719215b0d042cc3df92a5a8683e09ef13d102233e5491985f0f0?s=96&d=mm&r=g\",\"contentUrl\":\"https:\/\/secure.gravatar.com\/avatar\/ad365d9d9f46719215b0d042cc3df92a5a8683e09ef13d102233e5491985f0f0?s=96&d=mm&r=g\",\"caption\":\"admin\"},\"url\":\"https:\/\/21panorama.com\/index.php\/author\/admin\/\"}]}<\/script>\n<!-- \/ Yoast SEO plugin. -->","yoast_head_json":{"title":"ABRE DIPUTADO BRAULIO \u00c1LVAREZ CASA DE ATENCI\u00d3N A CIUDADANOS - 21 Panorama","robots":{"index":"index","follow":"follow","max-snippet":"max-snippet:-1","max-image-preview":"max-image-preview:large","max-video-preview":"max-video-preview:-1"},"canonical":"https:\/\/21panorama.com\/index.php\/2021\/10\/30\/abre-diputado-braulio-alvarez-casa-de-atencion-a-ciudadanos\/","og_locale":"es_MX","og_type":"article","og_title":"ABRE DIPUTADO BRAULIO \u00c1LVAREZ CASA DE ATENCI\u00d3N A CIUDADANOS - 21 Panorama","og_description":"Al refrendar su compromiso de mantener la cercan\u00eda con la ciudadan\u00eda y visitar frecuentemente las localidades que integran el II distrito lectoral de Toluca, el diputado Braulio \u00c1lvarez Jasso, de Diputados PRI Edom\u00e9x, inaugur\u00f3 su Casa de Atenci\u00f3n Ciudadana en San Lorenzo Tepaltitl\u00e1n, en la capital mexiquense, donde subray\u00f3 que, adem\u00e1s de su trabajo legislativo, enfocar\u00e1 sus esfuerzos en gestiones que contribuyan a resolver las principales demandas de la poblaci\u00f3n.","og_url":"https:\/\/21panorama.com\/index.php\/2021\/10\/30\/abre-diputado-braulio-alvarez-casa-de-atencion-a-ciudadanos\/","og_site_name":"21 Panorama","article_published_time":"2021-10-30T16:11:43+00:00","article_modified_time":"2021-10-30T17:01:18+00:00","og_image":[{"width":960,"height":639,"url":"https:\/\/21panorama.com\/wp-content\/uploads\/2021\/10\/4b33ce27-e5df-400a-8421-5b520756b505.jpeg","type":"image\/jpeg"}],"author":"admin","twitter_card":"summary_large_image","twitter_misc":{"Escrito por":"admin","Tiempo de lectura":"2 minutos"},"schema":{"@context":"https:\/\/schema.org","@graph":[{"@type":"Article","@id":"https:\/\/21panorama.com\/index.php\/2021\/10\/30\/abre-diputado-braulio-alvarez-casa-de-atencion-a-ciudadanos\/#article","isPartOf":{"@id":"https:\/\/21panorama.com\/index.php\/2021\/10\/30\/abre-diputado-braulio-alvarez-casa-de-atencion-a-ciudadanos\/"},"author":{"name":"admin","@id":"https:\/\/21panorama.com\/#\/schema\/person\/1afc291b96d5792a158768324287319f"},"headline":"ABRE DIPUTADO BRAULIO \u00c1LVAREZ CASA DE ATENCI\u00d3N A CIUDADANOS","datePublished":"2021-10-30T16:11:43+00:00","dateModified":"2021-10-30T17:01:18+00:00","mainEntityOfPage":{"@id":"https:\/\/21panorama.com\/index.php\/2021\/10\/30\/abre-diputado-braulio-alvarez-casa-de-atencion-a-ciudadanos\/"},"wordCount":326,"commentCount":0,"publisher":{"@id":"https:\/\/21panorama.com\/#organization"},"image":{"@id":"https:\/\/21panorama.com\/index.php\/2021\/10\/30\/abre-diputado-braulio-alvarez-casa-de-atencion-a-ciudadanos\/#primaryimage"},"thumbnailUrl":"https:\/\/21panorama.com\/wp-content\/uploads\/2021\/10\/4b33ce27-e5df-400a-8421-5b520756b505.jpeg","keywords":["atenci\u00f3n","casa"],"articleSection":["Sociedad"],"inLanguage":"es","potentialAction":[{"@type":"CommentAction","name":"Comment","target":["https:\/\/21panorama.com\/index.php\/2021\/10\/30\/abre-diputado-braulio-alvarez-casa-de-atencion-a-ciudadanos\/#respond"]}]},{"@type":"WebPage","@id":"https:\/\/21panorama.com\/index.php\/2021\/10\/30\/abre-diputado-braulio-alvarez-casa-de-atencion-a-ciudadanos\/","url":"https:\/\/21panorama.com\/index.php\/2021\/10\/30\/abre-diputado-braulio-alvarez-casa-de-atencion-a-ciudadanos\/","name":"ABRE DIPUTADO BRAULIO \u00c1LVAREZ CASA DE ATENCI\u00d3N A CIUDADANOS - 21 Panorama","isPartOf":{"@id":"https:\/\/21panorama.com\/#website"},"primaryImageOfPage":{"@id":"https:\/\/21panorama.com\/index.php\/2021\/10\/30\/abre-diputado-braulio-alvarez-casa-de-atencion-a-ciudadanos\/#primaryimage"},"image":{"@id":"https:\/\/21panorama.com\/index.php\/2021\/10\/30\/abre-diputado-braulio-alvarez-casa-de-atencion-a-ciudadanos\/#primaryimage"},"thumbnailUrl":"https:\/\/21panorama.com\/wp-content\/uploads\/2021\/10\/4b33ce27-e5df-400a-8421-5b520756b505.jpeg","datePublished":"2021-10-30T16:11:43+00:00","dateModified":"2021-10-30T17:01:18+00:00","breadcrumb":{"@id":"https:\/\/21panorama.com\/index.php\/2021\/10\/30\/abre-diputado-braulio-alvarez-casa-de-atencion-a-ciudadanos\/#breadcrumb"},"inLanguage":"es","potentialAction":[{"@type":"ReadAction","target":["https:\/\/21panorama.com\/index.php\/2021\/10\/30\/abre-diputado-braulio-alvarez-casa-de-atencion-a-ciudadanos\/"]}]},{"@type":"ImageObject","inLanguage":"es","@id":"https:\/\/21panorama.com\/index.php\/2021\/10\/30\/abre-diputado-braulio-alvarez-casa-de-atencion-a-ciudadanos\/#primaryimage","url":"https:\/\/21panorama.com\/wp-content\/uploads\/2021\/10\/4b33ce27-e5df-400a-8421-5b520756b505.jpeg","contentUrl":"https:\/\/21panorama.com\/wp-content\/uploads\/2021\/10\/4b33ce27-e5df-400a-8421-5b520756b505.jpeg","width":960,"height":639},{"@type":"BreadcrumbList","@id":"https:\/\/21panorama.com\/index.php\/2021\/10\/30\/abre-diputado-braulio-alvarez-casa-de-atencion-a-ciudadanos\/#breadcrumb","itemListElement":[{"@type":"ListItem","position":1,"name":"Inicio","item":"https:\/\/21panorama.com\/"},{"@type":"ListItem","position":2,"name":"ABRE DIPUTADO BRAULIO \u00c1LVAREZ CASA DE ATENCI\u00d3N A CIUDADANOS"}]},{"@type":"WebSite","@id":"https:\/\/21panorama.com\/#website","url":"https:\/\/21panorama.com\/","name":"21 Panorama","description":"La construcci\u00f3n de la opini\u00f3n p\u00fablica merece un mejor Panorama en este siglo 21 para alcanzar una sociedad con mayor transparencia y sin corrupci\u00f3n.","publisher":{"@id":"https:\/\/21panorama.com\/#organization"},"potentialAction":[{"@type":"SearchAction","target":{"@type":"EntryPoint","urlTemplate":"https:\/\/21panorama.com\/?s={search_term_string}"},"query-input":{"@type":"PropertyValueSpecification","valueRequired":true,"valueName":"search_term_string"}}],"inLanguage":"es"},{"@type":"Organization","@id":"https:\/\/21panorama.com\/#organization","name":"21 Panorama","url":"https:\/\/21panorama.com\/","logo":{"@type":"ImageObject","inLanguage":"es","@id":"https:\/\/21panorama.com\/#\/schema\/logo\/image\/","url":"https:\/\/21panorama.com\/wp-content\/uploads\/2019\/07\/cropped-Logo-Panorama-01.jpeg","contentUrl":"https:\/\/21panorama.com\/wp-content\/uploads\/2019\/07\/cropped-Logo-Panorama-01.jpeg","width":290,"height":70,"caption":"21 Panorama"},"image":{"@id":"https:\/\/21panorama.com\/#\/schema\/logo\/image\/"}},{"@type":"Person","@id":"https:\/\/21panorama.com\/#\/schema\/person\/1afc291b96d5792a158768324287319f","name":"admin","image":{"@type":"ImageObject","inLanguage":"es","@id":"https:\/\/21panorama.com\/#\/schema\/person\/image\/","url":"https:\/\/secure.gravatar.com\/avatar\/ad365d9d9f46719215b0d042cc3df92a5a8683e09ef13d102233e5491985f0f0?s=96&d=mm&r=g","contentUrl":"https:\/\/secure.gravatar.com\/avatar\/ad365d9d9f46719215b0d042cc3df92a5a8683e09ef13d102233e5491985f0f0?s=96&d=mm&r=g","caption":"admin"},"url":"https:\/\/21panorama.com\/index.php\/author\/admin\/"}]}},"_links":{"self":[{"href":"https:\/\/21panorama.com\/index.php\/wp-json\/wp\/v2\/posts\/2195","targetHints":{"allow":["GET"]}}],"collection":[{"href":"https:\/\/21panorama.com\/index.php\/wp-json\/wp\/v2\/posts"}],"about":[{"href":"https:\/\/21panorama.com\/index.php\/wp-json\/wp\/v2\/types\/post"}],"author":[{"embeddable":true,"href":"https:\/\/21panorama.com\/index.php\/wp-json\/wp\/v2\/users\/1"}],"replies":[{"embeddable":true,"href":"https:\/\/21panorama.com\/index.php\/wp-json\/wp\/v2\/comments?post=2195"}],"version-history":[{"count":2,"href":"https:\/\/21panorama.com\/index.php\/wp-json\/wp\/v2\/posts\/2195\/revisions"}],"predecessor-version":[{"id":2200,"href":"https:\/\/21panorama.com\/index.php\/wp-json\/wp\/v2\/posts\/2195\/revisions\/2200"}],"wp:featuredmedia":[{"embeddable":true,"href":"https:\/\/21panorama.com\/index.php\/wp-json\/wp\/v2\/media\/2196"}],"wp:attachment":[{"href":"https:\/\/21panorama.com\/index.php\/wp-json\/wp\/v2\/media?parent=2195"}],"wp:term":[{"taxonomy":"category","embeddable":true,"href":"https:\/\/21panorama.com\/index.php\/wp-json\/wp\/v2\/categories?post=2195"},{"taxonomy":"post_tag","embeddable":true,"href":"https:\/\/21panorama.com\/index.php\/wp-json\/wp\/v2\/tags?post=2195"}],"curies":[{"name":"wp","href":"https:\/\/api.w.org\/{rel}","templated":true}]}}