{"id":2191,"date":"2021-10-28T21:00:02","date_gmt":"2021-10-29T02:00:02","guid":{"rendered":"http:\/\/21panorama.com\/?p=2191"},"modified":"2021-10-28T21:00:03","modified_gmt":"2021-10-29T02:00:03","slug":"diputado-cardenas-plantean-a-jorge-arganis-sct-propuesta-de-desarrollo-en-infraestructura-carretera","status":"publish","type":"post","link":"https:\/\/21panorama.com\/index.php\/2021\/10\/28\/diputado-cardenas-plantean-a-jorge-arganis-sct-propuesta-de-desarrollo-en-infraestructura-carretera\/","title":{"rendered":"Diputado C\u00e1rdenas Plantean a Jorge Arganis (SCT) propuesta de Desarrollo en Infraestructura Carretera"},"content":{"rendered":"\n<p>El diputado federal Gustavo C\u00e1rdenas Monroy particip\u00f3 en la comparecencia del secretario de Comunicaciones y Transportes, Jorge Arganis Diaz Leal, y al t\u00e9rmino le plante\u00f3 la necesidad de atender con mayor presupuesto la infraestructura carretera en las comunidades rurales.<\/p>\n\n\n\n<p>En ese sentido, el legislador por el distrito 3 de Atlacomulco sostuvo la viabilidad de modificar los porcentajes de los ingresos excedentes en favor de la infraestructura rural de todo el pa\u00eds.<\/p>\n\n\n\n<p>Fortaleciendo as\u00ed el proceso de reconstrucci\u00f3n y mantenimiento de la infraestructura carretera en el sector rural, golpeado recientemente, debido al impacto de fen\u00f3menos naturales.<\/p>\n\n\n\n<p>La propuesta de C\u00e1rdenas Monroy se encuentra plasmada en una iniciativa y consiste en dar utilidad a dichos excedentes fortaleciendo el proceso de reconstrucci\u00f3n y el mantenimiento de la infraestructura carretera y de caminos del sector rural en todo el pa\u00eds.<\/p>\n\n\n\n<p>Al momento que el legislador mexiquense socializ\u00f3 su propuesta de forma directa con el titular de comunicaciones y transportes del gobierno federal, Arganis Diaz Leal, mostr\u00f3 verdadero inter\u00e9s, pues la propuesta del priista es muy atinada y de gran utilidad. Y al ser tratada en ese nivel, se incrementa de manera exponencial la posibilidad de que sea una realidad.<\/p>\n\n\n\n<p>El Secretario Arganis D\u00edaz Leal dijo que es un tema al que le va poner especial atenci\u00f3n, ya que es vital para el desarrollo de las zonas rurales de todo el pa\u00eds.<\/p>\n\n\n\n<p>Este tipo de acercamientos entre miembros del gabinete y representantes populares, buscando avances para el pa\u00eds, donde los acuerdos y la conciliaci\u00f3n quedan por encima de las diferencias ideologicas, es lo que le hace bien a M\u00e9xico.<\/p>\n\n\n\n<figure class=\"wp-block-image size-full\"><img decoding=\"async\" width=\"1024\" height=\"563\" src=\"https:\/\/21panorama.com\/wp-content\/uploads\/2021\/10\/7804391f-7d91-49c4-a204-1b29c84a2626.jpeg\" alt=\"\" class=\"wp-image-2193\" srcset=\"https:\/\/21panorama.com\/wp-content\/uploads\/2021\/10\/7804391f-7d91-49c4-a204-1b29c84a2626.jpeg 1024w, https:\/\/21panorama.com\/wp-content\/uploads\/2021\/10\/7804391f-7d91-49c4-a204-1b29c84a2626-300x165.jpeg 300w, https:\/\/21panorama.com\/wp-content\/uploads\/2021\/10\/7804391f-7d91-49c4-a204-1b29c84a2626-768x422.jpeg 768w\" sizes=\"(max-width: 1024px) 100vw, 1024px\" \/><\/figure>\n\n\n\n<p><\/p>\n","protected":false},"excerpt":{"rendered":"<p>Sostendr\u00e1n en breve una reuni\u00f3n ejecutiva para exponer ampliamente los detalles que permitan atender la carreteras rurales del pa\u00eds. <\/p>\n","protected":false},"author":1,"featured_media":2192,"comment_status":"open","ping_status":"open","sticky":false,"template":"","format":"standard","meta":{"footnotes":""},"categories":[12],"tags":[200],"class_list":["post-2191","post","type-post","status-publish","format-standard","has-post-thumbnail","hentry","category-politica","tag-sct"],"yoast_head":"<!-- This site is optimized with the Yoast SEO plugin v24.9 - https:\/\/yoast.com\/wordpress\/plugins\/seo\/ -->\n<title>Diputado C\u00e1rdenas Plantean a Jorge Arganis (SCT) propuesta de Desarrollo en Infraestructura Carretera - 21 Panorama<\/title>\n<meta name=\"robots\" content=\"index, follow, max-snippet:-1, max-image-preview:large, max-video-preview:-1\" \/>\n<link rel=\"canonical\" href=\"https:\/\/21panorama.com\/index.php\/2021\/10\/28\/diputado-cardenas-plantean-a-jorge-arganis-sct-propuesta-de-desarrollo-en-infraestructura-carretera\/\" \/>\n<meta property=\"og:locale\" content=\"es_MX\" \/>\n<meta property=\"og:type\" content=\"article\" \/>\n<meta property=\"og:title\" content=\"Diputado C\u00e1rdenas Plantean a Jorge Arganis (SCT) propuesta de Desarrollo en Infraestructura Carretera - 21 Panorama\" \/>\n<meta property=\"og:description\" content=\"Sostendr\u00e1n en breve una reuni\u00f3n ejecutiva para exponer ampliamente los detalles que permitan atender la carreteras rurales del pa\u00eds.\" \/>\n<meta property=\"og:url\" content=\"https:\/\/21panorama.com\/index.php\/2021\/10\/28\/diputado-cardenas-plantean-a-jorge-arganis-sct-propuesta-de-desarrollo-en-infraestructura-carretera\/\" \/>\n<meta property=\"og:site_name\" content=\"21 Panorama\" \/>\n<meta property=\"article:published_time\" content=\"2021-10-29T02:00:02+00:00\" \/>\n<meta property=\"article:modified_time\" content=\"2021-10-29T02:00:03+00:00\" \/>\n<meta property=\"og:image\" content=\"https:\/\/21panorama.com\/wp-content\/uploads\/2021\/10\/b8722779-7d50-4313-825c-4ca9e2044c24.jpeg\" \/>\n\t<meta property=\"og:image:width\" content=\"1024\" \/>\n\t<meta property=\"og:image:height\" content=\"864\" \/>\n\t<meta property=\"og:image:type\" content=\"image\/jpeg\" \/>\n<meta name=\"author\" content=\"admin\" \/>\n<meta name=\"twitter:card\" content=\"summary_large_image\" \/>\n<meta name=\"twitter:label1\" content=\"Escrito por\" \/>\n\t<meta name=\"twitter:data1\" content=\"admin\" \/>\n\t<meta name=\"twitter:label2\" content=\"Tiempo de lectura\" \/>\n\t<meta name=\"twitter:data2\" content=\"2 minutos\" \/>\n<script type=\"application\/ld+json\" class=\"yoast-schema-graph\">{\"@context\":\"https:\/\/schema.org\",\"@graph\":[{\"@type\":\"Article\",\"@id\":\"https:\/\/21panorama.com\/index.php\/2021\/10\/28\/diputado-cardenas-plantean-a-jorge-arganis-sct-propuesta-de-desarrollo-en-infraestructura-carretera\/#article\",\"isPartOf\":{\"@id\":\"https:\/\/21panorama.com\/index.php\/2021\/10\/28\/diputado-cardenas-plantean-a-jorge-arganis-sct-propuesta-de-desarrollo-en-infraestructura-carretera\/\"},\"author\":{\"name\":\"admin\",\"@id\":\"https:\/\/21panorama.com\/#\/schema\/person\/1afc291b96d5792a158768324287319f\"},\"headline\":\"Diputado C\u00e1rdenas Plantean a Jorge Arganis (SCT) propuesta de Desarrollo en Infraestructura Carretera\",\"datePublished\":\"2021-10-29T02:00:02+00:00\",\"dateModified\":\"2021-10-29T02:00:03+00:00\",\"mainEntityOfPage\":{\"@id\":\"https:\/\/21panorama.com\/index.php\/2021\/10\/28\/diputado-cardenas-plantean-a-jorge-arganis-sct-propuesta-de-desarrollo-en-infraestructura-carretera\/\"},\"wordCount\":292,\"commentCount\":0,\"publisher\":{\"@id\":\"https:\/\/21panorama.com\/#organization\"},\"image\":{\"@id\":\"https:\/\/21panorama.com\/index.php\/2021\/10\/28\/diputado-cardenas-plantean-a-jorge-arganis-sct-propuesta-de-desarrollo-en-infraestructura-carretera\/#primaryimage\"},\"thumbnailUrl\":\"https:\/\/21panorama.com\/wp-content\/uploads\/2021\/10\/b8722779-7d50-4313-825c-4ca9e2044c24.jpeg\",\"keywords\":[\"SCT\"],\"articleSection\":[\"Politica\"],\"inLanguage\":\"es\",\"potentialAction\":[{\"@type\":\"CommentAction\",\"name\":\"Comment\",\"target\":[\"https:\/\/21panorama.com\/index.php\/2021\/10\/28\/diputado-cardenas-plantean-a-jorge-arganis-sct-propuesta-de-desarrollo-en-infraestructura-carretera\/#respond\"]}]},{\"@type\":\"WebPage\",\"@id\":\"https:\/\/21panorama.com\/index.php\/2021\/10\/28\/diputado-cardenas-plantean-a-jorge-arganis-sct-propuesta-de-desarrollo-en-infraestructura-carretera\/\",\"url\":\"https:\/\/21panorama.com\/index.php\/2021\/10\/28\/diputado-cardenas-plantean-a-jorge-arganis-sct-propuesta-de-desarrollo-en-infraestructura-carretera\/\",\"name\":\"Diputado C\u00e1rdenas Plantean a Jorge Arganis (SCT) propuesta de Desarrollo en Infraestructura Carretera - 21 Panorama\",\"isPartOf\":{\"@id\":\"https:\/\/21panorama.com\/#website\"},\"primaryImageOfPage\":{\"@id\":\"https:\/\/21panorama.com\/index.php\/2021\/10\/28\/diputado-cardenas-plantean-a-jorge-arganis-sct-propuesta-de-desarrollo-en-infraestructura-carretera\/#primaryimage\"},\"image\":{\"@id\":\"https:\/\/21panorama.com\/index.php\/2021\/10\/28\/diputado-cardenas-plantean-a-jorge-arganis-sct-propuesta-de-desarrollo-en-infraestructura-carretera\/#primaryimage\"},\"thumbnailUrl\":\"https:\/\/21panorama.com\/wp-content\/uploads\/2021\/10\/b8722779-7d50-4313-825c-4ca9e2044c24.jpeg\",\"datePublished\":\"2021-10-29T02:00:02+00:00\",\"dateModified\":\"2021-10-29T02:00:03+00:00\",\"breadcrumb\":{\"@id\":\"https:\/\/21panorama.com\/index.php\/2021\/10\/28\/diputado-cardenas-plantean-a-jorge-arganis-sct-propuesta-de-desarrollo-en-infraestructura-carretera\/#breadcrumb\"},\"inLanguage\":\"es\",\"potentialAction\":[{\"@type\":\"ReadAction\",\"target\":[\"https:\/\/21panorama.com\/index.php\/2021\/10\/28\/diputado-cardenas-plantean-a-jorge-arganis-sct-propuesta-de-desarrollo-en-infraestructura-carretera\/\"]}]},{\"@type\":\"ImageObject\",\"inLanguage\":\"es\",\"@id\":\"https:\/\/21panorama.com\/index.php\/2021\/10\/28\/diputado-cardenas-plantean-a-jorge-arganis-sct-propuesta-de-desarrollo-en-infraestructura-carretera\/#primaryimage\",\"url\":\"https:\/\/21panorama.com\/wp-content\/uploads\/2021\/10\/b8722779-7d50-4313-825c-4ca9e2044c24.jpeg\",\"contentUrl\":\"https:\/\/21panorama.com\/wp-content\/uploads\/2021\/10\/b8722779-7d50-4313-825c-4ca9e2044c24.jpeg\",\"width\":1024,\"height\":864},{\"@type\":\"BreadcrumbList\",\"@id\":\"https:\/\/21panorama.com\/index.php\/2021\/10\/28\/diputado-cardenas-plantean-a-jorge-arganis-sct-propuesta-de-desarrollo-en-infraestructura-carretera\/#breadcrumb\",\"itemListElement\":[{\"@type\":\"ListItem\",\"position\":1,\"name\":\"Inicio\",\"item\":\"https:\/\/21panorama.com\/\"},{\"@type\":\"ListItem\",\"position\":2,\"name\":\"Diputado C\u00e1rdenas Plantean a Jorge Arganis (SCT) propuesta de Desarrollo en Infraestructura Carretera\"}]},{\"@type\":\"WebSite\",\"@id\":\"https:\/\/21panorama.com\/#website\",\"url\":\"https:\/\/21panorama.com\/\",\"name\":\"21 Panorama\",\"description\":\"La construcci\u00f3n de la opini\u00f3n p\u00fablica merece un mejor Panorama en este siglo 21 para alcanzar una sociedad con mayor transparencia y sin corrupci\u00f3n.\",\"publisher\":{\"@id\":\"https:\/\/21panorama.com\/#organization\"},\"potentialAction\":[{\"@type\":\"SearchAction\",\"target\":{\"@type\":\"EntryPoint\",\"urlTemplate\":\"https:\/\/21panorama.com\/?s={search_term_string}\"},\"query-input\":{\"@type\":\"PropertyValueSpecification\",\"valueRequired\":true,\"valueName\":\"search_term_string\"}}],\"inLanguage\":\"es\"},{\"@type\":\"Organization\",\"@id\":\"https:\/\/21panorama.com\/#organization\",\"name\":\"21 Panorama\",\"url\":\"https:\/\/21panorama.com\/\",\"logo\":{\"@type\":\"ImageObject\",\"inLanguage\":\"es\",\"@id\":\"https:\/\/21panorama.com\/#\/schema\/logo\/image\/\",\"url\":\"https:\/\/21panorama.com\/wp-content\/uploads\/2019\/07\/cropped-Logo-Panorama-01.jpeg\",\"contentUrl\":\"https:\/\/21panorama.com\/wp-content\/uploads\/2019\/07\/cropped-Logo-Panorama-01.jpeg\",\"width\":290,\"height\":70,\"caption\":\"21 Panorama\"},\"image\":{\"@id\":\"https:\/\/21panorama.com\/#\/schema\/logo\/image\/\"}},{\"@type\":\"Person\",\"@id\":\"https:\/\/21panorama.com\/#\/schema\/person\/1afc291b96d5792a158768324287319f\",\"name\":\"admin\",\"image\":{\"@type\":\"ImageObject\",\"inLanguage\":\"es\",\"@id\":\"https:\/\/21panorama.com\/#\/schema\/person\/image\/\",\"url\":\"https:\/\/secure.gravatar.com\/avatar\/ad365d9d9f46719215b0d042cc3df92a5a8683e09ef13d102233e5491985f0f0?s=96&d=mm&r=g\",\"contentUrl\":\"https:\/\/secure.gravatar.com\/avatar\/ad365d9d9f46719215b0d042cc3df92a5a8683e09ef13d102233e5491985f0f0?s=96&d=mm&r=g\",\"caption\":\"admin\"},\"url\":\"https:\/\/21panorama.com\/index.php\/author\/admin\/\"}]}<\/script>\n<!-- \/ Yoast SEO plugin. -->","yoast_head_json":{"title":"Diputado C\u00e1rdenas Plantean a Jorge Arganis (SCT) propuesta de Desarrollo en Infraestructura Carretera - 21 Panorama","robots":{"index":"index","follow":"follow","max-snippet":"max-snippet:-1","max-image-preview":"max-image-preview:large","max-video-preview":"max-video-preview:-1"},"canonical":"https:\/\/21panorama.com\/index.php\/2021\/10\/28\/diputado-cardenas-plantean-a-jorge-arganis-sct-propuesta-de-desarrollo-en-infraestructura-carretera\/","og_locale":"es_MX","og_type":"article","og_title":"Diputado C\u00e1rdenas Plantean a Jorge Arganis (SCT) propuesta de Desarrollo en Infraestructura Carretera - 21 Panorama","og_description":"Sostendr\u00e1n en breve una reuni\u00f3n ejecutiva para exponer ampliamente los detalles que permitan atender la carreteras rurales del pa\u00eds.","og_url":"https:\/\/21panorama.com\/index.php\/2021\/10\/28\/diputado-cardenas-plantean-a-jorge-arganis-sct-propuesta-de-desarrollo-en-infraestructura-carretera\/","og_site_name":"21 Panorama","article_published_time":"2021-10-29T02:00:02+00:00","article_modified_time":"2021-10-29T02:00:03+00:00","og_image":[{"width":1024,"height":864,"url":"https:\/\/21panorama.com\/wp-content\/uploads\/2021\/10\/b8722779-7d50-4313-825c-4ca9e2044c24.jpeg","type":"image\/jpeg"}],"author":"admin","twitter_card":"summary_large_image","twitter_misc":{"Escrito por":"admin","Tiempo de lectura":"2 minutos"},"schema":{"@context":"https:\/\/schema.org","@graph":[{"@type":"Article","@id":"https:\/\/21panorama.com\/index.php\/2021\/10\/28\/diputado-cardenas-plantean-a-jorge-arganis-sct-propuesta-de-desarrollo-en-infraestructura-carretera\/#article","isPartOf":{"@id":"https:\/\/21panorama.com\/index.php\/2021\/10\/28\/diputado-cardenas-plantean-a-jorge-arganis-sct-propuesta-de-desarrollo-en-infraestructura-carretera\/"},"author":{"name":"admin","@id":"https:\/\/21panorama.com\/#\/schema\/person\/1afc291b96d5792a158768324287319f"},"headline":"Diputado C\u00e1rdenas Plantean a Jorge Arganis (SCT) propuesta de Desarrollo en Infraestructura Carretera","datePublished":"2021-10-29T02:00:02+00:00","dateModified":"2021-10-29T02:00:03+00:00","mainEntityOfPage":{"@id":"https:\/\/21panorama.com\/index.php\/2021\/10\/28\/diputado-cardenas-plantean-a-jorge-arganis-sct-propuesta-de-desarrollo-en-infraestructura-carretera\/"},"wordCount":292,"commentCount":0,"publisher":{"@id":"https:\/\/21panorama.com\/#organization"},"image":{"@id":"https:\/\/21panorama.com\/index.php\/2021\/10\/28\/diputado-cardenas-plantean-a-jorge-arganis-sct-propuesta-de-desarrollo-en-infraestructura-carretera\/#primaryimage"},"thumbnailUrl":"https:\/\/21panorama.com\/wp-content\/uploads\/2021\/10\/b8722779-7d50-4313-825c-4ca9e2044c24.jpeg","keywords":["SCT"],"articleSection":["Politica"],"inLanguage":"es","potentialAction":[{"@type":"CommentAction","name":"Comment","target":["https:\/\/21panorama.com\/index.php\/2021\/10\/28\/diputado-cardenas-plantean-a-jorge-arganis-sct-propuesta-de-desarrollo-en-infraestructura-carretera\/#respond"]}]},{"@type":"WebPage","@id":"https:\/\/21panorama.com\/index.php\/2021\/10\/28\/diputado-cardenas-plantean-a-jorge-arganis-sct-propuesta-de-desarrollo-en-infraestructura-carretera\/","url":"https:\/\/21panorama.com\/index.php\/2021\/10\/28\/diputado-cardenas-plantean-a-jorge-arganis-sct-propuesta-de-desarrollo-en-infraestructura-carretera\/","name":"Diputado C\u00e1rdenas Plantean a Jorge Arganis (SCT) propuesta de Desarrollo en Infraestructura Carretera - 21 Panorama","isPartOf":{"@id":"https:\/\/21panorama.com\/#website"},"primaryImageOfPage":{"@id":"https:\/\/21panorama.com\/index.php\/2021\/10\/28\/diputado-cardenas-plantean-a-jorge-arganis-sct-propuesta-de-desarrollo-en-infraestructura-carretera\/#primaryimage"},"image":{"@id":"https:\/\/21panorama.com\/index.php\/2021\/10\/28\/diputado-cardenas-plantean-a-jorge-arganis-sct-propuesta-de-desarrollo-en-infraestructura-carretera\/#primaryimage"},"thumbnailUrl":"https:\/\/21panorama.com\/wp-content\/uploads\/2021\/10\/b8722779-7d50-4313-825c-4ca9e2044c24.jpeg","datePublished":"2021-10-29T02:00:02+00:00","dateModified":"2021-10-29T02:00:03+00:00","breadcrumb":{"@id":"https:\/\/21panorama.com\/index.php\/2021\/10\/28\/diputado-cardenas-plantean-a-jorge-arganis-sct-propuesta-de-desarrollo-en-infraestructura-carretera\/#breadcrumb"},"inLanguage":"es","potentialAction":[{"@type":"ReadAction","target":["https:\/\/21panorama.com\/index.php\/2021\/10\/28\/diputado-cardenas-plantean-a-jorge-arganis-sct-propuesta-de-desarrollo-en-infraestructura-carretera\/"]}]},{"@type":"ImageObject","inLanguage":"es","@id":"https:\/\/21panorama.com\/index.php\/2021\/10\/28\/diputado-cardenas-plantean-a-jorge-arganis-sct-propuesta-de-desarrollo-en-infraestructura-carretera\/#primaryimage","url":"https:\/\/21panorama.com\/wp-content\/uploads\/2021\/10\/b8722779-7d50-4313-825c-4ca9e2044c24.jpeg","contentUrl":"https:\/\/21panorama.com\/wp-content\/uploads\/2021\/10\/b8722779-7d50-4313-825c-4ca9e2044c24.jpeg","width":1024,"height":864},{"@type":"BreadcrumbList","@id":"https:\/\/21panorama.com\/index.php\/2021\/10\/28\/diputado-cardenas-plantean-a-jorge-arganis-sct-propuesta-de-desarrollo-en-infraestructura-carretera\/#breadcrumb","itemListElement":[{"@type":"ListItem","position":1,"name":"Inicio","item":"https:\/\/21panorama.com\/"},{"@type":"ListItem","position":2,"name":"Diputado C\u00e1rdenas Plantean a Jorge Arganis (SCT) propuesta de Desarrollo en Infraestructura Carretera"}]},{"@type":"WebSite","@id":"https:\/\/21panorama.com\/#website","url":"https:\/\/21panorama.com\/","name":"21 Panorama","description":"La construcci\u00f3n de la opini\u00f3n p\u00fablica merece un mejor Panorama en este siglo 21 para alcanzar una sociedad con mayor transparencia y sin corrupci\u00f3n.","publisher":{"@id":"https:\/\/21panorama.com\/#organization"},"potentialAction":[{"@type":"SearchAction","target":{"@type":"EntryPoint","urlTemplate":"https:\/\/21panorama.com\/?s={search_term_string}"},"query-input":{"@type":"PropertyValueSpecification","valueRequired":true,"valueName":"search_term_string"}}],"inLanguage":"es"},{"@type":"Organization","@id":"https:\/\/21panorama.com\/#organization","name":"21 Panorama","url":"https:\/\/21panorama.com\/","logo":{"@type":"ImageObject","inLanguage":"es","@id":"https:\/\/21panorama.com\/#\/schema\/logo\/image\/","url":"https:\/\/21panorama.com\/wp-content\/uploads\/2019\/07\/cropped-Logo-Panorama-01.jpeg","contentUrl":"https:\/\/21panorama.com\/wp-content\/uploads\/2019\/07\/cropped-Logo-Panorama-01.jpeg","width":290,"height":70,"caption":"21 Panorama"},"image":{"@id":"https:\/\/21panorama.com\/#\/schema\/logo\/image\/"}},{"@type":"Person","@id":"https:\/\/21panorama.com\/#\/schema\/person\/1afc291b96d5792a158768324287319f","name":"admin","image":{"@type":"ImageObject","inLanguage":"es","@id":"https:\/\/21panorama.com\/#\/schema\/person\/image\/","url":"https:\/\/secure.gravatar.com\/avatar\/ad365d9d9f46719215b0d042cc3df92a5a8683e09ef13d102233e5491985f0f0?s=96&d=mm&r=g","contentUrl":"https:\/\/secure.gravatar.com\/avatar\/ad365d9d9f46719215b0d042cc3df92a5a8683e09ef13d102233e5491985f0f0?s=96&d=mm&r=g","caption":"admin"},"url":"https:\/\/21panorama.com\/index.php\/author\/admin\/"}]}},"_links":{"self":[{"href":"https:\/\/21panorama.com\/index.php\/wp-json\/wp\/v2\/posts\/2191","targetHints":{"allow":["GET"]}}],"collection":[{"href":"https:\/\/21panorama.com\/index.php\/wp-json\/wp\/v2\/posts"}],"about":[{"href":"https:\/\/21panorama.com\/index.php\/wp-json\/wp\/v2\/types\/post"}],"author":[{"embeddable":true,"href":"https:\/\/21panorama.com\/index.php\/wp-json\/wp\/v2\/users\/1"}],"replies":[{"embeddable":true,"href":"https:\/\/21panorama.com\/index.php\/wp-json\/wp\/v2\/comments?post=2191"}],"version-history":[{"count":1,"href":"https:\/\/21panorama.com\/index.php\/wp-json\/wp\/v2\/posts\/2191\/revisions"}],"predecessor-version":[{"id":2194,"href":"https:\/\/21panorama.com\/index.php\/wp-json\/wp\/v2\/posts\/2191\/revisions\/2194"}],"wp:featuredmedia":[{"embeddable":true,"href":"https:\/\/21panorama.com\/index.php\/wp-json\/wp\/v2\/media\/2192"}],"wp:attachment":[{"href":"https:\/\/21panorama.com\/index.php\/wp-json\/wp\/v2\/media?parent=2191"}],"wp:term":[{"taxonomy":"category","embeddable":true,"href":"https:\/\/21panorama.com\/index.php\/wp-json\/wp\/v2\/categories?post=2191"},{"taxonomy":"post_tag","embeddable":true,"href":"https:\/\/21panorama.com\/index.php\/wp-json\/wp\/v2\/tags?post=2191"}],"curies":[{"name":"wp","href":"https:\/\/api.w.org\/{rel}","templated":true}]}}