{"id":2149,"date":"2021-10-27T09:23:33","date_gmt":"2021-10-27T14:23:33","guid":{"rendered":"http:\/\/21panorama.com\/?p=2149"},"modified":"2021-10-27T09:23:34","modified_gmt":"2021-10-27T14:23:34","slug":"instalan-comision-especial-de-seguimiento-a-la-recuperacion-economica","status":"publish","type":"post","link":"https:\/\/21panorama.com\/index.php\/2021\/10\/27\/instalan-comision-especial-de-seguimiento-a-la-recuperacion-economica\/","title":{"rendered":"Instalan Comisi\u00f3n Especial de Seguimiento a la Recuperaci\u00f3n Econ\u00f3mica"},"content":{"rendered":"\n<p>Al declarar la instalaci\u00f3n de la Comisi\u00f3n Especial de Seguimiento a la Recuperaci\u00f3n Econ\u00f3mica del Congreso local, su presidente el diputado Rom\u00e1n Francisco Cort\u00e9s Lugo (PAN), expres\u00f3 su compromiso de modernizar la legislaci\u00f3n en mejora regulatoria para combatir la burocracia y la corrupci\u00f3n, adem\u00e1s de manifestarse a favor de reglas claras para la participaci\u00f3n del sector empresarial en el desarrollo econ\u00f3mico, apoyar a las peque\u00f1as empresas y que los ayuntamientos no se endeuden con proveedores.<br>En presencia de la diputada Ingrid Schemelensky Castro (PAN), presidenta de la Directiva, y del legislador Enrique Vargas del Villar, coordinador parlamentario del PAN, el diputado Francisco Cort\u00e9s reconoci\u00f3 que se est\u00e1 ante la peor crisis econ\u00f3mica a nivel mundial de la \u00e9poca moderna, por lo que es necesario que se legisle para hacer una reactivaci\u00f3n econ\u00f3mica, generar nuevos comercios, fortalecer la econom\u00eda y mejorar los resultados.<br>Ante Laura Gonz\u00e1lez Hern\u00e1ndez, presidenta del Consejo Coordinador Empresarial estatal, el legislador se\u00f1al\u00f3 que se implementar\u00e1n mesas de trabajo para identificar las \u00e1reas de oportunidad en materia de legislaci\u00f3n y elaborar iniciativas en estas materias.<br>La comisi\u00f3n se integra por las y los diputados Mart\u00edn Zepeda Hern\u00e1ndez (MC) y Silvia Barberena Maldonado (PT), secretario y prosecretaria, respectivamente, as\u00ed como las y los diputados Luz Ma. Hern\u00e1ndez Berm\u00fadez, Valent\u00edn Gonz\u00e1lez Bautista, Azucena Cisneros Coss y Lourdes Jezabel Delgado Flores, de Morena; Karla Aguilar Talavera, Myriam C\u00e1rdenas Rojas, Evelyn Osornio Jim\u00e9nez y Enrique Jacob Rocha, del PRI; Francisco Javier Santos Arreola (PAN) y Mar\u00eda Elida Castel\u00e1n Mondrag\u00f3n (PRD), mientras que Liliana Castro Ixtlahuaca fue nombrada secretaria t\u00e9cnica.<\/p>\n\n\n\n<figure class=\"wp-block-image size-full\"><img decoding=\"async\" width=\"1024\" height=\"681\" src=\"https:\/\/21panorama.com\/wp-content\/uploads\/2021\/10\/e1fb9f84-57a5-4d69-b312-5495e8fcda30.jpeg\" alt=\"\" class=\"wp-image-2151\" srcset=\"https:\/\/21panorama.com\/wp-content\/uploads\/2021\/10\/e1fb9f84-57a5-4d69-b312-5495e8fcda30.jpeg 1024w, https:\/\/21panorama.com\/wp-content\/uploads\/2021\/10\/e1fb9f84-57a5-4d69-b312-5495e8fcda30-300x200.jpeg 300w, https:\/\/21panorama.com\/wp-content\/uploads\/2021\/10\/e1fb9f84-57a5-4d69-b312-5495e8fcda30-768x511.jpeg 768w\" sizes=\"(max-width: 1024px) 100vw, 1024px\" \/><\/figure>\n\n\n\n<p><\/p>\n","protected":false},"excerpt":{"rendered":"<p>Al declarar la instalaci\u00f3n de la Comisi\u00f3n Especial de Seguimiento a la Recuperaci\u00f3n Econ\u00f3mica del Congreso local, su presidente el diputado Rom\u00e1n Francisco Cort\u00e9s Lugo (PAN), expres\u00f3 su compromiso de modernizar la legislaci\u00f3n en mejora regulatoria para combatir la burocracia y la corrupci\u00f3n, adem\u00e1s de manifestarse a favor de reglas claras para la participaci\u00f3n del sector empresarial en el desarrollo econ\u00f3mico, apoyar a las peque\u00f1as empresas y que los ayuntamientos no se endeuden con proveedores.<\/p>\n","protected":false},"author":1,"featured_media":2150,"comment_status":"open","ping_status":"open","sticky":false,"template":"","format":"standard","meta":{"footnotes":""},"categories":[1],"tags":[167],"class_list":["post-2149","post","type-post","status-publish","format-standard","has-post-thumbnail","hentry","category-sociedad","tag-comision"],"yoast_head":"<!-- This site is optimized with the Yoast SEO plugin v24.9 - https:\/\/yoast.com\/wordpress\/plugins\/seo\/ -->\n<title>Instalan Comisi\u00f3n Especial de Seguimiento a la Recuperaci\u00f3n Econ\u00f3mica - 21 Panorama<\/title>\n<meta name=\"robots\" content=\"index, follow, max-snippet:-1, max-image-preview:large, max-video-preview:-1\" \/>\n<link rel=\"canonical\" href=\"https:\/\/21panorama.com\/index.php\/2021\/10\/27\/instalan-comision-especial-de-seguimiento-a-la-recuperacion-economica\/\" \/>\n<meta property=\"og:locale\" content=\"es_MX\" \/>\n<meta property=\"og:type\" content=\"article\" \/>\n<meta property=\"og:title\" content=\"Instalan Comisi\u00f3n Especial de Seguimiento a la Recuperaci\u00f3n Econ\u00f3mica - 21 Panorama\" \/>\n<meta property=\"og:description\" content=\"Al declarar la instalaci\u00f3n de la Comisi\u00f3n Especial de Seguimiento a la Recuperaci\u00f3n Econ\u00f3mica del Congreso local, su presidente el diputado Rom\u00e1n Francisco Cort\u00e9s Lugo (PAN), expres\u00f3 su compromiso de modernizar la legislaci\u00f3n en mejora regulatoria para combatir la burocracia y la corrupci\u00f3n, adem\u00e1s de manifestarse a favor de reglas claras para la participaci\u00f3n del sector empresarial en el desarrollo econ\u00f3mico, apoyar a las peque\u00f1as empresas y que los ayuntamientos no se endeuden con proveedores.\" \/>\n<meta property=\"og:url\" content=\"https:\/\/21panorama.com\/index.php\/2021\/10\/27\/instalan-comision-especial-de-seguimiento-a-la-recuperacion-economica\/\" \/>\n<meta property=\"og:site_name\" content=\"21 Panorama\" \/>\n<meta property=\"article:published_time\" content=\"2021-10-27T14:23:33+00:00\" \/>\n<meta property=\"article:modified_time\" content=\"2021-10-27T14:23:34+00:00\" \/>\n<meta property=\"og:image\" content=\"https:\/\/21panorama.com\/wp-content\/uploads\/2021\/10\/41da1e03-1227-4d0d-9472-98e9ebc75656.jpeg\" \/>\n\t<meta property=\"og:image:width\" content=\"1024\" \/>\n\t<meta property=\"og:image:height\" content=\"681\" \/>\n\t<meta property=\"og:image:type\" content=\"image\/jpeg\" \/>\n<meta name=\"author\" content=\"admin\" \/>\n<meta name=\"twitter:card\" content=\"summary_large_image\" \/>\n<meta name=\"twitter:label1\" content=\"Escrito por\" \/>\n\t<meta name=\"twitter:data1\" content=\"admin\" \/>\n\t<meta name=\"twitter:label2\" content=\"Tiempo de lectura\" \/>\n\t<meta name=\"twitter:data2\" content=\"2 minutos\" \/>\n<script type=\"application\/ld+json\" class=\"yoast-schema-graph\">{\"@context\":\"https:\/\/schema.org\",\"@graph\":[{\"@type\":\"Article\",\"@id\":\"https:\/\/21panorama.com\/index.php\/2021\/10\/27\/instalan-comision-especial-de-seguimiento-a-la-recuperacion-economica\/#article\",\"isPartOf\":{\"@id\":\"https:\/\/21panorama.com\/index.php\/2021\/10\/27\/instalan-comision-especial-de-seguimiento-a-la-recuperacion-economica\/\"},\"author\":{\"name\":\"admin\",\"@id\":\"https:\/\/21panorama.com\/#\/schema\/person\/1afc291b96d5792a158768324287319f\"},\"headline\":\"Instalan Comisi\u00f3n Especial de Seguimiento a la Recuperaci\u00f3n Econ\u00f3mica\",\"datePublished\":\"2021-10-27T14:23:33+00:00\",\"dateModified\":\"2021-10-27T14:23:34+00:00\",\"mainEntityOfPage\":{\"@id\":\"https:\/\/21panorama.com\/index.php\/2021\/10\/27\/instalan-comision-especial-de-seguimiento-a-la-recuperacion-economica\/\"},\"wordCount\":304,\"commentCount\":0,\"publisher\":{\"@id\":\"https:\/\/21panorama.com\/#organization\"},\"image\":{\"@id\":\"https:\/\/21panorama.com\/index.php\/2021\/10\/27\/instalan-comision-especial-de-seguimiento-a-la-recuperacion-economica\/#primaryimage\"},\"thumbnailUrl\":\"https:\/\/21panorama.com\/wp-content\/uploads\/2021\/10\/41da1e03-1227-4d0d-9472-98e9ebc75656.jpeg\",\"keywords\":[\"comisi\u00f3n\"],\"articleSection\":[\"Sociedad\"],\"inLanguage\":\"es\",\"potentialAction\":[{\"@type\":\"CommentAction\",\"name\":\"Comment\",\"target\":[\"https:\/\/21panorama.com\/index.php\/2021\/10\/27\/instalan-comision-especial-de-seguimiento-a-la-recuperacion-economica\/#respond\"]}]},{\"@type\":\"WebPage\",\"@id\":\"https:\/\/21panorama.com\/index.php\/2021\/10\/27\/instalan-comision-especial-de-seguimiento-a-la-recuperacion-economica\/\",\"url\":\"https:\/\/21panorama.com\/index.php\/2021\/10\/27\/instalan-comision-especial-de-seguimiento-a-la-recuperacion-economica\/\",\"name\":\"Instalan Comisi\u00f3n Especial de Seguimiento a la Recuperaci\u00f3n Econ\u00f3mica - 21 Panorama\",\"isPartOf\":{\"@id\":\"https:\/\/21panorama.com\/#website\"},\"primaryImageOfPage\":{\"@id\":\"https:\/\/21panorama.com\/index.php\/2021\/10\/27\/instalan-comision-especial-de-seguimiento-a-la-recuperacion-economica\/#primaryimage\"},\"image\":{\"@id\":\"https:\/\/21panorama.com\/index.php\/2021\/10\/27\/instalan-comision-especial-de-seguimiento-a-la-recuperacion-economica\/#primaryimage\"},\"thumbnailUrl\":\"https:\/\/21panorama.com\/wp-content\/uploads\/2021\/10\/41da1e03-1227-4d0d-9472-98e9ebc75656.jpeg\",\"datePublished\":\"2021-10-27T14:23:33+00:00\",\"dateModified\":\"2021-10-27T14:23:34+00:00\",\"breadcrumb\":{\"@id\":\"https:\/\/21panorama.com\/index.php\/2021\/10\/27\/instalan-comision-especial-de-seguimiento-a-la-recuperacion-economica\/#breadcrumb\"},\"inLanguage\":\"es\",\"potentialAction\":[{\"@type\":\"ReadAction\",\"target\":[\"https:\/\/21panorama.com\/index.php\/2021\/10\/27\/instalan-comision-especial-de-seguimiento-a-la-recuperacion-economica\/\"]}]},{\"@type\":\"ImageObject\",\"inLanguage\":\"es\",\"@id\":\"https:\/\/21panorama.com\/index.php\/2021\/10\/27\/instalan-comision-especial-de-seguimiento-a-la-recuperacion-economica\/#primaryimage\",\"url\":\"https:\/\/21panorama.com\/wp-content\/uploads\/2021\/10\/41da1e03-1227-4d0d-9472-98e9ebc75656.jpeg\",\"contentUrl\":\"https:\/\/21panorama.com\/wp-content\/uploads\/2021\/10\/41da1e03-1227-4d0d-9472-98e9ebc75656.jpeg\",\"width\":1024,\"height\":681},{\"@type\":\"BreadcrumbList\",\"@id\":\"https:\/\/21panorama.com\/index.php\/2021\/10\/27\/instalan-comision-especial-de-seguimiento-a-la-recuperacion-economica\/#breadcrumb\",\"itemListElement\":[{\"@type\":\"ListItem\",\"position\":1,\"name\":\"Inicio\",\"item\":\"https:\/\/21panorama.com\/\"},{\"@type\":\"ListItem\",\"position\":2,\"name\":\"Instalan Comisi\u00f3n Especial de Seguimiento a la Recuperaci\u00f3n Econ\u00f3mica\"}]},{\"@type\":\"WebSite\",\"@id\":\"https:\/\/21panorama.com\/#website\",\"url\":\"https:\/\/21panorama.com\/\",\"name\":\"21 Panorama\",\"description\":\"La construcci\u00f3n de la opini\u00f3n p\u00fablica merece un mejor Panorama en este siglo 21 para alcanzar una sociedad con mayor transparencia y sin corrupci\u00f3n.\",\"publisher\":{\"@id\":\"https:\/\/21panorama.com\/#organization\"},\"potentialAction\":[{\"@type\":\"SearchAction\",\"target\":{\"@type\":\"EntryPoint\",\"urlTemplate\":\"https:\/\/21panorama.com\/?s={search_term_string}\"},\"query-input\":{\"@type\":\"PropertyValueSpecification\",\"valueRequired\":true,\"valueName\":\"search_term_string\"}}],\"inLanguage\":\"es\"},{\"@type\":\"Organization\",\"@id\":\"https:\/\/21panorama.com\/#organization\",\"name\":\"21 Panorama\",\"url\":\"https:\/\/21panorama.com\/\",\"logo\":{\"@type\":\"ImageObject\",\"inLanguage\":\"es\",\"@id\":\"https:\/\/21panorama.com\/#\/schema\/logo\/image\/\",\"url\":\"https:\/\/21panorama.com\/wp-content\/uploads\/2019\/07\/cropped-Logo-Panorama-01.jpeg\",\"contentUrl\":\"https:\/\/21panorama.com\/wp-content\/uploads\/2019\/07\/cropped-Logo-Panorama-01.jpeg\",\"width\":290,\"height\":70,\"caption\":\"21 Panorama\"},\"image\":{\"@id\":\"https:\/\/21panorama.com\/#\/schema\/logo\/image\/\"}},{\"@type\":\"Person\",\"@id\":\"https:\/\/21panorama.com\/#\/schema\/person\/1afc291b96d5792a158768324287319f\",\"name\":\"admin\",\"image\":{\"@type\":\"ImageObject\",\"inLanguage\":\"es\",\"@id\":\"https:\/\/21panorama.com\/#\/schema\/person\/image\/\",\"url\":\"https:\/\/secure.gravatar.com\/avatar\/ad365d9d9f46719215b0d042cc3df92a5a8683e09ef13d102233e5491985f0f0?s=96&d=mm&r=g\",\"contentUrl\":\"https:\/\/secure.gravatar.com\/avatar\/ad365d9d9f46719215b0d042cc3df92a5a8683e09ef13d102233e5491985f0f0?s=96&d=mm&r=g\",\"caption\":\"admin\"},\"url\":\"https:\/\/21panorama.com\/index.php\/author\/admin\/\"}]}<\/script>\n<!-- \/ Yoast SEO plugin. -->","yoast_head_json":{"title":"Instalan Comisi\u00f3n Especial de Seguimiento a la Recuperaci\u00f3n Econ\u00f3mica - 21 Panorama","robots":{"index":"index","follow":"follow","max-snippet":"max-snippet:-1","max-image-preview":"max-image-preview:large","max-video-preview":"max-video-preview:-1"},"canonical":"https:\/\/21panorama.com\/index.php\/2021\/10\/27\/instalan-comision-especial-de-seguimiento-a-la-recuperacion-economica\/","og_locale":"es_MX","og_type":"article","og_title":"Instalan Comisi\u00f3n Especial de Seguimiento a la Recuperaci\u00f3n Econ\u00f3mica - 21 Panorama","og_description":"Al declarar la instalaci\u00f3n de la Comisi\u00f3n Especial de Seguimiento a la Recuperaci\u00f3n Econ\u00f3mica del Congreso local, su presidente el diputado Rom\u00e1n Francisco Cort\u00e9s Lugo (PAN), expres\u00f3 su compromiso de modernizar la legislaci\u00f3n en mejora regulatoria para combatir la burocracia y la corrupci\u00f3n, adem\u00e1s de manifestarse a favor de reglas claras para la participaci\u00f3n del sector empresarial en el desarrollo econ\u00f3mico, apoyar a las peque\u00f1as empresas y que los ayuntamientos no se endeuden con proveedores.","og_url":"https:\/\/21panorama.com\/index.php\/2021\/10\/27\/instalan-comision-especial-de-seguimiento-a-la-recuperacion-economica\/","og_site_name":"21 Panorama","article_published_time":"2021-10-27T14:23:33+00:00","article_modified_time":"2021-10-27T14:23:34+00:00","og_image":[{"width":1024,"height":681,"url":"https:\/\/21panorama.com\/wp-content\/uploads\/2021\/10\/41da1e03-1227-4d0d-9472-98e9ebc75656.jpeg","type":"image\/jpeg"}],"author":"admin","twitter_card":"summary_large_image","twitter_misc":{"Escrito por":"admin","Tiempo de lectura":"2 minutos"},"schema":{"@context":"https:\/\/schema.org","@graph":[{"@type":"Article","@id":"https:\/\/21panorama.com\/index.php\/2021\/10\/27\/instalan-comision-especial-de-seguimiento-a-la-recuperacion-economica\/#article","isPartOf":{"@id":"https:\/\/21panorama.com\/index.php\/2021\/10\/27\/instalan-comision-especial-de-seguimiento-a-la-recuperacion-economica\/"},"author":{"name":"admin","@id":"https:\/\/21panorama.com\/#\/schema\/person\/1afc291b96d5792a158768324287319f"},"headline":"Instalan Comisi\u00f3n Especial de Seguimiento a la Recuperaci\u00f3n Econ\u00f3mica","datePublished":"2021-10-27T14:23:33+00:00","dateModified":"2021-10-27T14:23:34+00:00","mainEntityOfPage":{"@id":"https:\/\/21panorama.com\/index.php\/2021\/10\/27\/instalan-comision-especial-de-seguimiento-a-la-recuperacion-economica\/"},"wordCount":304,"commentCount":0,"publisher":{"@id":"https:\/\/21panorama.com\/#organization"},"image":{"@id":"https:\/\/21panorama.com\/index.php\/2021\/10\/27\/instalan-comision-especial-de-seguimiento-a-la-recuperacion-economica\/#primaryimage"},"thumbnailUrl":"https:\/\/21panorama.com\/wp-content\/uploads\/2021\/10\/41da1e03-1227-4d0d-9472-98e9ebc75656.jpeg","keywords":["comisi\u00f3n"],"articleSection":["Sociedad"],"inLanguage":"es","potentialAction":[{"@type":"CommentAction","name":"Comment","target":["https:\/\/21panorama.com\/index.php\/2021\/10\/27\/instalan-comision-especial-de-seguimiento-a-la-recuperacion-economica\/#respond"]}]},{"@type":"WebPage","@id":"https:\/\/21panorama.com\/index.php\/2021\/10\/27\/instalan-comision-especial-de-seguimiento-a-la-recuperacion-economica\/","url":"https:\/\/21panorama.com\/index.php\/2021\/10\/27\/instalan-comision-especial-de-seguimiento-a-la-recuperacion-economica\/","name":"Instalan Comisi\u00f3n Especial de Seguimiento a la Recuperaci\u00f3n Econ\u00f3mica - 21 Panorama","isPartOf":{"@id":"https:\/\/21panorama.com\/#website"},"primaryImageOfPage":{"@id":"https:\/\/21panorama.com\/index.php\/2021\/10\/27\/instalan-comision-especial-de-seguimiento-a-la-recuperacion-economica\/#primaryimage"},"image":{"@id":"https:\/\/21panorama.com\/index.php\/2021\/10\/27\/instalan-comision-especial-de-seguimiento-a-la-recuperacion-economica\/#primaryimage"},"thumbnailUrl":"https:\/\/21panorama.com\/wp-content\/uploads\/2021\/10\/41da1e03-1227-4d0d-9472-98e9ebc75656.jpeg","datePublished":"2021-10-27T14:23:33+00:00","dateModified":"2021-10-27T14:23:34+00:00","breadcrumb":{"@id":"https:\/\/21panorama.com\/index.php\/2021\/10\/27\/instalan-comision-especial-de-seguimiento-a-la-recuperacion-economica\/#breadcrumb"},"inLanguage":"es","potentialAction":[{"@type":"ReadAction","target":["https:\/\/21panorama.com\/index.php\/2021\/10\/27\/instalan-comision-especial-de-seguimiento-a-la-recuperacion-economica\/"]}]},{"@type":"ImageObject","inLanguage":"es","@id":"https:\/\/21panorama.com\/index.php\/2021\/10\/27\/instalan-comision-especial-de-seguimiento-a-la-recuperacion-economica\/#primaryimage","url":"https:\/\/21panorama.com\/wp-content\/uploads\/2021\/10\/41da1e03-1227-4d0d-9472-98e9ebc75656.jpeg","contentUrl":"https:\/\/21panorama.com\/wp-content\/uploads\/2021\/10\/41da1e03-1227-4d0d-9472-98e9ebc75656.jpeg","width":1024,"height":681},{"@type":"BreadcrumbList","@id":"https:\/\/21panorama.com\/index.php\/2021\/10\/27\/instalan-comision-especial-de-seguimiento-a-la-recuperacion-economica\/#breadcrumb","itemListElement":[{"@type":"ListItem","position":1,"name":"Inicio","item":"https:\/\/21panorama.com\/"},{"@type":"ListItem","position":2,"name":"Instalan Comisi\u00f3n Especial de Seguimiento a la Recuperaci\u00f3n Econ\u00f3mica"}]},{"@type":"WebSite","@id":"https:\/\/21panorama.com\/#website","url":"https:\/\/21panorama.com\/","name":"21 Panorama","description":"La construcci\u00f3n de la opini\u00f3n p\u00fablica merece un mejor Panorama en este siglo 21 para alcanzar una sociedad con mayor transparencia y sin corrupci\u00f3n.","publisher":{"@id":"https:\/\/21panorama.com\/#organization"},"potentialAction":[{"@type":"SearchAction","target":{"@type":"EntryPoint","urlTemplate":"https:\/\/21panorama.com\/?s={search_term_string}"},"query-input":{"@type":"PropertyValueSpecification","valueRequired":true,"valueName":"search_term_string"}}],"inLanguage":"es"},{"@type":"Organization","@id":"https:\/\/21panorama.com\/#organization","name":"21 Panorama","url":"https:\/\/21panorama.com\/","logo":{"@type":"ImageObject","inLanguage":"es","@id":"https:\/\/21panorama.com\/#\/schema\/logo\/image\/","url":"https:\/\/21panorama.com\/wp-content\/uploads\/2019\/07\/cropped-Logo-Panorama-01.jpeg","contentUrl":"https:\/\/21panorama.com\/wp-content\/uploads\/2019\/07\/cropped-Logo-Panorama-01.jpeg","width":290,"height":70,"caption":"21 Panorama"},"image":{"@id":"https:\/\/21panorama.com\/#\/schema\/logo\/image\/"}},{"@type":"Person","@id":"https:\/\/21panorama.com\/#\/schema\/person\/1afc291b96d5792a158768324287319f","name":"admin","image":{"@type":"ImageObject","inLanguage":"es","@id":"https:\/\/21panorama.com\/#\/schema\/person\/image\/","url":"https:\/\/secure.gravatar.com\/avatar\/ad365d9d9f46719215b0d042cc3df92a5a8683e09ef13d102233e5491985f0f0?s=96&d=mm&r=g","contentUrl":"https:\/\/secure.gravatar.com\/avatar\/ad365d9d9f46719215b0d042cc3df92a5a8683e09ef13d102233e5491985f0f0?s=96&d=mm&r=g","caption":"admin"},"url":"https:\/\/21panorama.com\/index.php\/author\/admin\/"}]}},"_links":{"self":[{"href":"https:\/\/21panorama.com\/index.php\/wp-json\/wp\/v2\/posts\/2149","targetHints":{"allow":["GET"]}}],"collection":[{"href":"https:\/\/21panorama.com\/index.php\/wp-json\/wp\/v2\/posts"}],"about":[{"href":"https:\/\/21panorama.com\/index.php\/wp-json\/wp\/v2\/types\/post"}],"author":[{"embeddable":true,"href":"https:\/\/21panorama.com\/index.php\/wp-json\/wp\/v2\/users\/1"}],"replies":[{"embeddable":true,"href":"https:\/\/21panorama.com\/index.php\/wp-json\/wp\/v2\/comments?post=2149"}],"version-history":[{"count":1,"href":"https:\/\/21panorama.com\/index.php\/wp-json\/wp\/v2\/posts\/2149\/revisions"}],"predecessor-version":[{"id":2152,"href":"https:\/\/21panorama.com\/index.php\/wp-json\/wp\/v2\/posts\/2149\/revisions\/2152"}],"wp:featuredmedia":[{"embeddable":true,"href":"https:\/\/21panorama.com\/index.php\/wp-json\/wp\/v2\/media\/2150"}],"wp:attachment":[{"href":"https:\/\/21panorama.com\/index.php\/wp-json\/wp\/v2\/media?parent=2149"}],"wp:term":[{"taxonomy":"category","embeddable":true,"href":"https:\/\/21panorama.com\/index.php\/wp-json\/wp\/v2\/categories?post=2149"},{"taxonomy":"post_tag","embeddable":true,"href":"https:\/\/21panorama.com\/index.php\/wp-json\/wp\/v2\/tags?post=2149"}],"curies":[{"name":"wp","href":"https:\/\/api.w.org\/{rel}","templated":true}]}}