{"id":2142,"date":"2021-10-27T09:16:42","date_gmt":"2021-10-27T14:16:42","guid":{"rendered":"http:\/\/21panorama.com\/?p=2142"},"modified":"2021-10-27T09:16:43","modified_gmt":"2021-10-27T14:16:43","slug":"solicita-el-congreso-informacion-sobre-lagos-privados-en-valle-de-bravo","status":"publish","type":"post","link":"https:\/\/21panorama.com\/index.php\/2021\/10\/27\/solicita-el-congreso-informacion-sobre-lagos-privados-en-valle-de-bravo\/","title":{"rendered":"Solicita el Congreso informaci\u00f3n sobre lagos privados en Valle de Bravo"},"content":{"rendered":"\n<p>Al considerar que en los \u00faltimos a\u00f1os la cuenca de Valle de Bravo ha observado un fuerte deterioro ambiental debido al crecimiento urbano desmedido, los asentamientos irregulares, los cambios de uso de suelo, la deforestaci\u00f3n y el desv\u00edo de r\u00edos para alimentar lagos artificiales, el Congreso mexiquense solicit\u00f3 informaci\u00f3n sobre el n\u00famero lagos artificiales y presas de almacenamiento que actualmente existen en dicho municipio.<br>En sesi\u00f3n deliberante presidida por la diputada Ingrid Schemelensky Castro (PAN), la Asamblea aval\u00f3 por unanimidad la solicitud de la diputada Edith Marisol Mercado Torres (Morena) para exhortar a la Comisi\u00f3n Nacional del Agua, a la Secretar\u00eda del Medio Ambiente y Recursos Naturales, a la Procuradur\u00eda Federal de Protecci\u00f3n al Ambiente, a la Procuradur\u00eda Ambiental del Estado de M\u00e9xico y a la Direcci\u00f3n de Desarrollo Urbano y Obras P\u00fablicas de Valle de Bravo a proporcionar esta informaci\u00f3n.<br>De acuerdo con el documento, el pasado 3 de septiembre a consecuencia de las fuertes lluvias se desbord\u00f3, en la comunidad de los \u00c1lamos, una presa construida en un predio privado por el aumento del R\u00edo El Molino, lo que provoc\u00f3 afectaciones en la zona, lo que hace necesario saber cu\u00e1ntos lagos y presas artificiales y privadas hay en el municipio y si \u00e9stos tienen los permisos correspondientes para que se tomen las medidas pertinentes conforme a derecho y as\u00ed detener el ecocidio que ah\u00ed se observa en la Presa Miguel Alem\u00e1n.<br>Solicitan difundir campa\u00f1a de regularizaci\u00f3n de la tierra<br>Debido a que en la entidad existe un serio rezago en la regularizaci\u00f3n de bienes inmuebles, y que m\u00e1s de 280 mil viviendas no cuentan con t\u00edtulo de propiedad, el Congreso mexiquense solicit\u00f3, por unanimidad, al titular del Instituto Mexiquense de la Vivienda Social, Mariano Camacho San Mart\u00edn, emprender una Campa\u00f1a de Difusi\u00f3n Masiva del Programa de Regularizaci\u00f3n de la Tenencia de la Tierra para dar a conocer a la ciudadan\u00eda las diferentes opciones para la regularizaci\u00f3n de predios.<br>El exhorto, propuesto por el legislador morenista Jorge Garc\u00eda S\u00e1nchez, expone que esta condici\u00f3n en que se encuentran miles de viviendas trae como consecuencia en muchos casos que no se les proporcionen servicios p\u00fablicos como agua potable, drenaje y luz el\u00e9ctrica, ya que se convierte en un c\u00edrculo vicioso el tr\u00e1mite, al exigirse la regularizaci\u00f3n para proporcionarlos, y al tratar de regularizarlos se exige que cuenten con servicios p\u00fablicos.<\/p>\n\n\n\n<p><\/p>\n\n\n\n<figure class=\"wp-block-image size-full\"><img decoding=\"async\" width=\"1024\" height=\"682\" src=\"https:\/\/21panorama.com\/wp-content\/uploads\/2021\/10\/7c2363d8-1a96-4959-8bda-3b1ef56b0238.jpeg\" alt=\"\" class=\"wp-image-2144\" srcset=\"https:\/\/21panorama.com\/wp-content\/uploads\/2021\/10\/7c2363d8-1a96-4959-8bda-3b1ef56b0238.jpeg 1024w, https:\/\/21panorama.com\/wp-content\/uploads\/2021\/10\/7c2363d8-1a96-4959-8bda-3b1ef56b0238-300x200.jpeg 300w, https:\/\/21panorama.com\/wp-content\/uploads\/2021\/10\/7c2363d8-1a96-4959-8bda-3b1ef56b0238-768x512.jpeg 768w\" sizes=\"(max-width: 1024px) 100vw, 1024px\" \/><\/figure>\n","protected":false},"excerpt":{"rendered":"<p>Buscan detener el ecocidio que presas privadas est\u00e1n causando en la Presa Miguel Alem\u00e1n.<br \/>\nTambi\u00e9n llamaron a difundir en Edomex las campa\u00f1as para la regularizaci\u00f3n de la tierra.<\/p>\n","protected":false},"author":1,"featured_media":2143,"comment_status":"open","ping_status":"open","sticky":false,"template":"","format":"standard","meta":{"footnotes":""},"categories":[1],"tags":[94],"class_list":["post-2142","post","type-post","status-publish","format-standard","has-post-thumbnail","hentry","category-sociedad","tag-congreso"],"yoast_head":"<!-- This site is optimized with the Yoast SEO plugin v24.9 - https:\/\/yoast.com\/wordpress\/plugins\/seo\/ -->\n<title>Solicita el Congreso informaci\u00f3n sobre lagos privados en Valle de Bravo - 21 Panorama<\/title>\n<meta name=\"robots\" content=\"index, follow, max-snippet:-1, max-image-preview:large, max-video-preview:-1\" \/>\n<link rel=\"canonical\" href=\"https:\/\/21panorama.com\/index.php\/2021\/10\/27\/solicita-el-congreso-informacion-sobre-lagos-privados-en-valle-de-bravo\/\" \/>\n<meta property=\"og:locale\" content=\"es_MX\" \/>\n<meta property=\"og:type\" content=\"article\" \/>\n<meta property=\"og:title\" content=\"Solicita el Congreso informaci\u00f3n sobre lagos privados en Valle de Bravo - 21 Panorama\" \/>\n<meta property=\"og:description\" content=\"Buscan detener el ecocidio que presas privadas est\u00e1n causando en la Presa Miguel Alem\u00e1n. Tambi\u00e9n llamaron a difundir en Edomex las campa\u00f1as para la regularizaci\u00f3n de la tierra.\" \/>\n<meta property=\"og:url\" content=\"https:\/\/21panorama.com\/index.php\/2021\/10\/27\/solicita-el-congreso-informacion-sobre-lagos-privados-en-valle-de-bravo\/\" \/>\n<meta property=\"og:site_name\" content=\"21 Panorama\" \/>\n<meta property=\"article:published_time\" content=\"2021-10-27T14:16:42+00:00\" \/>\n<meta property=\"article:modified_time\" content=\"2021-10-27T14:16:43+00:00\" \/>\n<meta property=\"og:image\" content=\"https:\/\/21panorama.com\/wp-content\/uploads\/2021\/10\/7286d06e-3a14-4b92-864f-fcc8bb254791.jpeg\" \/>\n\t<meta property=\"og:image:width\" content=\"1024\" \/>\n\t<meta property=\"og:image:height\" content=\"683\" \/>\n\t<meta property=\"og:image:type\" content=\"image\/jpeg\" \/>\n<meta name=\"author\" content=\"admin\" \/>\n<meta name=\"twitter:card\" content=\"summary_large_image\" \/>\n<meta name=\"twitter:label1\" content=\"Escrito por\" \/>\n\t<meta name=\"twitter:data1\" content=\"admin\" \/>\n\t<meta name=\"twitter:label2\" content=\"Tiempo de lectura\" \/>\n\t<meta name=\"twitter:data2\" content=\"2 minutos\" \/>\n<script type=\"application\/ld+json\" class=\"yoast-schema-graph\">{\"@context\":\"https:\/\/schema.org\",\"@graph\":[{\"@type\":\"Article\",\"@id\":\"https:\/\/21panorama.com\/index.php\/2021\/10\/27\/solicita-el-congreso-informacion-sobre-lagos-privados-en-valle-de-bravo\/#article\",\"isPartOf\":{\"@id\":\"https:\/\/21panorama.com\/index.php\/2021\/10\/27\/solicita-el-congreso-informacion-sobre-lagos-privados-en-valle-de-bravo\/\"},\"author\":{\"name\":\"admin\",\"@id\":\"https:\/\/21panorama.com\/#\/schema\/person\/1afc291b96d5792a158768324287319f\"},\"headline\":\"Solicita el Congreso informaci\u00f3n sobre lagos privados en Valle de Bravo\",\"datePublished\":\"2021-10-27T14:16:42+00:00\",\"dateModified\":\"2021-10-27T14:16:43+00:00\",\"mainEntityOfPage\":{\"@id\":\"https:\/\/21panorama.com\/index.php\/2021\/10\/27\/solicita-el-congreso-informacion-sobre-lagos-privados-en-valle-de-bravo\/\"},\"wordCount\":437,\"commentCount\":0,\"publisher\":{\"@id\":\"https:\/\/21panorama.com\/#organization\"},\"image\":{\"@id\":\"https:\/\/21panorama.com\/index.php\/2021\/10\/27\/solicita-el-congreso-informacion-sobre-lagos-privados-en-valle-de-bravo\/#primaryimage\"},\"thumbnailUrl\":\"https:\/\/21panorama.com\/wp-content\/uploads\/2021\/10\/7286d06e-3a14-4b92-864f-fcc8bb254791.jpeg\",\"keywords\":[\"Congreso\"],\"articleSection\":[\"Sociedad\"],\"inLanguage\":\"es\",\"potentialAction\":[{\"@type\":\"CommentAction\",\"name\":\"Comment\",\"target\":[\"https:\/\/21panorama.com\/index.php\/2021\/10\/27\/solicita-el-congreso-informacion-sobre-lagos-privados-en-valle-de-bravo\/#respond\"]}]},{\"@type\":\"WebPage\",\"@id\":\"https:\/\/21panorama.com\/index.php\/2021\/10\/27\/solicita-el-congreso-informacion-sobre-lagos-privados-en-valle-de-bravo\/\",\"url\":\"https:\/\/21panorama.com\/index.php\/2021\/10\/27\/solicita-el-congreso-informacion-sobre-lagos-privados-en-valle-de-bravo\/\",\"name\":\"Solicita el Congreso informaci\u00f3n sobre lagos privados en Valle de Bravo - 21 Panorama\",\"isPartOf\":{\"@id\":\"https:\/\/21panorama.com\/#website\"},\"primaryImageOfPage\":{\"@id\":\"https:\/\/21panorama.com\/index.php\/2021\/10\/27\/solicita-el-congreso-informacion-sobre-lagos-privados-en-valle-de-bravo\/#primaryimage\"},\"image\":{\"@id\":\"https:\/\/21panorama.com\/index.php\/2021\/10\/27\/solicita-el-congreso-informacion-sobre-lagos-privados-en-valle-de-bravo\/#primaryimage\"},\"thumbnailUrl\":\"https:\/\/21panorama.com\/wp-content\/uploads\/2021\/10\/7286d06e-3a14-4b92-864f-fcc8bb254791.jpeg\",\"datePublished\":\"2021-10-27T14:16:42+00:00\",\"dateModified\":\"2021-10-27T14:16:43+00:00\",\"breadcrumb\":{\"@id\":\"https:\/\/21panorama.com\/index.php\/2021\/10\/27\/solicita-el-congreso-informacion-sobre-lagos-privados-en-valle-de-bravo\/#breadcrumb\"},\"inLanguage\":\"es\",\"potentialAction\":[{\"@type\":\"ReadAction\",\"target\":[\"https:\/\/21panorama.com\/index.php\/2021\/10\/27\/solicita-el-congreso-informacion-sobre-lagos-privados-en-valle-de-bravo\/\"]}]},{\"@type\":\"ImageObject\",\"inLanguage\":\"es\",\"@id\":\"https:\/\/21panorama.com\/index.php\/2021\/10\/27\/solicita-el-congreso-informacion-sobre-lagos-privados-en-valle-de-bravo\/#primaryimage\",\"url\":\"https:\/\/21panorama.com\/wp-content\/uploads\/2021\/10\/7286d06e-3a14-4b92-864f-fcc8bb254791.jpeg\",\"contentUrl\":\"https:\/\/21panorama.com\/wp-content\/uploads\/2021\/10\/7286d06e-3a14-4b92-864f-fcc8bb254791.jpeg\",\"width\":1024,\"height\":683},{\"@type\":\"BreadcrumbList\",\"@id\":\"https:\/\/21panorama.com\/index.php\/2021\/10\/27\/solicita-el-congreso-informacion-sobre-lagos-privados-en-valle-de-bravo\/#breadcrumb\",\"itemListElement\":[{\"@type\":\"ListItem\",\"position\":1,\"name\":\"Inicio\",\"item\":\"https:\/\/21panorama.com\/\"},{\"@type\":\"ListItem\",\"position\":2,\"name\":\"Solicita el Congreso informaci\u00f3n sobre lagos privados en Valle de Bravo\"}]},{\"@type\":\"WebSite\",\"@id\":\"https:\/\/21panorama.com\/#website\",\"url\":\"https:\/\/21panorama.com\/\",\"name\":\"21 Panorama\",\"description\":\"La construcci\u00f3n de la opini\u00f3n p\u00fablica merece un mejor Panorama en este siglo 21 para alcanzar una sociedad con mayor transparencia y sin corrupci\u00f3n.\",\"publisher\":{\"@id\":\"https:\/\/21panorama.com\/#organization\"},\"potentialAction\":[{\"@type\":\"SearchAction\",\"target\":{\"@type\":\"EntryPoint\",\"urlTemplate\":\"https:\/\/21panorama.com\/?s={search_term_string}\"},\"query-input\":{\"@type\":\"PropertyValueSpecification\",\"valueRequired\":true,\"valueName\":\"search_term_string\"}}],\"inLanguage\":\"es\"},{\"@type\":\"Organization\",\"@id\":\"https:\/\/21panorama.com\/#organization\",\"name\":\"21 Panorama\",\"url\":\"https:\/\/21panorama.com\/\",\"logo\":{\"@type\":\"ImageObject\",\"inLanguage\":\"es\",\"@id\":\"https:\/\/21panorama.com\/#\/schema\/logo\/image\/\",\"url\":\"https:\/\/21panorama.com\/wp-content\/uploads\/2019\/07\/cropped-Logo-Panorama-01.jpeg\",\"contentUrl\":\"https:\/\/21panorama.com\/wp-content\/uploads\/2019\/07\/cropped-Logo-Panorama-01.jpeg\",\"width\":290,\"height\":70,\"caption\":\"21 Panorama\"},\"image\":{\"@id\":\"https:\/\/21panorama.com\/#\/schema\/logo\/image\/\"}},{\"@type\":\"Person\",\"@id\":\"https:\/\/21panorama.com\/#\/schema\/person\/1afc291b96d5792a158768324287319f\",\"name\":\"admin\",\"image\":{\"@type\":\"ImageObject\",\"inLanguage\":\"es\",\"@id\":\"https:\/\/21panorama.com\/#\/schema\/person\/image\/\",\"url\":\"https:\/\/secure.gravatar.com\/avatar\/ad365d9d9f46719215b0d042cc3df92a5a8683e09ef13d102233e5491985f0f0?s=96&d=mm&r=g\",\"contentUrl\":\"https:\/\/secure.gravatar.com\/avatar\/ad365d9d9f46719215b0d042cc3df92a5a8683e09ef13d102233e5491985f0f0?s=96&d=mm&r=g\",\"caption\":\"admin\"},\"url\":\"https:\/\/21panorama.com\/index.php\/author\/admin\/\"}]}<\/script>\n<!-- \/ Yoast SEO plugin. -->","yoast_head_json":{"title":"Solicita el Congreso informaci\u00f3n sobre lagos privados en Valle de Bravo - 21 Panorama","robots":{"index":"index","follow":"follow","max-snippet":"max-snippet:-1","max-image-preview":"max-image-preview:large","max-video-preview":"max-video-preview:-1"},"canonical":"https:\/\/21panorama.com\/index.php\/2021\/10\/27\/solicita-el-congreso-informacion-sobre-lagos-privados-en-valle-de-bravo\/","og_locale":"es_MX","og_type":"article","og_title":"Solicita el Congreso informaci\u00f3n sobre lagos privados en Valle de Bravo - 21 Panorama","og_description":"Buscan detener el ecocidio que presas privadas est\u00e1n causando en la Presa Miguel Alem\u00e1n. Tambi\u00e9n llamaron a difundir en Edomex las campa\u00f1as para la regularizaci\u00f3n de la tierra.","og_url":"https:\/\/21panorama.com\/index.php\/2021\/10\/27\/solicita-el-congreso-informacion-sobre-lagos-privados-en-valle-de-bravo\/","og_site_name":"21 Panorama","article_published_time":"2021-10-27T14:16:42+00:00","article_modified_time":"2021-10-27T14:16:43+00:00","og_image":[{"width":1024,"height":683,"url":"https:\/\/21panorama.com\/wp-content\/uploads\/2021\/10\/7286d06e-3a14-4b92-864f-fcc8bb254791.jpeg","type":"image\/jpeg"}],"author":"admin","twitter_card":"summary_large_image","twitter_misc":{"Escrito por":"admin","Tiempo de lectura":"2 minutos"},"schema":{"@context":"https:\/\/schema.org","@graph":[{"@type":"Article","@id":"https:\/\/21panorama.com\/index.php\/2021\/10\/27\/solicita-el-congreso-informacion-sobre-lagos-privados-en-valle-de-bravo\/#article","isPartOf":{"@id":"https:\/\/21panorama.com\/index.php\/2021\/10\/27\/solicita-el-congreso-informacion-sobre-lagos-privados-en-valle-de-bravo\/"},"author":{"name":"admin","@id":"https:\/\/21panorama.com\/#\/schema\/person\/1afc291b96d5792a158768324287319f"},"headline":"Solicita el Congreso informaci\u00f3n sobre lagos privados en Valle de Bravo","datePublished":"2021-10-27T14:16:42+00:00","dateModified":"2021-10-27T14:16:43+00:00","mainEntityOfPage":{"@id":"https:\/\/21panorama.com\/index.php\/2021\/10\/27\/solicita-el-congreso-informacion-sobre-lagos-privados-en-valle-de-bravo\/"},"wordCount":437,"commentCount":0,"publisher":{"@id":"https:\/\/21panorama.com\/#organization"},"image":{"@id":"https:\/\/21panorama.com\/index.php\/2021\/10\/27\/solicita-el-congreso-informacion-sobre-lagos-privados-en-valle-de-bravo\/#primaryimage"},"thumbnailUrl":"https:\/\/21panorama.com\/wp-content\/uploads\/2021\/10\/7286d06e-3a14-4b92-864f-fcc8bb254791.jpeg","keywords":["Congreso"],"articleSection":["Sociedad"],"inLanguage":"es","potentialAction":[{"@type":"CommentAction","name":"Comment","target":["https:\/\/21panorama.com\/index.php\/2021\/10\/27\/solicita-el-congreso-informacion-sobre-lagos-privados-en-valle-de-bravo\/#respond"]}]},{"@type":"WebPage","@id":"https:\/\/21panorama.com\/index.php\/2021\/10\/27\/solicita-el-congreso-informacion-sobre-lagos-privados-en-valle-de-bravo\/","url":"https:\/\/21panorama.com\/index.php\/2021\/10\/27\/solicita-el-congreso-informacion-sobre-lagos-privados-en-valle-de-bravo\/","name":"Solicita el Congreso informaci\u00f3n sobre lagos privados en Valle de Bravo - 21 Panorama","isPartOf":{"@id":"https:\/\/21panorama.com\/#website"},"primaryImageOfPage":{"@id":"https:\/\/21panorama.com\/index.php\/2021\/10\/27\/solicita-el-congreso-informacion-sobre-lagos-privados-en-valle-de-bravo\/#primaryimage"},"image":{"@id":"https:\/\/21panorama.com\/index.php\/2021\/10\/27\/solicita-el-congreso-informacion-sobre-lagos-privados-en-valle-de-bravo\/#primaryimage"},"thumbnailUrl":"https:\/\/21panorama.com\/wp-content\/uploads\/2021\/10\/7286d06e-3a14-4b92-864f-fcc8bb254791.jpeg","datePublished":"2021-10-27T14:16:42+00:00","dateModified":"2021-10-27T14:16:43+00:00","breadcrumb":{"@id":"https:\/\/21panorama.com\/index.php\/2021\/10\/27\/solicita-el-congreso-informacion-sobre-lagos-privados-en-valle-de-bravo\/#breadcrumb"},"inLanguage":"es","potentialAction":[{"@type":"ReadAction","target":["https:\/\/21panorama.com\/index.php\/2021\/10\/27\/solicita-el-congreso-informacion-sobre-lagos-privados-en-valle-de-bravo\/"]}]},{"@type":"ImageObject","inLanguage":"es","@id":"https:\/\/21panorama.com\/index.php\/2021\/10\/27\/solicita-el-congreso-informacion-sobre-lagos-privados-en-valle-de-bravo\/#primaryimage","url":"https:\/\/21panorama.com\/wp-content\/uploads\/2021\/10\/7286d06e-3a14-4b92-864f-fcc8bb254791.jpeg","contentUrl":"https:\/\/21panorama.com\/wp-content\/uploads\/2021\/10\/7286d06e-3a14-4b92-864f-fcc8bb254791.jpeg","width":1024,"height":683},{"@type":"BreadcrumbList","@id":"https:\/\/21panorama.com\/index.php\/2021\/10\/27\/solicita-el-congreso-informacion-sobre-lagos-privados-en-valle-de-bravo\/#breadcrumb","itemListElement":[{"@type":"ListItem","position":1,"name":"Inicio","item":"https:\/\/21panorama.com\/"},{"@type":"ListItem","position":2,"name":"Solicita el Congreso informaci\u00f3n sobre lagos privados en Valle de Bravo"}]},{"@type":"WebSite","@id":"https:\/\/21panorama.com\/#website","url":"https:\/\/21panorama.com\/","name":"21 Panorama","description":"La construcci\u00f3n de la opini\u00f3n p\u00fablica merece un mejor Panorama en este siglo 21 para alcanzar una sociedad con mayor transparencia y sin corrupci\u00f3n.","publisher":{"@id":"https:\/\/21panorama.com\/#organization"},"potentialAction":[{"@type":"SearchAction","target":{"@type":"EntryPoint","urlTemplate":"https:\/\/21panorama.com\/?s={search_term_string}"},"query-input":{"@type":"PropertyValueSpecification","valueRequired":true,"valueName":"search_term_string"}}],"inLanguage":"es"},{"@type":"Organization","@id":"https:\/\/21panorama.com\/#organization","name":"21 Panorama","url":"https:\/\/21panorama.com\/","logo":{"@type":"ImageObject","inLanguage":"es","@id":"https:\/\/21panorama.com\/#\/schema\/logo\/image\/","url":"https:\/\/21panorama.com\/wp-content\/uploads\/2019\/07\/cropped-Logo-Panorama-01.jpeg","contentUrl":"https:\/\/21panorama.com\/wp-content\/uploads\/2019\/07\/cropped-Logo-Panorama-01.jpeg","width":290,"height":70,"caption":"21 Panorama"},"image":{"@id":"https:\/\/21panorama.com\/#\/schema\/logo\/image\/"}},{"@type":"Person","@id":"https:\/\/21panorama.com\/#\/schema\/person\/1afc291b96d5792a158768324287319f","name":"admin","image":{"@type":"ImageObject","inLanguage":"es","@id":"https:\/\/21panorama.com\/#\/schema\/person\/image\/","url":"https:\/\/secure.gravatar.com\/avatar\/ad365d9d9f46719215b0d042cc3df92a5a8683e09ef13d102233e5491985f0f0?s=96&d=mm&r=g","contentUrl":"https:\/\/secure.gravatar.com\/avatar\/ad365d9d9f46719215b0d042cc3df92a5a8683e09ef13d102233e5491985f0f0?s=96&d=mm&r=g","caption":"admin"},"url":"https:\/\/21panorama.com\/index.php\/author\/admin\/"}]}},"_links":{"self":[{"href":"https:\/\/21panorama.com\/index.php\/wp-json\/wp\/v2\/posts\/2142","targetHints":{"allow":["GET"]}}],"collection":[{"href":"https:\/\/21panorama.com\/index.php\/wp-json\/wp\/v2\/posts"}],"about":[{"href":"https:\/\/21panorama.com\/index.php\/wp-json\/wp\/v2\/types\/post"}],"author":[{"embeddable":true,"href":"https:\/\/21panorama.com\/index.php\/wp-json\/wp\/v2\/users\/1"}],"replies":[{"embeddable":true,"href":"https:\/\/21panorama.com\/index.php\/wp-json\/wp\/v2\/comments?post=2142"}],"version-history":[{"count":1,"href":"https:\/\/21panorama.com\/index.php\/wp-json\/wp\/v2\/posts\/2142\/revisions"}],"predecessor-version":[{"id":2145,"href":"https:\/\/21panorama.com\/index.php\/wp-json\/wp\/v2\/posts\/2142\/revisions\/2145"}],"wp:featuredmedia":[{"embeddable":true,"href":"https:\/\/21panorama.com\/index.php\/wp-json\/wp\/v2\/media\/2143"}],"wp:attachment":[{"href":"https:\/\/21panorama.com\/index.php\/wp-json\/wp\/v2\/media?parent=2142"}],"wp:term":[{"taxonomy":"category","embeddable":true,"href":"https:\/\/21panorama.com\/index.php\/wp-json\/wp\/v2\/categories?post=2142"},{"taxonomy":"post_tag","embeddable":true,"href":"https:\/\/21panorama.com\/index.php\/wp-json\/wp\/v2\/tags?post=2142"}],"curies":[{"name":"wp","href":"https:\/\/api.w.org\/{rel}","templated":true}]}}