{"id":2123,"date":"2021-10-27T08:04:38","date_gmt":"2021-10-27T13:04:38","guid":{"rendered":"http:\/\/21panorama.com\/?p=2123"},"modified":"2021-10-27T08:04:39","modified_gmt":"2021-10-27T13:04:39","slug":"proponen-considerar-el-contagio-de-covid-como-riesgo-de-trabajo","status":"publish","type":"post","link":"https:\/\/21panorama.com\/index.php\/2021\/10\/27\/proponen-considerar-el-contagio-de-covid-como-riesgo-de-trabajo\/","title":{"rendered":"Proponen considerar el contagio de covid como riesgo de trabajo"},"content":{"rendered":"\n<p>Ante los estragos causados por la pandemia de covid-19 en el servicio p\u00fablico mexiquense, el diputado Rigoberto Vargas Cervantes, coordinador parlamentario de Nueva Alianza en el Congreso local, propuso reformas a la Ley de Seguridad Social para los Servidores P\u00fablicos del Estado de M\u00e9xico y Municipios a fin de incluir como riesgo de trabajo el contagio de alguna enfermedad o virus durante una epidemia o pandemia.<br>Durante la exposici\u00f3n de su iniciativa, que tambi\u00e9n busca modificar la Ley del Trabajo de los Servidores P\u00fablicos del Estado y Municipios, el legislador se\u00f1al\u00f3 que el Censo Nacional de Gobiernos Estatales 2021 report\u00f3 la muerte de 4 mil 203 personas servidoras p\u00fablicas a causa del covid-19 durante 2020, de los cuales 47.6%, esto es poco m\u00e1s de 2 mil eran del Estado de M\u00e9xico.<br>El legislador tambi\u00e9n un estudio del Instituto Nacional de Estad\u00edstica y Geograf\u00eda (Inegi) en el que se demostr\u00f3 que 60% de las personas servidoras p\u00fablicas est\u00e1n en un rango de edad de 30 a 49 a\u00f1os, grupo poblacional que ha enfrentado el mayor n\u00famero de fallecimientos por covid-19.<br>El legislador explic\u00f3 que esta iniciativa busca proteger ampliamente a la persona servidora p\u00fablica en el ejercicio de su funci\u00f3n, pues en la nueva normalidad ?debemos de asumir que no solo existen los riesgos de trabajo ya conocidos, sino tambi\u00e9n que hay un peligro de contagio latente para la poblaci\u00f3n en general?.<br>La propuesta, remitida para su dictamen a las comisiones de Trabajo, Seguridad y Previsi\u00f3n Social y de Salud, Asistencia y Bienestar Social, pretende reformar todos los reglamentos de las instituciones, dependencias y organismos aut\u00f3nomos del Estado de M\u00e9xico en lo referente a los riegos de trabajo.<\/p>\n","protected":false},"excerpt":{"rendered":"<p>Ante los estragos causados por la pandemia de covid-19 en el servicio p\u00fablico mexiquense, el diputado Rigoberto Vargas Cervantes, coordinador parlamentario de Nueva Alianza en el Congreso local, propuso reformas a la Ley de Seguridad Social para los Servidores P\u00fablicos del Estado de M\u00e9xico y Municipios a fin de incluir como riesgo de trabajo el contagio de alguna enfermedad o virus durante una epidemia o pandemia.<\/p>\n","protected":false},"author":1,"featured_media":2124,"comment_status":"open","ping_status":"open","sticky":false,"template":"","format":"standard","meta":{"footnotes":""},"categories":[6],"tags":[141],"class_list":["post-2123","post","type-post","status-publish","format-standard","has-post-thumbnail","hentry","category-cienciaysalud","tag-covid"],"yoast_head":"<!-- This site is optimized with the Yoast SEO plugin v24.9 - https:\/\/yoast.com\/wordpress\/plugins\/seo\/ -->\n<title>Proponen considerar el contagio de covid como riesgo de trabajo - 21 Panorama<\/title>\n<meta name=\"robots\" content=\"index, follow, max-snippet:-1, max-image-preview:large, max-video-preview:-1\" \/>\n<link rel=\"canonical\" href=\"https:\/\/21panorama.com\/index.php\/2021\/10\/27\/proponen-considerar-el-contagio-de-covid-como-riesgo-de-trabajo\/\" \/>\n<meta property=\"og:locale\" content=\"es_MX\" \/>\n<meta property=\"og:type\" content=\"article\" \/>\n<meta property=\"og:title\" content=\"Proponen considerar el contagio de covid como riesgo de trabajo - 21 Panorama\" \/>\n<meta property=\"og:description\" content=\"Ante los estragos causados por la pandemia de covid-19 en el servicio p\u00fablico mexiquense, el diputado Rigoberto Vargas Cervantes, coordinador parlamentario de Nueva Alianza en el Congreso local, propuso reformas a la Ley de Seguridad Social para los Servidores P\u00fablicos del Estado de M\u00e9xico y Municipios a fin de incluir como riesgo de trabajo el contagio de alguna enfermedad o virus durante una epidemia o pandemia.\" \/>\n<meta property=\"og:url\" content=\"https:\/\/21panorama.com\/index.php\/2021\/10\/27\/proponen-considerar-el-contagio-de-covid-como-riesgo-de-trabajo\/\" \/>\n<meta property=\"og:site_name\" content=\"21 Panorama\" \/>\n<meta property=\"article:published_time\" content=\"2021-10-27T13:04:38+00:00\" \/>\n<meta property=\"article:modified_time\" content=\"2021-10-27T13:04:39+00:00\" \/>\n<meta property=\"og:image\" content=\"https:\/\/21panorama.com\/wp-content\/uploads\/2021\/10\/1c429ce7-0309-4755-a7b6-88b19c9c0555.jpeg\" \/>\n\t<meta property=\"og:image:width\" content=\"1024\" \/>\n\t<meta property=\"og:image:height\" content=\"683\" \/>\n\t<meta property=\"og:image:type\" content=\"image\/jpeg\" \/>\n<meta name=\"author\" content=\"admin\" \/>\n<meta name=\"twitter:card\" content=\"summary_large_image\" \/>\n<meta name=\"twitter:label1\" content=\"Escrito por\" \/>\n\t<meta name=\"twitter:data1\" content=\"admin\" \/>\n\t<meta name=\"twitter:label2\" content=\"Tiempo de lectura\" \/>\n\t<meta name=\"twitter:data2\" content=\"2 minutos\" \/>\n<script type=\"application\/ld+json\" class=\"yoast-schema-graph\">{\"@context\":\"https:\/\/schema.org\",\"@graph\":[{\"@type\":\"Article\",\"@id\":\"https:\/\/21panorama.com\/index.php\/2021\/10\/27\/proponen-considerar-el-contagio-de-covid-como-riesgo-de-trabajo\/#article\",\"isPartOf\":{\"@id\":\"https:\/\/21panorama.com\/index.php\/2021\/10\/27\/proponen-considerar-el-contagio-de-covid-como-riesgo-de-trabajo\/\"},\"author\":{\"name\":\"admin\",\"@id\":\"https:\/\/21panorama.com\/#\/schema\/person\/1afc291b96d5792a158768324287319f\"},\"headline\":\"Proponen considerar el contagio de covid como riesgo de trabajo\",\"datePublished\":\"2021-10-27T13:04:38+00:00\",\"dateModified\":\"2021-10-27T13:04:39+00:00\",\"mainEntityOfPage\":{\"@id\":\"https:\/\/21panorama.com\/index.php\/2021\/10\/27\/proponen-considerar-el-contagio-de-covid-como-riesgo-de-trabajo\/\"},\"wordCount\":302,\"commentCount\":0,\"publisher\":{\"@id\":\"https:\/\/21panorama.com\/#organization\"},\"image\":{\"@id\":\"https:\/\/21panorama.com\/index.php\/2021\/10\/27\/proponen-considerar-el-contagio-de-covid-como-riesgo-de-trabajo\/#primaryimage\"},\"thumbnailUrl\":\"https:\/\/21panorama.com\/wp-content\/uploads\/2021\/10\/1c429ce7-0309-4755-a7b6-88b19c9c0555.jpeg\",\"keywords\":[\"COVID\"],\"articleSection\":[\"Ciencia y Salud\"],\"inLanguage\":\"es\",\"potentialAction\":[{\"@type\":\"CommentAction\",\"name\":\"Comment\",\"target\":[\"https:\/\/21panorama.com\/index.php\/2021\/10\/27\/proponen-considerar-el-contagio-de-covid-como-riesgo-de-trabajo\/#respond\"]}]},{\"@type\":\"WebPage\",\"@id\":\"https:\/\/21panorama.com\/index.php\/2021\/10\/27\/proponen-considerar-el-contagio-de-covid-como-riesgo-de-trabajo\/\",\"url\":\"https:\/\/21panorama.com\/index.php\/2021\/10\/27\/proponen-considerar-el-contagio-de-covid-como-riesgo-de-trabajo\/\",\"name\":\"Proponen considerar el contagio de covid como riesgo de trabajo - 21 Panorama\",\"isPartOf\":{\"@id\":\"https:\/\/21panorama.com\/#website\"},\"primaryImageOfPage\":{\"@id\":\"https:\/\/21panorama.com\/index.php\/2021\/10\/27\/proponen-considerar-el-contagio-de-covid-como-riesgo-de-trabajo\/#primaryimage\"},\"image\":{\"@id\":\"https:\/\/21panorama.com\/index.php\/2021\/10\/27\/proponen-considerar-el-contagio-de-covid-como-riesgo-de-trabajo\/#primaryimage\"},\"thumbnailUrl\":\"https:\/\/21panorama.com\/wp-content\/uploads\/2021\/10\/1c429ce7-0309-4755-a7b6-88b19c9c0555.jpeg\",\"datePublished\":\"2021-10-27T13:04:38+00:00\",\"dateModified\":\"2021-10-27T13:04:39+00:00\",\"breadcrumb\":{\"@id\":\"https:\/\/21panorama.com\/index.php\/2021\/10\/27\/proponen-considerar-el-contagio-de-covid-como-riesgo-de-trabajo\/#breadcrumb\"},\"inLanguage\":\"es\",\"potentialAction\":[{\"@type\":\"ReadAction\",\"target\":[\"https:\/\/21panorama.com\/index.php\/2021\/10\/27\/proponen-considerar-el-contagio-de-covid-como-riesgo-de-trabajo\/\"]}]},{\"@type\":\"ImageObject\",\"inLanguage\":\"es\",\"@id\":\"https:\/\/21panorama.com\/index.php\/2021\/10\/27\/proponen-considerar-el-contagio-de-covid-como-riesgo-de-trabajo\/#primaryimage\",\"url\":\"https:\/\/21panorama.com\/wp-content\/uploads\/2021\/10\/1c429ce7-0309-4755-a7b6-88b19c9c0555.jpeg\",\"contentUrl\":\"https:\/\/21panorama.com\/wp-content\/uploads\/2021\/10\/1c429ce7-0309-4755-a7b6-88b19c9c0555.jpeg\",\"width\":1024,\"height\":683},{\"@type\":\"BreadcrumbList\",\"@id\":\"https:\/\/21panorama.com\/index.php\/2021\/10\/27\/proponen-considerar-el-contagio-de-covid-como-riesgo-de-trabajo\/#breadcrumb\",\"itemListElement\":[{\"@type\":\"ListItem\",\"position\":1,\"name\":\"Inicio\",\"item\":\"https:\/\/21panorama.com\/\"},{\"@type\":\"ListItem\",\"position\":2,\"name\":\"Proponen considerar el contagio de covid como riesgo de trabajo\"}]},{\"@type\":\"WebSite\",\"@id\":\"https:\/\/21panorama.com\/#website\",\"url\":\"https:\/\/21panorama.com\/\",\"name\":\"21 Panorama\",\"description\":\"La construcci\u00f3n de la opini\u00f3n p\u00fablica merece un mejor Panorama en este siglo 21 para alcanzar una sociedad con mayor transparencia y sin corrupci\u00f3n.\",\"publisher\":{\"@id\":\"https:\/\/21panorama.com\/#organization\"},\"potentialAction\":[{\"@type\":\"SearchAction\",\"target\":{\"@type\":\"EntryPoint\",\"urlTemplate\":\"https:\/\/21panorama.com\/?s={search_term_string}\"},\"query-input\":{\"@type\":\"PropertyValueSpecification\",\"valueRequired\":true,\"valueName\":\"search_term_string\"}}],\"inLanguage\":\"es\"},{\"@type\":\"Organization\",\"@id\":\"https:\/\/21panorama.com\/#organization\",\"name\":\"21 Panorama\",\"url\":\"https:\/\/21panorama.com\/\",\"logo\":{\"@type\":\"ImageObject\",\"inLanguage\":\"es\",\"@id\":\"https:\/\/21panorama.com\/#\/schema\/logo\/image\/\",\"url\":\"https:\/\/21panorama.com\/wp-content\/uploads\/2019\/07\/cropped-Logo-Panorama-01.jpeg\",\"contentUrl\":\"https:\/\/21panorama.com\/wp-content\/uploads\/2019\/07\/cropped-Logo-Panorama-01.jpeg\",\"width\":290,\"height\":70,\"caption\":\"21 Panorama\"},\"image\":{\"@id\":\"https:\/\/21panorama.com\/#\/schema\/logo\/image\/\"}},{\"@type\":\"Person\",\"@id\":\"https:\/\/21panorama.com\/#\/schema\/person\/1afc291b96d5792a158768324287319f\",\"name\":\"admin\",\"image\":{\"@type\":\"ImageObject\",\"inLanguage\":\"es\",\"@id\":\"https:\/\/21panorama.com\/#\/schema\/person\/image\/\",\"url\":\"https:\/\/secure.gravatar.com\/avatar\/ad365d9d9f46719215b0d042cc3df92a5a8683e09ef13d102233e5491985f0f0?s=96&d=mm&r=g\",\"contentUrl\":\"https:\/\/secure.gravatar.com\/avatar\/ad365d9d9f46719215b0d042cc3df92a5a8683e09ef13d102233e5491985f0f0?s=96&d=mm&r=g\",\"caption\":\"admin\"},\"url\":\"https:\/\/21panorama.com\/index.php\/author\/admin\/\"}]}<\/script>\n<!-- \/ Yoast SEO plugin. -->","yoast_head_json":{"title":"Proponen considerar el contagio de covid como riesgo de trabajo - 21 Panorama","robots":{"index":"index","follow":"follow","max-snippet":"max-snippet:-1","max-image-preview":"max-image-preview:large","max-video-preview":"max-video-preview:-1"},"canonical":"https:\/\/21panorama.com\/index.php\/2021\/10\/27\/proponen-considerar-el-contagio-de-covid-como-riesgo-de-trabajo\/","og_locale":"es_MX","og_type":"article","og_title":"Proponen considerar el contagio de covid como riesgo de trabajo - 21 Panorama","og_description":"Ante los estragos causados por la pandemia de covid-19 en el servicio p\u00fablico mexiquense, el diputado Rigoberto Vargas Cervantes, coordinador parlamentario de Nueva Alianza en el Congreso local, propuso reformas a la Ley de Seguridad Social para los Servidores P\u00fablicos del Estado de M\u00e9xico y Municipios a fin de incluir como riesgo de trabajo el contagio de alguna enfermedad o virus durante una epidemia o pandemia.","og_url":"https:\/\/21panorama.com\/index.php\/2021\/10\/27\/proponen-considerar-el-contagio-de-covid-como-riesgo-de-trabajo\/","og_site_name":"21 Panorama","article_published_time":"2021-10-27T13:04:38+00:00","article_modified_time":"2021-10-27T13:04:39+00:00","og_image":[{"width":1024,"height":683,"url":"https:\/\/21panorama.com\/wp-content\/uploads\/2021\/10\/1c429ce7-0309-4755-a7b6-88b19c9c0555.jpeg","type":"image\/jpeg"}],"author":"admin","twitter_card":"summary_large_image","twitter_misc":{"Escrito por":"admin","Tiempo de lectura":"2 minutos"},"schema":{"@context":"https:\/\/schema.org","@graph":[{"@type":"Article","@id":"https:\/\/21panorama.com\/index.php\/2021\/10\/27\/proponen-considerar-el-contagio-de-covid-como-riesgo-de-trabajo\/#article","isPartOf":{"@id":"https:\/\/21panorama.com\/index.php\/2021\/10\/27\/proponen-considerar-el-contagio-de-covid-como-riesgo-de-trabajo\/"},"author":{"name":"admin","@id":"https:\/\/21panorama.com\/#\/schema\/person\/1afc291b96d5792a158768324287319f"},"headline":"Proponen considerar el contagio de covid como riesgo de trabajo","datePublished":"2021-10-27T13:04:38+00:00","dateModified":"2021-10-27T13:04:39+00:00","mainEntityOfPage":{"@id":"https:\/\/21panorama.com\/index.php\/2021\/10\/27\/proponen-considerar-el-contagio-de-covid-como-riesgo-de-trabajo\/"},"wordCount":302,"commentCount":0,"publisher":{"@id":"https:\/\/21panorama.com\/#organization"},"image":{"@id":"https:\/\/21panorama.com\/index.php\/2021\/10\/27\/proponen-considerar-el-contagio-de-covid-como-riesgo-de-trabajo\/#primaryimage"},"thumbnailUrl":"https:\/\/21panorama.com\/wp-content\/uploads\/2021\/10\/1c429ce7-0309-4755-a7b6-88b19c9c0555.jpeg","keywords":["COVID"],"articleSection":["Ciencia y Salud"],"inLanguage":"es","potentialAction":[{"@type":"CommentAction","name":"Comment","target":["https:\/\/21panorama.com\/index.php\/2021\/10\/27\/proponen-considerar-el-contagio-de-covid-como-riesgo-de-trabajo\/#respond"]}]},{"@type":"WebPage","@id":"https:\/\/21panorama.com\/index.php\/2021\/10\/27\/proponen-considerar-el-contagio-de-covid-como-riesgo-de-trabajo\/","url":"https:\/\/21panorama.com\/index.php\/2021\/10\/27\/proponen-considerar-el-contagio-de-covid-como-riesgo-de-trabajo\/","name":"Proponen considerar el contagio de covid como riesgo de trabajo - 21 Panorama","isPartOf":{"@id":"https:\/\/21panorama.com\/#website"},"primaryImageOfPage":{"@id":"https:\/\/21panorama.com\/index.php\/2021\/10\/27\/proponen-considerar-el-contagio-de-covid-como-riesgo-de-trabajo\/#primaryimage"},"image":{"@id":"https:\/\/21panorama.com\/index.php\/2021\/10\/27\/proponen-considerar-el-contagio-de-covid-como-riesgo-de-trabajo\/#primaryimage"},"thumbnailUrl":"https:\/\/21panorama.com\/wp-content\/uploads\/2021\/10\/1c429ce7-0309-4755-a7b6-88b19c9c0555.jpeg","datePublished":"2021-10-27T13:04:38+00:00","dateModified":"2021-10-27T13:04:39+00:00","breadcrumb":{"@id":"https:\/\/21panorama.com\/index.php\/2021\/10\/27\/proponen-considerar-el-contagio-de-covid-como-riesgo-de-trabajo\/#breadcrumb"},"inLanguage":"es","potentialAction":[{"@type":"ReadAction","target":["https:\/\/21panorama.com\/index.php\/2021\/10\/27\/proponen-considerar-el-contagio-de-covid-como-riesgo-de-trabajo\/"]}]},{"@type":"ImageObject","inLanguage":"es","@id":"https:\/\/21panorama.com\/index.php\/2021\/10\/27\/proponen-considerar-el-contagio-de-covid-como-riesgo-de-trabajo\/#primaryimage","url":"https:\/\/21panorama.com\/wp-content\/uploads\/2021\/10\/1c429ce7-0309-4755-a7b6-88b19c9c0555.jpeg","contentUrl":"https:\/\/21panorama.com\/wp-content\/uploads\/2021\/10\/1c429ce7-0309-4755-a7b6-88b19c9c0555.jpeg","width":1024,"height":683},{"@type":"BreadcrumbList","@id":"https:\/\/21panorama.com\/index.php\/2021\/10\/27\/proponen-considerar-el-contagio-de-covid-como-riesgo-de-trabajo\/#breadcrumb","itemListElement":[{"@type":"ListItem","position":1,"name":"Inicio","item":"https:\/\/21panorama.com\/"},{"@type":"ListItem","position":2,"name":"Proponen considerar el contagio de covid como riesgo de trabajo"}]},{"@type":"WebSite","@id":"https:\/\/21panorama.com\/#website","url":"https:\/\/21panorama.com\/","name":"21 Panorama","description":"La construcci\u00f3n de la opini\u00f3n p\u00fablica merece un mejor Panorama en este siglo 21 para alcanzar una sociedad con mayor transparencia y sin corrupci\u00f3n.","publisher":{"@id":"https:\/\/21panorama.com\/#organization"},"potentialAction":[{"@type":"SearchAction","target":{"@type":"EntryPoint","urlTemplate":"https:\/\/21panorama.com\/?s={search_term_string}"},"query-input":{"@type":"PropertyValueSpecification","valueRequired":true,"valueName":"search_term_string"}}],"inLanguage":"es"},{"@type":"Organization","@id":"https:\/\/21panorama.com\/#organization","name":"21 Panorama","url":"https:\/\/21panorama.com\/","logo":{"@type":"ImageObject","inLanguage":"es","@id":"https:\/\/21panorama.com\/#\/schema\/logo\/image\/","url":"https:\/\/21panorama.com\/wp-content\/uploads\/2019\/07\/cropped-Logo-Panorama-01.jpeg","contentUrl":"https:\/\/21panorama.com\/wp-content\/uploads\/2019\/07\/cropped-Logo-Panorama-01.jpeg","width":290,"height":70,"caption":"21 Panorama"},"image":{"@id":"https:\/\/21panorama.com\/#\/schema\/logo\/image\/"}},{"@type":"Person","@id":"https:\/\/21panorama.com\/#\/schema\/person\/1afc291b96d5792a158768324287319f","name":"admin","image":{"@type":"ImageObject","inLanguage":"es","@id":"https:\/\/21panorama.com\/#\/schema\/person\/image\/","url":"https:\/\/secure.gravatar.com\/avatar\/ad365d9d9f46719215b0d042cc3df92a5a8683e09ef13d102233e5491985f0f0?s=96&d=mm&r=g","contentUrl":"https:\/\/secure.gravatar.com\/avatar\/ad365d9d9f46719215b0d042cc3df92a5a8683e09ef13d102233e5491985f0f0?s=96&d=mm&r=g","caption":"admin"},"url":"https:\/\/21panorama.com\/index.php\/author\/admin\/"}]}},"_links":{"self":[{"href":"https:\/\/21panorama.com\/index.php\/wp-json\/wp\/v2\/posts\/2123","targetHints":{"allow":["GET"]}}],"collection":[{"href":"https:\/\/21panorama.com\/index.php\/wp-json\/wp\/v2\/posts"}],"about":[{"href":"https:\/\/21panorama.com\/index.php\/wp-json\/wp\/v2\/types\/post"}],"author":[{"embeddable":true,"href":"https:\/\/21panorama.com\/index.php\/wp-json\/wp\/v2\/users\/1"}],"replies":[{"embeddable":true,"href":"https:\/\/21panorama.com\/index.php\/wp-json\/wp\/v2\/comments?post=2123"}],"version-history":[{"count":1,"href":"https:\/\/21panorama.com\/index.php\/wp-json\/wp\/v2\/posts\/2123\/revisions"}],"predecessor-version":[{"id":2125,"href":"https:\/\/21panorama.com\/index.php\/wp-json\/wp\/v2\/posts\/2123\/revisions\/2125"}],"wp:featuredmedia":[{"embeddable":true,"href":"https:\/\/21panorama.com\/index.php\/wp-json\/wp\/v2\/media\/2124"}],"wp:attachment":[{"href":"https:\/\/21panorama.com\/index.php\/wp-json\/wp\/v2\/media?parent=2123"}],"wp:term":[{"taxonomy":"category","embeddable":true,"href":"https:\/\/21panorama.com\/index.php\/wp-json\/wp\/v2\/categories?post=2123"},{"taxonomy":"post_tag","embeddable":true,"href":"https:\/\/21panorama.com\/index.php\/wp-json\/wp\/v2\/tags?post=2123"}],"curies":[{"name":"wp","href":"https:\/\/api.w.org\/{rel}","templated":true}]}}