{"id":2106,"date":"2021-10-27T07:52:22","date_gmt":"2021-10-27T12:52:22","guid":{"rendered":"http:\/\/21panorama.com\/?p=2106"},"modified":"2021-10-27T07:52:23","modified_gmt":"2021-10-27T12:52:23","slug":"la-batalla-por-el-campo-es-por-mexico-cardenas-monroy","status":"publish","type":"post","link":"https:\/\/21panorama.com\/index.php\/2021\/10\/27\/la-batalla-por-el-campo-es-por-mexico-cardenas-monroy\/","title":{"rendered":"LA BATALLA POR EL CAMPO ES POR MEXICO: C\u00c1RDENAS MONROY"},"content":{"rendered":"\n<p>En la C\u00e1mara de Diputados se dar\u00e1 la pelea con propuestas viables para el campo que sustenten el desarrollo de la principal actividad econ\u00f3mica del pa\u00eds y la alimentaci\u00f3n de su pueblo.<\/p>\n\n\n\n<p>Expuso lo anterior el diputado federal Gustavo C\u00e1rdenas Monroy al participar en el 58 pleno Agrario Nacional de la Central Campesina Independiente (CCI).<\/p>\n\n\n\n<p>El legislador pri\u00edsta mexiquense destac\u00f3 que si el campo carece de producci\u00f3n \u201cno hay alimentos y no hay progreso por eso vamos a impulsar sus proyectos para el desarrollo del pa\u00eds\u201d.<\/p>\n\n\n\n<p>Ante los productores agrarios llam\u00f3 a mantener la vocaci\u00f3n y el esp\u00edritu de lucha para alcanzar acuerdos que beneficien a los mexicanos, \u201cla CCI ha sido una organizaci\u00f3n muy aguerrida\u201d, destac\u00f3.<\/p>\n\n\n\n<p>Por ello los convoc\u00f3 a que seguir dando la batalla en cada estado de la Rep\u00fablica, en cada ejido y en cada parcela por el bien de M\u00e9xico.<\/p>\n\n\n\n<figure class=\"wp-block-gallery columns-3 is-cropped wp-block-gallery-1 is-layout-flex wp-block-gallery-is-layout-flex\"><ul class=\"blocks-gallery-grid\"><li class=\"blocks-gallery-item\"><figure><img decoding=\"async\" width=\"1024\" height=\"576\" src=\"https:\/\/21panorama.com\/wp-content\/uploads\/2021\/10\/130aafc1-052f-426c-b2b4-0982f305a674.jpeg\" alt=\"\" data-id=\"2108\" data-link=\"https:\/\/21panorama.com\/?attachment_id=2108\" class=\"wp-image-2108\" srcset=\"https:\/\/21panorama.com\/wp-content\/uploads\/2021\/10\/130aafc1-052f-426c-b2b4-0982f305a674.jpeg 1024w, https:\/\/21panorama.com\/wp-content\/uploads\/2021\/10\/130aafc1-052f-426c-b2b4-0982f305a674-300x169.jpeg 300w, https:\/\/21panorama.com\/wp-content\/uploads\/2021\/10\/130aafc1-052f-426c-b2b4-0982f305a674-768x432.jpeg 768w\" sizes=\"(max-width: 1024px) 100vw, 1024px\" \/><\/figure><\/li><li class=\"blocks-gallery-item\"><figure><img decoding=\"async\" width=\"1024\" height=\"576\" src=\"https:\/\/21panorama.com\/wp-content\/uploads\/2021\/10\/4158a471-218a-426c-9c50-f1e7a4473353.jpeg\" alt=\"\" data-id=\"2109\" data-link=\"https:\/\/21panorama.com\/?attachment_id=2109\" class=\"wp-image-2109\" srcset=\"https:\/\/21panorama.com\/wp-content\/uploads\/2021\/10\/4158a471-218a-426c-9c50-f1e7a4473353.jpeg 1024w, https:\/\/21panorama.com\/wp-content\/uploads\/2021\/10\/4158a471-218a-426c-9c50-f1e7a4473353-300x169.jpeg 300w, https:\/\/21panorama.com\/wp-content\/uploads\/2021\/10\/4158a471-218a-426c-9c50-f1e7a4473353-768x432.jpeg 768w\" sizes=\"(max-width: 1024px) 100vw, 1024px\" \/><\/figure><\/li><li class=\"blocks-gallery-item\"><figure><img decoding=\"async\" width=\"1024\" height=\"576\" src=\"https:\/\/21panorama.com\/wp-content\/uploads\/2021\/10\/0c5ff988-de77-429a-8b85-200b5a02f18e.jpeg\" alt=\"\" data-id=\"2110\" data-full-url=\"https:\/\/21panorama.com\/wp-content\/uploads\/2021\/10\/0c5ff988-de77-429a-8b85-200b5a02f18e.jpeg\" data-link=\"https:\/\/21panorama.com\/?attachment_id=2110\" class=\"wp-image-2110\" srcset=\"https:\/\/21panorama.com\/wp-content\/uploads\/2021\/10\/0c5ff988-de77-429a-8b85-200b5a02f18e.jpeg 1024w, https:\/\/21panorama.com\/wp-content\/uploads\/2021\/10\/0c5ff988-de77-429a-8b85-200b5a02f18e-300x169.jpeg 300w, https:\/\/21panorama.com\/wp-content\/uploads\/2021\/10\/0c5ff988-de77-429a-8b85-200b5a02f18e-768x432.jpeg 768w\" sizes=\"(max-width: 1024px) 100vw, 1024px\" \/><\/figure><\/li><\/ul><\/figure>\n","protected":false},"excerpt":{"rendered":"<p>En la C\u00e1mara de Diputados se dar\u00e1 la pelea con propuestas viables para el campo que sustenten el desarrollo de la principal actividad econ\u00f3mica del pa\u00eds y la alimentaci\u00f3n de su pueblo. <\/p>\n","protected":false},"author":1,"featured_media":2107,"comment_status":"open","ping_status":"open","sticky":false,"template":"","format":"standard","meta":{"footnotes":""},"categories":[12],"tags":[190],"class_list":["post-2106","post","type-post","status-publish","format-standard","has-post-thumbnail","hentry","category-politica","tag-campo"],"yoast_head":"<!-- This site is optimized with the Yoast SEO plugin v24.9 - https:\/\/yoast.com\/wordpress\/plugins\/seo\/ -->\n<title>LA BATALLA POR EL CAMPO ES POR MEXICO: C\u00c1RDENAS MONROY - 21 Panorama<\/title>\n<meta name=\"robots\" content=\"index, follow, max-snippet:-1, max-image-preview:large, max-video-preview:-1\" \/>\n<link rel=\"canonical\" href=\"https:\/\/21panorama.com\/index.php\/2021\/10\/27\/la-batalla-por-el-campo-es-por-mexico-cardenas-monroy\/\" \/>\n<meta property=\"og:locale\" content=\"es_MX\" \/>\n<meta property=\"og:type\" content=\"article\" \/>\n<meta property=\"og:title\" content=\"LA BATALLA POR EL CAMPO ES POR MEXICO: C\u00c1RDENAS MONROY - 21 Panorama\" \/>\n<meta property=\"og:description\" content=\"En la C\u00e1mara de Diputados se dar\u00e1 la pelea con propuestas viables para el campo que sustenten el desarrollo de la principal actividad econ\u00f3mica del pa\u00eds y la alimentaci\u00f3n de su pueblo.\" \/>\n<meta property=\"og:url\" content=\"https:\/\/21panorama.com\/index.php\/2021\/10\/27\/la-batalla-por-el-campo-es-por-mexico-cardenas-monroy\/\" \/>\n<meta property=\"og:site_name\" content=\"21 Panorama\" \/>\n<meta property=\"article:published_time\" content=\"2021-10-27T12:52:22+00:00\" \/>\n<meta property=\"article:modified_time\" content=\"2021-10-27T12:52:23+00:00\" \/>\n<meta property=\"og:image\" content=\"https:\/\/21panorama.com\/wp-content\/uploads\/2021\/10\/41ba94b7-823f-423b-a6bb-b8e97f3969c4.jpeg\" \/>\n\t<meta property=\"og:image:width\" content=\"1024\" \/>\n\t<meta property=\"og:image:height\" content=\"576\" \/>\n\t<meta property=\"og:image:type\" content=\"image\/jpeg\" \/>\n<meta name=\"author\" content=\"admin\" \/>\n<meta name=\"twitter:card\" content=\"summary_large_image\" \/>\n<meta name=\"twitter:label1\" content=\"Escrito por\" \/>\n\t<meta name=\"twitter:data1\" content=\"admin\" \/>\n\t<meta name=\"twitter:label2\" content=\"Tiempo de lectura\" \/>\n\t<meta name=\"twitter:data2\" content=\"2 minutos\" \/>\n<script type=\"application\/ld+json\" class=\"yoast-schema-graph\">{\"@context\":\"https:\/\/schema.org\",\"@graph\":[{\"@type\":\"Article\",\"@id\":\"https:\/\/21panorama.com\/index.php\/2021\/10\/27\/la-batalla-por-el-campo-es-por-mexico-cardenas-monroy\/#article\",\"isPartOf\":{\"@id\":\"https:\/\/21panorama.com\/index.php\/2021\/10\/27\/la-batalla-por-el-campo-es-por-mexico-cardenas-monroy\/\"},\"author\":{\"name\":\"admin\",\"@id\":\"https:\/\/21panorama.com\/#\/schema\/person\/1afc291b96d5792a158768324287319f\"},\"headline\":\"LA BATALLA POR EL CAMPO ES POR MEXICO: C\u00c1RDENAS MONROY\",\"datePublished\":\"2021-10-27T12:52:22+00:00\",\"dateModified\":\"2021-10-27T12:52:23+00:00\",\"mainEntityOfPage\":{\"@id\":\"https:\/\/21panorama.com\/index.php\/2021\/10\/27\/la-batalla-por-el-campo-es-por-mexico-cardenas-monroy\/\"},\"wordCount\":168,\"commentCount\":0,\"publisher\":{\"@id\":\"https:\/\/21panorama.com\/#organization\"},\"image\":{\"@id\":\"https:\/\/21panorama.com\/index.php\/2021\/10\/27\/la-batalla-por-el-campo-es-por-mexico-cardenas-monroy\/#primaryimage\"},\"thumbnailUrl\":\"https:\/\/21panorama.com\/wp-content\/uploads\/2021\/10\/41ba94b7-823f-423b-a6bb-b8e97f3969c4.jpeg\",\"keywords\":[\"Campo\"],\"articleSection\":[\"Politica\"],\"inLanguage\":\"es\",\"potentialAction\":[{\"@type\":\"CommentAction\",\"name\":\"Comment\",\"target\":[\"https:\/\/21panorama.com\/index.php\/2021\/10\/27\/la-batalla-por-el-campo-es-por-mexico-cardenas-monroy\/#respond\"]}]},{\"@type\":\"WebPage\",\"@id\":\"https:\/\/21panorama.com\/index.php\/2021\/10\/27\/la-batalla-por-el-campo-es-por-mexico-cardenas-monroy\/\",\"url\":\"https:\/\/21panorama.com\/index.php\/2021\/10\/27\/la-batalla-por-el-campo-es-por-mexico-cardenas-monroy\/\",\"name\":\"LA BATALLA POR EL CAMPO ES POR MEXICO: C\u00c1RDENAS MONROY - 21 Panorama\",\"isPartOf\":{\"@id\":\"https:\/\/21panorama.com\/#website\"},\"primaryImageOfPage\":{\"@id\":\"https:\/\/21panorama.com\/index.php\/2021\/10\/27\/la-batalla-por-el-campo-es-por-mexico-cardenas-monroy\/#primaryimage\"},\"image\":{\"@id\":\"https:\/\/21panorama.com\/index.php\/2021\/10\/27\/la-batalla-por-el-campo-es-por-mexico-cardenas-monroy\/#primaryimage\"},\"thumbnailUrl\":\"https:\/\/21panorama.com\/wp-content\/uploads\/2021\/10\/41ba94b7-823f-423b-a6bb-b8e97f3969c4.jpeg\",\"datePublished\":\"2021-10-27T12:52:22+00:00\",\"dateModified\":\"2021-10-27T12:52:23+00:00\",\"breadcrumb\":{\"@id\":\"https:\/\/21panorama.com\/index.php\/2021\/10\/27\/la-batalla-por-el-campo-es-por-mexico-cardenas-monroy\/#breadcrumb\"},\"inLanguage\":\"es\",\"potentialAction\":[{\"@type\":\"ReadAction\",\"target\":[\"https:\/\/21panorama.com\/index.php\/2021\/10\/27\/la-batalla-por-el-campo-es-por-mexico-cardenas-monroy\/\"]}]},{\"@type\":\"ImageObject\",\"inLanguage\":\"es\",\"@id\":\"https:\/\/21panorama.com\/index.php\/2021\/10\/27\/la-batalla-por-el-campo-es-por-mexico-cardenas-monroy\/#primaryimage\",\"url\":\"https:\/\/21panorama.com\/wp-content\/uploads\/2021\/10\/41ba94b7-823f-423b-a6bb-b8e97f3969c4.jpeg\",\"contentUrl\":\"https:\/\/21panorama.com\/wp-content\/uploads\/2021\/10\/41ba94b7-823f-423b-a6bb-b8e97f3969c4.jpeg\",\"width\":1024,\"height\":576},{\"@type\":\"BreadcrumbList\",\"@id\":\"https:\/\/21panorama.com\/index.php\/2021\/10\/27\/la-batalla-por-el-campo-es-por-mexico-cardenas-monroy\/#breadcrumb\",\"itemListElement\":[{\"@type\":\"ListItem\",\"position\":1,\"name\":\"Inicio\",\"item\":\"https:\/\/21panorama.com\/\"},{\"@type\":\"ListItem\",\"position\":2,\"name\":\"LA BATALLA POR EL CAMPO ES POR MEXICO: C\u00c1RDENAS MONROY\"}]},{\"@type\":\"WebSite\",\"@id\":\"https:\/\/21panorama.com\/#website\",\"url\":\"https:\/\/21panorama.com\/\",\"name\":\"21 Panorama\",\"description\":\"La construcci\u00f3n de la opini\u00f3n p\u00fablica merece un mejor Panorama en este siglo 21 para alcanzar una sociedad con mayor transparencia y sin corrupci\u00f3n.\",\"publisher\":{\"@id\":\"https:\/\/21panorama.com\/#organization\"},\"potentialAction\":[{\"@type\":\"SearchAction\",\"target\":{\"@type\":\"EntryPoint\",\"urlTemplate\":\"https:\/\/21panorama.com\/?s={search_term_string}\"},\"query-input\":{\"@type\":\"PropertyValueSpecification\",\"valueRequired\":true,\"valueName\":\"search_term_string\"}}],\"inLanguage\":\"es\"},{\"@type\":\"Organization\",\"@id\":\"https:\/\/21panorama.com\/#organization\",\"name\":\"21 Panorama\",\"url\":\"https:\/\/21panorama.com\/\",\"logo\":{\"@type\":\"ImageObject\",\"inLanguage\":\"es\",\"@id\":\"https:\/\/21panorama.com\/#\/schema\/logo\/image\/\",\"url\":\"https:\/\/21panorama.com\/wp-content\/uploads\/2019\/07\/cropped-Logo-Panorama-01.jpeg\",\"contentUrl\":\"https:\/\/21panorama.com\/wp-content\/uploads\/2019\/07\/cropped-Logo-Panorama-01.jpeg\",\"width\":290,\"height\":70,\"caption\":\"21 Panorama\"},\"image\":{\"@id\":\"https:\/\/21panorama.com\/#\/schema\/logo\/image\/\"}},{\"@type\":\"Person\",\"@id\":\"https:\/\/21panorama.com\/#\/schema\/person\/1afc291b96d5792a158768324287319f\",\"name\":\"admin\",\"image\":{\"@type\":\"ImageObject\",\"inLanguage\":\"es\",\"@id\":\"https:\/\/21panorama.com\/#\/schema\/person\/image\/\",\"url\":\"https:\/\/secure.gravatar.com\/avatar\/ad365d9d9f46719215b0d042cc3df92a5a8683e09ef13d102233e5491985f0f0?s=96&d=mm&r=g\",\"contentUrl\":\"https:\/\/secure.gravatar.com\/avatar\/ad365d9d9f46719215b0d042cc3df92a5a8683e09ef13d102233e5491985f0f0?s=96&d=mm&r=g\",\"caption\":\"admin\"},\"url\":\"https:\/\/21panorama.com\/index.php\/author\/admin\/\"}]}<\/script>\n<!-- \/ Yoast SEO plugin. -->","yoast_head_json":{"title":"LA BATALLA POR EL CAMPO ES POR MEXICO: C\u00c1RDENAS MONROY - 21 Panorama","robots":{"index":"index","follow":"follow","max-snippet":"max-snippet:-1","max-image-preview":"max-image-preview:large","max-video-preview":"max-video-preview:-1"},"canonical":"https:\/\/21panorama.com\/index.php\/2021\/10\/27\/la-batalla-por-el-campo-es-por-mexico-cardenas-monroy\/","og_locale":"es_MX","og_type":"article","og_title":"LA BATALLA POR EL CAMPO ES POR MEXICO: C\u00c1RDENAS MONROY - 21 Panorama","og_description":"En la C\u00e1mara de Diputados se dar\u00e1 la pelea con propuestas viables para el campo que sustenten el desarrollo de la principal actividad econ\u00f3mica del pa\u00eds y la alimentaci\u00f3n de su pueblo.","og_url":"https:\/\/21panorama.com\/index.php\/2021\/10\/27\/la-batalla-por-el-campo-es-por-mexico-cardenas-monroy\/","og_site_name":"21 Panorama","article_published_time":"2021-10-27T12:52:22+00:00","article_modified_time":"2021-10-27T12:52:23+00:00","og_image":[{"width":1024,"height":576,"url":"https:\/\/21panorama.com\/wp-content\/uploads\/2021\/10\/41ba94b7-823f-423b-a6bb-b8e97f3969c4.jpeg","type":"image\/jpeg"}],"author":"admin","twitter_card":"summary_large_image","twitter_misc":{"Escrito por":"admin","Tiempo de lectura":"2 minutos"},"schema":{"@context":"https:\/\/schema.org","@graph":[{"@type":"Article","@id":"https:\/\/21panorama.com\/index.php\/2021\/10\/27\/la-batalla-por-el-campo-es-por-mexico-cardenas-monroy\/#article","isPartOf":{"@id":"https:\/\/21panorama.com\/index.php\/2021\/10\/27\/la-batalla-por-el-campo-es-por-mexico-cardenas-monroy\/"},"author":{"name":"admin","@id":"https:\/\/21panorama.com\/#\/schema\/person\/1afc291b96d5792a158768324287319f"},"headline":"LA BATALLA POR EL CAMPO ES POR MEXICO: C\u00c1RDENAS MONROY","datePublished":"2021-10-27T12:52:22+00:00","dateModified":"2021-10-27T12:52:23+00:00","mainEntityOfPage":{"@id":"https:\/\/21panorama.com\/index.php\/2021\/10\/27\/la-batalla-por-el-campo-es-por-mexico-cardenas-monroy\/"},"wordCount":168,"commentCount":0,"publisher":{"@id":"https:\/\/21panorama.com\/#organization"},"image":{"@id":"https:\/\/21panorama.com\/index.php\/2021\/10\/27\/la-batalla-por-el-campo-es-por-mexico-cardenas-monroy\/#primaryimage"},"thumbnailUrl":"https:\/\/21panorama.com\/wp-content\/uploads\/2021\/10\/41ba94b7-823f-423b-a6bb-b8e97f3969c4.jpeg","keywords":["Campo"],"articleSection":["Politica"],"inLanguage":"es","potentialAction":[{"@type":"CommentAction","name":"Comment","target":["https:\/\/21panorama.com\/index.php\/2021\/10\/27\/la-batalla-por-el-campo-es-por-mexico-cardenas-monroy\/#respond"]}]},{"@type":"WebPage","@id":"https:\/\/21panorama.com\/index.php\/2021\/10\/27\/la-batalla-por-el-campo-es-por-mexico-cardenas-monroy\/","url":"https:\/\/21panorama.com\/index.php\/2021\/10\/27\/la-batalla-por-el-campo-es-por-mexico-cardenas-monroy\/","name":"LA BATALLA POR EL CAMPO ES POR MEXICO: C\u00c1RDENAS MONROY - 21 Panorama","isPartOf":{"@id":"https:\/\/21panorama.com\/#website"},"primaryImageOfPage":{"@id":"https:\/\/21panorama.com\/index.php\/2021\/10\/27\/la-batalla-por-el-campo-es-por-mexico-cardenas-monroy\/#primaryimage"},"image":{"@id":"https:\/\/21panorama.com\/index.php\/2021\/10\/27\/la-batalla-por-el-campo-es-por-mexico-cardenas-monroy\/#primaryimage"},"thumbnailUrl":"https:\/\/21panorama.com\/wp-content\/uploads\/2021\/10\/41ba94b7-823f-423b-a6bb-b8e97f3969c4.jpeg","datePublished":"2021-10-27T12:52:22+00:00","dateModified":"2021-10-27T12:52:23+00:00","breadcrumb":{"@id":"https:\/\/21panorama.com\/index.php\/2021\/10\/27\/la-batalla-por-el-campo-es-por-mexico-cardenas-monroy\/#breadcrumb"},"inLanguage":"es","potentialAction":[{"@type":"ReadAction","target":["https:\/\/21panorama.com\/index.php\/2021\/10\/27\/la-batalla-por-el-campo-es-por-mexico-cardenas-monroy\/"]}]},{"@type":"ImageObject","inLanguage":"es","@id":"https:\/\/21panorama.com\/index.php\/2021\/10\/27\/la-batalla-por-el-campo-es-por-mexico-cardenas-monroy\/#primaryimage","url":"https:\/\/21panorama.com\/wp-content\/uploads\/2021\/10\/41ba94b7-823f-423b-a6bb-b8e97f3969c4.jpeg","contentUrl":"https:\/\/21panorama.com\/wp-content\/uploads\/2021\/10\/41ba94b7-823f-423b-a6bb-b8e97f3969c4.jpeg","width":1024,"height":576},{"@type":"BreadcrumbList","@id":"https:\/\/21panorama.com\/index.php\/2021\/10\/27\/la-batalla-por-el-campo-es-por-mexico-cardenas-monroy\/#breadcrumb","itemListElement":[{"@type":"ListItem","position":1,"name":"Inicio","item":"https:\/\/21panorama.com\/"},{"@type":"ListItem","position":2,"name":"LA BATALLA POR EL CAMPO ES POR MEXICO: C\u00c1RDENAS MONROY"}]},{"@type":"WebSite","@id":"https:\/\/21panorama.com\/#website","url":"https:\/\/21panorama.com\/","name":"21 Panorama","description":"La construcci\u00f3n de la opini\u00f3n p\u00fablica merece un mejor Panorama en este siglo 21 para alcanzar una sociedad con mayor transparencia y sin corrupci\u00f3n.","publisher":{"@id":"https:\/\/21panorama.com\/#organization"},"potentialAction":[{"@type":"SearchAction","target":{"@type":"EntryPoint","urlTemplate":"https:\/\/21panorama.com\/?s={search_term_string}"},"query-input":{"@type":"PropertyValueSpecification","valueRequired":true,"valueName":"search_term_string"}}],"inLanguage":"es"},{"@type":"Organization","@id":"https:\/\/21panorama.com\/#organization","name":"21 Panorama","url":"https:\/\/21panorama.com\/","logo":{"@type":"ImageObject","inLanguage":"es","@id":"https:\/\/21panorama.com\/#\/schema\/logo\/image\/","url":"https:\/\/21panorama.com\/wp-content\/uploads\/2019\/07\/cropped-Logo-Panorama-01.jpeg","contentUrl":"https:\/\/21panorama.com\/wp-content\/uploads\/2019\/07\/cropped-Logo-Panorama-01.jpeg","width":290,"height":70,"caption":"21 Panorama"},"image":{"@id":"https:\/\/21panorama.com\/#\/schema\/logo\/image\/"}},{"@type":"Person","@id":"https:\/\/21panorama.com\/#\/schema\/person\/1afc291b96d5792a158768324287319f","name":"admin","image":{"@type":"ImageObject","inLanguage":"es","@id":"https:\/\/21panorama.com\/#\/schema\/person\/image\/","url":"https:\/\/secure.gravatar.com\/avatar\/ad365d9d9f46719215b0d042cc3df92a5a8683e09ef13d102233e5491985f0f0?s=96&d=mm&r=g","contentUrl":"https:\/\/secure.gravatar.com\/avatar\/ad365d9d9f46719215b0d042cc3df92a5a8683e09ef13d102233e5491985f0f0?s=96&d=mm&r=g","caption":"admin"},"url":"https:\/\/21panorama.com\/index.php\/author\/admin\/"}]}},"_links":{"self":[{"href":"https:\/\/21panorama.com\/index.php\/wp-json\/wp\/v2\/posts\/2106","targetHints":{"allow":["GET"]}}],"collection":[{"href":"https:\/\/21panorama.com\/index.php\/wp-json\/wp\/v2\/posts"}],"about":[{"href":"https:\/\/21panorama.com\/index.php\/wp-json\/wp\/v2\/types\/post"}],"author":[{"embeddable":true,"href":"https:\/\/21panorama.com\/index.php\/wp-json\/wp\/v2\/users\/1"}],"replies":[{"embeddable":true,"href":"https:\/\/21panorama.com\/index.php\/wp-json\/wp\/v2\/comments?post=2106"}],"version-history":[{"count":1,"href":"https:\/\/21panorama.com\/index.php\/wp-json\/wp\/v2\/posts\/2106\/revisions"}],"predecessor-version":[{"id":2111,"href":"https:\/\/21panorama.com\/index.php\/wp-json\/wp\/v2\/posts\/2106\/revisions\/2111"}],"wp:featuredmedia":[{"embeddable":true,"href":"https:\/\/21panorama.com\/index.php\/wp-json\/wp\/v2\/media\/2107"}],"wp:attachment":[{"href":"https:\/\/21panorama.com\/index.php\/wp-json\/wp\/v2\/media?parent=2106"}],"wp:term":[{"taxonomy":"category","embeddable":true,"href":"https:\/\/21panorama.com\/index.php\/wp-json\/wp\/v2\/categories?post=2106"},{"taxonomy":"post_tag","embeddable":true,"href":"https:\/\/21panorama.com\/index.php\/wp-json\/wp\/v2\/tags?post=2106"}],"curies":[{"name":"wp","href":"https:\/\/api.w.org\/{rel}","templated":true}]}}