{"id":2093,"date":"2021-10-26T13:39:04","date_gmt":"2021-10-26T18:39:04","guid":{"rendered":"http:\/\/21panorama.com\/?p=2093"},"modified":"2021-10-26T13:39:05","modified_gmt":"2021-10-26T18:39:05","slug":"declaran-instalada-la-comision-para-la-igualdad-de-genero","status":"publish","type":"post","link":"https:\/\/21panorama.com\/index.php\/2021\/10\/26\/declaran-instalada-la-comision-para-la-igualdad-de-genero\/","title":{"rendered":"Declaran instalada la Comisi\u00f3n para la Igualdad de G\u00e9nero"},"content":{"rendered":"\n<p>La diputada Paola Jim\u00e9nez Hern\u00e1ndez (PRI) declar\u00f3 la instalaci\u00f3n de la Comisi\u00f3n para la Igualdad de G\u00e9nero de la LXI Legislatura, que pugnar\u00e1 por la autonom\u00eda f\u00edsica, econ\u00f3mica y pol\u00edtica de las mujeres, y llam\u00f3 a las fuerzas pol\u00edticas del Congreso mexiquense a trabajar con este prop\u00f3sito sin prejuicios pol\u00edticos.<br>En presencia de los diputados Maurilio Hern\u00e1ndez Gonz\u00e1lez (Morena), El\u00edas Rescala P\u00e9rez (PRI) y Enrique Vargas del Villar (PAN), presidente y vicepresidentes de la Junta de Coordinaci\u00f3n Pol\u00edtica, respectivamente, as\u00ed como de sus integrantes, la legisladora Mar\u00eda Luisa Mendoza Mondrag\u00f3n (PVEM) y el diputado Mart\u00edn Zepeda Hern\u00e1ndez (MC), Paola Jim\u00e9nez dijo a las mujeres y ni\u00f1as de la entidad que en esta comisi\u00f3n su voz tendr\u00e1 eco y habr\u00e1 compromiso para atender sus demandas.<br>Acompa\u00f1ada de la diputada Ingrid Schemelensky Castro (PAN), la presidenta de esta comisi\u00f3n legislativa tambi\u00e9n ofreci\u00f3 la realizaci\u00f3n de foros regionales y parlamentos para la construcci\u00f3n de una agenda legislativa por los derechos de las mujeres. la igualdad sustantiva y una vida libre de violencia, adem\u00e1s de reconocer que los avances en la materia se deben a la academia, sociedad civil y el movimiento amplio de mujeres.<br>La comisi\u00f3n es integrada por las diputadas Mar\u00eda Elida Castel\u00e1n Mondrag\u00f3n (PRD) y Beatriz Garc\u00eda Villegas (morena) como secretaria y prosecretaria, respectivamente; as\u00ed como por Yesica Yanet Rojas Hern\u00e1ndez, Mar\u00eda del Carmen de la Rosa Mendoza y Alicia Mercado Moreno, de Morena; Alejandra del Moral Vela y Aurora Gonz\u00e1lez Ledezma, del PRI; Miriam Escalona Pi\u00f1a y Martha Amalia Moya Bast\u00f3n, del PAN; Trinidad Franco Arpero (PT), Juana Bonilla Jaime (MC) y M\u00f3nica Miriam Granillo Velazco (NA), mientras que Paloma Cruz Monroy fue designada secretaria t\u00e9cnica.<\/p>\n\n\n\n<figure class=\"wp-block-image size-full\"><img decoding=\"async\" width=\"1024\" height=\"683\" src=\"https:\/\/21panorama.com\/wp-content\/uploads\/2021\/10\/ae162373-8eb8-4fd1-b9f2-33d4833d7582.jpeg\" alt=\"\" class=\"wp-image-2095\" srcset=\"https:\/\/21panorama.com\/wp-content\/uploads\/2021\/10\/ae162373-8eb8-4fd1-b9f2-33d4833d7582.jpeg 1024w, https:\/\/21panorama.com\/wp-content\/uploads\/2021\/10\/ae162373-8eb8-4fd1-b9f2-33d4833d7582-300x200.jpeg 300w, https:\/\/21panorama.com\/wp-content\/uploads\/2021\/10\/ae162373-8eb8-4fd1-b9f2-33d4833d7582-768x512.jpeg 768w\" sizes=\"(max-width: 1024px) 100vw, 1024px\" \/><\/figure>\n","protected":false},"excerpt":{"rendered":"<p>La diputada Paola Jim\u00e9nez Hern\u00e1ndez (PRI) declar\u00f3 la instalaci\u00f3n de la Comisi\u00f3n para la Igualdad de G\u00e9nero de la LXI Legislatura, que pugnar\u00e1 por la autonom\u00eda f\u00edsica, econ\u00f3mica y pol\u00edtica de las mujeres, y llam\u00f3 a las fuerzas pol\u00edticas del Congreso mexiquense a trabajar con este prop\u00f3sito sin prejuicios pol\u00edticos. <\/p>\n","protected":false},"author":1,"featured_media":2094,"comment_status":"open","ping_status":"open","sticky":false,"template":"","format":"standard","meta":{"footnotes":""},"categories":[1],"tags":[167],"class_list":["post-2093","post","type-post","status-publish","format-standard","has-post-thumbnail","hentry","category-sociedad","tag-comision"],"yoast_head":"<!-- This site is optimized with the Yoast SEO plugin v24.9 - https:\/\/yoast.com\/wordpress\/plugins\/seo\/ -->\n<title>Declaran instalada la Comisi\u00f3n para la Igualdad de G\u00e9nero - 21 Panorama<\/title>\n<meta name=\"robots\" content=\"index, follow, max-snippet:-1, max-image-preview:large, max-video-preview:-1\" \/>\n<link rel=\"canonical\" href=\"https:\/\/21panorama.com\/index.php\/2021\/10\/26\/declaran-instalada-la-comision-para-la-igualdad-de-genero\/\" \/>\n<meta property=\"og:locale\" content=\"es_MX\" \/>\n<meta property=\"og:type\" content=\"article\" \/>\n<meta property=\"og:title\" content=\"Declaran instalada la Comisi\u00f3n para la Igualdad de G\u00e9nero - 21 Panorama\" \/>\n<meta property=\"og:description\" content=\"La diputada Paola Jim\u00e9nez Hern\u00e1ndez (PRI) declar\u00f3 la instalaci\u00f3n de la Comisi\u00f3n para la Igualdad de G\u00e9nero de la LXI Legislatura, que pugnar\u00e1 por la autonom\u00eda f\u00edsica, econ\u00f3mica y pol\u00edtica de las mujeres, y llam\u00f3 a las fuerzas pol\u00edticas del Congreso mexiquense a trabajar con este prop\u00f3sito sin prejuicios pol\u00edticos.\" \/>\n<meta property=\"og:url\" content=\"https:\/\/21panorama.com\/index.php\/2021\/10\/26\/declaran-instalada-la-comision-para-la-igualdad-de-genero\/\" \/>\n<meta property=\"og:site_name\" content=\"21 Panorama\" \/>\n<meta property=\"article:published_time\" content=\"2021-10-26T18:39:04+00:00\" \/>\n<meta property=\"article:modified_time\" content=\"2021-10-26T18:39:05+00:00\" \/>\n<meta property=\"og:image\" content=\"https:\/\/21panorama.com\/wp-content\/uploads\/2021\/10\/f6bce14b-5354-4bf3-ba57-ccc80d2ecf04.jpeg\" \/>\n\t<meta property=\"og:image:width\" content=\"1024\" \/>\n\t<meta property=\"og:image:height\" content=\"683\" \/>\n\t<meta property=\"og:image:type\" content=\"image\/jpeg\" \/>\n<meta name=\"author\" content=\"admin\" \/>\n<meta name=\"twitter:card\" content=\"summary_large_image\" \/>\n<meta name=\"twitter:label1\" content=\"Escrito por\" \/>\n\t<meta name=\"twitter:data1\" content=\"admin\" \/>\n\t<meta name=\"twitter:label2\" content=\"Tiempo de lectura\" \/>\n\t<meta name=\"twitter:data2\" content=\"2 minutos\" \/>\n<script type=\"application\/ld+json\" class=\"yoast-schema-graph\">{\"@context\":\"https:\/\/schema.org\",\"@graph\":[{\"@type\":\"Article\",\"@id\":\"https:\/\/21panorama.com\/index.php\/2021\/10\/26\/declaran-instalada-la-comision-para-la-igualdad-de-genero\/#article\",\"isPartOf\":{\"@id\":\"https:\/\/21panorama.com\/index.php\/2021\/10\/26\/declaran-instalada-la-comision-para-la-igualdad-de-genero\/\"},\"author\":{\"name\":\"admin\",\"@id\":\"https:\/\/21panorama.com\/#\/schema\/person\/1afc291b96d5792a158768324287319f\"},\"headline\":\"Declaran instalada la Comisi\u00f3n para la Igualdad de G\u00e9nero\",\"datePublished\":\"2021-10-26T18:39:04+00:00\",\"dateModified\":\"2021-10-26T18:39:05+00:00\",\"mainEntityOfPage\":{\"@id\":\"https:\/\/21panorama.com\/index.php\/2021\/10\/26\/declaran-instalada-la-comision-para-la-igualdad-de-genero\/\"},\"wordCount\":330,\"commentCount\":0,\"publisher\":{\"@id\":\"https:\/\/21panorama.com\/#organization\"},\"image\":{\"@id\":\"https:\/\/21panorama.com\/index.php\/2021\/10\/26\/declaran-instalada-la-comision-para-la-igualdad-de-genero\/#primaryimage\"},\"thumbnailUrl\":\"https:\/\/21panorama.com\/wp-content\/uploads\/2021\/10\/f6bce14b-5354-4bf3-ba57-ccc80d2ecf04.jpeg\",\"keywords\":[\"comisi\u00f3n\"],\"articleSection\":[\"Sociedad\"],\"inLanguage\":\"es\",\"potentialAction\":[{\"@type\":\"CommentAction\",\"name\":\"Comment\",\"target\":[\"https:\/\/21panorama.com\/index.php\/2021\/10\/26\/declaran-instalada-la-comision-para-la-igualdad-de-genero\/#respond\"]}]},{\"@type\":\"WebPage\",\"@id\":\"https:\/\/21panorama.com\/index.php\/2021\/10\/26\/declaran-instalada-la-comision-para-la-igualdad-de-genero\/\",\"url\":\"https:\/\/21panorama.com\/index.php\/2021\/10\/26\/declaran-instalada-la-comision-para-la-igualdad-de-genero\/\",\"name\":\"Declaran instalada la Comisi\u00f3n para la Igualdad de G\u00e9nero - 21 Panorama\",\"isPartOf\":{\"@id\":\"https:\/\/21panorama.com\/#website\"},\"primaryImageOfPage\":{\"@id\":\"https:\/\/21panorama.com\/index.php\/2021\/10\/26\/declaran-instalada-la-comision-para-la-igualdad-de-genero\/#primaryimage\"},\"image\":{\"@id\":\"https:\/\/21panorama.com\/index.php\/2021\/10\/26\/declaran-instalada-la-comision-para-la-igualdad-de-genero\/#primaryimage\"},\"thumbnailUrl\":\"https:\/\/21panorama.com\/wp-content\/uploads\/2021\/10\/f6bce14b-5354-4bf3-ba57-ccc80d2ecf04.jpeg\",\"datePublished\":\"2021-10-26T18:39:04+00:00\",\"dateModified\":\"2021-10-26T18:39:05+00:00\",\"breadcrumb\":{\"@id\":\"https:\/\/21panorama.com\/index.php\/2021\/10\/26\/declaran-instalada-la-comision-para-la-igualdad-de-genero\/#breadcrumb\"},\"inLanguage\":\"es\",\"potentialAction\":[{\"@type\":\"ReadAction\",\"target\":[\"https:\/\/21panorama.com\/index.php\/2021\/10\/26\/declaran-instalada-la-comision-para-la-igualdad-de-genero\/\"]}]},{\"@type\":\"ImageObject\",\"inLanguage\":\"es\",\"@id\":\"https:\/\/21panorama.com\/index.php\/2021\/10\/26\/declaran-instalada-la-comision-para-la-igualdad-de-genero\/#primaryimage\",\"url\":\"https:\/\/21panorama.com\/wp-content\/uploads\/2021\/10\/f6bce14b-5354-4bf3-ba57-ccc80d2ecf04.jpeg\",\"contentUrl\":\"https:\/\/21panorama.com\/wp-content\/uploads\/2021\/10\/f6bce14b-5354-4bf3-ba57-ccc80d2ecf04.jpeg\",\"width\":1024,\"height\":683},{\"@type\":\"BreadcrumbList\",\"@id\":\"https:\/\/21panorama.com\/index.php\/2021\/10\/26\/declaran-instalada-la-comision-para-la-igualdad-de-genero\/#breadcrumb\",\"itemListElement\":[{\"@type\":\"ListItem\",\"position\":1,\"name\":\"Inicio\",\"item\":\"https:\/\/21panorama.com\/\"},{\"@type\":\"ListItem\",\"position\":2,\"name\":\"Declaran instalada la Comisi\u00f3n para la Igualdad de G\u00e9nero\"}]},{\"@type\":\"WebSite\",\"@id\":\"https:\/\/21panorama.com\/#website\",\"url\":\"https:\/\/21panorama.com\/\",\"name\":\"21 Panorama\",\"description\":\"La construcci\u00f3n de la opini\u00f3n p\u00fablica merece un mejor Panorama en este siglo 21 para alcanzar una sociedad con mayor transparencia y sin corrupci\u00f3n.\",\"publisher\":{\"@id\":\"https:\/\/21panorama.com\/#organization\"},\"potentialAction\":[{\"@type\":\"SearchAction\",\"target\":{\"@type\":\"EntryPoint\",\"urlTemplate\":\"https:\/\/21panorama.com\/?s={search_term_string}\"},\"query-input\":{\"@type\":\"PropertyValueSpecification\",\"valueRequired\":true,\"valueName\":\"search_term_string\"}}],\"inLanguage\":\"es\"},{\"@type\":\"Organization\",\"@id\":\"https:\/\/21panorama.com\/#organization\",\"name\":\"21 Panorama\",\"url\":\"https:\/\/21panorama.com\/\",\"logo\":{\"@type\":\"ImageObject\",\"inLanguage\":\"es\",\"@id\":\"https:\/\/21panorama.com\/#\/schema\/logo\/image\/\",\"url\":\"https:\/\/21panorama.com\/wp-content\/uploads\/2019\/07\/cropped-Logo-Panorama-01.jpeg\",\"contentUrl\":\"https:\/\/21panorama.com\/wp-content\/uploads\/2019\/07\/cropped-Logo-Panorama-01.jpeg\",\"width\":290,\"height\":70,\"caption\":\"21 Panorama\"},\"image\":{\"@id\":\"https:\/\/21panorama.com\/#\/schema\/logo\/image\/\"}},{\"@type\":\"Person\",\"@id\":\"https:\/\/21panorama.com\/#\/schema\/person\/1afc291b96d5792a158768324287319f\",\"name\":\"admin\",\"image\":{\"@type\":\"ImageObject\",\"inLanguage\":\"es\",\"@id\":\"https:\/\/21panorama.com\/#\/schema\/person\/image\/\",\"url\":\"https:\/\/secure.gravatar.com\/avatar\/ad365d9d9f46719215b0d042cc3df92a5a8683e09ef13d102233e5491985f0f0?s=96&d=mm&r=g\",\"contentUrl\":\"https:\/\/secure.gravatar.com\/avatar\/ad365d9d9f46719215b0d042cc3df92a5a8683e09ef13d102233e5491985f0f0?s=96&d=mm&r=g\",\"caption\":\"admin\"},\"url\":\"https:\/\/21panorama.com\/index.php\/author\/admin\/\"}]}<\/script>\n<!-- \/ Yoast SEO plugin. -->","yoast_head_json":{"title":"Declaran instalada la Comisi\u00f3n para la Igualdad de G\u00e9nero - 21 Panorama","robots":{"index":"index","follow":"follow","max-snippet":"max-snippet:-1","max-image-preview":"max-image-preview:large","max-video-preview":"max-video-preview:-1"},"canonical":"https:\/\/21panorama.com\/index.php\/2021\/10\/26\/declaran-instalada-la-comision-para-la-igualdad-de-genero\/","og_locale":"es_MX","og_type":"article","og_title":"Declaran instalada la Comisi\u00f3n para la Igualdad de G\u00e9nero - 21 Panorama","og_description":"La diputada Paola Jim\u00e9nez Hern\u00e1ndez (PRI) declar\u00f3 la instalaci\u00f3n de la Comisi\u00f3n para la Igualdad de G\u00e9nero de la LXI Legislatura, que pugnar\u00e1 por la autonom\u00eda f\u00edsica, econ\u00f3mica y pol\u00edtica de las mujeres, y llam\u00f3 a las fuerzas pol\u00edticas del Congreso mexiquense a trabajar con este prop\u00f3sito sin prejuicios pol\u00edticos.","og_url":"https:\/\/21panorama.com\/index.php\/2021\/10\/26\/declaran-instalada-la-comision-para-la-igualdad-de-genero\/","og_site_name":"21 Panorama","article_published_time":"2021-10-26T18:39:04+00:00","article_modified_time":"2021-10-26T18:39:05+00:00","og_image":[{"width":1024,"height":683,"url":"https:\/\/21panorama.com\/wp-content\/uploads\/2021\/10\/f6bce14b-5354-4bf3-ba57-ccc80d2ecf04.jpeg","type":"image\/jpeg"}],"author":"admin","twitter_card":"summary_large_image","twitter_misc":{"Escrito por":"admin","Tiempo de lectura":"2 minutos"},"schema":{"@context":"https:\/\/schema.org","@graph":[{"@type":"Article","@id":"https:\/\/21panorama.com\/index.php\/2021\/10\/26\/declaran-instalada-la-comision-para-la-igualdad-de-genero\/#article","isPartOf":{"@id":"https:\/\/21panorama.com\/index.php\/2021\/10\/26\/declaran-instalada-la-comision-para-la-igualdad-de-genero\/"},"author":{"name":"admin","@id":"https:\/\/21panorama.com\/#\/schema\/person\/1afc291b96d5792a158768324287319f"},"headline":"Declaran instalada la Comisi\u00f3n para la Igualdad de G\u00e9nero","datePublished":"2021-10-26T18:39:04+00:00","dateModified":"2021-10-26T18:39:05+00:00","mainEntityOfPage":{"@id":"https:\/\/21panorama.com\/index.php\/2021\/10\/26\/declaran-instalada-la-comision-para-la-igualdad-de-genero\/"},"wordCount":330,"commentCount":0,"publisher":{"@id":"https:\/\/21panorama.com\/#organization"},"image":{"@id":"https:\/\/21panorama.com\/index.php\/2021\/10\/26\/declaran-instalada-la-comision-para-la-igualdad-de-genero\/#primaryimage"},"thumbnailUrl":"https:\/\/21panorama.com\/wp-content\/uploads\/2021\/10\/f6bce14b-5354-4bf3-ba57-ccc80d2ecf04.jpeg","keywords":["comisi\u00f3n"],"articleSection":["Sociedad"],"inLanguage":"es","potentialAction":[{"@type":"CommentAction","name":"Comment","target":["https:\/\/21panorama.com\/index.php\/2021\/10\/26\/declaran-instalada-la-comision-para-la-igualdad-de-genero\/#respond"]}]},{"@type":"WebPage","@id":"https:\/\/21panorama.com\/index.php\/2021\/10\/26\/declaran-instalada-la-comision-para-la-igualdad-de-genero\/","url":"https:\/\/21panorama.com\/index.php\/2021\/10\/26\/declaran-instalada-la-comision-para-la-igualdad-de-genero\/","name":"Declaran instalada la Comisi\u00f3n para la Igualdad de G\u00e9nero - 21 Panorama","isPartOf":{"@id":"https:\/\/21panorama.com\/#website"},"primaryImageOfPage":{"@id":"https:\/\/21panorama.com\/index.php\/2021\/10\/26\/declaran-instalada-la-comision-para-la-igualdad-de-genero\/#primaryimage"},"image":{"@id":"https:\/\/21panorama.com\/index.php\/2021\/10\/26\/declaran-instalada-la-comision-para-la-igualdad-de-genero\/#primaryimage"},"thumbnailUrl":"https:\/\/21panorama.com\/wp-content\/uploads\/2021\/10\/f6bce14b-5354-4bf3-ba57-ccc80d2ecf04.jpeg","datePublished":"2021-10-26T18:39:04+00:00","dateModified":"2021-10-26T18:39:05+00:00","breadcrumb":{"@id":"https:\/\/21panorama.com\/index.php\/2021\/10\/26\/declaran-instalada-la-comision-para-la-igualdad-de-genero\/#breadcrumb"},"inLanguage":"es","potentialAction":[{"@type":"ReadAction","target":["https:\/\/21panorama.com\/index.php\/2021\/10\/26\/declaran-instalada-la-comision-para-la-igualdad-de-genero\/"]}]},{"@type":"ImageObject","inLanguage":"es","@id":"https:\/\/21panorama.com\/index.php\/2021\/10\/26\/declaran-instalada-la-comision-para-la-igualdad-de-genero\/#primaryimage","url":"https:\/\/21panorama.com\/wp-content\/uploads\/2021\/10\/f6bce14b-5354-4bf3-ba57-ccc80d2ecf04.jpeg","contentUrl":"https:\/\/21panorama.com\/wp-content\/uploads\/2021\/10\/f6bce14b-5354-4bf3-ba57-ccc80d2ecf04.jpeg","width":1024,"height":683},{"@type":"BreadcrumbList","@id":"https:\/\/21panorama.com\/index.php\/2021\/10\/26\/declaran-instalada-la-comision-para-la-igualdad-de-genero\/#breadcrumb","itemListElement":[{"@type":"ListItem","position":1,"name":"Inicio","item":"https:\/\/21panorama.com\/"},{"@type":"ListItem","position":2,"name":"Declaran instalada la Comisi\u00f3n para la Igualdad de G\u00e9nero"}]},{"@type":"WebSite","@id":"https:\/\/21panorama.com\/#website","url":"https:\/\/21panorama.com\/","name":"21 Panorama","description":"La construcci\u00f3n de la opini\u00f3n p\u00fablica merece un mejor Panorama en este siglo 21 para alcanzar una sociedad con mayor transparencia y sin corrupci\u00f3n.","publisher":{"@id":"https:\/\/21panorama.com\/#organization"},"potentialAction":[{"@type":"SearchAction","target":{"@type":"EntryPoint","urlTemplate":"https:\/\/21panorama.com\/?s={search_term_string}"},"query-input":{"@type":"PropertyValueSpecification","valueRequired":true,"valueName":"search_term_string"}}],"inLanguage":"es"},{"@type":"Organization","@id":"https:\/\/21panorama.com\/#organization","name":"21 Panorama","url":"https:\/\/21panorama.com\/","logo":{"@type":"ImageObject","inLanguage":"es","@id":"https:\/\/21panorama.com\/#\/schema\/logo\/image\/","url":"https:\/\/21panorama.com\/wp-content\/uploads\/2019\/07\/cropped-Logo-Panorama-01.jpeg","contentUrl":"https:\/\/21panorama.com\/wp-content\/uploads\/2019\/07\/cropped-Logo-Panorama-01.jpeg","width":290,"height":70,"caption":"21 Panorama"},"image":{"@id":"https:\/\/21panorama.com\/#\/schema\/logo\/image\/"}},{"@type":"Person","@id":"https:\/\/21panorama.com\/#\/schema\/person\/1afc291b96d5792a158768324287319f","name":"admin","image":{"@type":"ImageObject","inLanguage":"es","@id":"https:\/\/21panorama.com\/#\/schema\/person\/image\/","url":"https:\/\/secure.gravatar.com\/avatar\/ad365d9d9f46719215b0d042cc3df92a5a8683e09ef13d102233e5491985f0f0?s=96&d=mm&r=g","contentUrl":"https:\/\/secure.gravatar.com\/avatar\/ad365d9d9f46719215b0d042cc3df92a5a8683e09ef13d102233e5491985f0f0?s=96&d=mm&r=g","caption":"admin"},"url":"https:\/\/21panorama.com\/index.php\/author\/admin\/"}]}},"_links":{"self":[{"href":"https:\/\/21panorama.com\/index.php\/wp-json\/wp\/v2\/posts\/2093","targetHints":{"allow":["GET"]}}],"collection":[{"href":"https:\/\/21panorama.com\/index.php\/wp-json\/wp\/v2\/posts"}],"about":[{"href":"https:\/\/21panorama.com\/index.php\/wp-json\/wp\/v2\/types\/post"}],"author":[{"embeddable":true,"href":"https:\/\/21panorama.com\/index.php\/wp-json\/wp\/v2\/users\/1"}],"replies":[{"embeddable":true,"href":"https:\/\/21panorama.com\/index.php\/wp-json\/wp\/v2\/comments?post=2093"}],"version-history":[{"count":1,"href":"https:\/\/21panorama.com\/index.php\/wp-json\/wp\/v2\/posts\/2093\/revisions"}],"predecessor-version":[{"id":2096,"href":"https:\/\/21panorama.com\/index.php\/wp-json\/wp\/v2\/posts\/2093\/revisions\/2096"}],"wp:featuredmedia":[{"embeddable":true,"href":"https:\/\/21panorama.com\/index.php\/wp-json\/wp\/v2\/media\/2094"}],"wp:attachment":[{"href":"https:\/\/21panorama.com\/index.php\/wp-json\/wp\/v2\/media?parent=2093"}],"wp:term":[{"taxonomy":"category","embeddable":true,"href":"https:\/\/21panorama.com\/index.php\/wp-json\/wp\/v2\/categories?post=2093"},{"taxonomy":"post_tag","embeddable":true,"href":"https:\/\/21panorama.com\/index.php\/wp-json\/wp\/v2\/tags?post=2093"}],"curies":[{"name":"wp","href":"https:\/\/api.w.org\/{rel}","templated":true}]}}