{"id":2082,"date":"2021-10-26T13:23:55","date_gmt":"2021-10-26T18:23:55","guid":{"rendered":"http:\/\/21panorama.com\/?p=2082"},"modified":"2021-10-26T13:23:59","modified_gmt":"2021-10-26T18:23:59","slug":"la-unam-le-responde-a-amlo","status":"publish","type":"post","link":"https:\/\/21panorama.com\/index.php\/2021\/10\/26\/la-unam-le-responde-a-amlo\/","title":{"rendered":"LA UNAM LE RESPONDE A AMLO"},"content":{"rendered":"\n<p>Por tercera vez el Presidente L\u00f3pez Obrador atac\u00f3 a la UNAM con descalificaciones duras por ser individualista y neoliberal. Ante ello con singular estilo la M\u00e1xima Casa de Estudios lo desminti\u00f3 de pies a cabeza.<\/p>\n\n\n\n<p>En su Gaceta UNAM, editada este 25 de octubre, se describe de cuerpo entero y sin temor a llevarle la contraria a un pol\u00edtico que pretende el pensamiento \u00fanico, digno solo de los gobiernos autoritarios.<\/p>\n\n\n\n<p>Al interior de la Gaceta UNAM tambi\u00e9n se exhibe una carta escrita desde el pasado 22 de octubre cuando Lopez Obrador comenz\u00f3 a descalificarlos.<\/p>\n\n\n\n<figure class=\"wp-block-embed\"><div class=\"wp-block-embed__wrapper\">\nhttps:\/\/www.gaceta.unam.mx\/wp-content\/uploads\/2021\/10\/211025.pdf\n<\/div><\/figure>\n\n\n\n<figure class=\"wp-block-image size-large\"><img decoding=\"async\" width=\"710\" height=\"1024\" src=\"https:\/\/21panorama.com\/wp-content\/uploads\/2021\/10\/af28401c-a00f-4516-afee-fcfb2041bbc6-1-710x1024.jpeg\" alt=\"\" class=\"wp-image-2084\" srcset=\"https:\/\/21panorama.com\/wp-content\/uploads\/2021\/10\/af28401c-a00f-4516-afee-fcfb2041bbc6-1-710x1024.jpeg 710w, https:\/\/21panorama.com\/wp-content\/uploads\/2021\/10\/af28401c-a00f-4516-afee-fcfb2041bbc6-1-208x300.jpeg 208w, https:\/\/21panorama.com\/wp-content\/uploads\/2021\/10\/af28401c-a00f-4516-afee-fcfb2041bbc6-1-768x1108.jpeg 768w, https:\/\/21panorama.com\/wp-content\/uploads\/2021\/10\/af28401c-a00f-4516-afee-fcfb2041bbc6-1.jpeg 777w\" sizes=\"(max-width: 710px) 100vw, 710px\" \/><\/figure>\n","protected":false},"excerpt":{"rendered":"<p>Por tercera vez el Presidente L\u00f3pez Obrador atac\u00f3 a la UNAM con descalificaciones duras por ser individualista y neoliberal. Ante ello con singular estilo la M\u00e1xima Casa de Estudios lo desminti\u00f3 de pies a cabeza.  <\/p>\n","protected":false},"author":1,"featured_media":2083,"comment_status":"open","ping_status":"open","sticky":false,"template":"","format":"standard","meta":{"footnotes":""},"categories":[1],"tags":[187,186],"class_list":["post-2082","post","type-post","status-publish","format-standard","has-post-thumbnail","hentry","category-sociedad","tag-amlo","tag-unam"],"yoast_head":"<!-- This site is optimized with the Yoast SEO plugin v24.9 - https:\/\/yoast.com\/wordpress\/plugins\/seo\/ -->\n<title>LA UNAM LE RESPONDE A AMLO - 21 Panorama<\/title>\n<meta name=\"robots\" content=\"index, follow, max-snippet:-1, max-image-preview:large, max-video-preview:-1\" \/>\n<link rel=\"canonical\" href=\"https:\/\/21panorama.com\/index.php\/2021\/10\/26\/la-unam-le-responde-a-amlo\/\" \/>\n<meta property=\"og:locale\" content=\"es_MX\" \/>\n<meta property=\"og:type\" content=\"article\" \/>\n<meta property=\"og:title\" content=\"LA UNAM LE RESPONDE A AMLO - 21 Panorama\" \/>\n<meta property=\"og:description\" content=\"Por tercera vez el Presidente L\u00f3pez Obrador atac\u00f3 a la UNAM con descalificaciones duras por ser individualista y neoliberal. Ante ello con singular estilo la M\u00e1xima Casa de Estudios lo desminti\u00f3 de pies a cabeza.\" \/>\n<meta property=\"og:url\" content=\"https:\/\/21panorama.com\/index.php\/2021\/10\/26\/la-unam-le-responde-a-amlo\/\" \/>\n<meta property=\"og:site_name\" content=\"21 Panorama\" \/>\n<meta property=\"article:published_time\" content=\"2021-10-26T18:23:55+00:00\" \/>\n<meta property=\"article:modified_time\" content=\"2021-10-26T18:23:59+00:00\" \/>\n<meta property=\"og:image\" content=\"https:\/\/21panorama.com\/wp-content\/uploads\/2021\/10\/3682c3b6-be97-4431-995c-8e833a5211f5-1.jpeg\" \/>\n\t<meta property=\"og:image:width\" content=\"809\" \/>\n\t<meta property=\"og:image:height\" content=\"1149\" \/>\n\t<meta property=\"og:image:type\" content=\"image\/jpeg\" \/>\n<meta name=\"author\" content=\"admin\" \/>\n<meta name=\"twitter:card\" content=\"summary_large_image\" \/>\n<meta name=\"twitter:label1\" content=\"Escrito por\" \/>\n\t<meta name=\"twitter:data1\" content=\"admin\" \/>\n\t<meta name=\"twitter:label2\" content=\"Tiempo de lectura\" \/>\n\t<meta name=\"twitter:data2\" content=\"1 minuto\" \/>\n<script type=\"application\/ld+json\" class=\"yoast-schema-graph\">{\"@context\":\"https:\/\/schema.org\",\"@graph\":[{\"@type\":\"Article\",\"@id\":\"https:\/\/21panorama.com\/index.php\/2021\/10\/26\/la-unam-le-responde-a-amlo\/#article\",\"isPartOf\":{\"@id\":\"https:\/\/21panorama.com\/index.php\/2021\/10\/26\/la-unam-le-responde-a-amlo\/\"},\"author\":{\"name\":\"admin\",\"@id\":\"https:\/\/21panorama.com\/#\/schema\/person\/1afc291b96d5792a158768324287319f\"},\"headline\":\"LA UNAM LE RESPONDE A AMLO\",\"datePublished\":\"2021-10-26T18:23:55+00:00\",\"dateModified\":\"2021-10-26T18:23:59+00:00\",\"mainEntityOfPage\":{\"@id\":\"https:\/\/21panorama.com\/index.php\/2021\/10\/26\/la-unam-le-responde-a-amlo\/\"},\"wordCount\":110,\"commentCount\":0,\"publisher\":{\"@id\":\"https:\/\/21panorama.com\/#organization\"},\"image\":{\"@id\":\"https:\/\/21panorama.com\/index.php\/2021\/10\/26\/la-unam-le-responde-a-amlo\/#primaryimage\"},\"thumbnailUrl\":\"https:\/\/21panorama.com\/wp-content\/uploads\/2021\/10\/3682c3b6-be97-4431-995c-8e833a5211f5-1.jpeg\",\"keywords\":[\"AMLO\",\"UNAM\"],\"articleSection\":[\"Sociedad\"],\"inLanguage\":\"es\",\"potentialAction\":[{\"@type\":\"CommentAction\",\"name\":\"Comment\",\"target\":[\"https:\/\/21panorama.com\/index.php\/2021\/10\/26\/la-unam-le-responde-a-amlo\/#respond\"]}]},{\"@type\":\"WebPage\",\"@id\":\"https:\/\/21panorama.com\/index.php\/2021\/10\/26\/la-unam-le-responde-a-amlo\/\",\"url\":\"https:\/\/21panorama.com\/index.php\/2021\/10\/26\/la-unam-le-responde-a-amlo\/\",\"name\":\"LA UNAM LE RESPONDE A AMLO - 21 Panorama\",\"isPartOf\":{\"@id\":\"https:\/\/21panorama.com\/#website\"},\"primaryImageOfPage\":{\"@id\":\"https:\/\/21panorama.com\/index.php\/2021\/10\/26\/la-unam-le-responde-a-amlo\/#primaryimage\"},\"image\":{\"@id\":\"https:\/\/21panorama.com\/index.php\/2021\/10\/26\/la-unam-le-responde-a-amlo\/#primaryimage\"},\"thumbnailUrl\":\"https:\/\/21panorama.com\/wp-content\/uploads\/2021\/10\/3682c3b6-be97-4431-995c-8e833a5211f5-1.jpeg\",\"datePublished\":\"2021-10-26T18:23:55+00:00\",\"dateModified\":\"2021-10-26T18:23:59+00:00\",\"breadcrumb\":{\"@id\":\"https:\/\/21panorama.com\/index.php\/2021\/10\/26\/la-unam-le-responde-a-amlo\/#breadcrumb\"},\"inLanguage\":\"es\",\"potentialAction\":[{\"@type\":\"ReadAction\",\"target\":[\"https:\/\/21panorama.com\/index.php\/2021\/10\/26\/la-unam-le-responde-a-amlo\/\"]}]},{\"@type\":\"ImageObject\",\"inLanguage\":\"es\",\"@id\":\"https:\/\/21panorama.com\/index.php\/2021\/10\/26\/la-unam-le-responde-a-amlo\/#primaryimage\",\"url\":\"https:\/\/21panorama.com\/wp-content\/uploads\/2021\/10\/3682c3b6-be97-4431-995c-8e833a5211f5-1.jpeg\",\"contentUrl\":\"https:\/\/21panorama.com\/wp-content\/uploads\/2021\/10\/3682c3b6-be97-4431-995c-8e833a5211f5-1.jpeg\",\"width\":809,\"height\":1149},{\"@type\":\"BreadcrumbList\",\"@id\":\"https:\/\/21panorama.com\/index.php\/2021\/10\/26\/la-unam-le-responde-a-amlo\/#breadcrumb\",\"itemListElement\":[{\"@type\":\"ListItem\",\"position\":1,\"name\":\"Inicio\",\"item\":\"https:\/\/21panorama.com\/\"},{\"@type\":\"ListItem\",\"position\":2,\"name\":\"LA UNAM LE RESPONDE A AMLO\"}]},{\"@type\":\"WebSite\",\"@id\":\"https:\/\/21panorama.com\/#website\",\"url\":\"https:\/\/21panorama.com\/\",\"name\":\"21 Panorama\",\"description\":\"La construcci\u00f3n de la opini\u00f3n p\u00fablica merece un mejor Panorama en este siglo 21 para alcanzar una sociedad con mayor transparencia y sin corrupci\u00f3n.\",\"publisher\":{\"@id\":\"https:\/\/21panorama.com\/#organization\"},\"potentialAction\":[{\"@type\":\"SearchAction\",\"target\":{\"@type\":\"EntryPoint\",\"urlTemplate\":\"https:\/\/21panorama.com\/?s={search_term_string}\"},\"query-input\":{\"@type\":\"PropertyValueSpecification\",\"valueRequired\":true,\"valueName\":\"search_term_string\"}}],\"inLanguage\":\"es\"},{\"@type\":\"Organization\",\"@id\":\"https:\/\/21panorama.com\/#organization\",\"name\":\"21 Panorama\",\"url\":\"https:\/\/21panorama.com\/\",\"logo\":{\"@type\":\"ImageObject\",\"inLanguage\":\"es\",\"@id\":\"https:\/\/21panorama.com\/#\/schema\/logo\/image\/\",\"url\":\"https:\/\/21panorama.com\/wp-content\/uploads\/2019\/07\/cropped-Logo-Panorama-01.jpeg\",\"contentUrl\":\"https:\/\/21panorama.com\/wp-content\/uploads\/2019\/07\/cropped-Logo-Panorama-01.jpeg\",\"width\":290,\"height\":70,\"caption\":\"21 Panorama\"},\"image\":{\"@id\":\"https:\/\/21panorama.com\/#\/schema\/logo\/image\/\"}},{\"@type\":\"Person\",\"@id\":\"https:\/\/21panorama.com\/#\/schema\/person\/1afc291b96d5792a158768324287319f\",\"name\":\"admin\",\"image\":{\"@type\":\"ImageObject\",\"inLanguage\":\"es\",\"@id\":\"https:\/\/21panorama.com\/#\/schema\/person\/image\/\",\"url\":\"https:\/\/secure.gravatar.com\/avatar\/ad365d9d9f46719215b0d042cc3df92a5a8683e09ef13d102233e5491985f0f0?s=96&d=mm&r=g\",\"contentUrl\":\"https:\/\/secure.gravatar.com\/avatar\/ad365d9d9f46719215b0d042cc3df92a5a8683e09ef13d102233e5491985f0f0?s=96&d=mm&r=g\",\"caption\":\"admin\"},\"url\":\"https:\/\/21panorama.com\/index.php\/author\/admin\/\"}]}<\/script>\n<!-- \/ Yoast SEO plugin. -->","yoast_head_json":{"title":"LA UNAM LE RESPONDE A AMLO - 21 Panorama","robots":{"index":"index","follow":"follow","max-snippet":"max-snippet:-1","max-image-preview":"max-image-preview:large","max-video-preview":"max-video-preview:-1"},"canonical":"https:\/\/21panorama.com\/index.php\/2021\/10\/26\/la-unam-le-responde-a-amlo\/","og_locale":"es_MX","og_type":"article","og_title":"LA UNAM LE RESPONDE A AMLO - 21 Panorama","og_description":"Por tercera vez el Presidente L\u00f3pez Obrador atac\u00f3 a la UNAM con descalificaciones duras por ser individualista y neoliberal. Ante ello con singular estilo la M\u00e1xima Casa de Estudios lo desminti\u00f3 de pies a cabeza.","og_url":"https:\/\/21panorama.com\/index.php\/2021\/10\/26\/la-unam-le-responde-a-amlo\/","og_site_name":"21 Panorama","article_published_time":"2021-10-26T18:23:55+00:00","article_modified_time":"2021-10-26T18:23:59+00:00","og_image":[{"width":809,"height":1149,"url":"https:\/\/21panorama.com\/wp-content\/uploads\/2021\/10\/3682c3b6-be97-4431-995c-8e833a5211f5-1.jpeg","type":"image\/jpeg"}],"author":"admin","twitter_card":"summary_large_image","twitter_misc":{"Escrito por":"admin","Tiempo de lectura":"1 minuto"},"schema":{"@context":"https:\/\/schema.org","@graph":[{"@type":"Article","@id":"https:\/\/21panorama.com\/index.php\/2021\/10\/26\/la-unam-le-responde-a-amlo\/#article","isPartOf":{"@id":"https:\/\/21panorama.com\/index.php\/2021\/10\/26\/la-unam-le-responde-a-amlo\/"},"author":{"name":"admin","@id":"https:\/\/21panorama.com\/#\/schema\/person\/1afc291b96d5792a158768324287319f"},"headline":"LA UNAM LE RESPONDE A AMLO","datePublished":"2021-10-26T18:23:55+00:00","dateModified":"2021-10-26T18:23:59+00:00","mainEntityOfPage":{"@id":"https:\/\/21panorama.com\/index.php\/2021\/10\/26\/la-unam-le-responde-a-amlo\/"},"wordCount":110,"commentCount":0,"publisher":{"@id":"https:\/\/21panorama.com\/#organization"},"image":{"@id":"https:\/\/21panorama.com\/index.php\/2021\/10\/26\/la-unam-le-responde-a-amlo\/#primaryimage"},"thumbnailUrl":"https:\/\/21panorama.com\/wp-content\/uploads\/2021\/10\/3682c3b6-be97-4431-995c-8e833a5211f5-1.jpeg","keywords":["AMLO","UNAM"],"articleSection":["Sociedad"],"inLanguage":"es","potentialAction":[{"@type":"CommentAction","name":"Comment","target":["https:\/\/21panorama.com\/index.php\/2021\/10\/26\/la-unam-le-responde-a-amlo\/#respond"]}]},{"@type":"WebPage","@id":"https:\/\/21panorama.com\/index.php\/2021\/10\/26\/la-unam-le-responde-a-amlo\/","url":"https:\/\/21panorama.com\/index.php\/2021\/10\/26\/la-unam-le-responde-a-amlo\/","name":"LA UNAM LE RESPONDE A AMLO - 21 Panorama","isPartOf":{"@id":"https:\/\/21panorama.com\/#website"},"primaryImageOfPage":{"@id":"https:\/\/21panorama.com\/index.php\/2021\/10\/26\/la-unam-le-responde-a-amlo\/#primaryimage"},"image":{"@id":"https:\/\/21panorama.com\/index.php\/2021\/10\/26\/la-unam-le-responde-a-amlo\/#primaryimage"},"thumbnailUrl":"https:\/\/21panorama.com\/wp-content\/uploads\/2021\/10\/3682c3b6-be97-4431-995c-8e833a5211f5-1.jpeg","datePublished":"2021-10-26T18:23:55+00:00","dateModified":"2021-10-26T18:23:59+00:00","breadcrumb":{"@id":"https:\/\/21panorama.com\/index.php\/2021\/10\/26\/la-unam-le-responde-a-amlo\/#breadcrumb"},"inLanguage":"es","potentialAction":[{"@type":"ReadAction","target":["https:\/\/21panorama.com\/index.php\/2021\/10\/26\/la-unam-le-responde-a-amlo\/"]}]},{"@type":"ImageObject","inLanguage":"es","@id":"https:\/\/21panorama.com\/index.php\/2021\/10\/26\/la-unam-le-responde-a-amlo\/#primaryimage","url":"https:\/\/21panorama.com\/wp-content\/uploads\/2021\/10\/3682c3b6-be97-4431-995c-8e833a5211f5-1.jpeg","contentUrl":"https:\/\/21panorama.com\/wp-content\/uploads\/2021\/10\/3682c3b6-be97-4431-995c-8e833a5211f5-1.jpeg","width":809,"height":1149},{"@type":"BreadcrumbList","@id":"https:\/\/21panorama.com\/index.php\/2021\/10\/26\/la-unam-le-responde-a-amlo\/#breadcrumb","itemListElement":[{"@type":"ListItem","position":1,"name":"Inicio","item":"https:\/\/21panorama.com\/"},{"@type":"ListItem","position":2,"name":"LA UNAM LE RESPONDE A AMLO"}]},{"@type":"WebSite","@id":"https:\/\/21panorama.com\/#website","url":"https:\/\/21panorama.com\/","name":"21 Panorama","description":"La construcci\u00f3n de la opini\u00f3n p\u00fablica merece un mejor Panorama en este siglo 21 para alcanzar una sociedad con mayor transparencia y sin corrupci\u00f3n.","publisher":{"@id":"https:\/\/21panorama.com\/#organization"},"potentialAction":[{"@type":"SearchAction","target":{"@type":"EntryPoint","urlTemplate":"https:\/\/21panorama.com\/?s={search_term_string}"},"query-input":{"@type":"PropertyValueSpecification","valueRequired":true,"valueName":"search_term_string"}}],"inLanguage":"es"},{"@type":"Organization","@id":"https:\/\/21panorama.com\/#organization","name":"21 Panorama","url":"https:\/\/21panorama.com\/","logo":{"@type":"ImageObject","inLanguage":"es","@id":"https:\/\/21panorama.com\/#\/schema\/logo\/image\/","url":"https:\/\/21panorama.com\/wp-content\/uploads\/2019\/07\/cropped-Logo-Panorama-01.jpeg","contentUrl":"https:\/\/21panorama.com\/wp-content\/uploads\/2019\/07\/cropped-Logo-Panorama-01.jpeg","width":290,"height":70,"caption":"21 Panorama"},"image":{"@id":"https:\/\/21panorama.com\/#\/schema\/logo\/image\/"}},{"@type":"Person","@id":"https:\/\/21panorama.com\/#\/schema\/person\/1afc291b96d5792a158768324287319f","name":"admin","image":{"@type":"ImageObject","inLanguage":"es","@id":"https:\/\/21panorama.com\/#\/schema\/person\/image\/","url":"https:\/\/secure.gravatar.com\/avatar\/ad365d9d9f46719215b0d042cc3df92a5a8683e09ef13d102233e5491985f0f0?s=96&d=mm&r=g","contentUrl":"https:\/\/secure.gravatar.com\/avatar\/ad365d9d9f46719215b0d042cc3df92a5a8683e09ef13d102233e5491985f0f0?s=96&d=mm&r=g","caption":"admin"},"url":"https:\/\/21panorama.com\/index.php\/author\/admin\/"}]}},"_links":{"self":[{"href":"https:\/\/21panorama.com\/index.php\/wp-json\/wp\/v2\/posts\/2082","targetHints":{"allow":["GET"]}}],"collection":[{"href":"https:\/\/21panorama.com\/index.php\/wp-json\/wp\/v2\/posts"}],"about":[{"href":"https:\/\/21panorama.com\/index.php\/wp-json\/wp\/v2\/types\/post"}],"author":[{"embeddable":true,"href":"https:\/\/21panorama.com\/index.php\/wp-json\/wp\/v2\/users\/1"}],"replies":[{"embeddable":true,"href":"https:\/\/21panorama.com\/index.php\/wp-json\/wp\/v2\/comments?post=2082"}],"version-history":[{"count":1,"href":"https:\/\/21panorama.com\/index.php\/wp-json\/wp\/v2\/posts\/2082\/revisions"}],"predecessor-version":[{"id":2085,"href":"https:\/\/21panorama.com\/index.php\/wp-json\/wp\/v2\/posts\/2082\/revisions\/2085"}],"wp:featuredmedia":[{"embeddable":true,"href":"https:\/\/21panorama.com\/index.php\/wp-json\/wp\/v2\/media\/2083"}],"wp:attachment":[{"href":"https:\/\/21panorama.com\/index.php\/wp-json\/wp\/v2\/media?parent=2082"}],"wp:term":[{"taxonomy":"category","embeddable":true,"href":"https:\/\/21panorama.com\/index.php\/wp-json\/wp\/v2\/categories?post=2082"},{"taxonomy":"post_tag","embeddable":true,"href":"https:\/\/21panorama.com\/index.php\/wp-json\/wp\/v2\/tags?post=2082"}],"curies":[{"name":"wp","href":"https:\/\/api.w.org\/{rel}","templated":true}]}}