{"id":2045,"date":"2021-10-25T10:36:52","date_gmt":"2021-10-25T15:36:52","guid":{"rendered":"http:\/\/21panorama.com\/?p=2045"},"modified":"2021-10-25T10:36:53","modified_gmt":"2021-10-25T15:36:53","slug":"instalan-la-comision-de-la-juventud-y-deporte-de-la-lxi-legislatura","status":"publish","type":"post","link":"https:\/\/21panorama.com\/index.php\/2021\/10\/25\/instalan-la-comision-de-la-juventud-y-deporte-de-la-lxi-legislatura\/","title":{"rendered":"Instalan la Comisi\u00f3n de la Juventud y Deporte de la LXI Legislatura"},"content":{"rendered":"\n<p>La Comisi\u00f3n de Juventud y Deporte del Congreso local deber\u00e1 convertir los discursos en iniciativas con impacto social y econ\u00f3mico para la participaci\u00f3n de la juventud, que representa 32% de la poblaci\u00f3n del Estado de M\u00e9xico, sostuvo la diputada Viridiana Fuentes Cruz (PRD), presidenta de este \u00f3rgano parlamentario.<br>En reuni\u00f3n de instalaci\u00f3n de esta comisi\u00f3n legislativa, en presencia de Ana Karen Guadarrama Santamar\u00eda, titular del Instituto Mexiquense de la Juventud, la diputada Viridiana Fuentes apunt\u00f3 que atender las demandas de la poblaci\u00f3n joven es un desaf\u00edo de gobierno y social, pues se trata de un sector para el que se dejan de lado pol\u00edticas p\u00fablicas, planes y programas en los tres \u00f3rdenes de gobierno.<br>Las y los j\u00f3venes, enfatiz\u00f3, quieren acceso a educaci\u00f3n media superior y superior de calidad, garant\u00edas sobre sus derechos sexuales y reproductivos, capacitaci\u00f3n laboral y empleos dignos y bien remunerados, as\u00ed como garant\u00edas para la libre creaci\u00f3n art\u00edstica y cultural, esparcimiento y pr\u00e1ctica deportiva.<br>Para este sector, agreg\u00f3, no basta con una ley, sino con una serie de pol\u00edticas p\u00fablicas coordinadas y estrat\u00e9gicas, y llam\u00f3 a dejar de lado las medidas paliativas para dar paso a cambios sistem\u00e1ticos.<br>Las diputadas Rosa Mar\u00eda Zetina Gonz\u00e1lez (Morena) y Gretel Gonz\u00e1lez Aguirre (PRI) fungen como secretaria y prosecretaria de esta comisi\u00f3n; y como miembros las y los legisladores Isaac Mart\u00edn Montoya M\u00e1rquez, Edith Marisol Mercado Torres y Gerardo Ulloa P\u00e9rez, de Morena; Mar\u00eda Monserrat Sobreyra Santos (PRI), Gerardo Lamas Pombo y Francisco Brian Rojas Cano (PAN), as\u00ed como Silvia Barberena Maldonado (PT), mientras que Jos\u00e9 Antonio Lira Colchado fue nombrado como secretario t\u00e9cnico.<\/p>\n\n\n\n<figure class=\"wp-block-image size-full\"><img decoding=\"async\" width=\"1024\" height=\"683\" src=\"https:\/\/21panorama.com\/wp-content\/uploads\/2021\/10\/78958a36-0ded-427b-bfe5-da008d8719c1.jpeg\" alt=\"\" class=\"wp-image-2047\" srcset=\"https:\/\/21panorama.com\/wp-content\/uploads\/2021\/10\/78958a36-0ded-427b-bfe5-da008d8719c1.jpeg 1024w, https:\/\/21panorama.com\/wp-content\/uploads\/2021\/10\/78958a36-0ded-427b-bfe5-da008d8719c1-300x200.jpeg 300w, https:\/\/21panorama.com\/wp-content\/uploads\/2021\/10\/78958a36-0ded-427b-bfe5-da008d8719c1-768x512.jpeg 768w\" sizes=\"(max-width: 1024px) 100vw, 1024px\" \/><\/figure>\n","protected":false},"excerpt":{"rendered":"<p>La Comisi\u00f3n de Juventud y Deporte del Congreso local deber\u00e1 convertir los discursos en iniciativas con impacto social y econ\u00f3mico para la participaci\u00f3n de la juventud, que representa 32% de la poblaci\u00f3n del Estado de M\u00e9xico, sostuvo la diputada Viridiana Fuentes Cruz (PRD), presidenta de este \u00f3rgano parlamentario. <\/p>\n","protected":false},"author":1,"featured_media":2046,"comment_status":"open","ping_status":"open","sticky":false,"template":"","format":"standard","meta":{"footnotes":""},"categories":[12],"tags":[176],"class_list":["post-2045","post","type-post","status-publish","format-standard","has-post-thumbnail","hentry","category-politica","tag-lxi-legislatura"],"yoast_head":"<!-- This site is optimized with the Yoast SEO plugin v24.9 - https:\/\/yoast.com\/wordpress\/plugins\/seo\/ -->\n<title>Instalan la Comisi\u00f3n de la Juventud y Deporte de la LXI Legislatura - 21 Panorama<\/title>\n<meta name=\"robots\" content=\"index, follow, max-snippet:-1, max-image-preview:large, max-video-preview:-1\" \/>\n<link rel=\"canonical\" href=\"https:\/\/21panorama.com\/index.php\/2021\/10\/25\/instalan-la-comision-de-la-juventud-y-deporte-de-la-lxi-legislatura\/\" \/>\n<meta property=\"og:locale\" content=\"es_MX\" \/>\n<meta property=\"og:type\" content=\"article\" \/>\n<meta property=\"og:title\" content=\"Instalan la Comisi\u00f3n de la Juventud y Deporte de la LXI Legislatura - 21 Panorama\" \/>\n<meta property=\"og:description\" content=\"La Comisi\u00f3n de Juventud y Deporte del Congreso local deber\u00e1 convertir los discursos en iniciativas con impacto social y econ\u00f3mico para la participaci\u00f3n de la juventud, que representa 32% de la poblaci\u00f3n del Estado de M\u00e9xico, sostuvo la diputada Viridiana Fuentes Cruz (PRD), presidenta de este \u00f3rgano parlamentario.\" \/>\n<meta property=\"og:url\" content=\"https:\/\/21panorama.com\/index.php\/2021\/10\/25\/instalan-la-comision-de-la-juventud-y-deporte-de-la-lxi-legislatura\/\" \/>\n<meta property=\"og:site_name\" content=\"21 Panorama\" \/>\n<meta property=\"article:published_time\" content=\"2021-10-25T15:36:52+00:00\" \/>\n<meta property=\"article:modified_time\" content=\"2021-10-25T15:36:53+00:00\" \/>\n<meta property=\"og:image\" content=\"https:\/\/21panorama.com\/wp-content\/uploads\/2021\/10\/bfcc88fa-ece3-4abe-897a-bea21634eb8c.jpeg\" \/>\n\t<meta property=\"og:image:width\" content=\"1024\" \/>\n\t<meta property=\"og:image:height\" content=\"684\" \/>\n\t<meta property=\"og:image:type\" content=\"image\/jpeg\" \/>\n<meta name=\"author\" content=\"admin\" \/>\n<meta name=\"twitter:card\" content=\"summary_large_image\" \/>\n<meta name=\"twitter:label1\" content=\"Escrito por\" \/>\n\t<meta name=\"twitter:data1\" content=\"admin\" \/>\n\t<meta name=\"twitter:label2\" content=\"Tiempo de lectura\" \/>\n\t<meta name=\"twitter:data2\" content=\"2 minutos\" \/>\n<script type=\"application\/ld+json\" class=\"yoast-schema-graph\">{\"@context\":\"https:\/\/schema.org\",\"@graph\":[{\"@type\":\"Article\",\"@id\":\"https:\/\/21panorama.com\/index.php\/2021\/10\/25\/instalan-la-comision-de-la-juventud-y-deporte-de-la-lxi-legislatura\/#article\",\"isPartOf\":{\"@id\":\"https:\/\/21panorama.com\/index.php\/2021\/10\/25\/instalan-la-comision-de-la-juventud-y-deporte-de-la-lxi-legislatura\/\"},\"author\":{\"name\":\"admin\",\"@id\":\"https:\/\/21panorama.com\/#\/schema\/person\/1afc291b96d5792a158768324287319f\"},\"headline\":\"Instalan la Comisi\u00f3n de la Juventud y Deporte de la LXI Legislatura\",\"datePublished\":\"2021-10-25T15:36:52+00:00\",\"dateModified\":\"2021-10-25T15:36:53+00:00\",\"mainEntityOfPage\":{\"@id\":\"https:\/\/21panorama.com\/index.php\/2021\/10\/25\/instalan-la-comision-de-la-juventud-y-deporte-de-la-lxi-legislatura\/\"},\"wordCount\":310,\"commentCount\":0,\"publisher\":{\"@id\":\"https:\/\/21panorama.com\/#organization\"},\"image\":{\"@id\":\"https:\/\/21panorama.com\/index.php\/2021\/10\/25\/instalan-la-comision-de-la-juventud-y-deporte-de-la-lxi-legislatura\/#primaryimage\"},\"thumbnailUrl\":\"https:\/\/21panorama.com\/wp-content\/uploads\/2021\/10\/bfcc88fa-ece3-4abe-897a-bea21634eb8c.jpeg\",\"keywords\":[\"LXI Legislatura\"],\"articleSection\":[\"Politica\"],\"inLanguage\":\"es\",\"potentialAction\":[{\"@type\":\"CommentAction\",\"name\":\"Comment\",\"target\":[\"https:\/\/21panorama.com\/index.php\/2021\/10\/25\/instalan-la-comision-de-la-juventud-y-deporte-de-la-lxi-legislatura\/#respond\"]}]},{\"@type\":\"WebPage\",\"@id\":\"https:\/\/21panorama.com\/index.php\/2021\/10\/25\/instalan-la-comision-de-la-juventud-y-deporte-de-la-lxi-legislatura\/\",\"url\":\"https:\/\/21panorama.com\/index.php\/2021\/10\/25\/instalan-la-comision-de-la-juventud-y-deporte-de-la-lxi-legislatura\/\",\"name\":\"Instalan la Comisi\u00f3n de la Juventud y Deporte de la LXI Legislatura - 21 Panorama\",\"isPartOf\":{\"@id\":\"https:\/\/21panorama.com\/#website\"},\"primaryImageOfPage\":{\"@id\":\"https:\/\/21panorama.com\/index.php\/2021\/10\/25\/instalan-la-comision-de-la-juventud-y-deporte-de-la-lxi-legislatura\/#primaryimage\"},\"image\":{\"@id\":\"https:\/\/21panorama.com\/index.php\/2021\/10\/25\/instalan-la-comision-de-la-juventud-y-deporte-de-la-lxi-legislatura\/#primaryimage\"},\"thumbnailUrl\":\"https:\/\/21panorama.com\/wp-content\/uploads\/2021\/10\/bfcc88fa-ece3-4abe-897a-bea21634eb8c.jpeg\",\"datePublished\":\"2021-10-25T15:36:52+00:00\",\"dateModified\":\"2021-10-25T15:36:53+00:00\",\"breadcrumb\":{\"@id\":\"https:\/\/21panorama.com\/index.php\/2021\/10\/25\/instalan-la-comision-de-la-juventud-y-deporte-de-la-lxi-legislatura\/#breadcrumb\"},\"inLanguage\":\"es\",\"potentialAction\":[{\"@type\":\"ReadAction\",\"target\":[\"https:\/\/21panorama.com\/index.php\/2021\/10\/25\/instalan-la-comision-de-la-juventud-y-deporte-de-la-lxi-legislatura\/\"]}]},{\"@type\":\"ImageObject\",\"inLanguage\":\"es\",\"@id\":\"https:\/\/21panorama.com\/index.php\/2021\/10\/25\/instalan-la-comision-de-la-juventud-y-deporte-de-la-lxi-legislatura\/#primaryimage\",\"url\":\"https:\/\/21panorama.com\/wp-content\/uploads\/2021\/10\/bfcc88fa-ece3-4abe-897a-bea21634eb8c.jpeg\",\"contentUrl\":\"https:\/\/21panorama.com\/wp-content\/uploads\/2021\/10\/bfcc88fa-ece3-4abe-897a-bea21634eb8c.jpeg\",\"width\":1024,\"height\":684},{\"@type\":\"BreadcrumbList\",\"@id\":\"https:\/\/21panorama.com\/index.php\/2021\/10\/25\/instalan-la-comision-de-la-juventud-y-deporte-de-la-lxi-legislatura\/#breadcrumb\",\"itemListElement\":[{\"@type\":\"ListItem\",\"position\":1,\"name\":\"Inicio\",\"item\":\"https:\/\/21panorama.com\/\"},{\"@type\":\"ListItem\",\"position\":2,\"name\":\"Instalan la Comisi\u00f3n de la Juventud y Deporte de la LXI Legislatura\"}]},{\"@type\":\"WebSite\",\"@id\":\"https:\/\/21panorama.com\/#website\",\"url\":\"https:\/\/21panorama.com\/\",\"name\":\"21 Panorama\",\"description\":\"La construcci\u00f3n de la opini\u00f3n p\u00fablica merece un mejor Panorama en este siglo 21 para alcanzar una sociedad con mayor transparencia y sin corrupci\u00f3n.\",\"publisher\":{\"@id\":\"https:\/\/21panorama.com\/#organization\"},\"potentialAction\":[{\"@type\":\"SearchAction\",\"target\":{\"@type\":\"EntryPoint\",\"urlTemplate\":\"https:\/\/21panorama.com\/?s={search_term_string}\"},\"query-input\":{\"@type\":\"PropertyValueSpecification\",\"valueRequired\":true,\"valueName\":\"search_term_string\"}}],\"inLanguage\":\"es\"},{\"@type\":\"Organization\",\"@id\":\"https:\/\/21panorama.com\/#organization\",\"name\":\"21 Panorama\",\"url\":\"https:\/\/21panorama.com\/\",\"logo\":{\"@type\":\"ImageObject\",\"inLanguage\":\"es\",\"@id\":\"https:\/\/21panorama.com\/#\/schema\/logo\/image\/\",\"url\":\"https:\/\/21panorama.com\/wp-content\/uploads\/2019\/07\/cropped-Logo-Panorama-01.jpeg\",\"contentUrl\":\"https:\/\/21panorama.com\/wp-content\/uploads\/2019\/07\/cropped-Logo-Panorama-01.jpeg\",\"width\":290,\"height\":70,\"caption\":\"21 Panorama\"},\"image\":{\"@id\":\"https:\/\/21panorama.com\/#\/schema\/logo\/image\/\"}},{\"@type\":\"Person\",\"@id\":\"https:\/\/21panorama.com\/#\/schema\/person\/1afc291b96d5792a158768324287319f\",\"name\":\"admin\",\"image\":{\"@type\":\"ImageObject\",\"inLanguage\":\"es\",\"@id\":\"https:\/\/21panorama.com\/#\/schema\/person\/image\/\",\"url\":\"https:\/\/secure.gravatar.com\/avatar\/ad365d9d9f46719215b0d042cc3df92a5a8683e09ef13d102233e5491985f0f0?s=96&d=mm&r=g\",\"contentUrl\":\"https:\/\/secure.gravatar.com\/avatar\/ad365d9d9f46719215b0d042cc3df92a5a8683e09ef13d102233e5491985f0f0?s=96&d=mm&r=g\",\"caption\":\"admin\"},\"url\":\"https:\/\/21panorama.com\/index.php\/author\/admin\/\"}]}<\/script>\n<!-- \/ Yoast SEO plugin. -->","yoast_head_json":{"title":"Instalan la Comisi\u00f3n de la Juventud y Deporte de la LXI Legislatura - 21 Panorama","robots":{"index":"index","follow":"follow","max-snippet":"max-snippet:-1","max-image-preview":"max-image-preview:large","max-video-preview":"max-video-preview:-1"},"canonical":"https:\/\/21panorama.com\/index.php\/2021\/10\/25\/instalan-la-comision-de-la-juventud-y-deporte-de-la-lxi-legislatura\/","og_locale":"es_MX","og_type":"article","og_title":"Instalan la Comisi\u00f3n de la Juventud y Deporte de la LXI Legislatura - 21 Panorama","og_description":"La Comisi\u00f3n de Juventud y Deporte del Congreso local deber\u00e1 convertir los discursos en iniciativas con impacto social y econ\u00f3mico para la participaci\u00f3n de la juventud, que representa 32% de la poblaci\u00f3n del Estado de M\u00e9xico, sostuvo la diputada Viridiana Fuentes Cruz (PRD), presidenta de este \u00f3rgano parlamentario.","og_url":"https:\/\/21panorama.com\/index.php\/2021\/10\/25\/instalan-la-comision-de-la-juventud-y-deporte-de-la-lxi-legislatura\/","og_site_name":"21 Panorama","article_published_time":"2021-10-25T15:36:52+00:00","article_modified_time":"2021-10-25T15:36:53+00:00","og_image":[{"width":1024,"height":684,"url":"https:\/\/21panorama.com\/wp-content\/uploads\/2021\/10\/bfcc88fa-ece3-4abe-897a-bea21634eb8c.jpeg","type":"image\/jpeg"}],"author":"admin","twitter_card":"summary_large_image","twitter_misc":{"Escrito por":"admin","Tiempo de lectura":"2 minutos"},"schema":{"@context":"https:\/\/schema.org","@graph":[{"@type":"Article","@id":"https:\/\/21panorama.com\/index.php\/2021\/10\/25\/instalan-la-comision-de-la-juventud-y-deporte-de-la-lxi-legislatura\/#article","isPartOf":{"@id":"https:\/\/21panorama.com\/index.php\/2021\/10\/25\/instalan-la-comision-de-la-juventud-y-deporte-de-la-lxi-legislatura\/"},"author":{"name":"admin","@id":"https:\/\/21panorama.com\/#\/schema\/person\/1afc291b96d5792a158768324287319f"},"headline":"Instalan la Comisi\u00f3n de la Juventud y Deporte de la LXI Legislatura","datePublished":"2021-10-25T15:36:52+00:00","dateModified":"2021-10-25T15:36:53+00:00","mainEntityOfPage":{"@id":"https:\/\/21panorama.com\/index.php\/2021\/10\/25\/instalan-la-comision-de-la-juventud-y-deporte-de-la-lxi-legislatura\/"},"wordCount":310,"commentCount":0,"publisher":{"@id":"https:\/\/21panorama.com\/#organization"},"image":{"@id":"https:\/\/21panorama.com\/index.php\/2021\/10\/25\/instalan-la-comision-de-la-juventud-y-deporte-de-la-lxi-legislatura\/#primaryimage"},"thumbnailUrl":"https:\/\/21panorama.com\/wp-content\/uploads\/2021\/10\/bfcc88fa-ece3-4abe-897a-bea21634eb8c.jpeg","keywords":["LXI Legislatura"],"articleSection":["Politica"],"inLanguage":"es","potentialAction":[{"@type":"CommentAction","name":"Comment","target":["https:\/\/21panorama.com\/index.php\/2021\/10\/25\/instalan-la-comision-de-la-juventud-y-deporte-de-la-lxi-legislatura\/#respond"]}]},{"@type":"WebPage","@id":"https:\/\/21panorama.com\/index.php\/2021\/10\/25\/instalan-la-comision-de-la-juventud-y-deporte-de-la-lxi-legislatura\/","url":"https:\/\/21panorama.com\/index.php\/2021\/10\/25\/instalan-la-comision-de-la-juventud-y-deporte-de-la-lxi-legislatura\/","name":"Instalan la Comisi\u00f3n de la Juventud y Deporte de la LXI Legislatura - 21 Panorama","isPartOf":{"@id":"https:\/\/21panorama.com\/#website"},"primaryImageOfPage":{"@id":"https:\/\/21panorama.com\/index.php\/2021\/10\/25\/instalan-la-comision-de-la-juventud-y-deporte-de-la-lxi-legislatura\/#primaryimage"},"image":{"@id":"https:\/\/21panorama.com\/index.php\/2021\/10\/25\/instalan-la-comision-de-la-juventud-y-deporte-de-la-lxi-legislatura\/#primaryimage"},"thumbnailUrl":"https:\/\/21panorama.com\/wp-content\/uploads\/2021\/10\/bfcc88fa-ece3-4abe-897a-bea21634eb8c.jpeg","datePublished":"2021-10-25T15:36:52+00:00","dateModified":"2021-10-25T15:36:53+00:00","breadcrumb":{"@id":"https:\/\/21panorama.com\/index.php\/2021\/10\/25\/instalan-la-comision-de-la-juventud-y-deporte-de-la-lxi-legislatura\/#breadcrumb"},"inLanguage":"es","potentialAction":[{"@type":"ReadAction","target":["https:\/\/21panorama.com\/index.php\/2021\/10\/25\/instalan-la-comision-de-la-juventud-y-deporte-de-la-lxi-legislatura\/"]}]},{"@type":"ImageObject","inLanguage":"es","@id":"https:\/\/21panorama.com\/index.php\/2021\/10\/25\/instalan-la-comision-de-la-juventud-y-deporte-de-la-lxi-legislatura\/#primaryimage","url":"https:\/\/21panorama.com\/wp-content\/uploads\/2021\/10\/bfcc88fa-ece3-4abe-897a-bea21634eb8c.jpeg","contentUrl":"https:\/\/21panorama.com\/wp-content\/uploads\/2021\/10\/bfcc88fa-ece3-4abe-897a-bea21634eb8c.jpeg","width":1024,"height":684},{"@type":"BreadcrumbList","@id":"https:\/\/21panorama.com\/index.php\/2021\/10\/25\/instalan-la-comision-de-la-juventud-y-deporte-de-la-lxi-legislatura\/#breadcrumb","itemListElement":[{"@type":"ListItem","position":1,"name":"Inicio","item":"https:\/\/21panorama.com\/"},{"@type":"ListItem","position":2,"name":"Instalan la Comisi\u00f3n de la Juventud y Deporte de la LXI Legislatura"}]},{"@type":"WebSite","@id":"https:\/\/21panorama.com\/#website","url":"https:\/\/21panorama.com\/","name":"21 Panorama","description":"La construcci\u00f3n de la opini\u00f3n p\u00fablica merece un mejor Panorama en este siglo 21 para alcanzar una sociedad con mayor transparencia y sin corrupci\u00f3n.","publisher":{"@id":"https:\/\/21panorama.com\/#organization"},"potentialAction":[{"@type":"SearchAction","target":{"@type":"EntryPoint","urlTemplate":"https:\/\/21panorama.com\/?s={search_term_string}"},"query-input":{"@type":"PropertyValueSpecification","valueRequired":true,"valueName":"search_term_string"}}],"inLanguage":"es"},{"@type":"Organization","@id":"https:\/\/21panorama.com\/#organization","name":"21 Panorama","url":"https:\/\/21panorama.com\/","logo":{"@type":"ImageObject","inLanguage":"es","@id":"https:\/\/21panorama.com\/#\/schema\/logo\/image\/","url":"https:\/\/21panorama.com\/wp-content\/uploads\/2019\/07\/cropped-Logo-Panorama-01.jpeg","contentUrl":"https:\/\/21panorama.com\/wp-content\/uploads\/2019\/07\/cropped-Logo-Panorama-01.jpeg","width":290,"height":70,"caption":"21 Panorama"},"image":{"@id":"https:\/\/21panorama.com\/#\/schema\/logo\/image\/"}},{"@type":"Person","@id":"https:\/\/21panorama.com\/#\/schema\/person\/1afc291b96d5792a158768324287319f","name":"admin","image":{"@type":"ImageObject","inLanguage":"es","@id":"https:\/\/21panorama.com\/#\/schema\/person\/image\/","url":"https:\/\/secure.gravatar.com\/avatar\/ad365d9d9f46719215b0d042cc3df92a5a8683e09ef13d102233e5491985f0f0?s=96&d=mm&r=g","contentUrl":"https:\/\/secure.gravatar.com\/avatar\/ad365d9d9f46719215b0d042cc3df92a5a8683e09ef13d102233e5491985f0f0?s=96&d=mm&r=g","caption":"admin"},"url":"https:\/\/21panorama.com\/index.php\/author\/admin\/"}]}},"_links":{"self":[{"href":"https:\/\/21panorama.com\/index.php\/wp-json\/wp\/v2\/posts\/2045","targetHints":{"allow":["GET"]}}],"collection":[{"href":"https:\/\/21panorama.com\/index.php\/wp-json\/wp\/v2\/posts"}],"about":[{"href":"https:\/\/21panorama.com\/index.php\/wp-json\/wp\/v2\/types\/post"}],"author":[{"embeddable":true,"href":"https:\/\/21panorama.com\/index.php\/wp-json\/wp\/v2\/users\/1"}],"replies":[{"embeddable":true,"href":"https:\/\/21panorama.com\/index.php\/wp-json\/wp\/v2\/comments?post=2045"}],"version-history":[{"count":1,"href":"https:\/\/21panorama.com\/index.php\/wp-json\/wp\/v2\/posts\/2045\/revisions"}],"predecessor-version":[{"id":2048,"href":"https:\/\/21panorama.com\/index.php\/wp-json\/wp\/v2\/posts\/2045\/revisions\/2048"}],"wp:featuredmedia":[{"embeddable":true,"href":"https:\/\/21panorama.com\/index.php\/wp-json\/wp\/v2\/media\/2046"}],"wp:attachment":[{"href":"https:\/\/21panorama.com\/index.php\/wp-json\/wp\/v2\/media?parent=2045"}],"wp:term":[{"taxonomy":"category","embeddable":true,"href":"https:\/\/21panorama.com\/index.php\/wp-json\/wp\/v2\/categories?post=2045"},{"taxonomy":"post_tag","embeddable":true,"href":"https:\/\/21panorama.com\/index.php\/wp-json\/wp\/v2\/tags?post=2045"}],"curies":[{"name":"wp","href":"https:\/\/api.w.org\/{rel}","templated":true}]}}