{"id":2025,"date":"2021-10-25T10:18:25","date_gmt":"2021-10-25T15:18:25","guid":{"rendered":"http:\/\/21panorama.com\/?p=2025"},"modified":"2021-10-25T10:18:26","modified_gmt":"2021-10-25T15:18:26","slug":"de-buena-fuente-columna-opinion","status":"publish","type":"post","link":"https:\/\/21panorama.com\/index.php\/2021\/10\/25\/de-buena-fuente-columna-opinion\/","title":{"rendered":"DE BUENA FUENTE Columna &#8211; Opini\u00f3n"},"content":{"rendered":"\n<p>Para romper con un eventual estancamiento legislativo s\u00f3lo se requiere di\u00e1logo y unidad en torno a lo que demandan los mexiquenses. As\u00ed lo entiende el Coordinador de la bancada pri\u00edsta Elias Rescala Jim\u00e9nez y no se prestar\u00e1 a los dimes y diretes que se traen entre Morena y el PAN.<br>Muy al margen de la alianza legislativa que pueda existir, lo realmente cierto es que en medio de un tiroteo de declaraciones nadie con sano juicio podr\u00eda abonar a m\u00e1s desatinos. La sensatez debe de venir por los diputados Maurilio Hernandez y Enrique Vargas.<br>De lo contrario como lo advertimos p\u00e1rrafo arriba se vendr\u00e1 un pasmo parlamentario que a nadie conviene. Iniciativas congeladas o falta de qu\u00f3rum en las comisiones no se necesitan en este momento.<br>Si en alguien cabe la prudencia ya se not\u00f3 que existe ruta sobre las prioridades legislativas. Como debe ser en torno al presupuesto del pr\u00f3ximo a\u00f1o.<\/p>\n\n\n\n<p>\u2014\u2014\u2014\u2014\u2014<br>La graciosa aparici\u00f3n de dos personajes del sexenio pasado. Uno cenando en restaurante de lujo en M\u00e9xico y otro en uno de los m\u00e1s paradis\u00edacos destinos tur\u00edsticos como es Roma hacen suponer claramente que existe incongruencia entre lo que se vocifera y lo que se hace.<\/p>\n\n\n\n<p>Por orden de an\u00e9cdota, su presencia p\u00fablica tanto de Emilio Lozoya como de Enrique Pe\u00f1a Nieto en esos lugares solo estremecen las redes sociales pero no las redes de complicidades que tienen con el gobierna federal en turno.<\/p>\n\n\n\n<p>Solo quedar\u00e1n en cortinas de humo las advertencias de la fiscal\u00eda sobre fincar responsabilidades a ambos por el caso Odebretch y sus aportaciones. Solo saldr\u00e1n a relucir una vez m\u00e1s cuando la<br>popularidad del r\u00e9gimen en turno se venga abajo.<br>\u2014\u2014\u2014\u2014-<\/p>\n\n\n\n<p>Ya lo adelantaba en su momento el diputado federal Gustavo C\u00e1rdenas Monroy; despu\u00e9s de la Ley de Ingresos viene la discusi\u00f3n del Presupuesto de Egresos 2022 y finalmente la discusi\u00f3n de la reforma el\u00e9ctrica.<\/p>\n\n\n\n<p>No hay otra ruta y manejando los tiempos con mayor oficio pol\u00edtico as\u00ed est\u00e1 pintado el panorama. De tal suerte que en tribuna veremos mucho m\u00e1s para defender los recursos que le tocan al Estado de M\u00e9xico y con ello sesiones de madrugada por el jaloneo.<\/p>\n\n\n\n<p>En la contrarreforma presidencial pasaremos de aquella frase \u201cque no se le quite ni una coma\u201d a permitir ajustes en esta iniciativa donde el Estado pretende el control insospechado de la generaci\u00f3n y distribuci\u00f3n del recurso.<\/p>\n","protected":false},"excerpt":{"rendered":"<p>Para romper con un eventual estancamiento legislativo s\u00f3lo se requiere di\u00e1logo y unidad en torno a lo que demandan los mexiquenses.  As\u00ed lo entiende el Coordinador de la bancada pri\u00edsta Elias Rescala Jim\u00e9nez y no se prestar\u00e1 a los dimes y diretes que se traen entre Morena y el PAN. <\/p>\n","protected":false},"author":1,"featured_media":2026,"comment_status":"open","ping_status":"open","sticky":false,"template":"","format":"standard","meta":{"footnotes":""},"categories":[22],"tags":[173],"class_list":["post-2025","post","type-post","status-publish","format-standard","has-post-thumbnail","hentry","category-columna-opinion","tag-columna"],"yoast_head":"<!-- This site is optimized with the Yoast SEO plugin v24.9 - https:\/\/yoast.com\/wordpress\/plugins\/seo\/ -->\n<title>DE BUENA FUENTE Columna - Opini\u00f3n - 21 Panorama<\/title>\n<meta name=\"robots\" content=\"index, follow, max-snippet:-1, max-image-preview:large, max-video-preview:-1\" \/>\n<link rel=\"canonical\" href=\"https:\/\/21panorama.com\/index.php\/2021\/10\/25\/de-buena-fuente-columna-opinion\/\" \/>\n<meta property=\"og:locale\" content=\"es_MX\" \/>\n<meta property=\"og:type\" content=\"article\" \/>\n<meta property=\"og:title\" content=\"DE BUENA FUENTE Columna - Opini\u00f3n - 21 Panorama\" \/>\n<meta property=\"og:description\" content=\"Para romper con un eventual estancamiento legislativo s\u00f3lo se requiere di\u00e1logo y unidad en torno a lo que demandan los mexiquenses. As\u00ed lo entiende el Coordinador de la bancada pri\u00edsta Elias Rescala Jim\u00e9nez y no se prestar\u00e1 a los dimes y diretes que se traen entre Morena y el PAN.\" \/>\n<meta property=\"og:url\" content=\"https:\/\/21panorama.com\/index.php\/2021\/10\/25\/de-buena-fuente-columna-opinion\/\" \/>\n<meta property=\"og:site_name\" content=\"21 Panorama\" \/>\n<meta property=\"article:published_time\" content=\"2021-10-25T15:18:25+00:00\" \/>\n<meta property=\"article:modified_time\" content=\"2021-10-25T15:18:26+00:00\" \/>\n<meta property=\"og:image\" content=\"https:\/\/21panorama.com\/wp-content\/uploads\/2021\/10\/9d5ac2ed-d0e1-4ab4-b696-523dec93b6ba.jpeg\" \/>\n\t<meta property=\"og:image:width\" content=\"1280\" \/>\n\t<meta property=\"og:image:height\" content=\"720\" \/>\n\t<meta property=\"og:image:type\" content=\"image\/jpeg\" \/>\n<meta name=\"author\" content=\"admin\" \/>\n<meta name=\"twitter:card\" content=\"summary_large_image\" \/>\n<meta name=\"twitter:label1\" content=\"Escrito por\" \/>\n\t<meta name=\"twitter:data1\" content=\"admin\" \/>\n\t<meta name=\"twitter:label2\" content=\"Tiempo de lectura\" \/>\n\t<meta name=\"twitter:data2\" content=\"2 minutos\" \/>\n<script type=\"application\/ld+json\" class=\"yoast-schema-graph\">{\"@context\":\"https:\/\/schema.org\",\"@graph\":[{\"@type\":\"Article\",\"@id\":\"https:\/\/21panorama.com\/index.php\/2021\/10\/25\/de-buena-fuente-columna-opinion\/#article\",\"isPartOf\":{\"@id\":\"https:\/\/21panorama.com\/index.php\/2021\/10\/25\/de-buena-fuente-columna-opinion\/\"},\"author\":{\"name\":\"admin\",\"@id\":\"https:\/\/21panorama.com\/#\/schema\/person\/1afc291b96d5792a158768324287319f\"},\"headline\":\"DE BUENA FUENTE Columna &#8211; Opini\u00f3n\",\"datePublished\":\"2021-10-25T15:18:25+00:00\",\"dateModified\":\"2021-10-25T15:18:26+00:00\",\"mainEntityOfPage\":{\"@id\":\"https:\/\/21panorama.com\/index.php\/2021\/10\/25\/de-buena-fuente-columna-opinion\/\"},\"wordCount\":431,\"commentCount\":0,\"publisher\":{\"@id\":\"https:\/\/21panorama.com\/#organization\"},\"image\":{\"@id\":\"https:\/\/21panorama.com\/index.php\/2021\/10\/25\/de-buena-fuente-columna-opinion\/#primaryimage\"},\"thumbnailUrl\":\"https:\/\/21panorama.com\/wp-content\/uploads\/2021\/10\/9d5ac2ed-d0e1-4ab4-b696-523dec93b6ba.jpeg\",\"keywords\":[\"Columna\"],\"articleSection\":[\"Columna-Opini\u00f3n\"],\"inLanguage\":\"es\",\"potentialAction\":[{\"@type\":\"CommentAction\",\"name\":\"Comment\",\"target\":[\"https:\/\/21panorama.com\/index.php\/2021\/10\/25\/de-buena-fuente-columna-opinion\/#respond\"]}]},{\"@type\":\"WebPage\",\"@id\":\"https:\/\/21panorama.com\/index.php\/2021\/10\/25\/de-buena-fuente-columna-opinion\/\",\"url\":\"https:\/\/21panorama.com\/index.php\/2021\/10\/25\/de-buena-fuente-columna-opinion\/\",\"name\":\"DE BUENA FUENTE Columna - Opini\u00f3n - 21 Panorama\",\"isPartOf\":{\"@id\":\"https:\/\/21panorama.com\/#website\"},\"primaryImageOfPage\":{\"@id\":\"https:\/\/21panorama.com\/index.php\/2021\/10\/25\/de-buena-fuente-columna-opinion\/#primaryimage\"},\"image\":{\"@id\":\"https:\/\/21panorama.com\/index.php\/2021\/10\/25\/de-buena-fuente-columna-opinion\/#primaryimage\"},\"thumbnailUrl\":\"https:\/\/21panorama.com\/wp-content\/uploads\/2021\/10\/9d5ac2ed-d0e1-4ab4-b696-523dec93b6ba.jpeg\",\"datePublished\":\"2021-10-25T15:18:25+00:00\",\"dateModified\":\"2021-10-25T15:18:26+00:00\",\"breadcrumb\":{\"@id\":\"https:\/\/21panorama.com\/index.php\/2021\/10\/25\/de-buena-fuente-columna-opinion\/#breadcrumb\"},\"inLanguage\":\"es\",\"potentialAction\":[{\"@type\":\"ReadAction\",\"target\":[\"https:\/\/21panorama.com\/index.php\/2021\/10\/25\/de-buena-fuente-columna-opinion\/\"]}]},{\"@type\":\"ImageObject\",\"inLanguage\":\"es\",\"@id\":\"https:\/\/21panorama.com\/index.php\/2021\/10\/25\/de-buena-fuente-columna-opinion\/#primaryimage\",\"url\":\"https:\/\/21panorama.com\/wp-content\/uploads\/2021\/10\/9d5ac2ed-d0e1-4ab4-b696-523dec93b6ba.jpeg\",\"contentUrl\":\"https:\/\/21panorama.com\/wp-content\/uploads\/2021\/10\/9d5ac2ed-d0e1-4ab4-b696-523dec93b6ba.jpeg\",\"width\":1280,\"height\":720},{\"@type\":\"BreadcrumbList\",\"@id\":\"https:\/\/21panorama.com\/index.php\/2021\/10\/25\/de-buena-fuente-columna-opinion\/#breadcrumb\",\"itemListElement\":[{\"@type\":\"ListItem\",\"position\":1,\"name\":\"Inicio\",\"item\":\"https:\/\/21panorama.com\/\"},{\"@type\":\"ListItem\",\"position\":2,\"name\":\"DE BUENA FUENTE Columna &#8211; Opini\u00f3n\"}]},{\"@type\":\"WebSite\",\"@id\":\"https:\/\/21panorama.com\/#website\",\"url\":\"https:\/\/21panorama.com\/\",\"name\":\"21 Panorama\",\"description\":\"La construcci\u00f3n de la opini\u00f3n p\u00fablica merece un mejor Panorama en este siglo 21 para alcanzar una sociedad con mayor transparencia y sin corrupci\u00f3n.\",\"publisher\":{\"@id\":\"https:\/\/21panorama.com\/#organization\"},\"potentialAction\":[{\"@type\":\"SearchAction\",\"target\":{\"@type\":\"EntryPoint\",\"urlTemplate\":\"https:\/\/21panorama.com\/?s={search_term_string}\"},\"query-input\":{\"@type\":\"PropertyValueSpecification\",\"valueRequired\":true,\"valueName\":\"search_term_string\"}}],\"inLanguage\":\"es\"},{\"@type\":\"Organization\",\"@id\":\"https:\/\/21panorama.com\/#organization\",\"name\":\"21 Panorama\",\"url\":\"https:\/\/21panorama.com\/\",\"logo\":{\"@type\":\"ImageObject\",\"inLanguage\":\"es\",\"@id\":\"https:\/\/21panorama.com\/#\/schema\/logo\/image\/\",\"url\":\"https:\/\/21panorama.com\/wp-content\/uploads\/2019\/07\/cropped-Logo-Panorama-01.jpeg\",\"contentUrl\":\"https:\/\/21panorama.com\/wp-content\/uploads\/2019\/07\/cropped-Logo-Panorama-01.jpeg\",\"width\":290,\"height\":70,\"caption\":\"21 Panorama\"},\"image\":{\"@id\":\"https:\/\/21panorama.com\/#\/schema\/logo\/image\/\"}},{\"@type\":\"Person\",\"@id\":\"https:\/\/21panorama.com\/#\/schema\/person\/1afc291b96d5792a158768324287319f\",\"name\":\"admin\",\"image\":{\"@type\":\"ImageObject\",\"inLanguage\":\"es\",\"@id\":\"https:\/\/21panorama.com\/#\/schema\/person\/image\/\",\"url\":\"https:\/\/secure.gravatar.com\/avatar\/ad365d9d9f46719215b0d042cc3df92a5a8683e09ef13d102233e5491985f0f0?s=96&d=mm&r=g\",\"contentUrl\":\"https:\/\/secure.gravatar.com\/avatar\/ad365d9d9f46719215b0d042cc3df92a5a8683e09ef13d102233e5491985f0f0?s=96&d=mm&r=g\",\"caption\":\"admin\"},\"url\":\"https:\/\/21panorama.com\/index.php\/author\/admin\/\"}]}<\/script>\n<!-- \/ Yoast SEO plugin. -->","yoast_head_json":{"title":"DE BUENA FUENTE Columna - Opini\u00f3n - 21 Panorama","robots":{"index":"index","follow":"follow","max-snippet":"max-snippet:-1","max-image-preview":"max-image-preview:large","max-video-preview":"max-video-preview:-1"},"canonical":"https:\/\/21panorama.com\/index.php\/2021\/10\/25\/de-buena-fuente-columna-opinion\/","og_locale":"es_MX","og_type":"article","og_title":"DE BUENA FUENTE Columna - Opini\u00f3n - 21 Panorama","og_description":"Para romper con un eventual estancamiento legislativo s\u00f3lo se requiere di\u00e1logo y unidad en torno a lo que demandan los mexiquenses. As\u00ed lo entiende el Coordinador de la bancada pri\u00edsta Elias Rescala Jim\u00e9nez y no se prestar\u00e1 a los dimes y diretes que se traen entre Morena y el PAN.","og_url":"https:\/\/21panorama.com\/index.php\/2021\/10\/25\/de-buena-fuente-columna-opinion\/","og_site_name":"21 Panorama","article_published_time":"2021-10-25T15:18:25+00:00","article_modified_time":"2021-10-25T15:18:26+00:00","og_image":[{"width":1280,"height":720,"url":"https:\/\/21panorama.com\/wp-content\/uploads\/2021\/10\/9d5ac2ed-d0e1-4ab4-b696-523dec93b6ba.jpeg","type":"image\/jpeg"}],"author":"admin","twitter_card":"summary_large_image","twitter_misc":{"Escrito por":"admin","Tiempo de lectura":"2 minutos"},"schema":{"@context":"https:\/\/schema.org","@graph":[{"@type":"Article","@id":"https:\/\/21panorama.com\/index.php\/2021\/10\/25\/de-buena-fuente-columna-opinion\/#article","isPartOf":{"@id":"https:\/\/21panorama.com\/index.php\/2021\/10\/25\/de-buena-fuente-columna-opinion\/"},"author":{"name":"admin","@id":"https:\/\/21panorama.com\/#\/schema\/person\/1afc291b96d5792a158768324287319f"},"headline":"DE BUENA FUENTE Columna &#8211; Opini\u00f3n","datePublished":"2021-10-25T15:18:25+00:00","dateModified":"2021-10-25T15:18:26+00:00","mainEntityOfPage":{"@id":"https:\/\/21panorama.com\/index.php\/2021\/10\/25\/de-buena-fuente-columna-opinion\/"},"wordCount":431,"commentCount":0,"publisher":{"@id":"https:\/\/21panorama.com\/#organization"},"image":{"@id":"https:\/\/21panorama.com\/index.php\/2021\/10\/25\/de-buena-fuente-columna-opinion\/#primaryimage"},"thumbnailUrl":"https:\/\/21panorama.com\/wp-content\/uploads\/2021\/10\/9d5ac2ed-d0e1-4ab4-b696-523dec93b6ba.jpeg","keywords":["Columna"],"articleSection":["Columna-Opini\u00f3n"],"inLanguage":"es","potentialAction":[{"@type":"CommentAction","name":"Comment","target":["https:\/\/21panorama.com\/index.php\/2021\/10\/25\/de-buena-fuente-columna-opinion\/#respond"]}]},{"@type":"WebPage","@id":"https:\/\/21panorama.com\/index.php\/2021\/10\/25\/de-buena-fuente-columna-opinion\/","url":"https:\/\/21panorama.com\/index.php\/2021\/10\/25\/de-buena-fuente-columna-opinion\/","name":"DE BUENA FUENTE Columna - Opini\u00f3n - 21 Panorama","isPartOf":{"@id":"https:\/\/21panorama.com\/#website"},"primaryImageOfPage":{"@id":"https:\/\/21panorama.com\/index.php\/2021\/10\/25\/de-buena-fuente-columna-opinion\/#primaryimage"},"image":{"@id":"https:\/\/21panorama.com\/index.php\/2021\/10\/25\/de-buena-fuente-columna-opinion\/#primaryimage"},"thumbnailUrl":"https:\/\/21panorama.com\/wp-content\/uploads\/2021\/10\/9d5ac2ed-d0e1-4ab4-b696-523dec93b6ba.jpeg","datePublished":"2021-10-25T15:18:25+00:00","dateModified":"2021-10-25T15:18:26+00:00","breadcrumb":{"@id":"https:\/\/21panorama.com\/index.php\/2021\/10\/25\/de-buena-fuente-columna-opinion\/#breadcrumb"},"inLanguage":"es","potentialAction":[{"@type":"ReadAction","target":["https:\/\/21panorama.com\/index.php\/2021\/10\/25\/de-buena-fuente-columna-opinion\/"]}]},{"@type":"ImageObject","inLanguage":"es","@id":"https:\/\/21panorama.com\/index.php\/2021\/10\/25\/de-buena-fuente-columna-opinion\/#primaryimage","url":"https:\/\/21panorama.com\/wp-content\/uploads\/2021\/10\/9d5ac2ed-d0e1-4ab4-b696-523dec93b6ba.jpeg","contentUrl":"https:\/\/21panorama.com\/wp-content\/uploads\/2021\/10\/9d5ac2ed-d0e1-4ab4-b696-523dec93b6ba.jpeg","width":1280,"height":720},{"@type":"BreadcrumbList","@id":"https:\/\/21panorama.com\/index.php\/2021\/10\/25\/de-buena-fuente-columna-opinion\/#breadcrumb","itemListElement":[{"@type":"ListItem","position":1,"name":"Inicio","item":"https:\/\/21panorama.com\/"},{"@type":"ListItem","position":2,"name":"DE BUENA FUENTE Columna &#8211; Opini\u00f3n"}]},{"@type":"WebSite","@id":"https:\/\/21panorama.com\/#website","url":"https:\/\/21panorama.com\/","name":"21 Panorama","description":"La construcci\u00f3n de la opini\u00f3n p\u00fablica merece un mejor Panorama en este siglo 21 para alcanzar una sociedad con mayor transparencia y sin corrupci\u00f3n.","publisher":{"@id":"https:\/\/21panorama.com\/#organization"},"potentialAction":[{"@type":"SearchAction","target":{"@type":"EntryPoint","urlTemplate":"https:\/\/21panorama.com\/?s={search_term_string}"},"query-input":{"@type":"PropertyValueSpecification","valueRequired":true,"valueName":"search_term_string"}}],"inLanguage":"es"},{"@type":"Organization","@id":"https:\/\/21panorama.com\/#organization","name":"21 Panorama","url":"https:\/\/21panorama.com\/","logo":{"@type":"ImageObject","inLanguage":"es","@id":"https:\/\/21panorama.com\/#\/schema\/logo\/image\/","url":"https:\/\/21panorama.com\/wp-content\/uploads\/2019\/07\/cropped-Logo-Panorama-01.jpeg","contentUrl":"https:\/\/21panorama.com\/wp-content\/uploads\/2019\/07\/cropped-Logo-Panorama-01.jpeg","width":290,"height":70,"caption":"21 Panorama"},"image":{"@id":"https:\/\/21panorama.com\/#\/schema\/logo\/image\/"}},{"@type":"Person","@id":"https:\/\/21panorama.com\/#\/schema\/person\/1afc291b96d5792a158768324287319f","name":"admin","image":{"@type":"ImageObject","inLanguage":"es","@id":"https:\/\/21panorama.com\/#\/schema\/person\/image\/","url":"https:\/\/secure.gravatar.com\/avatar\/ad365d9d9f46719215b0d042cc3df92a5a8683e09ef13d102233e5491985f0f0?s=96&d=mm&r=g","contentUrl":"https:\/\/secure.gravatar.com\/avatar\/ad365d9d9f46719215b0d042cc3df92a5a8683e09ef13d102233e5491985f0f0?s=96&d=mm&r=g","caption":"admin"},"url":"https:\/\/21panorama.com\/index.php\/author\/admin\/"}]}},"_links":{"self":[{"href":"https:\/\/21panorama.com\/index.php\/wp-json\/wp\/v2\/posts\/2025","targetHints":{"allow":["GET"]}}],"collection":[{"href":"https:\/\/21panorama.com\/index.php\/wp-json\/wp\/v2\/posts"}],"about":[{"href":"https:\/\/21panorama.com\/index.php\/wp-json\/wp\/v2\/types\/post"}],"author":[{"embeddable":true,"href":"https:\/\/21panorama.com\/index.php\/wp-json\/wp\/v2\/users\/1"}],"replies":[{"embeddable":true,"href":"https:\/\/21panorama.com\/index.php\/wp-json\/wp\/v2\/comments?post=2025"}],"version-history":[{"count":1,"href":"https:\/\/21panorama.com\/index.php\/wp-json\/wp\/v2\/posts\/2025\/revisions"}],"predecessor-version":[{"id":2027,"href":"https:\/\/21panorama.com\/index.php\/wp-json\/wp\/v2\/posts\/2025\/revisions\/2027"}],"wp:featuredmedia":[{"embeddable":true,"href":"https:\/\/21panorama.com\/index.php\/wp-json\/wp\/v2\/media\/2026"}],"wp:attachment":[{"href":"https:\/\/21panorama.com\/index.php\/wp-json\/wp\/v2\/media?parent=2025"}],"wp:term":[{"taxonomy":"category","embeddable":true,"href":"https:\/\/21panorama.com\/index.php\/wp-json\/wp\/v2\/categories?post=2025"},{"taxonomy":"post_tag","embeddable":true,"href":"https:\/\/21panorama.com\/index.php\/wp-json\/wp\/v2\/tags?post=2025"}],"curies":[{"name":"wp","href":"https:\/\/api.w.org\/{rel}","templated":true}]}}