{"id":2013,"date":"2021-10-21T20:32:13","date_gmt":"2021-10-22T01:32:13","guid":{"rendered":"http:\/\/21panorama.com\/?p=2013"},"modified":"2021-10-21T20:32:14","modified_gmt":"2021-10-22T01:32:14","slug":"cierra-campana-marco-aurelio-carbajal-leyva-respaldado-por-mas-de-2-mil-maestros-en-toluca","status":"publish","type":"post","link":"https:\/\/21panorama.com\/index.php\/2021\/10\/21\/cierra-campana-marco-aurelio-carbajal-leyva-respaldado-por-mas-de-2-mil-maestros-en-toluca\/","title":{"rendered":"Cierra campa\u00f1a Marco Aurelio Carbajal Leyva respaldado por m\u00e1s de 2 mil maestros en Toluca"},"content":{"rendered":"\n<p>21 de octubre de 2021 Toluca, Estado de M\u00e9xico.- La planilla Unidad Sindical, encabezada por Marco Aurelio Carbajal Leyva, candidato a Secretario General del Sindicato de Maestros al Servicio del Estado de M\u00e9xico cerr\u00f3 campa\u00f1a en la capital de la entidad, con el respaldo de unos 2 mil docentes que se dieron cita en el evento.<\/p>\n\n\n\n<p>&#8220;Gracias maestras, gracias maestros por estar respaldando un extraordinario proyecto de unidad, de Unidad Sindical&#8221;, expres\u00f3 el candidato al iniciar su mensaje al magisterio.<\/p>\n\n\n\n<p>Al filo de las 5 de la tarde, Marco Aurelio Carbajal Leyva arrib\u00f3 a las instalaciones del Sal\u00f3n Rojo del Club Toluca, que ya luc\u00eda lleno, respetando el aforo m\u00e1ximo permitido dado el sem\u00e1foro epidemiol\u00f3gico.<\/p>\n\n\n\n<p>&#8220;Demos la bienvenida al hombre de trabajo, al gestor de la unidad, a quien va a consolidar el cambio en nuestro sindicato, el profesor Marco Aurelio Carbajal Leyva&#8221;, fue as\u00ed como los animadores del evento presentaron al candidato, desatando los gritos y porras de cientos de profesores que ya lo esperaban en el recinto.<\/p>\n\n\n\n<p>Visiblemente emocionado, Carbajal Leyva reiter\u00f3 el llamado a la unidad del magisterio y asegur\u00f3 que su planilla cuenta con el respaldo de todo el magisterio mexiquense.<\/p>\n\n\n\n<p>Inform\u00f3 que luego de 15 d\u00edas de intensa campa\u00f1a, en la que recorri\u00f3 las 13 regiones sindicales, \u00e9l y todos los integrantes de su planilla pudieron encontrarse frente a frente con m\u00e1s de 50 mil profesores, tocando las puertas de m\u00e1s de 4 mil 500 escuelas en los 125 municipios mexiquenses.<\/p>\n\n\n\n<p>Despu\u00e9s de este recorrido, dijo, sabe que urge el abasto de medicamentos, pues los vales de medicamentos no curan las enfermedades y asever\u00f3 que &#8220;con la salud de los maestros no se juega&#8221;.<\/p>\n\n\n\n<p>Asegur\u00f3 que abanderar\u00e1 &#8220;con todo el empuje&#8221; el tema salarial, a trav\u00e9s del pago de colaterales y apoyos, para fortalecer la econom\u00eda de los maestros y sus familias.<\/p>\n\n\n\n<p>Refiri\u00f3 que buscar\u00e1 una mayor justicia para el magisterio en su conjunto y por ello, como Secretario General, empe\u00f1ar\u00e1 su m\u00e1ximo esfuerzo en la revisi\u00f3n de la base normativa y estatutaria, lo que pretende lograr con cohesi\u00f3n y unidad.<\/p>\n\n\n\n<p>Se\u00f1al\u00f3 que los maestros tienen la oportunidad hist\u00f3rica de gritar al mundo que el SMSEM est\u00e1 unido, est\u00e1 fuerte y que es el momento de transformarlo para ponerlo a tiempo, en beneficio de los m\u00e1s de cien mil agremiados.<\/p>\n\n\n\n<p>Marco Aurelio Carbajal Leyva reiter\u00f3 su gratitud por el apoyo de todas las regiones sindicales y niveles educativos a todos los integrantes de la Unidad Sindical durante su campa\u00f1a.<\/p>\n\n\n\n<p>Exhort\u00f3 a su equipo a recordar siempre que la identidad y valor magisterial s\u00f3lo se encuentra en la unidad. &#8220;Este es nuestro momento, es momento de sumarse al proyecto de la Unidad Sindical. \u00a1Que viva la Unidad Sindical! \u00a1Que vivan las maestras y los maestros! \u00a1Que viva el Sindicato de Maestros al Servicio del Estado de M\u00e9xico&#8221;, concluy\u00f3.<\/p>\n\n\n\n<figure class=\"wp-block-gallery columns-2 is-cropped wp-block-gallery-1 is-layout-flex wp-block-gallery-is-layout-flex\"><ul class=\"blocks-gallery-grid\"><li class=\"blocks-gallery-item\"><figure><img decoding=\"async\" width=\"1024\" height=\"565\" src=\"https:\/\/21panorama.com\/wp-content\/uploads\/2021\/10\/c3536e48-d3f7-41b5-8dcc-529516954f36-1024x565.jpeg\" alt=\"\" data-id=\"2015\" data-link=\"https:\/\/21panorama.com\/?attachment_id=2015\" class=\"wp-image-2015\" srcset=\"https:\/\/21panorama.com\/wp-content\/uploads\/2021\/10\/c3536e48-d3f7-41b5-8dcc-529516954f36-1024x565.jpeg 1024w, https:\/\/21panorama.com\/wp-content\/uploads\/2021\/10\/c3536e48-d3f7-41b5-8dcc-529516954f36-300x166.jpeg 300w, https:\/\/21panorama.com\/wp-content\/uploads\/2021\/10\/c3536e48-d3f7-41b5-8dcc-529516954f36-768x424.jpeg 768w, https:\/\/21panorama.com\/wp-content\/uploads\/2021\/10\/c3536e48-d3f7-41b5-8dcc-529516954f36.jpeg 1257w\" sizes=\"(max-width: 1024px) 100vw, 1024px\" \/><\/figure><\/li><li class=\"blocks-gallery-item\"><figure><img decoding=\"async\" width=\"1024\" height=\"682\" src=\"https:\/\/21panorama.com\/wp-content\/uploads\/2021\/10\/4e3f5bbc-8f17-43ca-999e-e30780de58a0-1024x682.jpeg\" alt=\"\" data-id=\"2016\" data-full-url=\"https:\/\/21panorama.com\/wp-content\/uploads\/2021\/10\/4e3f5bbc-8f17-43ca-999e-e30780de58a0.jpeg\" data-link=\"https:\/\/21panorama.com\/?attachment_id=2016\" class=\"wp-image-2016\" srcset=\"https:\/\/21panorama.com\/wp-content\/uploads\/2021\/10\/4e3f5bbc-8f17-43ca-999e-e30780de58a0-1024x682.jpeg 1024w, https:\/\/21panorama.com\/wp-content\/uploads\/2021\/10\/4e3f5bbc-8f17-43ca-999e-e30780de58a0-300x200.jpeg 300w, https:\/\/21panorama.com\/wp-content\/uploads\/2021\/10\/4e3f5bbc-8f17-43ca-999e-e30780de58a0-768x512.jpeg 768w, https:\/\/21panorama.com\/wp-content\/uploads\/2021\/10\/4e3f5bbc-8f17-43ca-999e-e30780de58a0.jpeg 1280w\" sizes=\"(max-width: 1024px) 100vw, 1024px\" \/><\/figure><\/li><\/ul><\/figure>\n\n\n\n<figure class=\"wp-block-video\"><video height=\"480\" style=\"aspect-ratio: 848 \/ 480;\" width=\"848\" controls src=\"https:\/\/21panorama.com\/wp-content\/uploads\/2021\/10\/WhatsApp-Video-2021-10-21-at-20.23.44.mp4\"><\/video><\/figure>\n","protected":false},"excerpt":{"rendered":"<p>21 de octubre de 2021 Toluca, Estado de M\u00e9xico.- La planilla Unidad Sindical, encabezada por Marco Aurelio Carbajal Leyva, candidato a Secretario General del Sindicato de Maestros al Servicio del Estado de M\u00e9xico cerr\u00f3 campa\u00f1a en la capital de la entidad, con el respaldo de unos 2 mil docentes que se dieron cita en el evento.<\/p>\n","protected":false},"author":1,"featured_media":2014,"comment_status":"open","ping_status":"open","sticky":false,"template":"","format":"standard","meta":{"footnotes":""},"categories":[1],"tags":[172,38],"class_list":["post-2013","post","type-post","status-publish","format-standard","has-post-thumbnail","hentry","category-sociedad","tag-maestros","tag-toluca"],"yoast_head":"<!-- This site is optimized with the Yoast SEO plugin v24.9 - https:\/\/yoast.com\/wordpress\/plugins\/seo\/ -->\n<title>Cierra campa\u00f1a Marco Aurelio Carbajal Leyva respaldado por m\u00e1s de 2 mil maestros en Toluca - 21 Panorama<\/title>\n<meta name=\"robots\" content=\"index, follow, max-snippet:-1, max-image-preview:large, max-video-preview:-1\" \/>\n<link rel=\"canonical\" href=\"https:\/\/21panorama.com\/index.php\/2021\/10\/21\/cierra-campana-marco-aurelio-carbajal-leyva-respaldado-por-mas-de-2-mil-maestros-en-toluca\/\" \/>\n<meta property=\"og:locale\" content=\"es_MX\" \/>\n<meta property=\"og:type\" content=\"article\" \/>\n<meta property=\"og:title\" content=\"Cierra campa\u00f1a Marco Aurelio Carbajal Leyva respaldado por m\u00e1s de 2 mil maestros en Toluca - 21 Panorama\" \/>\n<meta property=\"og:description\" content=\"21 de octubre de 2021 Toluca, Estado de M\u00e9xico.- La planilla Unidad Sindical, encabezada por Marco Aurelio Carbajal Leyva, candidato a Secretario General del Sindicato de Maestros al Servicio del Estado de M\u00e9xico cerr\u00f3 campa\u00f1a en la capital de la entidad, con el respaldo de unos 2 mil docentes que se dieron cita en el evento.\" \/>\n<meta property=\"og:url\" content=\"https:\/\/21panorama.com\/index.php\/2021\/10\/21\/cierra-campana-marco-aurelio-carbajal-leyva-respaldado-por-mas-de-2-mil-maestros-en-toluca\/\" \/>\n<meta property=\"og:site_name\" content=\"21 Panorama\" \/>\n<meta property=\"article:published_time\" content=\"2021-10-22T01:32:13+00:00\" \/>\n<meta property=\"article:modified_time\" content=\"2021-10-22T01:32:14+00:00\" \/>\n<meta property=\"og:image\" content=\"https:\/\/21panorama.com\/wp-content\/uploads\/2021\/10\/559b59ff-020d-4ccc-a844-52a0aaf0a18b.jpeg\" \/>\n\t<meta property=\"og:image:width\" content=\"1600\" \/>\n\t<meta property=\"og:image:height\" content=\"980\" \/>\n\t<meta property=\"og:image:type\" content=\"image\/jpeg\" \/>\n<meta name=\"author\" content=\"admin\" \/>\n<meta name=\"twitter:card\" content=\"summary_large_image\" \/>\n<meta name=\"twitter:label1\" content=\"Escrito por\" \/>\n\t<meta name=\"twitter:data1\" content=\"admin\" \/>\n\t<meta name=\"twitter:label2\" content=\"Tiempo de lectura\" \/>\n\t<meta name=\"twitter:data2\" content=\"3 minutos\" \/>\n<script type=\"application\/ld+json\" class=\"yoast-schema-graph\">{\"@context\":\"https:\/\/schema.org\",\"@graph\":[{\"@type\":\"Article\",\"@id\":\"https:\/\/21panorama.com\/index.php\/2021\/10\/21\/cierra-campana-marco-aurelio-carbajal-leyva-respaldado-por-mas-de-2-mil-maestros-en-toluca\/#article\",\"isPartOf\":{\"@id\":\"https:\/\/21panorama.com\/index.php\/2021\/10\/21\/cierra-campana-marco-aurelio-carbajal-leyva-respaldado-por-mas-de-2-mil-maestros-en-toluca\/\"},\"author\":{\"name\":\"admin\",\"@id\":\"https:\/\/21panorama.com\/#\/schema\/person\/1afc291b96d5792a158768324287319f\"},\"headline\":\"Cierra campa\u00f1a Marco Aurelio Carbajal Leyva respaldado por m\u00e1s de 2 mil maestros en Toluca\",\"datePublished\":\"2021-10-22T01:32:13+00:00\",\"dateModified\":\"2021-10-22T01:32:14+00:00\",\"mainEntityOfPage\":{\"@id\":\"https:\/\/21panorama.com\/index.php\/2021\/10\/21\/cierra-campana-marco-aurelio-carbajal-leyva-respaldado-por-mas-de-2-mil-maestros-en-toluca\/\"},\"wordCount\":504,\"commentCount\":0,\"publisher\":{\"@id\":\"https:\/\/21panorama.com\/#organization\"},\"image\":{\"@id\":\"https:\/\/21panorama.com\/index.php\/2021\/10\/21\/cierra-campana-marco-aurelio-carbajal-leyva-respaldado-por-mas-de-2-mil-maestros-en-toluca\/#primaryimage\"},\"thumbnailUrl\":\"https:\/\/21panorama.com\/wp-content\/uploads\/2021\/10\/559b59ff-020d-4ccc-a844-52a0aaf0a18b.jpeg\",\"keywords\":[\"Maestros\",\"Toluca\"],\"articleSection\":[\"Sociedad\"],\"inLanguage\":\"es\",\"potentialAction\":[{\"@type\":\"CommentAction\",\"name\":\"Comment\",\"target\":[\"https:\/\/21panorama.com\/index.php\/2021\/10\/21\/cierra-campana-marco-aurelio-carbajal-leyva-respaldado-por-mas-de-2-mil-maestros-en-toluca\/#respond\"]}]},{\"@type\":\"WebPage\",\"@id\":\"https:\/\/21panorama.com\/index.php\/2021\/10\/21\/cierra-campana-marco-aurelio-carbajal-leyva-respaldado-por-mas-de-2-mil-maestros-en-toluca\/\",\"url\":\"https:\/\/21panorama.com\/index.php\/2021\/10\/21\/cierra-campana-marco-aurelio-carbajal-leyva-respaldado-por-mas-de-2-mil-maestros-en-toluca\/\",\"name\":\"Cierra campa\u00f1a Marco Aurelio Carbajal Leyva respaldado por m\u00e1s de 2 mil maestros en Toluca - 21 Panorama\",\"isPartOf\":{\"@id\":\"https:\/\/21panorama.com\/#website\"},\"primaryImageOfPage\":{\"@id\":\"https:\/\/21panorama.com\/index.php\/2021\/10\/21\/cierra-campana-marco-aurelio-carbajal-leyva-respaldado-por-mas-de-2-mil-maestros-en-toluca\/#primaryimage\"},\"image\":{\"@id\":\"https:\/\/21panorama.com\/index.php\/2021\/10\/21\/cierra-campana-marco-aurelio-carbajal-leyva-respaldado-por-mas-de-2-mil-maestros-en-toluca\/#primaryimage\"},\"thumbnailUrl\":\"https:\/\/21panorama.com\/wp-content\/uploads\/2021\/10\/559b59ff-020d-4ccc-a844-52a0aaf0a18b.jpeg\",\"datePublished\":\"2021-10-22T01:32:13+00:00\",\"dateModified\":\"2021-10-22T01:32:14+00:00\",\"breadcrumb\":{\"@id\":\"https:\/\/21panorama.com\/index.php\/2021\/10\/21\/cierra-campana-marco-aurelio-carbajal-leyva-respaldado-por-mas-de-2-mil-maestros-en-toluca\/#breadcrumb\"},\"inLanguage\":\"es\",\"potentialAction\":[{\"@type\":\"ReadAction\",\"target\":[\"https:\/\/21panorama.com\/index.php\/2021\/10\/21\/cierra-campana-marco-aurelio-carbajal-leyva-respaldado-por-mas-de-2-mil-maestros-en-toluca\/\"]}]},{\"@type\":\"ImageObject\",\"inLanguage\":\"es\",\"@id\":\"https:\/\/21panorama.com\/index.php\/2021\/10\/21\/cierra-campana-marco-aurelio-carbajal-leyva-respaldado-por-mas-de-2-mil-maestros-en-toluca\/#primaryimage\",\"url\":\"https:\/\/21panorama.com\/wp-content\/uploads\/2021\/10\/559b59ff-020d-4ccc-a844-52a0aaf0a18b.jpeg\",\"contentUrl\":\"https:\/\/21panorama.com\/wp-content\/uploads\/2021\/10\/559b59ff-020d-4ccc-a844-52a0aaf0a18b.jpeg\",\"width\":1600,\"height\":980},{\"@type\":\"BreadcrumbList\",\"@id\":\"https:\/\/21panorama.com\/index.php\/2021\/10\/21\/cierra-campana-marco-aurelio-carbajal-leyva-respaldado-por-mas-de-2-mil-maestros-en-toluca\/#breadcrumb\",\"itemListElement\":[{\"@type\":\"ListItem\",\"position\":1,\"name\":\"Inicio\",\"item\":\"https:\/\/21panorama.com\/\"},{\"@type\":\"ListItem\",\"position\":2,\"name\":\"Cierra campa\u00f1a Marco Aurelio Carbajal Leyva respaldado por m\u00e1s de 2 mil maestros en Toluca\"}]},{\"@type\":\"WebSite\",\"@id\":\"https:\/\/21panorama.com\/#website\",\"url\":\"https:\/\/21panorama.com\/\",\"name\":\"21 Panorama\",\"description\":\"La construcci\u00f3n de la opini\u00f3n p\u00fablica merece un mejor Panorama en este siglo 21 para alcanzar una sociedad con mayor transparencia y sin corrupci\u00f3n.\",\"publisher\":{\"@id\":\"https:\/\/21panorama.com\/#organization\"},\"potentialAction\":[{\"@type\":\"SearchAction\",\"target\":{\"@type\":\"EntryPoint\",\"urlTemplate\":\"https:\/\/21panorama.com\/?s={search_term_string}\"},\"query-input\":{\"@type\":\"PropertyValueSpecification\",\"valueRequired\":true,\"valueName\":\"search_term_string\"}}],\"inLanguage\":\"es\"},{\"@type\":\"Organization\",\"@id\":\"https:\/\/21panorama.com\/#organization\",\"name\":\"21 Panorama\",\"url\":\"https:\/\/21panorama.com\/\",\"logo\":{\"@type\":\"ImageObject\",\"inLanguage\":\"es\",\"@id\":\"https:\/\/21panorama.com\/#\/schema\/logo\/image\/\",\"url\":\"https:\/\/21panorama.com\/wp-content\/uploads\/2019\/07\/cropped-Logo-Panorama-01.jpeg\",\"contentUrl\":\"https:\/\/21panorama.com\/wp-content\/uploads\/2019\/07\/cropped-Logo-Panorama-01.jpeg\",\"width\":290,\"height\":70,\"caption\":\"21 Panorama\"},\"image\":{\"@id\":\"https:\/\/21panorama.com\/#\/schema\/logo\/image\/\"}},{\"@type\":\"Person\",\"@id\":\"https:\/\/21panorama.com\/#\/schema\/person\/1afc291b96d5792a158768324287319f\",\"name\":\"admin\",\"image\":{\"@type\":\"ImageObject\",\"inLanguage\":\"es\",\"@id\":\"https:\/\/21panorama.com\/#\/schema\/person\/image\/\",\"url\":\"https:\/\/secure.gravatar.com\/avatar\/ad365d9d9f46719215b0d042cc3df92a5a8683e09ef13d102233e5491985f0f0?s=96&d=mm&r=g\",\"contentUrl\":\"https:\/\/secure.gravatar.com\/avatar\/ad365d9d9f46719215b0d042cc3df92a5a8683e09ef13d102233e5491985f0f0?s=96&d=mm&r=g\",\"caption\":\"admin\"},\"url\":\"https:\/\/21panorama.com\/index.php\/author\/admin\/\"}]}<\/script>\n<!-- \/ Yoast SEO plugin. -->","yoast_head_json":{"title":"Cierra campa\u00f1a Marco Aurelio Carbajal Leyva respaldado por m\u00e1s de 2 mil maestros en Toluca - 21 Panorama","robots":{"index":"index","follow":"follow","max-snippet":"max-snippet:-1","max-image-preview":"max-image-preview:large","max-video-preview":"max-video-preview:-1"},"canonical":"https:\/\/21panorama.com\/index.php\/2021\/10\/21\/cierra-campana-marco-aurelio-carbajal-leyva-respaldado-por-mas-de-2-mil-maestros-en-toluca\/","og_locale":"es_MX","og_type":"article","og_title":"Cierra campa\u00f1a Marco Aurelio Carbajal Leyva respaldado por m\u00e1s de 2 mil maestros en Toluca - 21 Panorama","og_description":"21 de octubre de 2021 Toluca, Estado de M\u00e9xico.- La planilla Unidad Sindical, encabezada por Marco Aurelio Carbajal Leyva, candidato a Secretario General del Sindicato de Maestros al Servicio del Estado de M\u00e9xico cerr\u00f3 campa\u00f1a en la capital de la entidad, con el respaldo de unos 2 mil docentes que se dieron cita en el evento.","og_url":"https:\/\/21panorama.com\/index.php\/2021\/10\/21\/cierra-campana-marco-aurelio-carbajal-leyva-respaldado-por-mas-de-2-mil-maestros-en-toluca\/","og_site_name":"21 Panorama","article_published_time":"2021-10-22T01:32:13+00:00","article_modified_time":"2021-10-22T01:32:14+00:00","og_image":[{"width":1600,"height":980,"url":"https:\/\/21panorama.com\/wp-content\/uploads\/2021\/10\/559b59ff-020d-4ccc-a844-52a0aaf0a18b.jpeg","type":"image\/jpeg"}],"author":"admin","twitter_card":"summary_large_image","twitter_misc":{"Escrito por":"admin","Tiempo de lectura":"3 minutos"},"schema":{"@context":"https:\/\/schema.org","@graph":[{"@type":"Article","@id":"https:\/\/21panorama.com\/index.php\/2021\/10\/21\/cierra-campana-marco-aurelio-carbajal-leyva-respaldado-por-mas-de-2-mil-maestros-en-toluca\/#article","isPartOf":{"@id":"https:\/\/21panorama.com\/index.php\/2021\/10\/21\/cierra-campana-marco-aurelio-carbajal-leyva-respaldado-por-mas-de-2-mil-maestros-en-toluca\/"},"author":{"name":"admin","@id":"https:\/\/21panorama.com\/#\/schema\/person\/1afc291b96d5792a158768324287319f"},"headline":"Cierra campa\u00f1a Marco Aurelio Carbajal Leyva respaldado por m\u00e1s de 2 mil maestros en Toluca","datePublished":"2021-10-22T01:32:13+00:00","dateModified":"2021-10-22T01:32:14+00:00","mainEntityOfPage":{"@id":"https:\/\/21panorama.com\/index.php\/2021\/10\/21\/cierra-campana-marco-aurelio-carbajal-leyva-respaldado-por-mas-de-2-mil-maestros-en-toluca\/"},"wordCount":504,"commentCount":0,"publisher":{"@id":"https:\/\/21panorama.com\/#organization"},"image":{"@id":"https:\/\/21panorama.com\/index.php\/2021\/10\/21\/cierra-campana-marco-aurelio-carbajal-leyva-respaldado-por-mas-de-2-mil-maestros-en-toluca\/#primaryimage"},"thumbnailUrl":"https:\/\/21panorama.com\/wp-content\/uploads\/2021\/10\/559b59ff-020d-4ccc-a844-52a0aaf0a18b.jpeg","keywords":["Maestros","Toluca"],"articleSection":["Sociedad"],"inLanguage":"es","potentialAction":[{"@type":"CommentAction","name":"Comment","target":["https:\/\/21panorama.com\/index.php\/2021\/10\/21\/cierra-campana-marco-aurelio-carbajal-leyva-respaldado-por-mas-de-2-mil-maestros-en-toluca\/#respond"]}]},{"@type":"WebPage","@id":"https:\/\/21panorama.com\/index.php\/2021\/10\/21\/cierra-campana-marco-aurelio-carbajal-leyva-respaldado-por-mas-de-2-mil-maestros-en-toluca\/","url":"https:\/\/21panorama.com\/index.php\/2021\/10\/21\/cierra-campana-marco-aurelio-carbajal-leyva-respaldado-por-mas-de-2-mil-maestros-en-toluca\/","name":"Cierra campa\u00f1a Marco Aurelio Carbajal Leyva respaldado por m\u00e1s de 2 mil maestros en Toluca - 21 Panorama","isPartOf":{"@id":"https:\/\/21panorama.com\/#website"},"primaryImageOfPage":{"@id":"https:\/\/21panorama.com\/index.php\/2021\/10\/21\/cierra-campana-marco-aurelio-carbajal-leyva-respaldado-por-mas-de-2-mil-maestros-en-toluca\/#primaryimage"},"image":{"@id":"https:\/\/21panorama.com\/index.php\/2021\/10\/21\/cierra-campana-marco-aurelio-carbajal-leyva-respaldado-por-mas-de-2-mil-maestros-en-toluca\/#primaryimage"},"thumbnailUrl":"https:\/\/21panorama.com\/wp-content\/uploads\/2021\/10\/559b59ff-020d-4ccc-a844-52a0aaf0a18b.jpeg","datePublished":"2021-10-22T01:32:13+00:00","dateModified":"2021-10-22T01:32:14+00:00","breadcrumb":{"@id":"https:\/\/21panorama.com\/index.php\/2021\/10\/21\/cierra-campana-marco-aurelio-carbajal-leyva-respaldado-por-mas-de-2-mil-maestros-en-toluca\/#breadcrumb"},"inLanguage":"es","potentialAction":[{"@type":"ReadAction","target":["https:\/\/21panorama.com\/index.php\/2021\/10\/21\/cierra-campana-marco-aurelio-carbajal-leyva-respaldado-por-mas-de-2-mil-maestros-en-toluca\/"]}]},{"@type":"ImageObject","inLanguage":"es","@id":"https:\/\/21panorama.com\/index.php\/2021\/10\/21\/cierra-campana-marco-aurelio-carbajal-leyva-respaldado-por-mas-de-2-mil-maestros-en-toluca\/#primaryimage","url":"https:\/\/21panorama.com\/wp-content\/uploads\/2021\/10\/559b59ff-020d-4ccc-a844-52a0aaf0a18b.jpeg","contentUrl":"https:\/\/21panorama.com\/wp-content\/uploads\/2021\/10\/559b59ff-020d-4ccc-a844-52a0aaf0a18b.jpeg","width":1600,"height":980},{"@type":"BreadcrumbList","@id":"https:\/\/21panorama.com\/index.php\/2021\/10\/21\/cierra-campana-marco-aurelio-carbajal-leyva-respaldado-por-mas-de-2-mil-maestros-en-toluca\/#breadcrumb","itemListElement":[{"@type":"ListItem","position":1,"name":"Inicio","item":"https:\/\/21panorama.com\/"},{"@type":"ListItem","position":2,"name":"Cierra campa\u00f1a Marco Aurelio Carbajal Leyva respaldado por m\u00e1s de 2 mil maestros en Toluca"}]},{"@type":"WebSite","@id":"https:\/\/21panorama.com\/#website","url":"https:\/\/21panorama.com\/","name":"21 Panorama","description":"La construcci\u00f3n de la opini\u00f3n p\u00fablica merece un mejor Panorama en este siglo 21 para alcanzar una sociedad con mayor transparencia y sin corrupci\u00f3n.","publisher":{"@id":"https:\/\/21panorama.com\/#organization"},"potentialAction":[{"@type":"SearchAction","target":{"@type":"EntryPoint","urlTemplate":"https:\/\/21panorama.com\/?s={search_term_string}"},"query-input":{"@type":"PropertyValueSpecification","valueRequired":true,"valueName":"search_term_string"}}],"inLanguage":"es"},{"@type":"Organization","@id":"https:\/\/21panorama.com\/#organization","name":"21 Panorama","url":"https:\/\/21panorama.com\/","logo":{"@type":"ImageObject","inLanguage":"es","@id":"https:\/\/21panorama.com\/#\/schema\/logo\/image\/","url":"https:\/\/21panorama.com\/wp-content\/uploads\/2019\/07\/cropped-Logo-Panorama-01.jpeg","contentUrl":"https:\/\/21panorama.com\/wp-content\/uploads\/2019\/07\/cropped-Logo-Panorama-01.jpeg","width":290,"height":70,"caption":"21 Panorama"},"image":{"@id":"https:\/\/21panorama.com\/#\/schema\/logo\/image\/"}},{"@type":"Person","@id":"https:\/\/21panorama.com\/#\/schema\/person\/1afc291b96d5792a158768324287319f","name":"admin","image":{"@type":"ImageObject","inLanguage":"es","@id":"https:\/\/21panorama.com\/#\/schema\/person\/image\/","url":"https:\/\/secure.gravatar.com\/avatar\/ad365d9d9f46719215b0d042cc3df92a5a8683e09ef13d102233e5491985f0f0?s=96&d=mm&r=g","contentUrl":"https:\/\/secure.gravatar.com\/avatar\/ad365d9d9f46719215b0d042cc3df92a5a8683e09ef13d102233e5491985f0f0?s=96&d=mm&r=g","caption":"admin"},"url":"https:\/\/21panorama.com\/index.php\/author\/admin\/"}]}},"_links":{"self":[{"href":"https:\/\/21panorama.com\/index.php\/wp-json\/wp\/v2\/posts\/2013","targetHints":{"allow":["GET"]}}],"collection":[{"href":"https:\/\/21panorama.com\/index.php\/wp-json\/wp\/v2\/posts"}],"about":[{"href":"https:\/\/21panorama.com\/index.php\/wp-json\/wp\/v2\/types\/post"}],"author":[{"embeddable":true,"href":"https:\/\/21panorama.com\/index.php\/wp-json\/wp\/v2\/users\/1"}],"replies":[{"embeddable":true,"href":"https:\/\/21panorama.com\/index.php\/wp-json\/wp\/v2\/comments?post=2013"}],"version-history":[{"count":1,"href":"https:\/\/21panorama.com\/index.php\/wp-json\/wp\/v2\/posts\/2013\/revisions"}],"predecessor-version":[{"id":2018,"href":"https:\/\/21panorama.com\/index.php\/wp-json\/wp\/v2\/posts\/2013\/revisions\/2018"}],"wp:featuredmedia":[{"embeddable":true,"href":"https:\/\/21panorama.com\/index.php\/wp-json\/wp\/v2\/media\/2014"}],"wp:attachment":[{"href":"https:\/\/21panorama.com\/index.php\/wp-json\/wp\/v2\/media?parent=2013"}],"wp:term":[{"taxonomy":"category","embeddable":true,"href":"https:\/\/21panorama.com\/index.php\/wp-json\/wp\/v2\/categories?post=2013"},{"taxonomy":"post_tag","embeddable":true,"href":"https:\/\/21panorama.com\/index.php\/wp-json\/wp\/v2\/tags?post=2013"}],"curies":[{"name":"wp","href":"https:\/\/api.w.org\/{rel}","templated":true}]}}