{"id":1977,"date":"2021-10-20T12:59:46","date_gmt":"2021-10-20T17:59:46","guid":{"rendered":"http:\/\/21panorama.com\/?p=1977"},"modified":"2021-10-20T13:08:01","modified_gmt":"2021-10-20T18:08:01","slug":"emprende-pt-defensa-de-la-reforma-electrica-del-pais","status":"publish","type":"post","link":"https:\/\/21panorama.com\/index.php\/2021\/10\/20\/emprende-pt-defensa-de-la-reforma-electrica-del-pais\/","title":{"rendered":"EMPRENDE PT DEFENSA DE LA REFORMA EL\u00c9CTRICA DEL PA\u00cdS"},"content":{"rendered":"\n<p>El Partido del Trabajo (PT) del Estado de M\u00e9xico fij\u00f3 posici\u00f3n de defensa a la iniciativa de reforma el\u00e9ctrica propuesta por el presidente Andr\u00e9s Manuel L\u00f3pez Obrador al Congreso de la Uni\u00f3n.<\/p>\n\n\n\n<p>El dirigente estatal Norberto Morales Poblete manifest\u00f3 el respaldo amplio que se defini\u00f3 en el Consejo Pol\u00edtico a la reforma constitucional con el fin de recuperar la rectoria del Estado en materia el\u00e9ctrica y para beneficio del pueblo de M\u00e9xico.<\/p>\n\n\n\n<p>Se trata de terminar con el saqueo de las empresas privadas que se apropian de los recursos del Pa\u00eds y defender el patrimonio de los mexicanos, agreg\u00f3.<\/p>\n\n\n\n<p>\u201cUna de las decisiones m\u00e1s importantes en el consejo pol\u00edtico estatal fue definir la lucha en la iniciativa que propone el Presidente sobre la reforma el\u00e9ctrica\u201d, sostuvo.<\/p>\n\n\n\n<p>Con ello hay que cerrar el paso a los poderes f\u00e1cticos que mienten cuando dicen que no se buscan energ\u00edas limpias y que se dejar\u00e1 de lado la inversi\u00f3n privada.<\/p>\n\n\n\n<p>\u201cNo es cierto que ser\u00e1 el control total del Estado pero tambi\u00e9n es cierto que en ning\u00fan pa\u00eds ha tenido buenos resultados la privatizaci\u00f3n\u201d, dijo Morales Poblete.<\/p>\n\n\n\n<p>Asimismo Ana Yurixi Leyva y Mariano Villegas resaltaron que es el momento de que los partidos tomen lugar a favor del pueblo.<\/p>\n\n\n\n<p>El proyecto presidencial propone un nuevo sistema el\u00e9ctrico mexicano, en el cual la CFE&nbsp;generar\u00e1 al menos el 54% de la energ\u00eda que requiere el pa\u00eds y el sector privado podr\u00e1 participar hasta en el 46 por ciento.<\/p>\n\n\n\n<p>En tanto, el Estado recupera la conducci\u00f3n del sistema el\u00e9ctrico nacional, a trav\u00e9s de la CFE, que se convierte en organismo del Estado, responsable de su planeaci\u00f3n y control, aut\u00f3nomo en el ejercicio de sus funciones y en su administraci\u00f3n.<\/p>\n\n\n\n<p>En la iniciativa se destaca que corresponde exclusivamente a la Naci\u00f3n el \u00e1rea estrat\u00e9gica de la electricidad, consistente en generar, conducir, transformar, distribuir y abastecer energ\u00eda el\u00e9ctrica.<\/p>\n\n\n\n<p>Mientras que el Estado quedar\u00e1 a cargo de la transici\u00f3n energ\u00e9tica y utilizar\u00e1 de manera sustentable todas las fuentes de energ\u00eda de las que dispone la Naci\u00f3n, con el fin de reducir las emisiones de gases y componentes de efecto invernadero para lo que establecer\u00e1 las pol\u00edticas cient\u00edficas, tecnol\u00f3gicas e industriales necesarias para esta transici\u00f3n, impulsadas por el financiamiento y demanda nacional como palancas de desarrollo.<\/p>\n\n\n\n<figure class=\"wp-block-image size-large\"><img decoding=\"async\" width=\"1024\" height=\"385\" src=\"https:\/\/21panorama.com\/wp-content\/uploads\/2021\/10\/368f26d5-1ce2-402d-a4df-a86fda56603c-1024x385.jpeg\" alt=\"\" class=\"wp-image-1979\" srcset=\"https:\/\/21panorama.com\/wp-content\/uploads\/2021\/10\/368f26d5-1ce2-402d-a4df-a86fda56603c-1024x385.jpeg 1024w, https:\/\/21panorama.com\/wp-content\/uploads\/2021\/10\/368f26d5-1ce2-402d-a4df-a86fda56603c-300x113.jpeg 300w, https:\/\/21panorama.com\/wp-content\/uploads\/2021\/10\/368f26d5-1ce2-402d-a4df-a86fda56603c-768x289.jpeg 768w, https:\/\/21panorama.com\/wp-content\/uploads\/2021\/10\/368f26d5-1ce2-402d-a4df-a86fda56603c-1536x578.jpeg 1536w, https:\/\/21panorama.com\/wp-content\/uploads\/2021\/10\/368f26d5-1ce2-402d-a4df-a86fda56603c.jpeg 1600w\" sizes=\"(max-width: 1024px) 100vw, 1024px\" \/><\/figure>\n","protected":false},"excerpt":{"rendered":"<p>El Partido del Trabajo (PT) del Estado de M\u00e9xico fij\u00f3 posici\u00f3n de defensa a la iniciativa de reforma el\u00e9ctrica propuesta por el presidente Andr\u00e9s Manuel L\u00f3pez Obrador al Congreso de la Uni\u00f3n.  <\/p>\n","protected":false},"author":1,"featured_media":1978,"comment_status":"open","ping_status":"open","sticky":false,"template":"","format":"standard","meta":{"footnotes":""},"categories":[12],"tags":[51],"class_list":["post-1977","post","type-post","status-publish","format-standard","has-post-thumbnail","hentry","category-politica","tag-pt"],"yoast_head":"<!-- This site is optimized with the Yoast SEO plugin v24.9 - https:\/\/yoast.com\/wordpress\/plugins\/seo\/ -->\n<title>EMPRENDE PT DEFENSA DE LA REFORMA EL\u00c9CTRICA DEL PA\u00cdS - 21 Panorama<\/title>\n<meta name=\"robots\" content=\"index, follow, max-snippet:-1, max-image-preview:large, max-video-preview:-1\" \/>\n<link rel=\"canonical\" href=\"https:\/\/21panorama.com\/index.php\/2021\/10\/20\/emprende-pt-defensa-de-la-reforma-electrica-del-pais\/\" \/>\n<meta property=\"og:locale\" content=\"es_MX\" \/>\n<meta property=\"og:type\" content=\"article\" \/>\n<meta property=\"og:title\" content=\"EMPRENDE PT DEFENSA DE LA REFORMA EL\u00c9CTRICA DEL PA\u00cdS - 21 Panorama\" \/>\n<meta property=\"og:description\" content=\"El Partido del Trabajo (PT) del Estado de M\u00e9xico fij\u00f3 posici\u00f3n de defensa a la iniciativa de reforma el\u00e9ctrica propuesta por el presidente Andr\u00e9s Manuel L\u00f3pez Obrador al Congreso de la Uni\u00f3n.\" \/>\n<meta property=\"og:url\" content=\"https:\/\/21panorama.com\/index.php\/2021\/10\/20\/emprende-pt-defensa-de-la-reforma-electrica-del-pais\/\" \/>\n<meta property=\"og:site_name\" content=\"21 Panorama\" \/>\n<meta property=\"article:published_time\" content=\"2021-10-20T17:59:46+00:00\" \/>\n<meta property=\"article:modified_time\" content=\"2021-10-20T18:08:01+00:00\" \/>\n<meta property=\"og:image\" content=\"https:\/\/21panorama.com\/wp-content\/uploads\/2021\/10\/4cb45490-c46e-478f-aa7f-61f3ac4b12f8.jpeg\" \/>\n\t<meta property=\"og:image:width\" content=\"1600\" \/>\n\t<meta property=\"og:image:height\" content=\"840\" \/>\n\t<meta property=\"og:image:type\" content=\"image\/jpeg\" \/>\n<meta name=\"author\" content=\"admin\" \/>\n<meta name=\"twitter:card\" content=\"summary_large_image\" \/>\n<meta name=\"twitter:label1\" content=\"Escrito por\" \/>\n\t<meta name=\"twitter:data1\" content=\"admin\" \/>\n\t<meta name=\"twitter:label2\" content=\"Tiempo de lectura\" \/>\n\t<meta name=\"twitter:data2\" content=\"2 minutos\" \/>\n<script type=\"application\/ld+json\" class=\"yoast-schema-graph\">{\"@context\":\"https:\/\/schema.org\",\"@graph\":[{\"@type\":\"Article\",\"@id\":\"https:\/\/21panorama.com\/index.php\/2021\/10\/20\/emprende-pt-defensa-de-la-reforma-electrica-del-pais\/#article\",\"isPartOf\":{\"@id\":\"https:\/\/21panorama.com\/index.php\/2021\/10\/20\/emprende-pt-defensa-de-la-reforma-electrica-del-pais\/\"},\"author\":{\"name\":\"admin\",\"@id\":\"https:\/\/21panorama.com\/#\/schema\/person\/1afc291b96d5792a158768324287319f\"},\"headline\":\"EMPRENDE PT DEFENSA DE LA REFORMA EL\u00c9CTRICA DEL PA\u00cdS\",\"datePublished\":\"2021-10-20T17:59:46+00:00\",\"dateModified\":\"2021-10-20T18:08:01+00:00\",\"mainEntityOfPage\":{\"@id\":\"https:\/\/21panorama.com\/index.php\/2021\/10\/20\/emprende-pt-defensa-de-la-reforma-electrica-del-pais\/\"},\"wordCount\":427,\"commentCount\":0,\"publisher\":{\"@id\":\"https:\/\/21panorama.com\/#organization\"},\"image\":{\"@id\":\"https:\/\/21panorama.com\/index.php\/2021\/10\/20\/emprende-pt-defensa-de-la-reforma-electrica-del-pais\/#primaryimage\"},\"thumbnailUrl\":\"https:\/\/21panorama.com\/wp-content\/uploads\/2021\/10\/4cb45490-c46e-478f-aa7f-61f3ac4b12f8.jpeg\",\"keywords\":[\"Pt\"],\"articleSection\":[\"Politica\"],\"inLanguage\":\"es\",\"potentialAction\":[{\"@type\":\"CommentAction\",\"name\":\"Comment\",\"target\":[\"https:\/\/21panorama.com\/index.php\/2021\/10\/20\/emprende-pt-defensa-de-la-reforma-electrica-del-pais\/#respond\"]}]},{\"@type\":\"WebPage\",\"@id\":\"https:\/\/21panorama.com\/index.php\/2021\/10\/20\/emprende-pt-defensa-de-la-reforma-electrica-del-pais\/\",\"url\":\"https:\/\/21panorama.com\/index.php\/2021\/10\/20\/emprende-pt-defensa-de-la-reforma-electrica-del-pais\/\",\"name\":\"EMPRENDE PT DEFENSA DE LA REFORMA EL\u00c9CTRICA DEL PA\u00cdS - 21 Panorama\",\"isPartOf\":{\"@id\":\"https:\/\/21panorama.com\/#website\"},\"primaryImageOfPage\":{\"@id\":\"https:\/\/21panorama.com\/index.php\/2021\/10\/20\/emprende-pt-defensa-de-la-reforma-electrica-del-pais\/#primaryimage\"},\"image\":{\"@id\":\"https:\/\/21panorama.com\/index.php\/2021\/10\/20\/emprende-pt-defensa-de-la-reforma-electrica-del-pais\/#primaryimage\"},\"thumbnailUrl\":\"https:\/\/21panorama.com\/wp-content\/uploads\/2021\/10\/4cb45490-c46e-478f-aa7f-61f3ac4b12f8.jpeg\",\"datePublished\":\"2021-10-20T17:59:46+00:00\",\"dateModified\":\"2021-10-20T18:08:01+00:00\",\"breadcrumb\":{\"@id\":\"https:\/\/21panorama.com\/index.php\/2021\/10\/20\/emprende-pt-defensa-de-la-reforma-electrica-del-pais\/#breadcrumb\"},\"inLanguage\":\"es\",\"potentialAction\":[{\"@type\":\"ReadAction\",\"target\":[\"https:\/\/21panorama.com\/index.php\/2021\/10\/20\/emprende-pt-defensa-de-la-reforma-electrica-del-pais\/\"]}]},{\"@type\":\"ImageObject\",\"inLanguage\":\"es\",\"@id\":\"https:\/\/21panorama.com\/index.php\/2021\/10\/20\/emprende-pt-defensa-de-la-reforma-electrica-del-pais\/#primaryimage\",\"url\":\"https:\/\/21panorama.com\/wp-content\/uploads\/2021\/10\/4cb45490-c46e-478f-aa7f-61f3ac4b12f8.jpeg\",\"contentUrl\":\"https:\/\/21panorama.com\/wp-content\/uploads\/2021\/10\/4cb45490-c46e-478f-aa7f-61f3ac4b12f8.jpeg\",\"width\":1600,\"height\":840},{\"@type\":\"BreadcrumbList\",\"@id\":\"https:\/\/21panorama.com\/index.php\/2021\/10\/20\/emprende-pt-defensa-de-la-reforma-electrica-del-pais\/#breadcrumb\",\"itemListElement\":[{\"@type\":\"ListItem\",\"position\":1,\"name\":\"Inicio\",\"item\":\"https:\/\/21panorama.com\/\"},{\"@type\":\"ListItem\",\"position\":2,\"name\":\"EMPRENDE PT DEFENSA DE LA REFORMA EL\u00c9CTRICA DEL PA\u00cdS\"}]},{\"@type\":\"WebSite\",\"@id\":\"https:\/\/21panorama.com\/#website\",\"url\":\"https:\/\/21panorama.com\/\",\"name\":\"21 Panorama\",\"description\":\"La construcci\u00f3n de la opini\u00f3n p\u00fablica merece un mejor Panorama en este siglo 21 para alcanzar una sociedad con mayor transparencia y sin corrupci\u00f3n.\",\"publisher\":{\"@id\":\"https:\/\/21panorama.com\/#organization\"},\"potentialAction\":[{\"@type\":\"SearchAction\",\"target\":{\"@type\":\"EntryPoint\",\"urlTemplate\":\"https:\/\/21panorama.com\/?s={search_term_string}\"},\"query-input\":{\"@type\":\"PropertyValueSpecification\",\"valueRequired\":true,\"valueName\":\"search_term_string\"}}],\"inLanguage\":\"es\"},{\"@type\":\"Organization\",\"@id\":\"https:\/\/21panorama.com\/#organization\",\"name\":\"21 Panorama\",\"url\":\"https:\/\/21panorama.com\/\",\"logo\":{\"@type\":\"ImageObject\",\"inLanguage\":\"es\",\"@id\":\"https:\/\/21panorama.com\/#\/schema\/logo\/image\/\",\"url\":\"https:\/\/21panorama.com\/wp-content\/uploads\/2019\/07\/cropped-Logo-Panorama-01.jpeg\",\"contentUrl\":\"https:\/\/21panorama.com\/wp-content\/uploads\/2019\/07\/cropped-Logo-Panorama-01.jpeg\",\"width\":290,\"height\":70,\"caption\":\"21 Panorama\"},\"image\":{\"@id\":\"https:\/\/21panorama.com\/#\/schema\/logo\/image\/\"}},{\"@type\":\"Person\",\"@id\":\"https:\/\/21panorama.com\/#\/schema\/person\/1afc291b96d5792a158768324287319f\",\"name\":\"admin\",\"image\":{\"@type\":\"ImageObject\",\"inLanguage\":\"es\",\"@id\":\"https:\/\/21panorama.com\/#\/schema\/person\/image\/\",\"url\":\"https:\/\/secure.gravatar.com\/avatar\/ad365d9d9f46719215b0d042cc3df92a5a8683e09ef13d102233e5491985f0f0?s=96&d=mm&r=g\",\"contentUrl\":\"https:\/\/secure.gravatar.com\/avatar\/ad365d9d9f46719215b0d042cc3df92a5a8683e09ef13d102233e5491985f0f0?s=96&d=mm&r=g\",\"caption\":\"admin\"},\"url\":\"https:\/\/21panorama.com\/index.php\/author\/admin\/\"}]}<\/script>\n<!-- \/ Yoast SEO plugin. -->","yoast_head_json":{"title":"EMPRENDE PT DEFENSA DE LA REFORMA EL\u00c9CTRICA DEL PA\u00cdS - 21 Panorama","robots":{"index":"index","follow":"follow","max-snippet":"max-snippet:-1","max-image-preview":"max-image-preview:large","max-video-preview":"max-video-preview:-1"},"canonical":"https:\/\/21panorama.com\/index.php\/2021\/10\/20\/emprende-pt-defensa-de-la-reforma-electrica-del-pais\/","og_locale":"es_MX","og_type":"article","og_title":"EMPRENDE PT DEFENSA DE LA REFORMA EL\u00c9CTRICA DEL PA\u00cdS - 21 Panorama","og_description":"El Partido del Trabajo (PT) del Estado de M\u00e9xico fij\u00f3 posici\u00f3n de defensa a la iniciativa de reforma el\u00e9ctrica propuesta por el presidente Andr\u00e9s Manuel L\u00f3pez Obrador al Congreso de la Uni\u00f3n.","og_url":"https:\/\/21panorama.com\/index.php\/2021\/10\/20\/emprende-pt-defensa-de-la-reforma-electrica-del-pais\/","og_site_name":"21 Panorama","article_published_time":"2021-10-20T17:59:46+00:00","article_modified_time":"2021-10-20T18:08:01+00:00","og_image":[{"width":1600,"height":840,"url":"https:\/\/21panorama.com\/wp-content\/uploads\/2021\/10\/4cb45490-c46e-478f-aa7f-61f3ac4b12f8.jpeg","type":"image\/jpeg"}],"author":"admin","twitter_card":"summary_large_image","twitter_misc":{"Escrito por":"admin","Tiempo de lectura":"2 minutos"},"schema":{"@context":"https:\/\/schema.org","@graph":[{"@type":"Article","@id":"https:\/\/21panorama.com\/index.php\/2021\/10\/20\/emprende-pt-defensa-de-la-reforma-electrica-del-pais\/#article","isPartOf":{"@id":"https:\/\/21panorama.com\/index.php\/2021\/10\/20\/emprende-pt-defensa-de-la-reforma-electrica-del-pais\/"},"author":{"name":"admin","@id":"https:\/\/21panorama.com\/#\/schema\/person\/1afc291b96d5792a158768324287319f"},"headline":"EMPRENDE PT DEFENSA DE LA REFORMA EL\u00c9CTRICA DEL PA\u00cdS","datePublished":"2021-10-20T17:59:46+00:00","dateModified":"2021-10-20T18:08:01+00:00","mainEntityOfPage":{"@id":"https:\/\/21panorama.com\/index.php\/2021\/10\/20\/emprende-pt-defensa-de-la-reforma-electrica-del-pais\/"},"wordCount":427,"commentCount":0,"publisher":{"@id":"https:\/\/21panorama.com\/#organization"},"image":{"@id":"https:\/\/21panorama.com\/index.php\/2021\/10\/20\/emprende-pt-defensa-de-la-reforma-electrica-del-pais\/#primaryimage"},"thumbnailUrl":"https:\/\/21panorama.com\/wp-content\/uploads\/2021\/10\/4cb45490-c46e-478f-aa7f-61f3ac4b12f8.jpeg","keywords":["Pt"],"articleSection":["Politica"],"inLanguage":"es","potentialAction":[{"@type":"CommentAction","name":"Comment","target":["https:\/\/21panorama.com\/index.php\/2021\/10\/20\/emprende-pt-defensa-de-la-reforma-electrica-del-pais\/#respond"]}]},{"@type":"WebPage","@id":"https:\/\/21panorama.com\/index.php\/2021\/10\/20\/emprende-pt-defensa-de-la-reforma-electrica-del-pais\/","url":"https:\/\/21panorama.com\/index.php\/2021\/10\/20\/emprende-pt-defensa-de-la-reforma-electrica-del-pais\/","name":"EMPRENDE PT DEFENSA DE LA REFORMA EL\u00c9CTRICA DEL PA\u00cdS - 21 Panorama","isPartOf":{"@id":"https:\/\/21panorama.com\/#website"},"primaryImageOfPage":{"@id":"https:\/\/21panorama.com\/index.php\/2021\/10\/20\/emprende-pt-defensa-de-la-reforma-electrica-del-pais\/#primaryimage"},"image":{"@id":"https:\/\/21panorama.com\/index.php\/2021\/10\/20\/emprende-pt-defensa-de-la-reforma-electrica-del-pais\/#primaryimage"},"thumbnailUrl":"https:\/\/21panorama.com\/wp-content\/uploads\/2021\/10\/4cb45490-c46e-478f-aa7f-61f3ac4b12f8.jpeg","datePublished":"2021-10-20T17:59:46+00:00","dateModified":"2021-10-20T18:08:01+00:00","breadcrumb":{"@id":"https:\/\/21panorama.com\/index.php\/2021\/10\/20\/emprende-pt-defensa-de-la-reforma-electrica-del-pais\/#breadcrumb"},"inLanguage":"es","potentialAction":[{"@type":"ReadAction","target":["https:\/\/21panorama.com\/index.php\/2021\/10\/20\/emprende-pt-defensa-de-la-reforma-electrica-del-pais\/"]}]},{"@type":"ImageObject","inLanguage":"es","@id":"https:\/\/21panorama.com\/index.php\/2021\/10\/20\/emprende-pt-defensa-de-la-reforma-electrica-del-pais\/#primaryimage","url":"https:\/\/21panorama.com\/wp-content\/uploads\/2021\/10\/4cb45490-c46e-478f-aa7f-61f3ac4b12f8.jpeg","contentUrl":"https:\/\/21panorama.com\/wp-content\/uploads\/2021\/10\/4cb45490-c46e-478f-aa7f-61f3ac4b12f8.jpeg","width":1600,"height":840},{"@type":"BreadcrumbList","@id":"https:\/\/21panorama.com\/index.php\/2021\/10\/20\/emprende-pt-defensa-de-la-reforma-electrica-del-pais\/#breadcrumb","itemListElement":[{"@type":"ListItem","position":1,"name":"Inicio","item":"https:\/\/21panorama.com\/"},{"@type":"ListItem","position":2,"name":"EMPRENDE PT DEFENSA DE LA REFORMA EL\u00c9CTRICA DEL PA\u00cdS"}]},{"@type":"WebSite","@id":"https:\/\/21panorama.com\/#website","url":"https:\/\/21panorama.com\/","name":"21 Panorama","description":"La construcci\u00f3n de la opini\u00f3n p\u00fablica merece un mejor Panorama en este siglo 21 para alcanzar una sociedad con mayor transparencia y sin corrupci\u00f3n.","publisher":{"@id":"https:\/\/21panorama.com\/#organization"},"potentialAction":[{"@type":"SearchAction","target":{"@type":"EntryPoint","urlTemplate":"https:\/\/21panorama.com\/?s={search_term_string}"},"query-input":{"@type":"PropertyValueSpecification","valueRequired":true,"valueName":"search_term_string"}}],"inLanguage":"es"},{"@type":"Organization","@id":"https:\/\/21panorama.com\/#organization","name":"21 Panorama","url":"https:\/\/21panorama.com\/","logo":{"@type":"ImageObject","inLanguage":"es","@id":"https:\/\/21panorama.com\/#\/schema\/logo\/image\/","url":"https:\/\/21panorama.com\/wp-content\/uploads\/2019\/07\/cropped-Logo-Panorama-01.jpeg","contentUrl":"https:\/\/21panorama.com\/wp-content\/uploads\/2019\/07\/cropped-Logo-Panorama-01.jpeg","width":290,"height":70,"caption":"21 Panorama"},"image":{"@id":"https:\/\/21panorama.com\/#\/schema\/logo\/image\/"}},{"@type":"Person","@id":"https:\/\/21panorama.com\/#\/schema\/person\/1afc291b96d5792a158768324287319f","name":"admin","image":{"@type":"ImageObject","inLanguage":"es","@id":"https:\/\/21panorama.com\/#\/schema\/person\/image\/","url":"https:\/\/secure.gravatar.com\/avatar\/ad365d9d9f46719215b0d042cc3df92a5a8683e09ef13d102233e5491985f0f0?s=96&d=mm&r=g","contentUrl":"https:\/\/secure.gravatar.com\/avatar\/ad365d9d9f46719215b0d042cc3df92a5a8683e09ef13d102233e5491985f0f0?s=96&d=mm&r=g","caption":"admin"},"url":"https:\/\/21panorama.com\/index.php\/author\/admin\/"}]}},"_links":{"self":[{"href":"https:\/\/21panorama.com\/index.php\/wp-json\/wp\/v2\/posts\/1977","targetHints":{"allow":["GET"]}}],"collection":[{"href":"https:\/\/21panorama.com\/index.php\/wp-json\/wp\/v2\/posts"}],"about":[{"href":"https:\/\/21panorama.com\/index.php\/wp-json\/wp\/v2\/types\/post"}],"author":[{"embeddable":true,"href":"https:\/\/21panorama.com\/index.php\/wp-json\/wp\/v2\/users\/1"}],"replies":[{"embeddable":true,"href":"https:\/\/21panorama.com\/index.php\/wp-json\/wp\/v2\/comments?post=1977"}],"version-history":[{"count":2,"href":"https:\/\/21panorama.com\/index.php\/wp-json\/wp\/v2\/posts\/1977\/revisions"}],"predecessor-version":[{"id":1981,"href":"https:\/\/21panorama.com\/index.php\/wp-json\/wp\/v2\/posts\/1977\/revisions\/1981"}],"wp:featuredmedia":[{"embeddable":true,"href":"https:\/\/21panorama.com\/index.php\/wp-json\/wp\/v2\/media\/1978"}],"wp:attachment":[{"href":"https:\/\/21panorama.com\/index.php\/wp-json\/wp\/v2\/media?parent=1977"}],"wp:term":[{"taxonomy":"category","embeddable":true,"href":"https:\/\/21panorama.com\/index.php\/wp-json\/wp\/v2\/categories?post=1977"},{"taxonomy":"post_tag","embeddable":true,"href":"https:\/\/21panorama.com\/index.php\/wp-json\/wp\/v2\/tags?post=1977"}],"curies":[{"name":"wp","href":"https:\/\/api.w.org\/{rel}","templated":true}]}}