{"id":1974,"date":"2021-10-20T09:38:11","date_gmt":"2021-10-20T14:38:11","guid":{"rendered":"http:\/\/21panorama.com\/?p=1974"},"modified":"2021-10-20T09:38:12","modified_gmt":"2021-10-20T14:38:12","slug":"esfuerzo-del-sector-salud-fue-crucial-ante-la-pandemia","status":"publish","type":"post","link":"https:\/\/21panorama.com\/index.php\/2021\/10\/20\/esfuerzo-del-sector-salud-fue-crucial-ante-la-pandemia\/","title":{"rendered":"ESFUERZO DEL SECTOR SALUD FUE CRUCIAL ANTE LA PANDEMIA"},"content":{"rendered":"\n<p>El esfuerzo cotidiano del sector salud para hacer frente a la contingencia sanitaria fue crucial en este cuidado y proteccio\u0301n de las familias mexiquenses, dej\u00f3 en claro el diputado Alfredo Quiroz Fuentes.<\/p>\n\n\n\n<p>Durante la comparecencia del secretario de Salud del gobierno del Estado de Me\u0301xico, Francisco Javier Ferna\u0301ndez Clamont, dijo que el acceso a la salud pu\u0301blica representa, para el ciudadano, una imperiosa necesidad.<\/p>\n\n\n\n<p>Ante el pleno de la LXI Legislatura del Estado de M\u00e9xico manifest\u00f3 que para la administracio\u0301n del gobernador Alfredo del Mazo Maza, ofrecer servicios de salud accesibles, oportunos y de calidad, \u201cha sido una prioridad histo\u0301rica\u201d.<\/p>\n\n\n\n<p>Y esto lo observamos a trave\u0301s de 28 millones 723 mil 729 consultas me\u0301dicas otorgadas en cifras del propio cuarto informe de gobierno, puntualiz\u00f3 el legislador.<\/p>\n\n\n\n<p>En este ejercicio de rendicio\u0301n de cuentas a las y los mexiquenses, el<br>Diputado resalt\u00f3 la importancia de contar con un sistema de salud eficiente y que se manifieste en el bienestar de las personas que, de otra manera, no podri\u0301an pagar sus tratamientos, ni mantener el cuidado de su salud.<\/p>\n\n\n\n<p>Para poder garantizar a la poblacio\u0301n el cuidado integral de su salud, las unidades de atencio\u0301n me\u0301dica a las que acuden, deben contar con todos los elementos, recursos e insumos para que el personal me\u0301dico realice sus labores y de continuidad a sus tratamientos, agreg\u00f3.<\/p>\n\n\n\n<p>El resultado de no contar con lo anteriormente mencionado es el aumento en el gasto de las familias, el legi\u0301timo reclamo del personal y el crecimiento de las vulnerabilidades de las personas que menos tienen.<\/p>\n\n\n\n<p>Enunciado lo anterior, \u201cno podemos omitir mencionar que, durante esta administracio\u0301n, el gasto de las personas en salud ha incrementado por la falta de medicamentos y material en todas las unidades me\u0301dicas\u201d.<\/p>\n\n\n\n<p>El Gobierno Federal reporta continuamente la llegada de medicamentos para todos los padecimientos; sin embargo, al parecer los mexiquenses, no reciben los fa\u0301rmacos necesarios, puesto que existe un gran desabasto de insumos indispensables para salvaguardar la salud de toda la poblacio\u0301n del estado.<\/p>\n","protected":false},"excerpt":{"rendered":"<p>El esfuerzo cotidiano del sector salud para hacer frente a la contingencia sanitaria fue crucial en este cuidado y proteccio\u0301n de las familias mexiquenses, dej\u00f3 en claro el diputado Alfredo Quiroz Fuentes. <\/p>\n","protected":false},"author":1,"featured_media":1975,"comment_status":"open","ping_status":"open","sticky":false,"template":"","format":"standard","meta":{"footnotes":""},"categories":[6],"tags":[164,163,162],"class_list":["post-1974","post","type-post","status-publish","format-standard","has-post-thumbnail","hentry","category-cienciaysalud","tag-pandemia","tag-salud","tag-sector"],"yoast_head":"<!-- This site is optimized with the Yoast SEO plugin v24.9 - https:\/\/yoast.com\/wordpress\/plugins\/seo\/ -->\n<title>ESFUERZO DEL SECTOR SALUD FUE CRUCIAL ANTE LA PANDEMIA - 21 Panorama<\/title>\n<meta name=\"robots\" content=\"index, follow, max-snippet:-1, max-image-preview:large, max-video-preview:-1\" \/>\n<link rel=\"canonical\" href=\"https:\/\/21panorama.com\/index.php\/2021\/10\/20\/esfuerzo-del-sector-salud-fue-crucial-ante-la-pandemia\/\" \/>\n<meta property=\"og:locale\" content=\"es_MX\" \/>\n<meta property=\"og:type\" content=\"article\" \/>\n<meta property=\"og:title\" content=\"ESFUERZO DEL SECTOR SALUD FUE CRUCIAL ANTE LA PANDEMIA - 21 Panorama\" \/>\n<meta property=\"og:description\" content=\"El esfuerzo cotidiano del sector salud para hacer frente a la contingencia sanitaria fue crucial en este cuidado y proteccio\u0301n de las familias mexiquenses, dej\u00f3 en claro el diputado Alfredo Quiroz Fuentes.\" \/>\n<meta property=\"og:url\" content=\"https:\/\/21panorama.com\/index.php\/2021\/10\/20\/esfuerzo-del-sector-salud-fue-crucial-ante-la-pandemia\/\" \/>\n<meta property=\"og:site_name\" content=\"21 Panorama\" \/>\n<meta property=\"article:published_time\" content=\"2021-10-20T14:38:11+00:00\" \/>\n<meta property=\"article:modified_time\" content=\"2021-10-20T14:38:12+00:00\" \/>\n<meta property=\"og:image\" content=\"https:\/\/21panorama.com\/wp-content\/uploads\/2021\/10\/9a305bf1-4d71-46e9-8d9b-75bcf610e7b6.jpeg\" \/>\n\t<meta property=\"og:image:width\" content=\"1024\" \/>\n\t<meta property=\"og:image:height\" content=\"683\" \/>\n\t<meta property=\"og:image:type\" content=\"image\/jpeg\" \/>\n<meta name=\"author\" content=\"admin\" \/>\n<meta name=\"twitter:card\" content=\"summary_large_image\" \/>\n<meta name=\"twitter:label1\" content=\"Escrito por\" \/>\n\t<meta name=\"twitter:data1\" content=\"admin\" \/>\n\t<meta name=\"twitter:label2\" content=\"Tiempo de lectura\" \/>\n\t<meta name=\"twitter:data2\" content=\"2 minutos\" \/>\n<script type=\"application\/ld+json\" class=\"yoast-schema-graph\">{\"@context\":\"https:\/\/schema.org\",\"@graph\":[{\"@type\":\"Article\",\"@id\":\"https:\/\/21panorama.com\/index.php\/2021\/10\/20\/esfuerzo-del-sector-salud-fue-crucial-ante-la-pandemia\/#article\",\"isPartOf\":{\"@id\":\"https:\/\/21panorama.com\/index.php\/2021\/10\/20\/esfuerzo-del-sector-salud-fue-crucial-ante-la-pandemia\/\"},\"author\":{\"name\":\"admin\",\"@id\":\"https:\/\/21panorama.com\/#\/schema\/person\/1afc291b96d5792a158768324287319f\"},\"headline\":\"ESFUERZO DEL SECTOR SALUD FUE CRUCIAL ANTE LA PANDEMIA\",\"datePublished\":\"2021-10-20T14:38:11+00:00\",\"dateModified\":\"2021-10-20T14:38:12+00:00\",\"mainEntityOfPage\":{\"@id\":\"https:\/\/21panorama.com\/index.php\/2021\/10\/20\/esfuerzo-del-sector-salud-fue-crucial-ante-la-pandemia\/\"},\"wordCount\":357,\"commentCount\":0,\"publisher\":{\"@id\":\"https:\/\/21panorama.com\/#organization\"},\"image\":{\"@id\":\"https:\/\/21panorama.com\/index.php\/2021\/10\/20\/esfuerzo-del-sector-salud-fue-crucial-ante-la-pandemia\/#primaryimage\"},\"thumbnailUrl\":\"https:\/\/21panorama.com\/wp-content\/uploads\/2021\/10\/9a305bf1-4d71-46e9-8d9b-75bcf610e7b6.jpeg\",\"keywords\":[\"PANDEMIA\",\"SALUD\",\"SECTOR\"],\"articleSection\":[\"Ciencia y Salud\"],\"inLanguage\":\"es\",\"potentialAction\":[{\"@type\":\"CommentAction\",\"name\":\"Comment\",\"target\":[\"https:\/\/21panorama.com\/index.php\/2021\/10\/20\/esfuerzo-del-sector-salud-fue-crucial-ante-la-pandemia\/#respond\"]}]},{\"@type\":\"WebPage\",\"@id\":\"https:\/\/21panorama.com\/index.php\/2021\/10\/20\/esfuerzo-del-sector-salud-fue-crucial-ante-la-pandemia\/\",\"url\":\"https:\/\/21panorama.com\/index.php\/2021\/10\/20\/esfuerzo-del-sector-salud-fue-crucial-ante-la-pandemia\/\",\"name\":\"ESFUERZO DEL SECTOR SALUD FUE CRUCIAL ANTE LA PANDEMIA - 21 Panorama\",\"isPartOf\":{\"@id\":\"https:\/\/21panorama.com\/#website\"},\"primaryImageOfPage\":{\"@id\":\"https:\/\/21panorama.com\/index.php\/2021\/10\/20\/esfuerzo-del-sector-salud-fue-crucial-ante-la-pandemia\/#primaryimage\"},\"image\":{\"@id\":\"https:\/\/21panorama.com\/index.php\/2021\/10\/20\/esfuerzo-del-sector-salud-fue-crucial-ante-la-pandemia\/#primaryimage\"},\"thumbnailUrl\":\"https:\/\/21panorama.com\/wp-content\/uploads\/2021\/10\/9a305bf1-4d71-46e9-8d9b-75bcf610e7b6.jpeg\",\"datePublished\":\"2021-10-20T14:38:11+00:00\",\"dateModified\":\"2021-10-20T14:38:12+00:00\",\"breadcrumb\":{\"@id\":\"https:\/\/21panorama.com\/index.php\/2021\/10\/20\/esfuerzo-del-sector-salud-fue-crucial-ante-la-pandemia\/#breadcrumb\"},\"inLanguage\":\"es\",\"potentialAction\":[{\"@type\":\"ReadAction\",\"target\":[\"https:\/\/21panorama.com\/index.php\/2021\/10\/20\/esfuerzo-del-sector-salud-fue-crucial-ante-la-pandemia\/\"]}]},{\"@type\":\"ImageObject\",\"inLanguage\":\"es\",\"@id\":\"https:\/\/21panorama.com\/index.php\/2021\/10\/20\/esfuerzo-del-sector-salud-fue-crucial-ante-la-pandemia\/#primaryimage\",\"url\":\"https:\/\/21panorama.com\/wp-content\/uploads\/2021\/10\/9a305bf1-4d71-46e9-8d9b-75bcf610e7b6.jpeg\",\"contentUrl\":\"https:\/\/21panorama.com\/wp-content\/uploads\/2021\/10\/9a305bf1-4d71-46e9-8d9b-75bcf610e7b6.jpeg\",\"width\":1024,\"height\":683},{\"@type\":\"BreadcrumbList\",\"@id\":\"https:\/\/21panorama.com\/index.php\/2021\/10\/20\/esfuerzo-del-sector-salud-fue-crucial-ante-la-pandemia\/#breadcrumb\",\"itemListElement\":[{\"@type\":\"ListItem\",\"position\":1,\"name\":\"Inicio\",\"item\":\"https:\/\/21panorama.com\/\"},{\"@type\":\"ListItem\",\"position\":2,\"name\":\"ESFUERZO DEL SECTOR SALUD FUE CRUCIAL ANTE LA PANDEMIA\"}]},{\"@type\":\"WebSite\",\"@id\":\"https:\/\/21panorama.com\/#website\",\"url\":\"https:\/\/21panorama.com\/\",\"name\":\"21 Panorama\",\"description\":\"La construcci\u00f3n de la opini\u00f3n p\u00fablica merece un mejor Panorama en este siglo 21 para alcanzar una sociedad con mayor transparencia y sin corrupci\u00f3n.\",\"publisher\":{\"@id\":\"https:\/\/21panorama.com\/#organization\"},\"potentialAction\":[{\"@type\":\"SearchAction\",\"target\":{\"@type\":\"EntryPoint\",\"urlTemplate\":\"https:\/\/21panorama.com\/?s={search_term_string}\"},\"query-input\":{\"@type\":\"PropertyValueSpecification\",\"valueRequired\":true,\"valueName\":\"search_term_string\"}}],\"inLanguage\":\"es\"},{\"@type\":\"Organization\",\"@id\":\"https:\/\/21panorama.com\/#organization\",\"name\":\"21 Panorama\",\"url\":\"https:\/\/21panorama.com\/\",\"logo\":{\"@type\":\"ImageObject\",\"inLanguage\":\"es\",\"@id\":\"https:\/\/21panorama.com\/#\/schema\/logo\/image\/\",\"url\":\"https:\/\/21panorama.com\/wp-content\/uploads\/2019\/07\/cropped-Logo-Panorama-01.jpeg\",\"contentUrl\":\"https:\/\/21panorama.com\/wp-content\/uploads\/2019\/07\/cropped-Logo-Panorama-01.jpeg\",\"width\":290,\"height\":70,\"caption\":\"21 Panorama\"},\"image\":{\"@id\":\"https:\/\/21panorama.com\/#\/schema\/logo\/image\/\"}},{\"@type\":\"Person\",\"@id\":\"https:\/\/21panorama.com\/#\/schema\/person\/1afc291b96d5792a158768324287319f\",\"name\":\"admin\",\"image\":{\"@type\":\"ImageObject\",\"inLanguage\":\"es\",\"@id\":\"https:\/\/21panorama.com\/#\/schema\/person\/image\/\",\"url\":\"https:\/\/secure.gravatar.com\/avatar\/ad365d9d9f46719215b0d042cc3df92a5a8683e09ef13d102233e5491985f0f0?s=96&d=mm&r=g\",\"contentUrl\":\"https:\/\/secure.gravatar.com\/avatar\/ad365d9d9f46719215b0d042cc3df92a5a8683e09ef13d102233e5491985f0f0?s=96&d=mm&r=g\",\"caption\":\"admin\"},\"url\":\"https:\/\/21panorama.com\/index.php\/author\/admin\/\"}]}<\/script>\n<!-- \/ Yoast SEO plugin. -->","yoast_head_json":{"title":"ESFUERZO DEL SECTOR SALUD FUE CRUCIAL ANTE LA PANDEMIA - 21 Panorama","robots":{"index":"index","follow":"follow","max-snippet":"max-snippet:-1","max-image-preview":"max-image-preview:large","max-video-preview":"max-video-preview:-1"},"canonical":"https:\/\/21panorama.com\/index.php\/2021\/10\/20\/esfuerzo-del-sector-salud-fue-crucial-ante-la-pandemia\/","og_locale":"es_MX","og_type":"article","og_title":"ESFUERZO DEL SECTOR SALUD FUE CRUCIAL ANTE LA PANDEMIA - 21 Panorama","og_description":"El esfuerzo cotidiano del sector salud para hacer frente a la contingencia sanitaria fue crucial en este cuidado y proteccio\u0301n de las familias mexiquenses, dej\u00f3 en claro el diputado Alfredo Quiroz Fuentes.","og_url":"https:\/\/21panorama.com\/index.php\/2021\/10\/20\/esfuerzo-del-sector-salud-fue-crucial-ante-la-pandemia\/","og_site_name":"21 Panorama","article_published_time":"2021-10-20T14:38:11+00:00","article_modified_time":"2021-10-20T14:38:12+00:00","og_image":[{"width":1024,"height":683,"url":"https:\/\/21panorama.com\/wp-content\/uploads\/2021\/10\/9a305bf1-4d71-46e9-8d9b-75bcf610e7b6.jpeg","type":"image\/jpeg"}],"author":"admin","twitter_card":"summary_large_image","twitter_misc":{"Escrito por":"admin","Tiempo de lectura":"2 minutos"},"schema":{"@context":"https:\/\/schema.org","@graph":[{"@type":"Article","@id":"https:\/\/21panorama.com\/index.php\/2021\/10\/20\/esfuerzo-del-sector-salud-fue-crucial-ante-la-pandemia\/#article","isPartOf":{"@id":"https:\/\/21panorama.com\/index.php\/2021\/10\/20\/esfuerzo-del-sector-salud-fue-crucial-ante-la-pandemia\/"},"author":{"name":"admin","@id":"https:\/\/21panorama.com\/#\/schema\/person\/1afc291b96d5792a158768324287319f"},"headline":"ESFUERZO DEL SECTOR SALUD FUE CRUCIAL ANTE LA PANDEMIA","datePublished":"2021-10-20T14:38:11+00:00","dateModified":"2021-10-20T14:38:12+00:00","mainEntityOfPage":{"@id":"https:\/\/21panorama.com\/index.php\/2021\/10\/20\/esfuerzo-del-sector-salud-fue-crucial-ante-la-pandemia\/"},"wordCount":357,"commentCount":0,"publisher":{"@id":"https:\/\/21panorama.com\/#organization"},"image":{"@id":"https:\/\/21panorama.com\/index.php\/2021\/10\/20\/esfuerzo-del-sector-salud-fue-crucial-ante-la-pandemia\/#primaryimage"},"thumbnailUrl":"https:\/\/21panorama.com\/wp-content\/uploads\/2021\/10\/9a305bf1-4d71-46e9-8d9b-75bcf610e7b6.jpeg","keywords":["PANDEMIA","SALUD","SECTOR"],"articleSection":["Ciencia y Salud"],"inLanguage":"es","potentialAction":[{"@type":"CommentAction","name":"Comment","target":["https:\/\/21panorama.com\/index.php\/2021\/10\/20\/esfuerzo-del-sector-salud-fue-crucial-ante-la-pandemia\/#respond"]}]},{"@type":"WebPage","@id":"https:\/\/21panorama.com\/index.php\/2021\/10\/20\/esfuerzo-del-sector-salud-fue-crucial-ante-la-pandemia\/","url":"https:\/\/21panorama.com\/index.php\/2021\/10\/20\/esfuerzo-del-sector-salud-fue-crucial-ante-la-pandemia\/","name":"ESFUERZO DEL SECTOR SALUD FUE CRUCIAL ANTE LA PANDEMIA - 21 Panorama","isPartOf":{"@id":"https:\/\/21panorama.com\/#website"},"primaryImageOfPage":{"@id":"https:\/\/21panorama.com\/index.php\/2021\/10\/20\/esfuerzo-del-sector-salud-fue-crucial-ante-la-pandemia\/#primaryimage"},"image":{"@id":"https:\/\/21panorama.com\/index.php\/2021\/10\/20\/esfuerzo-del-sector-salud-fue-crucial-ante-la-pandemia\/#primaryimage"},"thumbnailUrl":"https:\/\/21panorama.com\/wp-content\/uploads\/2021\/10\/9a305bf1-4d71-46e9-8d9b-75bcf610e7b6.jpeg","datePublished":"2021-10-20T14:38:11+00:00","dateModified":"2021-10-20T14:38:12+00:00","breadcrumb":{"@id":"https:\/\/21panorama.com\/index.php\/2021\/10\/20\/esfuerzo-del-sector-salud-fue-crucial-ante-la-pandemia\/#breadcrumb"},"inLanguage":"es","potentialAction":[{"@type":"ReadAction","target":["https:\/\/21panorama.com\/index.php\/2021\/10\/20\/esfuerzo-del-sector-salud-fue-crucial-ante-la-pandemia\/"]}]},{"@type":"ImageObject","inLanguage":"es","@id":"https:\/\/21panorama.com\/index.php\/2021\/10\/20\/esfuerzo-del-sector-salud-fue-crucial-ante-la-pandemia\/#primaryimage","url":"https:\/\/21panorama.com\/wp-content\/uploads\/2021\/10\/9a305bf1-4d71-46e9-8d9b-75bcf610e7b6.jpeg","contentUrl":"https:\/\/21panorama.com\/wp-content\/uploads\/2021\/10\/9a305bf1-4d71-46e9-8d9b-75bcf610e7b6.jpeg","width":1024,"height":683},{"@type":"BreadcrumbList","@id":"https:\/\/21panorama.com\/index.php\/2021\/10\/20\/esfuerzo-del-sector-salud-fue-crucial-ante-la-pandemia\/#breadcrumb","itemListElement":[{"@type":"ListItem","position":1,"name":"Inicio","item":"https:\/\/21panorama.com\/"},{"@type":"ListItem","position":2,"name":"ESFUERZO DEL SECTOR SALUD FUE CRUCIAL ANTE LA PANDEMIA"}]},{"@type":"WebSite","@id":"https:\/\/21panorama.com\/#website","url":"https:\/\/21panorama.com\/","name":"21 Panorama","description":"La construcci\u00f3n de la opini\u00f3n p\u00fablica merece un mejor Panorama en este siglo 21 para alcanzar una sociedad con mayor transparencia y sin corrupci\u00f3n.","publisher":{"@id":"https:\/\/21panorama.com\/#organization"},"potentialAction":[{"@type":"SearchAction","target":{"@type":"EntryPoint","urlTemplate":"https:\/\/21panorama.com\/?s={search_term_string}"},"query-input":{"@type":"PropertyValueSpecification","valueRequired":true,"valueName":"search_term_string"}}],"inLanguage":"es"},{"@type":"Organization","@id":"https:\/\/21panorama.com\/#organization","name":"21 Panorama","url":"https:\/\/21panorama.com\/","logo":{"@type":"ImageObject","inLanguage":"es","@id":"https:\/\/21panorama.com\/#\/schema\/logo\/image\/","url":"https:\/\/21panorama.com\/wp-content\/uploads\/2019\/07\/cropped-Logo-Panorama-01.jpeg","contentUrl":"https:\/\/21panorama.com\/wp-content\/uploads\/2019\/07\/cropped-Logo-Panorama-01.jpeg","width":290,"height":70,"caption":"21 Panorama"},"image":{"@id":"https:\/\/21panorama.com\/#\/schema\/logo\/image\/"}},{"@type":"Person","@id":"https:\/\/21panorama.com\/#\/schema\/person\/1afc291b96d5792a158768324287319f","name":"admin","image":{"@type":"ImageObject","inLanguage":"es","@id":"https:\/\/21panorama.com\/#\/schema\/person\/image\/","url":"https:\/\/secure.gravatar.com\/avatar\/ad365d9d9f46719215b0d042cc3df92a5a8683e09ef13d102233e5491985f0f0?s=96&d=mm&r=g","contentUrl":"https:\/\/secure.gravatar.com\/avatar\/ad365d9d9f46719215b0d042cc3df92a5a8683e09ef13d102233e5491985f0f0?s=96&d=mm&r=g","caption":"admin"},"url":"https:\/\/21panorama.com\/index.php\/author\/admin\/"}]}},"_links":{"self":[{"href":"https:\/\/21panorama.com\/index.php\/wp-json\/wp\/v2\/posts\/1974","targetHints":{"allow":["GET"]}}],"collection":[{"href":"https:\/\/21panorama.com\/index.php\/wp-json\/wp\/v2\/posts"}],"about":[{"href":"https:\/\/21panorama.com\/index.php\/wp-json\/wp\/v2\/types\/post"}],"author":[{"embeddable":true,"href":"https:\/\/21panorama.com\/index.php\/wp-json\/wp\/v2\/users\/1"}],"replies":[{"embeddable":true,"href":"https:\/\/21panorama.com\/index.php\/wp-json\/wp\/v2\/comments?post=1974"}],"version-history":[{"count":1,"href":"https:\/\/21panorama.com\/index.php\/wp-json\/wp\/v2\/posts\/1974\/revisions"}],"predecessor-version":[{"id":1976,"href":"https:\/\/21panorama.com\/index.php\/wp-json\/wp\/v2\/posts\/1974\/revisions\/1976"}],"wp:featuredmedia":[{"embeddable":true,"href":"https:\/\/21panorama.com\/index.php\/wp-json\/wp\/v2\/media\/1975"}],"wp:attachment":[{"href":"https:\/\/21panorama.com\/index.php\/wp-json\/wp\/v2\/media?parent=1974"}],"wp:term":[{"taxonomy":"category","embeddable":true,"href":"https:\/\/21panorama.com\/index.php\/wp-json\/wp\/v2\/categories?post=1974"},{"taxonomy":"post_tag","embeddable":true,"href":"https:\/\/21panorama.com\/index.php\/wp-json\/wp\/v2\/tags?post=1974"}],"curies":[{"name":"wp","href":"https:\/\/api.w.org\/{rel}","templated":true}]}}