{"id":1968,"date":"2021-10-20T09:30:42","date_gmt":"2021-10-20T14:30:42","guid":{"rendered":"http:\/\/21panorama.com\/?p=1968"},"modified":"2021-10-20T09:30:43","modified_gmt":"2021-10-20T14:30:43","slug":"diputados-del-pri-principales-impulsores-de-acciones-para-respaldar-a-las-mujeres-mexiquenses-elias-rescala","status":"publish","type":"post","link":"https:\/\/21panorama.com\/index.php\/2021\/10\/20\/diputados-del-pri-principales-impulsores-de-acciones-para-respaldar-a-las-mujeres-mexiquenses-elias-rescala\/","title":{"rendered":"Diputados del PRI, principales impulsores de acciones para respaldar a las mujeres mexiquenses: Eli\u0301as Rescala"},"content":{"rendered":"\n<p>Los diputados del PRI en la LXI Legislatura seremos los principales impulsores de acciones para respaldar a las mujeres y ampliar los beneficios sociales, pero sobre todo las leyes necesarias que garanticen el respeto de sus derechos, aseguro\u0301 Eli\u0301as Rescala Jime\u0301nez, coordinador del grupo parlamentario del Partido Revolucionario Institucional en el Congreso mexiquense.<\/p>\n\n\n\n<p>Rescala Jime\u0301nez reconocio\u0301 que a lo largo de estos cuatro an\u0303os de la administracio\u0301n del gobernador Alfredo Del Mazo ha dejado en claro que la parte medular de su gobierno han sido las mujeres, quienes son las principales beneficiarias de las poli\u0301ticas de su administracio\u0301n.<\/p>\n\n\n\n<p>El Salario Rosa y los programas sociales del gobierno estatal son los mejor calificados del pai\u0301s y son un beneficio directo para las mujeres del Estado de Me\u0301xico, por ello, refrendo\u0301 el respaldo de los diputados priistas en el Congreso local para fortalecer los programas sociales e impulsar leyes en beneficio de las mujeres y se sientan respaldadas desde la Ca\u0301mara local.<\/p>\n\n\n\n<p>Vamos a impulsar leyes que garanticen el respeto a sus derechos, la seguridad y la dignidad de las mujeres mexiquenses, expreso\u0301.<\/p>\n\n\n\n<p>El coordinador de los diputados del PRI en la LXI Legislatura Local, resalto\u0301 el ejercicio democra\u0301tico que han sido las comparecencias de los secretarios del Gobierno del Estado de Me\u0301xico ante la Legislatura local con motivo de la Glosa del Cuarto Informe de Gobierno.<\/p>\n\n\n\n<p>Este ejercicio se ha dado en orden y los secretarios han llegado a explicar y detallar los trabajos y los resultados que se han obtenido de manera responsable y han sabido responder a los cuestionamientos, comento\u0301.<\/p>\n\n\n\n<p>Finalmente, reitero\u0301 que la fraccio\u0301n priista en la Legislatura local seguira\u0301 trabajando y garantizado los acuerdos necesarios para respaldar las acciones del gobernador Alfredo Del Mazo y lograr que ma\u0301s beneficios lleguen de manera directa a ma\u0301s familias mexiquenses.<\/p>\n","protected":false},"excerpt":{"rendered":"<p>El coordinador del grupo parlamentario del PRI en la Legislatura Local reconocio\u0301 la poli\u0301tica social del gobernador Alfredo Del Mazo quien ha hecho de las mujeres la parte medular de su gobierno.<\/p>\n","protected":false},"author":1,"featured_media":1969,"comment_status":"open","ping_status":"open","sticky":false,"template":"","format":"standard","meta":{"footnotes":""},"categories":[12],"tags":[33],"class_list":["post-1968","post","type-post","status-publish","format-standard","has-post-thumbnail","hentry","category-politica","tag-pri"],"yoast_head":"<!-- This site is optimized with the Yoast SEO plugin v24.9 - https:\/\/yoast.com\/wordpress\/plugins\/seo\/ -->\n<title>Diputados del PRI, principales impulsores de acciones para respaldar a las mujeres mexiquenses: Eli\u0301as Rescala - 21 Panorama<\/title>\n<meta name=\"robots\" content=\"index, follow, max-snippet:-1, max-image-preview:large, max-video-preview:-1\" \/>\n<link rel=\"canonical\" href=\"https:\/\/21panorama.com\/index.php\/2021\/10\/20\/diputados-del-pri-principales-impulsores-de-acciones-para-respaldar-a-las-mujeres-mexiquenses-elias-rescala\/\" \/>\n<meta property=\"og:locale\" content=\"es_MX\" \/>\n<meta property=\"og:type\" content=\"article\" \/>\n<meta property=\"og:title\" content=\"Diputados del PRI, principales impulsores de acciones para respaldar a las mujeres mexiquenses: Eli\u0301as Rescala - 21 Panorama\" \/>\n<meta property=\"og:description\" content=\"El coordinador del grupo parlamentario del PRI en la Legislatura Local reconocio\u0301 la poli\u0301tica social del gobernador Alfredo Del Mazo quien ha hecho de las mujeres la parte medular de su gobierno.\" \/>\n<meta property=\"og:url\" content=\"https:\/\/21panorama.com\/index.php\/2021\/10\/20\/diputados-del-pri-principales-impulsores-de-acciones-para-respaldar-a-las-mujeres-mexiquenses-elias-rescala\/\" \/>\n<meta property=\"og:site_name\" content=\"21 Panorama\" \/>\n<meta property=\"article:published_time\" content=\"2021-10-20T14:30:42+00:00\" \/>\n<meta property=\"article:modified_time\" content=\"2021-10-20T14:30:43+00:00\" \/>\n<meta property=\"og:image\" content=\"https:\/\/21panorama.com\/wp-content\/uploads\/2021\/10\/0bf0aa95-04db-4c44-96ee-6a797763501a.jpeg\" \/>\n\t<meta property=\"og:image:width\" content=\"1280\" \/>\n\t<meta property=\"og:image:height\" content=\"852\" \/>\n\t<meta property=\"og:image:type\" content=\"image\/jpeg\" \/>\n<meta name=\"author\" content=\"admin\" \/>\n<meta name=\"twitter:card\" content=\"summary_large_image\" \/>\n<meta name=\"twitter:label1\" content=\"Escrito por\" \/>\n\t<meta name=\"twitter:data1\" content=\"admin\" \/>\n\t<meta name=\"twitter:label2\" content=\"Tiempo de lectura\" \/>\n\t<meta name=\"twitter:data2\" content=\"2 minutos\" \/>\n<script type=\"application\/ld+json\" class=\"yoast-schema-graph\">{\"@context\":\"https:\/\/schema.org\",\"@graph\":[{\"@type\":\"Article\",\"@id\":\"https:\/\/21panorama.com\/index.php\/2021\/10\/20\/diputados-del-pri-principales-impulsores-de-acciones-para-respaldar-a-las-mujeres-mexiquenses-elias-rescala\/#article\",\"isPartOf\":{\"@id\":\"https:\/\/21panorama.com\/index.php\/2021\/10\/20\/diputados-del-pri-principales-impulsores-de-acciones-para-respaldar-a-las-mujeres-mexiquenses-elias-rescala\/\"},\"author\":{\"name\":\"admin\",\"@id\":\"https:\/\/21panorama.com\/#\/schema\/person\/1afc291b96d5792a158768324287319f\"},\"headline\":\"Diputados del PRI, principales impulsores de acciones para respaldar a las mujeres mexiquenses: Eli\u0301as Rescala\",\"datePublished\":\"2021-10-20T14:30:42+00:00\",\"dateModified\":\"2021-10-20T14:30:43+00:00\",\"mainEntityOfPage\":{\"@id\":\"https:\/\/21panorama.com\/index.php\/2021\/10\/20\/diputados-del-pri-principales-impulsores-de-acciones-para-respaldar-a-las-mujeres-mexiquenses-elias-rescala\/\"},\"wordCount\":331,\"commentCount\":0,\"publisher\":{\"@id\":\"https:\/\/21panorama.com\/#organization\"},\"image\":{\"@id\":\"https:\/\/21panorama.com\/index.php\/2021\/10\/20\/diputados-del-pri-principales-impulsores-de-acciones-para-respaldar-a-las-mujeres-mexiquenses-elias-rescala\/#primaryimage\"},\"thumbnailUrl\":\"https:\/\/21panorama.com\/wp-content\/uploads\/2021\/10\/0bf0aa95-04db-4c44-96ee-6a797763501a.jpeg\",\"keywords\":[\"PRI\"],\"articleSection\":[\"Politica\"],\"inLanguage\":\"es\",\"potentialAction\":[{\"@type\":\"CommentAction\",\"name\":\"Comment\",\"target\":[\"https:\/\/21panorama.com\/index.php\/2021\/10\/20\/diputados-del-pri-principales-impulsores-de-acciones-para-respaldar-a-las-mujeres-mexiquenses-elias-rescala\/#respond\"]}]},{\"@type\":\"WebPage\",\"@id\":\"https:\/\/21panorama.com\/index.php\/2021\/10\/20\/diputados-del-pri-principales-impulsores-de-acciones-para-respaldar-a-las-mujeres-mexiquenses-elias-rescala\/\",\"url\":\"https:\/\/21panorama.com\/index.php\/2021\/10\/20\/diputados-del-pri-principales-impulsores-de-acciones-para-respaldar-a-las-mujeres-mexiquenses-elias-rescala\/\",\"name\":\"Diputados del PRI, principales impulsores de acciones para respaldar a las mujeres mexiquenses: Eli\u0301as Rescala - 21 Panorama\",\"isPartOf\":{\"@id\":\"https:\/\/21panorama.com\/#website\"},\"primaryImageOfPage\":{\"@id\":\"https:\/\/21panorama.com\/index.php\/2021\/10\/20\/diputados-del-pri-principales-impulsores-de-acciones-para-respaldar-a-las-mujeres-mexiquenses-elias-rescala\/#primaryimage\"},\"image\":{\"@id\":\"https:\/\/21panorama.com\/index.php\/2021\/10\/20\/diputados-del-pri-principales-impulsores-de-acciones-para-respaldar-a-las-mujeres-mexiquenses-elias-rescala\/#primaryimage\"},\"thumbnailUrl\":\"https:\/\/21panorama.com\/wp-content\/uploads\/2021\/10\/0bf0aa95-04db-4c44-96ee-6a797763501a.jpeg\",\"datePublished\":\"2021-10-20T14:30:42+00:00\",\"dateModified\":\"2021-10-20T14:30:43+00:00\",\"breadcrumb\":{\"@id\":\"https:\/\/21panorama.com\/index.php\/2021\/10\/20\/diputados-del-pri-principales-impulsores-de-acciones-para-respaldar-a-las-mujeres-mexiquenses-elias-rescala\/#breadcrumb\"},\"inLanguage\":\"es\",\"potentialAction\":[{\"@type\":\"ReadAction\",\"target\":[\"https:\/\/21panorama.com\/index.php\/2021\/10\/20\/diputados-del-pri-principales-impulsores-de-acciones-para-respaldar-a-las-mujeres-mexiquenses-elias-rescala\/\"]}]},{\"@type\":\"ImageObject\",\"inLanguage\":\"es\",\"@id\":\"https:\/\/21panorama.com\/index.php\/2021\/10\/20\/diputados-del-pri-principales-impulsores-de-acciones-para-respaldar-a-las-mujeres-mexiquenses-elias-rescala\/#primaryimage\",\"url\":\"https:\/\/21panorama.com\/wp-content\/uploads\/2021\/10\/0bf0aa95-04db-4c44-96ee-6a797763501a.jpeg\",\"contentUrl\":\"https:\/\/21panorama.com\/wp-content\/uploads\/2021\/10\/0bf0aa95-04db-4c44-96ee-6a797763501a.jpeg\",\"width\":1280,\"height\":852},{\"@type\":\"BreadcrumbList\",\"@id\":\"https:\/\/21panorama.com\/index.php\/2021\/10\/20\/diputados-del-pri-principales-impulsores-de-acciones-para-respaldar-a-las-mujeres-mexiquenses-elias-rescala\/#breadcrumb\",\"itemListElement\":[{\"@type\":\"ListItem\",\"position\":1,\"name\":\"Inicio\",\"item\":\"https:\/\/21panorama.com\/\"},{\"@type\":\"ListItem\",\"position\":2,\"name\":\"Diputados del PRI, principales impulsores de acciones para respaldar a las mujeres mexiquenses: Eli\u0301as Rescala\"}]},{\"@type\":\"WebSite\",\"@id\":\"https:\/\/21panorama.com\/#website\",\"url\":\"https:\/\/21panorama.com\/\",\"name\":\"21 Panorama\",\"description\":\"La construcci\u00f3n de la opini\u00f3n p\u00fablica merece un mejor Panorama en este siglo 21 para alcanzar una sociedad con mayor transparencia y sin corrupci\u00f3n.\",\"publisher\":{\"@id\":\"https:\/\/21panorama.com\/#organization\"},\"potentialAction\":[{\"@type\":\"SearchAction\",\"target\":{\"@type\":\"EntryPoint\",\"urlTemplate\":\"https:\/\/21panorama.com\/?s={search_term_string}\"},\"query-input\":{\"@type\":\"PropertyValueSpecification\",\"valueRequired\":true,\"valueName\":\"search_term_string\"}}],\"inLanguage\":\"es\"},{\"@type\":\"Organization\",\"@id\":\"https:\/\/21panorama.com\/#organization\",\"name\":\"21 Panorama\",\"url\":\"https:\/\/21panorama.com\/\",\"logo\":{\"@type\":\"ImageObject\",\"inLanguage\":\"es\",\"@id\":\"https:\/\/21panorama.com\/#\/schema\/logo\/image\/\",\"url\":\"https:\/\/21panorama.com\/wp-content\/uploads\/2019\/07\/cropped-Logo-Panorama-01.jpeg\",\"contentUrl\":\"https:\/\/21panorama.com\/wp-content\/uploads\/2019\/07\/cropped-Logo-Panorama-01.jpeg\",\"width\":290,\"height\":70,\"caption\":\"21 Panorama\"},\"image\":{\"@id\":\"https:\/\/21panorama.com\/#\/schema\/logo\/image\/\"}},{\"@type\":\"Person\",\"@id\":\"https:\/\/21panorama.com\/#\/schema\/person\/1afc291b96d5792a158768324287319f\",\"name\":\"admin\",\"image\":{\"@type\":\"ImageObject\",\"inLanguage\":\"es\",\"@id\":\"https:\/\/21panorama.com\/#\/schema\/person\/image\/\",\"url\":\"https:\/\/secure.gravatar.com\/avatar\/ad365d9d9f46719215b0d042cc3df92a5a8683e09ef13d102233e5491985f0f0?s=96&d=mm&r=g\",\"contentUrl\":\"https:\/\/secure.gravatar.com\/avatar\/ad365d9d9f46719215b0d042cc3df92a5a8683e09ef13d102233e5491985f0f0?s=96&d=mm&r=g\",\"caption\":\"admin\"},\"url\":\"https:\/\/21panorama.com\/index.php\/author\/admin\/\"}]}<\/script>\n<!-- \/ Yoast SEO plugin. -->","yoast_head_json":{"title":"Diputados del PRI, principales impulsores de acciones para respaldar a las mujeres mexiquenses: Eli\u0301as Rescala - 21 Panorama","robots":{"index":"index","follow":"follow","max-snippet":"max-snippet:-1","max-image-preview":"max-image-preview:large","max-video-preview":"max-video-preview:-1"},"canonical":"https:\/\/21panorama.com\/index.php\/2021\/10\/20\/diputados-del-pri-principales-impulsores-de-acciones-para-respaldar-a-las-mujeres-mexiquenses-elias-rescala\/","og_locale":"es_MX","og_type":"article","og_title":"Diputados del PRI, principales impulsores de acciones para respaldar a las mujeres mexiquenses: Eli\u0301as Rescala - 21 Panorama","og_description":"El coordinador del grupo parlamentario del PRI en la Legislatura Local reconocio\u0301 la poli\u0301tica social del gobernador Alfredo Del Mazo quien ha hecho de las mujeres la parte medular de su gobierno.","og_url":"https:\/\/21panorama.com\/index.php\/2021\/10\/20\/diputados-del-pri-principales-impulsores-de-acciones-para-respaldar-a-las-mujeres-mexiquenses-elias-rescala\/","og_site_name":"21 Panorama","article_published_time":"2021-10-20T14:30:42+00:00","article_modified_time":"2021-10-20T14:30:43+00:00","og_image":[{"width":1280,"height":852,"url":"https:\/\/21panorama.com\/wp-content\/uploads\/2021\/10\/0bf0aa95-04db-4c44-96ee-6a797763501a.jpeg","type":"image\/jpeg"}],"author":"admin","twitter_card":"summary_large_image","twitter_misc":{"Escrito por":"admin","Tiempo de lectura":"2 minutos"},"schema":{"@context":"https:\/\/schema.org","@graph":[{"@type":"Article","@id":"https:\/\/21panorama.com\/index.php\/2021\/10\/20\/diputados-del-pri-principales-impulsores-de-acciones-para-respaldar-a-las-mujeres-mexiquenses-elias-rescala\/#article","isPartOf":{"@id":"https:\/\/21panorama.com\/index.php\/2021\/10\/20\/diputados-del-pri-principales-impulsores-de-acciones-para-respaldar-a-las-mujeres-mexiquenses-elias-rescala\/"},"author":{"name":"admin","@id":"https:\/\/21panorama.com\/#\/schema\/person\/1afc291b96d5792a158768324287319f"},"headline":"Diputados del PRI, principales impulsores de acciones para respaldar a las mujeres mexiquenses: Eli\u0301as Rescala","datePublished":"2021-10-20T14:30:42+00:00","dateModified":"2021-10-20T14:30:43+00:00","mainEntityOfPage":{"@id":"https:\/\/21panorama.com\/index.php\/2021\/10\/20\/diputados-del-pri-principales-impulsores-de-acciones-para-respaldar-a-las-mujeres-mexiquenses-elias-rescala\/"},"wordCount":331,"commentCount":0,"publisher":{"@id":"https:\/\/21panorama.com\/#organization"},"image":{"@id":"https:\/\/21panorama.com\/index.php\/2021\/10\/20\/diputados-del-pri-principales-impulsores-de-acciones-para-respaldar-a-las-mujeres-mexiquenses-elias-rescala\/#primaryimage"},"thumbnailUrl":"https:\/\/21panorama.com\/wp-content\/uploads\/2021\/10\/0bf0aa95-04db-4c44-96ee-6a797763501a.jpeg","keywords":["PRI"],"articleSection":["Politica"],"inLanguage":"es","potentialAction":[{"@type":"CommentAction","name":"Comment","target":["https:\/\/21panorama.com\/index.php\/2021\/10\/20\/diputados-del-pri-principales-impulsores-de-acciones-para-respaldar-a-las-mujeres-mexiquenses-elias-rescala\/#respond"]}]},{"@type":"WebPage","@id":"https:\/\/21panorama.com\/index.php\/2021\/10\/20\/diputados-del-pri-principales-impulsores-de-acciones-para-respaldar-a-las-mujeres-mexiquenses-elias-rescala\/","url":"https:\/\/21panorama.com\/index.php\/2021\/10\/20\/diputados-del-pri-principales-impulsores-de-acciones-para-respaldar-a-las-mujeres-mexiquenses-elias-rescala\/","name":"Diputados del PRI, principales impulsores de acciones para respaldar a las mujeres mexiquenses: Eli\u0301as Rescala - 21 Panorama","isPartOf":{"@id":"https:\/\/21panorama.com\/#website"},"primaryImageOfPage":{"@id":"https:\/\/21panorama.com\/index.php\/2021\/10\/20\/diputados-del-pri-principales-impulsores-de-acciones-para-respaldar-a-las-mujeres-mexiquenses-elias-rescala\/#primaryimage"},"image":{"@id":"https:\/\/21panorama.com\/index.php\/2021\/10\/20\/diputados-del-pri-principales-impulsores-de-acciones-para-respaldar-a-las-mujeres-mexiquenses-elias-rescala\/#primaryimage"},"thumbnailUrl":"https:\/\/21panorama.com\/wp-content\/uploads\/2021\/10\/0bf0aa95-04db-4c44-96ee-6a797763501a.jpeg","datePublished":"2021-10-20T14:30:42+00:00","dateModified":"2021-10-20T14:30:43+00:00","breadcrumb":{"@id":"https:\/\/21panorama.com\/index.php\/2021\/10\/20\/diputados-del-pri-principales-impulsores-de-acciones-para-respaldar-a-las-mujeres-mexiquenses-elias-rescala\/#breadcrumb"},"inLanguage":"es","potentialAction":[{"@type":"ReadAction","target":["https:\/\/21panorama.com\/index.php\/2021\/10\/20\/diputados-del-pri-principales-impulsores-de-acciones-para-respaldar-a-las-mujeres-mexiquenses-elias-rescala\/"]}]},{"@type":"ImageObject","inLanguage":"es","@id":"https:\/\/21panorama.com\/index.php\/2021\/10\/20\/diputados-del-pri-principales-impulsores-de-acciones-para-respaldar-a-las-mujeres-mexiquenses-elias-rescala\/#primaryimage","url":"https:\/\/21panorama.com\/wp-content\/uploads\/2021\/10\/0bf0aa95-04db-4c44-96ee-6a797763501a.jpeg","contentUrl":"https:\/\/21panorama.com\/wp-content\/uploads\/2021\/10\/0bf0aa95-04db-4c44-96ee-6a797763501a.jpeg","width":1280,"height":852},{"@type":"BreadcrumbList","@id":"https:\/\/21panorama.com\/index.php\/2021\/10\/20\/diputados-del-pri-principales-impulsores-de-acciones-para-respaldar-a-las-mujeres-mexiquenses-elias-rescala\/#breadcrumb","itemListElement":[{"@type":"ListItem","position":1,"name":"Inicio","item":"https:\/\/21panorama.com\/"},{"@type":"ListItem","position":2,"name":"Diputados del PRI, principales impulsores de acciones para respaldar a las mujeres mexiquenses: Eli\u0301as Rescala"}]},{"@type":"WebSite","@id":"https:\/\/21panorama.com\/#website","url":"https:\/\/21panorama.com\/","name":"21 Panorama","description":"La construcci\u00f3n de la opini\u00f3n p\u00fablica merece un mejor Panorama en este siglo 21 para alcanzar una sociedad con mayor transparencia y sin corrupci\u00f3n.","publisher":{"@id":"https:\/\/21panorama.com\/#organization"},"potentialAction":[{"@type":"SearchAction","target":{"@type":"EntryPoint","urlTemplate":"https:\/\/21panorama.com\/?s={search_term_string}"},"query-input":{"@type":"PropertyValueSpecification","valueRequired":true,"valueName":"search_term_string"}}],"inLanguage":"es"},{"@type":"Organization","@id":"https:\/\/21panorama.com\/#organization","name":"21 Panorama","url":"https:\/\/21panorama.com\/","logo":{"@type":"ImageObject","inLanguage":"es","@id":"https:\/\/21panorama.com\/#\/schema\/logo\/image\/","url":"https:\/\/21panorama.com\/wp-content\/uploads\/2019\/07\/cropped-Logo-Panorama-01.jpeg","contentUrl":"https:\/\/21panorama.com\/wp-content\/uploads\/2019\/07\/cropped-Logo-Panorama-01.jpeg","width":290,"height":70,"caption":"21 Panorama"},"image":{"@id":"https:\/\/21panorama.com\/#\/schema\/logo\/image\/"}},{"@type":"Person","@id":"https:\/\/21panorama.com\/#\/schema\/person\/1afc291b96d5792a158768324287319f","name":"admin","image":{"@type":"ImageObject","inLanguage":"es","@id":"https:\/\/21panorama.com\/#\/schema\/person\/image\/","url":"https:\/\/secure.gravatar.com\/avatar\/ad365d9d9f46719215b0d042cc3df92a5a8683e09ef13d102233e5491985f0f0?s=96&d=mm&r=g","contentUrl":"https:\/\/secure.gravatar.com\/avatar\/ad365d9d9f46719215b0d042cc3df92a5a8683e09ef13d102233e5491985f0f0?s=96&d=mm&r=g","caption":"admin"},"url":"https:\/\/21panorama.com\/index.php\/author\/admin\/"}]}},"_links":{"self":[{"href":"https:\/\/21panorama.com\/index.php\/wp-json\/wp\/v2\/posts\/1968","targetHints":{"allow":["GET"]}}],"collection":[{"href":"https:\/\/21panorama.com\/index.php\/wp-json\/wp\/v2\/posts"}],"about":[{"href":"https:\/\/21panorama.com\/index.php\/wp-json\/wp\/v2\/types\/post"}],"author":[{"embeddable":true,"href":"https:\/\/21panorama.com\/index.php\/wp-json\/wp\/v2\/users\/1"}],"replies":[{"embeddable":true,"href":"https:\/\/21panorama.com\/index.php\/wp-json\/wp\/v2\/comments?post=1968"}],"version-history":[{"count":1,"href":"https:\/\/21panorama.com\/index.php\/wp-json\/wp\/v2\/posts\/1968\/revisions"}],"predecessor-version":[{"id":1970,"href":"https:\/\/21panorama.com\/index.php\/wp-json\/wp\/v2\/posts\/1968\/revisions\/1970"}],"wp:featuredmedia":[{"embeddable":true,"href":"https:\/\/21panorama.com\/index.php\/wp-json\/wp\/v2\/media\/1969"}],"wp:attachment":[{"href":"https:\/\/21panorama.com\/index.php\/wp-json\/wp\/v2\/media?parent=1968"}],"wp:term":[{"taxonomy":"category","embeddable":true,"href":"https:\/\/21panorama.com\/index.php\/wp-json\/wp\/v2\/categories?post=1968"},{"taxonomy":"post_tag","embeddable":true,"href":"https:\/\/21panorama.com\/index.php\/wp-json\/wp\/v2\/tags?post=1968"}],"curies":[{"name":"wp","href":"https:\/\/api.w.org\/{rel}","templated":true}]}}