{"id":1962,"date":"2021-10-20T09:24:05","date_gmt":"2021-10-20T14:24:05","guid":{"rendered":"http:\/\/21panorama.com\/?p=1962"},"modified":"2021-10-20T09:26:18","modified_gmt":"2021-10-20T14:26:18","slug":"se-instalo-la-comision-de-planeacion-y-gasto-publico-de-la-lxi-legisla","status":"publish","type":"post","link":"https:\/\/21panorama.com\/index.php\/2021\/10\/20\/se-instalo-la-comision-de-planeacion-y-gasto-publico-de-la-lxi-legisla\/","title":{"rendered":"Se instal\u00f3 la Comisi\u00f3n de Planeaci\u00f3n y Gasto P\u00fablico de la LXI Legislatura"},"content":{"rendered":"\n<p>La Comisi\u00f3n de Planeaci\u00f3n y Gasto P\u00fablico del Congreso estatal analizar\u00e1 con la mayor diligencia y responsabilidad las iniciativas vinculadas a la pol\u00edtica fiscal y financiera de la entidad y de sus municipios, especialmente las leyes de ingresos y de egresos de la entidad y de los municipios, para garantizar finanzas sanas y transparentes, asever\u00f3 su presidenta, la diputada Mar\u00eda del Carmen de la Rosa Mendoza (Morena).<\/p>\n\n\n\n<p>Al declarar la instalaci\u00f3n formal de este \u00f3rgano parlamentario, la legisladora destac\u00f3 la importancia de conocer la orientaci\u00f3n de los ingresos y del gasto p\u00fablico, as\u00ed como de revisar las remuneraciones m\u00ednimas y m\u00e1ximas previstas en el Presupuesto de Egresos del gobierno estatal, por lo que llam\u00f3 a las y los legisladores a asumir el reto con respeto y comprensi\u00f3n para alcanzar grandes acuerdos, en congruencia con las perspectivas de bienestar y crecimiento econ\u00f3mico de los m\u00e1s de 17 millones de habitantes de la entidad.<\/p>\n\n\n\n<p>Forman parte de esta comisi\u00f3n los integrantes de la Junta de Coordinaci\u00f3n Pol\u00edtica y coordinadores parlamentarios, la y los diputados Maurilio Hern\u00e1ndez Gonz\u00e1lez (Morena), Enrique Vargas del Villar (PAN), Sergio Garc\u00eda Sosa (PT), Mar\u00eda Luisa Mendoza Mondrag\u00f3n (PVEM) y Mart\u00edn Zepeda Hern\u00e1ndez (MC).<\/p>\n\n\n\n<p>Tambi\u00e9n las y los legisladores Mario Santana Carbajal (PRI) y Rigoberto Vargas Cervantes (NA), como secretario y prosecretario, respectivamente; y como miembros M\u00f3nica Ang\u00e9lica \u00c1lvarez Nemer y Adri\u00e1n Manuel Galicia Salceda, de Morena; Alejandra del Moral Vela y Enrique Jacob Rocha, del PRI; Francisco Javier Santos Arreola (PAN) y Viridiana Fuentes Cruz (PRD).<br>Como secretaria t\u00e9cnica de esta comisi\u00f3n fue designada Estela Cervantes D\u00edaz.<\/p>\n\n\n\n<figure class=\"wp-block-image size-full\"><img decoding=\"async\" width=\"1024\" height=\"683\" src=\"https:\/\/21panorama.com\/wp-content\/uploads\/2021\/10\/b3ba46c6-7c2c-4690-9da6-b7623f8739b7.jpeg\" alt=\"\" class=\"wp-image-1964\" srcset=\"https:\/\/21panorama.com\/wp-content\/uploads\/2021\/10\/b3ba46c6-7c2c-4690-9da6-b7623f8739b7.jpeg 1024w, https:\/\/21panorama.com\/wp-content\/uploads\/2021\/10\/b3ba46c6-7c2c-4690-9da6-b7623f8739b7-300x200.jpeg 300w, https:\/\/21panorama.com\/wp-content\/uploads\/2021\/10\/b3ba46c6-7c2c-4690-9da6-b7623f8739b7-768x512.jpeg 768w\" sizes=\"(max-width: 1024px) 100vw, 1024px\" \/><\/figure>\n","protected":false},"excerpt":{"rendered":"<p>Es presidida por la diputada Mar\u00eda del Carmen de la Rosa; funge como secretario el diputado Mario Santana.<\/p>\n","protected":false},"author":1,"featured_media":1963,"comment_status":"open","ping_status":"open","sticky":false,"template":"","format":"standard","meta":{"footnotes":""},"categories":[12],"tags":[161],"class_list":["post-1962","post","type-post","status-publish","format-standard","has-post-thumbnail","hentry","category-politica","tag-lxi"],"yoast_head":"<!-- This site is optimized with the Yoast SEO plugin v24.9 - https:\/\/yoast.com\/wordpress\/plugins\/seo\/ -->\n<title>Se instal\u00f3 la Comisi\u00f3n de Planeaci\u00f3n y Gasto P\u00fablico de la LXI Legislatura - 21 Panorama<\/title>\n<meta name=\"robots\" content=\"index, follow, max-snippet:-1, max-image-preview:large, max-video-preview:-1\" \/>\n<link rel=\"canonical\" href=\"https:\/\/21panorama.com\/index.php\/2021\/10\/20\/se-instalo-la-comision-de-planeacion-y-gasto-publico-de-la-lxi-legisla\/\" \/>\n<meta property=\"og:locale\" content=\"es_MX\" \/>\n<meta property=\"og:type\" content=\"article\" \/>\n<meta property=\"og:title\" content=\"Se instal\u00f3 la Comisi\u00f3n de Planeaci\u00f3n y Gasto P\u00fablico de la LXI Legislatura - 21 Panorama\" \/>\n<meta property=\"og:description\" content=\"Es presidida por la diputada Mar\u00eda del Carmen de la Rosa; funge como secretario el diputado Mario Santana.\" \/>\n<meta property=\"og:url\" content=\"https:\/\/21panorama.com\/index.php\/2021\/10\/20\/se-instalo-la-comision-de-planeacion-y-gasto-publico-de-la-lxi-legisla\/\" \/>\n<meta property=\"og:site_name\" content=\"21 Panorama\" \/>\n<meta property=\"article:published_time\" content=\"2021-10-20T14:24:05+00:00\" \/>\n<meta property=\"article:modified_time\" content=\"2021-10-20T14:26:18+00:00\" \/>\n<meta property=\"og:image\" content=\"https:\/\/21panorama.com\/wp-content\/uploads\/2021\/10\/34007981-fe9d-4c10-bf09-e8f5fb63fd98.jpeg\" \/>\n\t<meta property=\"og:image:width\" content=\"1024\" \/>\n\t<meta property=\"og:image:height\" content=\"683\" \/>\n\t<meta property=\"og:image:type\" content=\"image\/jpeg\" \/>\n<meta name=\"author\" content=\"admin\" \/>\n<meta name=\"twitter:card\" content=\"summary_large_image\" \/>\n<meta name=\"twitter:label1\" content=\"Escrito por\" \/>\n\t<meta name=\"twitter:data1\" content=\"admin\" \/>\n\t<meta name=\"twitter:label2\" content=\"Tiempo de lectura\" \/>\n\t<meta name=\"twitter:data2\" content=\"2 minutos\" \/>\n<script type=\"application\/ld+json\" class=\"yoast-schema-graph\">{\"@context\":\"https:\/\/schema.org\",\"@graph\":[{\"@type\":\"Article\",\"@id\":\"https:\/\/21panorama.com\/index.php\/2021\/10\/20\/se-instalo-la-comision-de-planeacion-y-gasto-publico-de-la-lxi-legisla\/#article\",\"isPartOf\":{\"@id\":\"https:\/\/21panorama.com\/index.php\/2021\/10\/20\/se-instalo-la-comision-de-planeacion-y-gasto-publico-de-la-lxi-legisla\/\"},\"author\":{\"name\":\"admin\",\"@id\":\"https:\/\/21panorama.com\/#\/schema\/person\/1afc291b96d5792a158768324287319f\"},\"headline\":\"Se instal\u00f3 la Comisi\u00f3n de Planeaci\u00f3n y Gasto P\u00fablico de la LXI Legislatura\",\"datePublished\":\"2021-10-20T14:24:05+00:00\",\"dateModified\":\"2021-10-20T14:26:18+00:00\",\"mainEntityOfPage\":{\"@id\":\"https:\/\/21panorama.com\/index.php\/2021\/10\/20\/se-instalo-la-comision-de-planeacion-y-gasto-publico-de-la-lxi-legisla\/\"},\"wordCount\":304,\"commentCount\":0,\"publisher\":{\"@id\":\"https:\/\/21panorama.com\/#organization\"},\"image\":{\"@id\":\"https:\/\/21panorama.com\/index.php\/2021\/10\/20\/se-instalo-la-comision-de-planeacion-y-gasto-publico-de-la-lxi-legisla\/#primaryimage\"},\"thumbnailUrl\":\"https:\/\/21panorama.com\/wp-content\/uploads\/2021\/10\/34007981-fe9d-4c10-bf09-e8f5fb63fd98.jpeg\",\"keywords\":[\"LXI\"],\"articleSection\":[\"Politica\"],\"inLanguage\":\"es\",\"potentialAction\":[{\"@type\":\"CommentAction\",\"name\":\"Comment\",\"target\":[\"https:\/\/21panorama.com\/index.php\/2021\/10\/20\/se-instalo-la-comision-de-planeacion-y-gasto-publico-de-la-lxi-legisla\/#respond\"]}]},{\"@type\":\"WebPage\",\"@id\":\"https:\/\/21panorama.com\/index.php\/2021\/10\/20\/se-instalo-la-comision-de-planeacion-y-gasto-publico-de-la-lxi-legisla\/\",\"url\":\"https:\/\/21panorama.com\/index.php\/2021\/10\/20\/se-instalo-la-comision-de-planeacion-y-gasto-publico-de-la-lxi-legisla\/\",\"name\":\"Se instal\u00f3 la Comisi\u00f3n de Planeaci\u00f3n y Gasto P\u00fablico de la LXI Legislatura - 21 Panorama\",\"isPartOf\":{\"@id\":\"https:\/\/21panorama.com\/#website\"},\"primaryImageOfPage\":{\"@id\":\"https:\/\/21panorama.com\/index.php\/2021\/10\/20\/se-instalo-la-comision-de-planeacion-y-gasto-publico-de-la-lxi-legisla\/#primaryimage\"},\"image\":{\"@id\":\"https:\/\/21panorama.com\/index.php\/2021\/10\/20\/se-instalo-la-comision-de-planeacion-y-gasto-publico-de-la-lxi-legisla\/#primaryimage\"},\"thumbnailUrl\":\"https:\/\/21panorama.com\/wp-content\/uploads\/2021\/10\/34007981-fe9d-4c10-bf09-e8f5fb63fd98.jpeg\",\"datePublished\":\"2021-10-20T14:24:05+00:00\",\"dateModified\":\"2021-10-20T14:26:18+00:00\",\"breadcrumb\":{\"@id\":\"https:\/\/21panorama.com\/index.php\/2021\/10\/20\/se-instalo-la-comision-de-planeacion-y-gasto-publico-de-la-lxi-legisla\/#breadcrumb\"},\"inLanguage\":\"es\",\"potentialAction\":[{\"@type\":\"ReadAction\",\"target\":[\"https:\/\/21panorama.com\/index.php\/2021\/10\/20\/se-instalo-la-comision-de-planeacion-y-gasto-publico-de-la-lxi-legisla\/\"]}]},{\"@type\":\"ImageObject\",\"inLanguage\":\"es\",\"@id\":\"https:\/\/21panorama.com\/index.php\/2021\/10\/20\/se-instalo-la-comision-de-planeacion-y-gasto-publico-de-la-lxi-legisla\/#primaryimage\",\"url\":\"https:\/\/21panorama.com\/wp-content\/uploads\/2021\/10\/34007981-fe9d-4c10-bf09-e8f5fb63fd98.jpeg\",\"contentUrl\":\"https:\/\/21panorama.com\/wp-content\/uploads\/2021\/10\/34007981-fe9d-4c10-bf09-e8f5fb63fd98.jpeg\",\"width\":1024,\"height\":683},{\"@type\":\"BreadcrumbList\",\"@id\":\"https:\/\/21panorama.com\/index.php\/2021\/10\/20\/se-instalo-la-comision-de-planeacion-y-gasto-publico-de-la-lxi-legisla\/#breadcrumb\",\"itemListElement\":[{\"@type\":\"ListItem\",\"position\":1,\"name\":\"Inicio\",\"item\":\"https:\/\/21panorama.com\/\"},{\"@type\":\"ListItem\",\"position\":2,\"name\":\"Se instal\u00f3 la Comisi\u00f3n de Planeaci\u00f3n y Gasto P\u00fablico de la LXI Legislatura\"}]},{\"@type\":\"WebSite\",\"@id\":\"https:\/\/21panorama.com\/#website\",\"url\":\"https:\/\/21panorama.com\/\",\"name\":\"21 Panorama\",\"description\":\"La construcci\u00f3n de la opini\u00f3n p\u00fablica merece un mejor Panorama en este siglo 21 para alcanzar una sociedad con mayor transparencia y sin corrupci\u00f3n.\",\"publisher\":{\"@id\":\"https:\/\/21panorama.com\/#organization\"},\"potentialAction\":[{\"@type\":\"SearchAction\",\"target\":{\"@type\":\"EntryPoint\",\"urlTemplate\":\"https:\/\/21panorama.com\/?s={search_term_string}\"},\"query-input\":{\"@type\":\"PropertyValueSpecification\",\"valueRequired\":true,\"valueName\":\"search_term_string\"}}],\"inLanguage\":\"es\"},{\"@type\":\"Organization\",\"@id\":\"https:\/\/21panorama.com\/#organization\",\"name\":\"21 Panorama\",\"url\":\"https:\/\/21panorama.com\/\",\"logo\":{\"@type\":\"ImageObject\",\"inLanguage\":\"es\",\"@id\":\"https:\/\/21panorama.com\/#\/schema\/logo\/image\/\",\"url\":\"https:\/\/21panorama.com\/wp-content\/uploads\/2019\/07\/cropped-Logo-Panorama-01.jpeg\",\"contentUrl\":\"https:\/\/21panorama.com\/wp-content\/uploads\/2019\/07\/cropped-Logo-Panorama-01.jpeg\",\"width\":290,\"height\":70,\"caption\":\"21 Panorama\"},\"image\":{\"@id\":\"https:\/\/21panorama.com\/#\/schema\/logo\/image\/\"}},{\"@type\":\"Person\",\"@id\":\"https:\/\/21panorama.com\/#\/schema\/person\/1afc291b96d5792a158768324287319f\",\"name\":\"admin\",\"image\":{\"@type\":\"ImageObject\",\"inLanguage\":\"es\",\"@id\":\"https:\/\/21panorama.com\/#\/schema\/person\/image\/\",\"url\":\"https:\/\/secure.gravatar.com\/avatar\/ad365d9d9f46719215b0d042cc3df92a5a8683e09ef13d102233e5491985f0f0?s=96&d=mm&r=g\",\"contentUrl\":\"https:\/\/secure.gravatar.com\/avatar\/ad365d9d9f46719215b0d042cc3df92a5a8683e09ef13d102233e5491985f0f0?s=96&d=mm&r=g\",\"caption\":\"admin\"},\"url\":\"https:\/\/21panorama.com\/index.php\/author\/admin\/\"}]}<\/script>\n<!-- \/ Yoast SEO plugin. -->","yoast_head_json":{"title":"Se instal\u00f3 la Comisi\u00f3n de Planeaci\u00f3n y Gasto P\u00fablico de la LXI Legislatura - 21 Panorama","robots":{"index":"index","follow":"follow","max-snippet":"max-snippet:-1","max-image-preview":"max-image-preview:large","max-video-preview":"max-video-preview:-1"},"canonical":"https:\/\/21panorama.com\/index.php\/2021\/10\/20\/se-instalo-la-comision-de-planeacion-y-gasto-publico-de-la-lxi-legisla\/","og_locale":"es_MX","og_type":"article","og_title":"Se instal\u00f3 la Comisi\u00f3n de Planeaci\u00f3n y Gasto P\u00fablico de la LXI Legislatura - 21 Panorama","og_description":"Es presidida por la diputada Mar\u00eda del Carmen de la Rosa; funge como secretario el diputado Mario Santana.","og_url":"https:\/\/21panorama.com\/index.php\/2021\/10\/20\/se-instalo-la-comision-de-planeacion-y-gasto-publico-de-la-lxi-legisla\/","og_site_name":"21 Panorama","article_published_time":"2021-10-20T14:24:05+00:00","article_modified_time":"2021-10-20T14:26:18+00:00","og_image":[{"width":1024,"height":683,"url":"https:\/\/21panorama.com\/wp-content\/uploads\/2021\/10\/34007981-fe9d-4c10-bf09-e8f5fb63fd98.jpeg","type":"image\/jpeg"}],"author":"admin","twitter_card":"summary_large_image","twitter_misc":{"Escrito por":"admin","Tiempo de lectura":"2 minutos"},"schema":{"@context":"https:\/\/schema.org","@graph":[{"@type":"Article","@id":"https:\/\/21panorama.com\/index.php\/2021\/10\/20\/se-instalo-la-comision-de-planeacion-y-gasto-publico-de-la-lxi-legisla\/#article","isPartOf":{"@id":"https:\/\/21panorama.com\/index.php\/2021\/10\/20\/se-instalo-la-comision-de-planeacion-y-gasto-publico-de-la-lxi-legisla\/"},"author":{"name":"admin","@id":"https:\/\/21panorama.com\/#\/schema\/person\/1afc291b96d5792a158768324287319f"},"headline":"Se instal\u00f3 la Comisi\u00f3n de Planeaci\u00f3n y Gasto P\u00fablico de la LXI Legislatura","datePublished":"2021-10-20T14:24:05+00:00","dateModified":"2021-10-20T14:26:18+00:00","mainEntityOfPage":{"@id":"https:\/\/21panorama.com\/index.php\/2021\/10\/20\/se-instalo-la-comision-de-planeacion-y-gasto-publico-de-la-lxi-legisla\/"},"wordCount":304,"commentCount":0,"publisher":{"@id":"https:\/\/21panorama.com\/#organization"},"image":{"@id":"https:\/\/21panorama.com\/index.php\/2021\/10\/20\/se-instalo-la-comision-de-planeacion-y-gasto-publico-de-la-lxi-legisla\/#primaryimage"},"thumbnailUrl":"https:\/\/21panorama.com\/wp-content\/uploads\/2021\/10\/34007981-fe9d-4c10-bf09-e8f5fb63fd98.jpeg","keywords":["LXI"],"articleSection":["Politica"],"inLanguage":"es","potentialAction":[{"@type":"CommentAction","name":"Comment","target":["https:\/\/21panorama.com\/index.php\/2021\/10\/20\/se-instalo-la-comision-de-planeacion-y-gasto-publico-de-la-lxi-legisla\/#respond"]}]},{"@type":"WebPage","@id":"https:\/\/21panorama.com\/index.php\/2021\/10\/20\/se-instalo-la-comision-de-planeacion-y-gasto-publico-de-la-lxi-legisla\/","url":"https:\/\/21panorama.com\/index.php\/2021\/10\/20\/se-instalo-la-comision-de-planeacion-y-gasto-publico-de-la-lxi-legisla\/","name":"Se instal\u00f3 la Comisi\u00f3n de Planeaci\u00f3n y Gasto P\u00fablico de la LXI Legislatura - 21 Panorama","isPartOf":{"@id":"https:\/\/21panorama.com\/#website"},"primaryImageOfPage":{"@id":"https:\/\/21panorama.com\/index.php\/2021\/10\/20\/se-instalo-la-comision-de-planeacion-y-gasto-publico-de-la-lxi-legisla\/#primaryimage"},"image":{"@id":"https:\/\/21panorama.com\/index.php\/2021\/10\/20\/se-instalo-la-comision-de-planeacion-y-gasto-publico-de-la-lxi-legisla\/#primaryimage"},"thumbnailUrl":"https:\/\/21panorama.com\/wp-content\/uploads\/2021\/10\/34007981-fe9d-4c10-bf09-e8f5fb63fd98.jpeg","datePublished":"2021-10-20T14:24:05+00:00","dateModified":"2021-10-20T14:26:18+00:00","breadcrumb":{"@id":"https:\/\/21panorama.com\/index.php\/2021\/10\/20\/se-instalo-la-comision-de-planeacion-y-gasto-publico-de-la-lxi-legisla\/#breadcrumb"},"inLanguage":"es","potentialAction":[{"@type":"ReadAction","target":["https:\/\/21panorama.com\/index.php\/2021\/10\/20\/se-instalo-la-comision-de-planeacion-y-gasto-publico-de-la-lxi-legisla\/"]}]},{"@type":"ImageObject","inLanguage":"es","@id":"https:\/\/21panorama.com\/index.php\/2021\/10\/20\/se-instalo-la-comision-de-planeacion-y-gasto-publico-de-la-lxi-legisla\/#primaryimage","url":"https:\/\/21panorama.com\/wp-content\/uploads\/2021\/10\/34007981-fe9d-4c10-bf09-e8f5fb63fd98.jpeg","contentUrl":"https:\/\/21panorama.com\/wp-content\/uploads\/2021\/10\/34007981-fe9d-4c10-bf09-e8f5fb63fd98.jpeg","width":1024,"height":683},{"@type":"BreadcrumbList","@id":"https:\/\/21panorama.com\/index.php\/2021\/10\/20\/se-instalo-la-comision-de-planeacion-y-gasto-publico-de-la-lxi-legisla\/#breadcrumb","itemListElement":[{"@type":"ListItem","position":1,"name":"Inicio","item":"https:\/\/21panorama.com\/"},{"@type":"ListItem","position":2,"name":"Se instal\u00f3 la Comisi\u00f3n de Planeaci\u00f3n y Gasto P\u00fablico de la LXI Legislatura"}]},{"@type":"WebSite","@id":"https:\/\/21panorama.com\/#website","url":"https:\/\/21panorama.com\/","name":"21 Panorama","description":"La construcci\u00f3n de la opini\u00f3n p\u00fablica merece un mejor Panorama en este siglo 21 para alcanzar una sociedad con mayor transparencia y sin corrupci\u00f3n.","publisher":{"@id":"https:\/\/21panorama.com\/#organization"},"potentialAction":[{"@type":"SearchAction","target":{"@type":"EntryPoint","urlTemplate":"https:\/\/21panorama.com\/?s={search_term_string}"},"query-input":{"@type":"PropertyValueSpecification","valueRequired":true,"valueName":"search_term_string"}}],"inLanguage":"es"},{"@type":"Organization","@id":"https:\/\/21panorama.com\/#organization","name":"21 Panorama","url":"https:\/\/21panorama.com\/","logo":{"@type":"ImageObject","inLanguage":"es","@id":"https:\/\/21panorama.com\/#\/schema\/logo\/image\/","url":"https:\/\/21panorama.com\/wp-content\/uploads\/2019\/07\/cropped-Logo-Panorama-01.jpeg","contentUrl":"https:\/\/21panorama.com\/wp-content\/uploads\/2019\/07\/cropped-Logo-Panorama-01.jpeg","width":290,"height":70,"caption":"21 Panorama"},"image":{"@id":"https:\/\/21panorama.com\/#\/schema\/logo\/image\/"}},{"@type":"Person","@id":"https:\/\/21panorama.com\/#\/schema\/person\/1afc291b96d5792a158768324287319f","name":"admin","image":{"@type":"ImageObject","inLanguage":"es","@id":"https:\/\/21panorama.com\/#\/schema\/person\/image\/","url":"https:\/\/secure.gravatar.com\/avatar\/ad365d9d9f46719215b0d042cc3df92a5a8683e09ef13d102233e5491985f0f0?s=96&d=mm&r=g","contentUrl":"https:\/\/secure.gravatar.com\/avatar\/ad365d9d9f46719215b0d042cc3df92a5a8683e09ef13d102233e5491985f0f0?s=96&d=mm&r=g","caption":"admin"},"url":"https:\/\/21panorama.com\/index.php\/author\/admin\/"}]}},"_links":{"self":[{"href":"https:\/\/21panorama.com\/index.php\/wp-json\/wp\/v2\/posts\/1962","targetHints":{"allow":["GET"]}}],"collection":[{"href":"https:\/\/21panorama.com\/index.php\/wp-json\/wp\/v2\/posts"}],"about":[{"href":"https:\/\/21panorama.com\/index.php\/wp-json\/wp\/v2\/types\/post"}],"author":[{"embeddable":true,"href":"https:\/\/21panorama.com\/index.php\/wp-json\/wp\/v2\/users\/1"}],"replies":[{"embeddable":true,"href":"https:\/\/21panorama.com\/index.php\/wp-json\/wp\/v2\/comments?post=1962"}],"version-history":[{"count":2,"href":"https:\/\/21panorama.com\/index.php\/wp-json\/wp\/v2\/posts\/1962\/revisions"}],"predecessor-version":[{"id":1967,"href":"https:\/\/21panorama.com\/index.php\/wp-json\/wp\/v2\/posts\/1962\/revisions\/1967"}],"wp:featuredmedia":[{"embeddable":true,"href":"https:\/\/21panorama.com\/index.php\/wp-json\/wp\/v2\/media\/1963"}],"wp:attachment":[{"href":"https:\/\/21panorama.com\/index.php\/wp-json\/wp\/v2\/media?parent=1962"}],"wp:term":[{"taxonomy":"category","embeddable":true,"href":"https:\/\/21panorama.com\/index.php\/wp-json\/wp\/v2\/categories?post=1962"},{"taxonomy":"post_tag","embeddable":true,"href":"https:\/\/21panorama.com\/index.php\/wp-json\/wp\/v2\/tags?post=1962"}],"curies":[{"name":"wp","href":"https:\/\/api.w.org\/{rel}","templated":true}]}}