{"id":1944,"date":"2021-10-20T09:09:46","date_gmt":"2021-10-20T14:09:46","guid":{"rendered":"http:\/\/21panorama.com\/?p=1944"},"modified":"2021-10-20T09:09:47","modified_gmt":"2021-10-20T14:09:47","slug":"conmemoran-dia-internacional-contra-el-cancer-de-mama-en-la-comunidad-sabana-del-rosario-villa-de-allende","status":"publish","type":"post","link":"https:\/\/21panorama.com\/index.php\/2021\/10\/20\/conmemoran-dia-internacional-contra-el-cancer-de-mama-en-la-comunidad-sabana-del-rosario-villa-de-allende\/","title":{"rendered":"Conmemoran d\u00eda internacional contra el c\u00e1ncer de Mama en la comunidad  S\u00e1bana del Rosario Villa de Allende"},"content":{"rendered":"\n<p>La doctora Elizabeth Reyes Reyes en coordinaci\u00f3n con la s\u00edndico municipal Mar\u00eda de los \u00c1ngeles de la O S\u00e1nchez, y la regidora electa Ana Mar\u00eda Colin Gonz\u00e1lez as\u00ed como los integrantes del Centro de Salud de Sabana del Rosario encabezaron una caminata para conmemorar el d\u00eda internacional de la lucha contra el c\u00e1ncer de mama.<\/p>\n\n\n\n<p>&#8220;La mujer a lo largo de sus etapas de vida es simb\u00f3lo de fortaleza, lucha y en muchas ocasiones sacrificio por ello es tiempo de cuidarnos y explorarnos&#8221; expres\u00f3 la doctora Reyes.<\/p>\n\n\n\n<p>Asimismo se\u00f1al\u00f3 que hacer conciencia de la importancia del c\u00e1ncer de mama, la autoexploraci\u00f3n, detecci\u00f3n, diagn\u00f3stico y tratamiento ser\u00e1n los pilares para evitar que m\u00e1s mujeres mexiquenses mueran por esta causa.<\/p>\n\n\n\n<p>&#8220;Lo que pretendemos es hacer conciencia en todas las mujeres, qu\u00e9 el c\u00e1ncer de mama no es un juego, que cu\u00e1nto m\u00e1s temprano se realiza el diagn\u00f3stico, m\u00e1s posibilidades hay de erradicar la enfermedad del cuerpo, recordemos que un diagn\u00f3stico a tiempo es la mejor soluci\u00f3n&#8221;.<\/p>\n\n\n\n<p>Dicho evento conto con la presencia de las mujeres de la comunidad quienes resaltaron que es la primera vez que se le da importancia a este tema.<\/p>\n\n\n\n<p>De igual manera reconocieron la labor que la doctora Reyes a realizado al frente de esta instituci\u00f3n.<\/p>\n\n\n\n<figure class=\"wp-block-gallery columns-3 is-cropped wp-block-gallery-1 is-layout-flex wp-block-gallery-is-layout-flex\"><ul class=\"blocks-gallery-grid\"><li class=\"blocks-gallery-item\"><figure><img decoding=\"async\" width=\"720\" height=\"384\" src=\"https:\/\/21panorama.com\/wp-content\/uploads\/2021\/10\/227dc2c2-f510-4708-af74-4b552d80bdfa.jpeg\" alt=\"\" data-id=\"1946\" data-link=\"https:\/\/21panorama.com\/?attachment_id=1946\" class=\"wp-image-1946\" srcset=\"https:\/\/21panorama.com\/wp-content\/uploads\/2021\/10\/227dc2c2-f510-4708-af74-4b552d80bdfa.jpeg 720w, https:\/\/21panorama.com\/wp-content\/uploads\/2021\/10\/227dc2c2-f510-4708-af74-4b552d80bdfa-300x160.jpeg 300w\" sizes=\"(max-width: 720px) 100vw, 720px\" \/><\/figure><\/li><li class=\"blocks-gallery-item\"><figure><img decoding=\"async\" width=\"720\" height=\"887\" src=\"https:\/\/21panorama.com\/wp-content\/uploads\/2021\/10\/0eae7a49-be75-4cc8-89ee-51445773f95f.jpeg\" alt=\"\" data-id=\"1947\" data-link=\"https:\/\/21panorama.com\/?attachment_id=1947\" class=\"wp-image-1947\" srcset=\"https:\/\/21panorama.com\/wp-content\/uploads\/2021\/10\/0eae7a49-be75-4cc8-89ee-51445773f95f.jpeg 720w, https:\/\/21panorama.com\/wp-content\/uploads\/2021\/10\/0eae7a49-be75-4cc8-89ee-51445773f95f-244x300.jpeg 244w\" sizes=\"(max-width: 720px) 100vw, 720px\" \/><\/figure><\/li><li class=\"blocks-gallery-item\"><figure><img decoding=\"async\" width=\"720\" height=\"506\" src=\"https:\/\/21panorama.com\/wp-content\/uploads\/2021\/10\/221c78b3-c44e-4824-82d4-bcd645179d58.jpeg\" alt=\"\" data-id=\"1948\" data-full-url=\"https:\/\/21panorama.com\/wp-content\/uploads\/2021\/10\/221c78b3-c44e-4824-82d4-bcd645179d58.jpeg\" data-link=\"https:\/\/21panorama.com\/?attachment_id=1948\" class=\"wp-image-1948\" srcset=\"https:\/\/21panorama.com\/wp-content\/uploads\/2021\/10\/221c78b3-c44e-4824-82d4-bcd645179d58.jpeg 720w, https:\/\/21panorama.com\/wp-content\/uploads\/2021\/10\/221c78b3-c44e-4824-82d4-bcd645179d58-300x211.jpeg 300w\" sizes=\"(max-width: 720px) 100vw, 720px\" \/><\/figure><\/li><\/ul><\/figure>\n","protected":false},"excerpt":{"rendered":"<p>La doctora Elizabeth Reyes Reyes en coordinaci\u00f3n con la s\u00edndico municipal Mar\u00eda de los \u00c1ngeles de la O S\u00e1nchez,  y la regidora electa Ana Mar\u00eda Colin Gonz\u00e1lez as\u00ed como  los integrantes del Centro de Salud de Sabana del Rosario  encabezaron una caminata para conmemorar el d\u00eda internacional de la lucha contra el c\u00e1ncer de mama.<\/p>\n","protected":false},"author":1,"featured_media":1945,"comment_status":"open","ping_status":"open","sticky":false,"template":"","format":"standard","meta":{"footnotes":""},"categories":[1],"tags":[156,157],"class_list":["post-1944","post","type-post","status-publish","format-standard","has-post-thumbnail","hentry","category-sociedad","tag-cancer","tag-mama"],"yoast_head":"<!-- This site is optimized with the Yoast SEO plugin v24.9 - https:\/\/yoast.com\/wordpress\/plugins\/seo\/ -->\n<title>Conmemoran d\u00eda internacional contra el c\u00e1ncer de Mama en la comunidad S\u00e1bana del Rosario Villa de Allende - 21 Panorama<\/title>\n<meta name=\"robots\" content=\"index, follow, max-snippet:-1, max-image-preview:large, max-video-preview:-1\" \/>\n<link rel=\"canonical\" href=\"https:\/\/21panorama.com\/index.php\/2021\/10\/20\/conmemoran-dia-internacional-contra-el-cancer-de-mama-en-la-comunidad-sabana-del-rosario-villa-de-allende\/\" \/>\n<meta property=\"og:locale\" content=\"es_MX\" \/>\n<meta property=\"og:type\" content=\"article\" \/>\n<meta property=\"og:title\" content=\"Conmemoran d\u00eda internacional contra el c\u00e1ncer de Mama en la comunidad S\u00e1bana del Rosario Villa de Allende - 21 Panorama\" \/>\n<meta property=\"og:description\" content=\"La doctora Elizabeth Reyes Reyes en coordinaci\u00f3n con la s\u00edndico municipal Mar\u00eda de los \u00c1ngeles de la O S\u00e1nchez, y la regidora electa Ana Mar\u00eda Colin Gonz\u00e1lez as\u00ed como los integrantes del Centro de Salud de Sabana del Rosario encabezaron una caminata para conmemorar el d\u00eda internacional de la lucha contra el c\u00e1ncer de mama.\" \/>\n<meta property=\"og:url\" content=\"https:\/\/21panorama.com\/index.php\/2021\/10\/20\/conmemoran-dia-internacional-contra-el-cancer-de-mama-en-la-comunidad-sabana-del-rosario-villa-de-allende\/\" \/>\n<meta property=\"og:site_name\" content=\"21 Panorama\" \/>\n<meta property=\"article:published_time\" content=\"2021-10-20T14:09:46+00:00\" \/>\n<meta property=\"article:modified_time\" content=\"2021-10-20T14:09:47+00:00\" \/>\n<meta property=\"og:image\" content=\"https:\/\/21panorama.com\/wp-content\/uploads\/2021\/10\/bd53dbdd-1b0f-4c63-804e-f6e2e3a0be46.jpeg\" \/>\n\t<meta property=\"og:image:width\" content=\"720\" \/>\n\t<meta property=\"og:image:height\" content=\"906\" \/>\n\t<meta property=\"og:image:type\" content=\"image\/jpeg\" \/>\n<meta name=\"author\" content=\"admin\" \/>\n<meta name=\"twitter:card\" content=\"summary_large_image\" \/>\n<meta name=\"twitter:label1\" content=\"Escrito por\" \/>\n\t<meta name=\"twitter:data1\" content=\"admin\" \/>\n\t<meta name=\"twitter:label2\" content=\"Tiempo de lectura\" \/>\n\t<meta name=\"twitter:data2\" content=\"2 minutos\" \/>\n<script type=\"application\/ld+json\" class=\"yoast-schema-graph\">{\"@context\":\"https:\/\/schema.org\",\"@graph\":[{\"@type\":\"Article\",\"@id\":\"https:\/\/21panorama.com\/index.php\/2021\/10\/20\/conmemoran-dia-internacional-contra-el-cancer-de-mama-en-la-comunidad-sabana-del-rosario-villa-de-allende\/#article\",\"isPartOf\":{\"@id\":\"https:\/\/21panorama.com\/index.php\/2021\/10\/20\/conmemoran-dia-internacional-contra-el-cancer-de-mama-en-la-comunidad-sabana-del-rosario-villa-de-allende\/\"},\"author\":{\"name\":\"admin\",\"@id\":\"https:\/\/21panorama.com\/#\/schema\/person\/1afc291b96d5792a158768324287319f\"},\"headline\":\"Conmemoran d\u00eda internacional contra el c\u00e1ncer de Mama en la comunidad S\u00e1bana del Rosario Villa de Allende\",\"datePublished\":\"2021-10-20T14:09:46+00:00\",\"dateModified\":\"2021-10-20T14:09:47+00:00\",\"mainEntityOfPage\":{\"@id\":\"https:\/\/21panorama.com\/index.php\/2021\/10\/20\/conmemoran-dia-internacional-contra-el-cancer-de-mama-en-la-comunidad-sabana-del-rosario-villa-de-allende\/\"},\"wordCount\":252,\"commentCount\":0,\"publisher\":{\"@id\":\"https:\/\/21panorama.com\/#organization\"},\"image\":{\"@id\":\"https:\/\/21panorama.com\/index.php\/2021\/10\/20\/conmemoran-dia-internacional-contra-el-cancer-de-mama-en-la-comunidad-sabana-del-rosario-villa-de-allende\/#primaryimage\"},\"thumbnailUrl\":\"https:\/\/21panorama.com\/wp-content\/uploads\/2021\/10\/bd53dbdd-1b0f-4c63-804e-f6e2e3a0be46.jpeg\",\"keywords\":[\"C\u00c1NCER\",\"MAMA\"],\"articleSection\":[\"Sociedad\"],\"inLanguage\":\"es\",\"potentialAction\":[{\"@type\":\"CommentAction\",\"name\":\"Comment\",\"target\":[\"https:\/\/21panorama.com\/index.php\/2021\/10\/20\/conmemoran-dia-internacional-contra-el-cancer-de-mama-en-la-comunidad-sabana-del-rosario-villa-de-allende\/#respond\"]}]},{\"@type\":\"WebPage\",\"@id\":\"https:\/\/21panorama.com\/index.php\/2021\/10\/20\/conmemoran-dia-internacional-contra-el-cancer-de-mama-en-la-comunidad-sabana-del-rosario-villa-de-allende\/\",\"url\":\"https:\/\/21panorama.com\/index.php\/2021\/10\/20\/conmemoran-dia-internacional-contra-el-cancer-de-mama-en-la-comunidad-sabana-del-rosario-villa-de-allende\/\",\"name\":\"Conmemoran d\u00eda internacional contra el c\u00e1ncer de Mama en la comunidad S\u00e1bana del Rosario Villa de Allende - 21 Panorama\",\"isPartOf\":{\"@id\":\"https:\/\/21panorama.com\/#website\"},\"primaryImageOfPage\":{\"@id\":\"https:\/\/21panorama.com\/index.php\/2021\/10\/20\/conmemoran-dia-internacional-contra-el-cancer-de-mama-en-la-comunidad-sabana-del-rosario-villa-de-allende\/#primaryimage\"},\"image\":{\"@id\":\"https:\/\/21panorama.com\/index.php\/2021\/10\/20\/conmemoran-dia-internacional-contra-el-cancer-de-mama-en-la-comunidad-sabana-del-rosario-villa-de-allende\/#primaryimage\"},\"thumbnailUrl\":\"https:\/\/21panorama.com\/wp-content\/uploads\/2021\/10\/bd53dbdd-1b0f-4c63-804e-f6e2e3a0be46.jpeg\",\"datePublished\":\"2021-10-20T14:09:46+00:00\",\"dateModified\":\"2021-10-20T14:09:47+00:00\",\"breadcrumb\":{\"@id\":\"https:\/\/21panorama.com\/index.php\/2021\/10\/20\/conmemoran-dia-internacional-contra-el-cancer-de-mama-en-la-comunidad-sabana-del-rosario-villa-de-allende\/#breadcrumb\"},\"inLanguage\":\"es\",\"potentialAction\":[{\"@type\":\"ReadAction\",\"target\":[\"https:\/\/21panorama.com\/index.php\/2021\/10\/20\/conmemoran-dia-internacional-contra-el-cancer-de-mama-en-la-comunidad-sabana-del-rosario-villa-de-allende\/\"]}]},{\"@type\":\"ImageObject\",\"inLanguage\":\"es\",\"@id\":\"https:\/\/21panorama.com\/index.php\/2021\/10\/20\/conmemoran-dia-internacional-contra-el-cancer-de-mama-en-la-comunidad-sabana-del-rosario-villa-de-allende\/#primaryimage\",\"url\":\"https:\/\/21panorama.com\/wp-content\/uploads\/2021\/10\/bd53dbdd-1b0f-4c63-804e-f6e2e3a0be46.jpeg\",\"contentUrl\":\"https:\/\/21panorama.com\/wp-content\/uploads\/2021\/10\/bd53dbdd-1b0f-4c63-804e-f6e2e3a0be46.jpeg\",\"width\":720,\"height\":906},{\"@type\":\"BreadcrumbList\",\"@id\":\"https:\/\/21panorama.com\/index.php\/2021\/10\/20\/conmemoran-dia-internacional-contra-el-cancer-de-mama-en-la-comunidad-sabana-del-rosario-villa-de-allende\/#breadcrumb\",\"itemListElement\":[{\"@type\":\"ListItem\",\"position\":1,\"name\":\"Inicio\",\"item\":\"https:\/\/21panorama.com\/\"},{\"@type\":\"ListItem\",\"position\":2,\"name\":\"Conmemoran d\u00eda internacional contra el c\u00e1ncer de Mama en la comunidad S\u00e1bana del Rosario Villa de Allende\"}]},{\"@type\":\"WebSite\",\"@id\":\"https:\/\/21panorama.com\/#website\",\"url\":\"https:\/\/21panorama.com\/\",\"name\":\"21 Panorama\",\"description\":\"La construcci\u00f3n de la opini\u00f3n p\u00fablica merece un mejor Panorama en este siglo 21 para alcanzar una sociedad con mayor transparencia y sin corrupci\u00f3n.\",\"publisher\":{\"@id\":\"https:\/\/21panorama.com\/#organization\"},\"potentialAction\":[{\"@type\":\"SearchAction\",\"target\":{\"@type\":\"EntryPoint\",\"urlTemplate\":\"https:\/\/21panorama.com\/?s={search_term_string}\"},\"query-input\":{\"@type\":\"PropertyValueSpecification\",\"valueRequired\":true,\"valueName\":\"search_term_string\"}}],\"inLanguage\":\"es\"},{\"@type\":\"Organization\",\"@id\":\"https:\/\/21panorama.com\/#organization\",\"name\":\"21 Panorama\",\"url\":\"https:\/\/21panorama.com\/\",\"logo\":{\"@type\":\"ImageObject\",\"inLanguage\":\"es\",\"@id\":\"https:\/\/21panorama.com\/#\/schema\/logo\/image\/\",\"url\":\"https:\/\/21panorama.com\/wp-content\/uploads\/2019\/07\/cropped-Logo-Panorama-01.jpeg\",\"contentUrl\":\"https:\/\/21panorama.com\/wp-content\/uploads\/2019\/07\/cropped-Logo-Panorama-01.jpeg\",\"width\":290,\"height\":70,\"caption\":\"21 Panorama\"},\"image\":{\"@id\":\"https:\/\/21panorama.com\/#\/schema\/logo\/image\/\"}},{\"@type\":\"Person\",\"@id\":\"https:\/\/21panorama.com\/#\/schema\/person\/1afc291b96d5792a158768324287319f\",\"name\":\"admin\",\"image\":{\"@type\":\"ImageObject\",\"inLanguage\":\"es\",\"@id\":\"https:\/\/21panorama.com\/#\/schema\/person\/image\/\",\"url\":\"https:\/\/secure.gravatar.com\/avatar\/ad365d9d9f46719215b0d042cc3df92a5a8683e09ef13d102233e5491985f0f0?s=96&d=mm&r=g\",\"contentUrl\":\"https:\/\/secure.gravatar.com\/avatar\/ad365d9d9f46719215b0d042cc3df92a5a8683e09ef13d102233e5491985f0f0?s=96&d=mm&r=g\",\"caption\":\"admin\"},\"url\":\"https:\/\/21panorama.com\/index.php\/author\/admin\/\"}]}<\/script>\n<!-- \/ Yoast SEO plugin. -->","yoast_head_json":{"title":"Conmemoran d\u00eda internacional contra el c\u00e1ncer de Mama en la comunidad S\u00e1bana del Rosario Villa de Allende - 21 Panorama","robots":{"index":"index","follow":"follow","max-snippet":"max-snippet:-1","max-image-preview":"max-image-preview:large","max-video-preview":"max-video-preview:-1"},"canonical":"https:\/\/21panorama.com\/index.php\/2021\/10\/20\/conmemoran-dia-internacional-contra-el-cancer-de-mama-en-la-comunidad-sabana-del-rosario-villa-de-allende\/","og_locale":"es_MX","og_type":"article","og_title":"Conmemoran d\u00eda internacional contra el c\u00e1ncer de Mama en la comunidad S\u00e1bana del Rosario Villa de Allende - 21 Panorama","og_description":"La doctora Elizabeth Reyes Reyes en coordinaci\u00f3n con la s\u00edndico municipal Mar\u00eda de los \u00c1ngeles de la O S\u00e1nchez, y la regidora electa Ana Mar\u00eda Colin Gonz\u00e1lez as\u00ed como los integrantes del Centro de Salud de Sabana del Rosario encabezaron una caminata para conmemorar el d\u00eda internacional de la lucha contra el c\u00e1ncer de mama.","og_url":"https:\/\/21panorama.com\/index.php\/2021\/10\/20\/conmemoran-dia-internacional-contra-el-cancer-de-mama-en-la-comunidad-sabana-del-rosario-villa-de-allende\/","og_site_name":"21 Panorama","article_published_time":"2021-10-20T14:09:46+00:00","article_modified_time":"2021-10-20T14:09:47+00:00","og_image":[{"width":720,"height":906,"url":"https:\/\/21panorama.com\/wp-content\/uploads\/2021\/10\/bd53dbdd-1b0f-4c63-804e-f6e2e3a0be46.jpeg","type":"image\/jpeg"}],"author":"admin","twitter_card":"summary_large_image","twitter_misc":{"Escrito por":"admin","Tiempo de lectura":"2 minutos"},"schema":{"@context":"https:\/\/schema.org","@graph":[{"@type":"Article","@id":"https:\/\/21panorama.com\/index.php\/2021\/10\/20\/conmemoran-dia-internacional-contra-el-cancer-de-mama-en-la-comunidad-sabana-del-rosario-villa-de-allende\/#article","isPartOf":{"@id":"https:\/\/21panorama.com\/index.php\/2021\/10\/20\/conmemoran-dia-internacional-contra-el-cancer-de-mama-en-la-comunidad-sabana-del-rosario-villa-de-allende\/"},"author":{"name":"admin","@id":"https:\/\/21panorama.com\/#\/schema\/person\/1afc291b96d5792a158768324287319f"},"headline":"Conmemoran d\u00eda internacional contra el c\u00e1ncer de Mama en la comunidad S\u00e1bana del Rosario Villa de Allende","datePublished":"2021-10-20T14:09:46+00:00","dateModified":"2021-10-20T14:09:47+00:00","mainEntityOfPage":{"@id":"https:\/\/21panorama.com\/index.php\/2021\/10\/20\/conmemoran-dia-internacional-contra-el-cancer-de-mama-en-la-comunidad-sabana-del-rosario-villa-de-allende\/"},"wordCount":252,"commentCount":0,"publisher":{"@id":"https:\/\/21panorama.com\/#organization"},"image":{"@id":"https:\/\/21panorama.com\/index.php\/2021\/10\/20\/conmemoran-dia-internacional-contra-el-cancer-de-mama-en-la-comunidad-sabana-del-rosario-villa-de-allende\/#primaryimage"},"thumbnailUrl":"https:\/\/21panorama.com\/wp-content\/uploads\/2021\/10\/bd53dbdd-1b0f-4c63-804e-f6e2e3a0be46.jpeg","keywords":["C\u00c1NCER","MAMA"],"articleSection":["Sociedad"],"inLanguage":"es","potentialAction":[{"@type":"CommentAction","name":"Comment","target":["https:\/\/21panorama.com\/index.php\/2021\/10\/20\/conmemoran-dia-internacional-contra-el-cancer-de-mama-en-la-comunidad-sabana-del-rosario-villa-de-allende\/#respond"]}]},{"@type":"WebPage","@id":"https:\/\/21panorama.com\/index.php\/2021\/10\/20\/conmemoran-dia-internacional-contra-el-cancer-de-mama-en-la-comunidad-sabana-del-rosario-villa-de-allende\/","url":"https:\/\/21panorama.com\/index.php\/2021\/10\/20\/conmemoran-dia-internacional-contra-el-cancer-de-mama-en-la-comunidad-sabana-del-rosario-villa-de-allende\/","name":"Conmemoran d\u00eda internacional contra el c\u00e1ncer de Mama en la comunidad S\u00e1bana del Rosario Villa de Allende - 21 Panorama","isPartOf":{"@id":"https:\/\/21panorama.com\/#website"},"primaryImageOfPage":{"@id":"https:\/\/21panorama.com\/index.php\/2021\/10\/20\/conmemoran-dia-internacional-contra-el-cancer-de-mama-en-la-comunidad-sabana-del-rosario-villa-de-allende\/#primaryimage"},"image":{"@id":"https:\/\/21panorama.com\/index.php\/2021\/10\/20\/conmemoran-dia-internacional-contra-el-cancer-de-mama-en-la-comunidad-sabana-del-rosario-villa-de-allende\/#primaryimage"},"thumbnailUrl":"https:\/\/21panorama.com\/wp-content\/uploads\/2021\/10\/bd53dbdd-1b0f-4c63-804e-f6e2e3a0be46.jpeg","datePublished":"2021-10-20T14:09:46+00:00","dateModified":"2021-10-20T14:09:47+00:00","breadcrumb":{"@id":"https:\/\/21panorama.com\/index.php\/2021\/10\/20\/conmemoran-dia-internacional-contra-el-cancer-de-mama-en-la-comunidad-sabana-del-rosario-villa-de-allende\/#breadcrumb"},"inLanguage":"es","potentialAction":[{"@type":"ReadAction","target":["https:\/\/21panorama.com\/index.php\/2021\/10\/20\/conmemoran-dia-internacional-contra-el-cancer-de-mama-en-la-comunidad-sabana-del-rosario-villa-de-allende\/"]}]},{"@type":"ImageObject","inLanguage":"es","@id":"https:\/\/21panorama.com\/index.php\/2021\/10\/20\/conmemoran-dia-internacional-contra-el-cancer-de-mama-en-la-comunidad-sabana-del-rosario-villa-de-allende\/#primaryimage","url":"https:\/\/21panorama.com\/wp-content\/uploads\/2021\/10\/bd53dbdd-1b0f-4c63-804e-f6e2e3a0be46.jpeg","contentUrl":"https:\/\/21panorama.com\/wp-content\/uploads\/2021\/10\/bd53dbdd-1b0f-4c63-804e-f6e2e3a0be46.jpeg","width":720,"height":906},{"@type":"BreadcrumbList","@id":"https:\/\/21panorama.com\/index.php\/2021\/10\/20\/conmemoran-dia-internacional-contra-el-cancer-de-mama-en-la-comunidad-sabana-del-rosario-villa-de-allende\/#breadcrumb","itemListElement":[{"@type":"ListItem","position":1,"name":"Inicio","item":"https:\/\/21panorama.com\/"},{"@type":"ListItem","position":2,"name":"Conmemoran d\u00eda internacional contra el c\u00e1ncer de Mama en la comunidad S\u00e1bana del Rosario Villa de Allende"}]},{"@type":"WebSite","@id":"https:\/\/21panorama.com\/#website","url":"https:\/\/21panorama.com\/","name":"21 Panorama","description":"La construcci\u00f3n de la opini\u00f3n p\u00fablica merece un mejor Panorama en este siglo 21 para alcanzar una sociedad con mayor transparencia y sin corrupci\u00f3n.","publisher":{"@id":"https:\/\/21panorama.com\/#organization"},"potentialAction":[{"@type":"SearchAction","target":{"@type":"EntryPoint","urlTemplate":"https:\/\/21panorama.com\/?s={search_term_string}"},"query-input":{"@type":"PropertyValueSpecification","valueRequired":true,"valueName":"search_term_string"}}],"inLanguage":"es"},{"@type":"Organization","@id":"https:\/\/21panorama.com\/#organization","name":"21 Panorama","url":"https:\/\/21panorama.com\/","logo":{"@type":"ImageObject","inLanguage":"es","@id":"https:\/\/21panorama.com\/#\/schema\/logo\/image\/","url":"https:\/\/21panorama.com\/wp-content\/uploads\/2019\/07\/cropped-Logo-Panorama-01.jpeg","contentUrl":"https:\/\/21panorama.com\/wp-content\/uploads\/2019\/07\/cropped-Logo-Panorama-01.jpeg","width":290,"height":70,"caption":"21 Panorama"},"image":{"@id":"https:\/\/21panorama.com\/#\/schema\/logo\/image\/"}},{"@type":"Person","@id":"https:\/\/21panorama.com\/#\/schema\/person\/1afc291b96d5792a158768324287319f","name":"admin","image":{"@type":"ImageObject","inLanguage":"es","@id":"https:\/\/21panorama.com\/#\/schema\/person\/image\/","url":"https:\/\/secure.gravatar.com\/avatar\/ad365d9d9f46719215b0d042cc3df92a5a8683e09ef13d102233e5491985f0f0?s=96&d=mm&r=g","contentUrl":"https:\/\/secure.gravatar.com\/avatar\/ad365d9d9f46719215b0d042cc3df92a5a8683e09ef13d102233e5491985f0f0?s=96&d=mm&r=g","caption":"admin"},"url":"https:\/\/21panorama.com\/index.php\/author\/admin\/"}]}},"_links":{"self":[{"href":"https:\/\/21panorama.com\/index.php\/wp-json\/wp\/v2\/posts\/1944","targetHints":{"allow":["GET"]}}],"collection":[{"href":"https:\/\/21panorama.com\/index.php\/wp-json\/wp\/v2\/posts"}],"about":[{"href":"https:\/\/21panorama.com\/index.php\/wp-json\/wp\/v2\/types\/post"}],"author":[{"embeddable":true,"href":"https:\/\/21panorama.com\/index.php\/wp-json\/wp\/v2\/users\/1"}],"replies":[{"embeddable":true,"href":"https:\/\/21panorama.com\/index.php\/wp-json\/wp\/v2\/comments?post=1944"}],"version-history":[{"count":1,"href":"https:\/\/21panorama.com\/index.php\/wp-json\/wp\/v2\/posts\/1944\/revisions"}],"predecessor-version":[{"id":1949,"href":"https:\/\/21panorama.com\/index.php\/wp-json\/wp\/v2\/posts\/1944\/revisions\/1949"}],"wp:featuredmedia":[{"embeddable":true,"href":"https:\/\/21panorama.com\/index.php\/wp-json\/wp\/v2\/media\/1945"}],"wp:attachment":[{"href":"https:\/\/21panorama.com\/index.php\/wp-json\/wp\/v2\/media?parent=1944"}],"wp:term":[{"taxonomy":"category","embeddable":true,"href":"https:\/\/21panorama.com\/index.php\/wp-json\/wp\/v2\/categories?post=1944"},{"taxonomy":"post_tag","embeddable":true,"href":"https:\/\/21panorama.com\/index.php\/wp-json\/wp\/v2\/tags?post=1944"}],"curies":[{"name":"wp","href":"https:\/\/api.w.org\/{rel}","templated":true}]}}