{"id":1913,"date":"2021-10-18T18:53:03","date_gmt":"2021-10-18T23:53:03","guid":{"rendered":"http:\/\/21panorama.com\/?p=1913"},"modified":"2021-10-18T19:28:05","modified_gmt":"2021-10-19T00:28:05","slug":"propone-diputado-gustavo-cardenas-presupuesto-transexenal-en-obras-prioritarias","status":"publish","type":"post","link":"https:\/\/21panorama.com\/index.php\/2021\/10\/18\/propone-diputado-gustavo-cardenas-presupuesto-transexenal-en-obras-prioritarias\/","title":{"rendered":"PROPONE DIPUTADO GUSTAVO C\u00c1RDENAS PRESUPUESTO TRANSEXENAL EN OBRAS PRIORITARIAS"},"content":{"rendered":"\n<p>El diputado federal Gustavo C\u00e1rdenas Monroy someti\u00f3 ante el pleno legislativo una iniciativa con proyecto de decreto que reforma la Ley de Planeaci\u00f3n, la Ley federal de Presupuesto y Responsabilidad Hacendaria y Ley de Obras P\u00fablicas.<\/p>\n\n\n\n<p>Ante la soberan\u00eda popular, el mexiquense dijo que para la ejecuci\u00f3n de proyectos estrat\u00e9gicos que trasciendan a los per\u00edodos constitucionales de gobierno deben quedar claramente determinados en la Ley de Planeaci\u00f3n.<\/p>\n\n\n\n<p>A nombre del Grupo Parlamentario del PRI, sostuvo que esta iniciativa tiene el prop\u00f3sito de plasmar la propuesta del Ejecutivo Federal de aquellos proyectos de inversi\u00f3n en infraestructura que deber\u00e1n ser considerados con erogaciones plurianuales aprobados.<\/p>\n\n\n\n<p>\u201cProyectos cuya vigencia estar\u00e1n exceptuados del per\u00edodo constitucional del presidente de la Rep\u00fablica, proyectos que deber\u00e1n ser precisados con recursos para su ejecuci\u00f3n en funci\u00f3n de ser prioridades para el desarrollo integral, equitativo, incluyente y sostenible del pa\u00eds\u201d, argument\u00f3.<\/p>\n\n\n\n<p>Por ello, es necesario establecer en el presupuesto de egresos del 2022 los proyectos de inversi\u00f3n plurianual estrat\u00e9gicos con la proyecci\u00f3n de flujo de erogaciones a lo largo de su ejecuci\u00f3n de aquellas que cumplan con las especificaciones t\u00e9cnicas y administrativas que determine la SHCP.<\/p>\n","protected":false},"excerpt":{"rendered":"<p>El diputado federal Gustavo C\u00e1rdenas Monroy someti\u00f3 ante el pleno legislativo una iniciativa con proyecto de decreto que reforma la Ley de Planeaci\u00f3n, la Ley federal de Presupuesto y Responsabilidad Hacendaria y Ley de Obras P\u00fablicas.  <\/p>\n","protected":false},"author":1,"featured_media":1920,"comment_status":"open","ping_status":"open","sticky":false,"template":"","format":"standard","meta":{"footnotes":""},"categories":[12],"tags":[90],"class_list":["post-1913","post","type-post","status-publish","format-standard","has-post-thumbnail","hentry","category-politica","tag-gustavocardenas"],"yoast_head":"<!-- This site is optimized with the Yoast SEO plugin v24.9 - https:\/\/yoast.com\/wordpress\/plugins\/seo\/ -->\n<title>PROPONE DIPUTADO GUSTAVO C\u00c1RDENAS PRESUPUESTO TRANSEXENAL EN OBRAS PRIORITARIAS - 21 Panorama<\/title>\n<meta name=\"robots\" content=\"index, follow, max-snippet:-1, max-image-preview:large, max-video-preview:-1\" \/>\n<link rel=\"canonical\" href=\"https:\/\/21panorama.com\/index.php\/2021\/10\/18\/propone-diputado-gustavo-cardenas-presupuesto-transexenal-en-obras-prioritarias\/\" \/>\n<meta property=\"og:locale\" content=\"es_MX\" \/>\n<meta property=\"og:type\" content=\"article\" \/>\n<meta property=\"og:title\" content=\"PROPONE DIPUTADO GUSTAVO C\u00c1RDENAS PRESUPUESTO TRANSEXENAL EN OBRAS PRIORITARIAS - 21 Panorama\" \/>\n<meta property=\"og:description\" content=\"El diputado federal Gustavo C\u00e1rdenas Monroy someti\u00f3 ante el pleno legislativo una iniciativa con proyecto de decreto que reforma la Ley de Planeaci\u00f3n, la Ley federal de Presupuesto y Responsabilidad Hacendaria y Ley de Obras P\u00fablicas.\" \/>\n<meta property=\"og:url\" content=\"https:\/\/21panorama.com\/index.php\/2021\/10\/18\/propone-diputado-gustavo-cardenas-presupuesto-transexenal-en-obras-prioritarias\/\" \/>\n<meta property=\"og:site_name\" content=\"21 Panorama\" \/>\n<meta property=\"article:published_time\" content=\"2021-10-18T23:53:03+00:00\" \/>\n<meta property=\"article:modified_time\" content=\"2021-10-19T00:28:05+00:00\" \/>\n<meta property=\"og:image\" content=\"https:\/\/21panorama.com\/wp-content\/uploads\/2021\/10\/5981ff59-baeb-4dd6-a174-dc5df3ea2b01.jpeg\" \/>\n\t<meta property=\"og:image:width\" content=\"1024\" \/>\n\t<meta property=\"og:image:height\" content=\"682\" \/>\n\t<meta property=\"og:image:type\" content=\"image\/jpeg\" \/>\n<meta name=\"author\" content=\"admin\" \/>\n<meta name=\"twitter:card\" content=\"summary_large_image\" \/>\n<meta name=\"twitter:label1\" content=\"Escrito por\" \/>\n\t<meta name=\"twitter:data1\" content=\"admin\" \/>\n\t<meta name=\"twitter:label2\" content=\"Tiempo de lectura\" \/>\n\t<meta name=\"twitter:data2\" content=\"1 minuto\" \/>\n<script type=\"application\/ld+json\" class=\"yoast-schema-graph\">{\"@context\":\"https:\/\/schema.org\",\"@graph\":[{\"@type\":\"Article\",\"@id\":\"https:\/\/21panorama.com\/index.php\/2021\/10\/18\/propone-diputado-gustavo-cardenas-presupuesto-transexenal-en-obras-prioritarias\/#article\",\"isPartOf\":{\"@id\":\"https:\/\/21panorama.com\/index.php\/2021\/10\/18\/propone-diputado-gustavo-cardenas-presupuesto-transexenal-en-obras-prioritarias\/\"},\"author\":{\"name\":\"admin\",\"@id\":\"https:\/\/21panorama.com\/#\/schema\/person\/1afc291b96d5792a158768324287319f\"},\"headline\":\"PROPONE DIPUTADO GUSTAVO C\u00c1RDENAS PRESUPUESTO TRANSEXENAL EN OBRAS PRIORITARIAS\",\"datePublished\":\"2021-10-18T23:53:03+00:00\",\"dateModified\":\"2021-10-19T00:28:05+00:00\",\"mainEntityOfPage\":{\"@id\":\"https:\/\/21panorama.com\/index.php\/2021\/10\/18\/propone-diputado-gustavo-cardenas-presupuesto-transexenal-en-obras-prioritarias\/\"},\"wordCount\":219,\"commentCount\":0,\"publisher\":{\"@id\":\"https:\/\/21panorama.com\/#organization\"},\"image\":{\"@id\":\"https:\/\/21panorama.com\/index.php\/2021\/10\/18\/propone-diputado-gustavo-cardenas-presupuesto-transexenal-en-obras-prioritarias\/#primaryimage\"},\"thumbnailUrl\":\"https:\/\/21panorama.com\/wp-content\/uploads\/2021\/10\/5981ff59-baeb-4dd6-a174-dc5df3ea2b01.jpeg\",\"keywords\":[\"GustavoC\u00e1rdenas\"],\"articleSection\":[\"Politica\"],\"inLanguage\":\"es\",\"potentialAction\":[{\"@type\":\"CommentAction\",\"name\":\"Comment\",\"target\":[\"https:\/\/21panorama.com\/index.php\/2021\/10\/18\/propone-diputado-gustavo-cardenas-presupuesto-transexenal-en-obras-prioritarias\/#respond\"]}]},{\"@type\":\"WebPage\",\"@id\":\"https:\/\/21panorama.com\/index.php\/2021\/10\/18\/propone-diputado-gustavo-cardenas-presupuesto-transexenal-en-obras-prioritarias\/\",\"url\":\"https:\/\/21panorama.com\/index.php\/2021\/10\/18\/propone-diputado-gustavo-cardenas-presupuesto-transexenal-en-obras-prioritarias\/\",\"name\":\"PROPONE DIPUTADO GUSTAVO C\u00c1RDENAS PRESUPUESTO TRANSEXENAL EN OBRAS PRIORITARIAS - 21 Panorama\",\"isPartOf\":{\"@id\":\"https:\/\/21panorama.com\/#website\"},\"primaryImageOfPage\":{\"@id\":\"https:\/\/21panorama.com\/index.php\/2021\/10\/18\/propone-diputado-gustavo-cardenas-presupuesto-transexenal-en-obras-prioritarias\/#primaryimage\"},\"image\":{\"@id\":\"https:\/\/21panorama.com\/index.php\/2021\/10\/18\/propone-diputado-gustavo-cardenas-presupuesto-transexenal-en-obras-prioritarias\/#primaryimage\"},\"thumbnailUrl\":\"https:\/\/21panorama.com\/wp-content\/uploads\/2021\/10\/5981ff59-baeb-4dd6-a174-dc5df3ea2b01.jpeg\",\"datePublished\":\"2021-10-18T23:53:03+00:00\",\"dateModified\":\"2021-10-19T00:28:05+00:00\",\"breadcrumb\":{\"@id\":\"https:\/\/21panorama.com\/index.php\/2021\/10\/18\/propone-diputado-gustavo-cardenas-presupuesto-transexenal-en-obras-prioritarias\/#breadcrumb\"},\"inLanguage\":\"es\",\"potentialAction\":[{\"@type\":\"ReadAction\",\"target\":[\"https:\/\/21panorama.com\/index.php\/2021\/10\/18\/propone-diputado-gustavo-cardenas-presupuesto-transexenal-en-obras-prioritarias\/\"]}]},{\"@type\":\"ImageObject\",\"inLanguage\":\"es\",\"@id\":\"https:\/\/21panorama.com\/index.php\/2021\/10\/18\/propone-diputado-gustavo-cardenas-presupuesto-transexenal-en-obras-prioritarias\/#primaryimage\",\"url\":\"https:\/\/21panorama.com\/wp-content\/uploads\/2021\/10\/5981ff59-baeb-4dd6-a174-dc5df3ea2b01.jpeg\",\"contentUrl\":\"https:\/\/21panorama.com\/wp-content\/uploads\/2021\/10\/5981ff59-baeb-4dd6-a174-dc5df3ea2b01.jpeg\",\"width\":1024,\"height\":682},{\"@type\":\"BreadcrumbList\",\"@id\":\"https:\/\/21panorama.com\/index.php\/2021\/10\/18\/propone-diputado-gustavo-cardenas-presupuesto-transexenal-en-obras-prioritarias\/#breadcrumb\",\"itemListElement\":[{\"@type\":\"ListItem\",\"position\":1,\"name\":\"Inicio\",\"item\":\"https:\/\/21panorama.com\/\"},{\"@type\":\"ListItem\",\"position\":2,\"name\":\"PROPONE DIPUTADO GUSTAVO C\u00c1RDENAS PRESUPUESTO TRANSEXENAL EN OBRAS PRIORITARIAS\"}]},{\"@type\":\"WebSite\",\"@id\":\"https:\/\/21panorama.com\/#website\",\"url\":\"https:\/\/21panorama.com\/\",\"name\":\"21 Panorama\",\"description\":\"La construcci\u00f3n de la opini\u00f3n p\u00fablica merece un mejor Panorama en este siglo 21 para alcanzar una sociedad con mayor transparencia y sin corrupci\u00f3n.\",\"publisher\":{\"@id\":\"https:\/\/21panorama.com\/#organization\"},\"potentialAction\":[{\"@type\":\"SearchAction\",\"target\":{\"@type\":\"EntryPoint\",\"urlTemplate\":\"https:\/\/21panorama.com\/?s={search_term_string}\"},\"query-input\":{\"@type\":\"PropertyValueSpecification\",\"valueRequired\":true,\"valueName\":\"search_term_string\"}}],\"inLanguage\":\"es\"},{\"@type\":\"Organization\",\"@id\":\"https:\/\/21panorama.com\/#organization\",\"name\":\"21 Panorama\",\"url\":\"https:\/\/21panorama.com\/\",\"logo\":{\"@type\":\"ImageObject\",\"inLanguage\":\"es\",\"@id\":\"https:\/\/21panorama.com\/#\/schema\/logo\/image\/\",\"url\":\"https:\/\/21panorama.com\/wp-content\/uploads\/2019\/07\/cropped-Logo-Panorama-01.jpeg\",\"contentUrl\":\"https:\/\/21panorama.com\/wp-content\/uploads\/2019\/07\/cropped-Logo-Panorama-01.jpeg\",\"width\":290,\"height\":70,\"caption\":\"21 Panorama\"},\"image\":{\"@id\":\"https:\/\/21panorama.com\/#\/schema\/logo\/image\/\"}},{\"@type\":\"Person\",\"@id\":\"https:\/\/21panorama.com\/#\/schema\/person\/1afc291b96d5792a158768324287319f\",\"name\":\"admin\",\"image\":{\"@type\":\"ImageObject\",\"inLanguage\":\"es\",\"@id\":\"https:\/\/21panorama.com\/#\/schema\/person\/image\/\",\"url\":\"https:\/\/secure.gravatar.com\/avatar\/ad365d9d9f46719215b0d042cc3df92a5a8683e09ef13d102233e5491985f0f0?s=96&d=mm&r=g\",\"contentUrl\":\"https:\/\/secure.gravatar.com\/avatar\/ad365d9d9f46719215b0d042cc3df92a5a8683e09ef13d102233e5491985f0f0?s=96&d=mm&r=g\",\"caption\":\"admin\"},\"url\":\"https:\/\/21panorama.com\/index.php\/author\/admin\/\"}]}<\/script>\n<!-- \/ Yoast SEO plugin. -->","yoast_head_json":{"title":"PROPONE DIPUTADO GUSTAVO C\u00c1RDENAS PRESUPUESTO TRANSEXENAL EN OBRAS PRIORITARIAS - 21 Panorama","robots":{"index":"index","follow":"follow","max-snippet":"max-snippet:-1","max-image-preview":"max-image-preview:large","max-video-preview":"max-video-preview:-1"},"canonical":"https:\/\/21panorama.com\/index.php\/2021\/10\/18\/propone-diputado-gustavo-cardenas-presupuesto-transexenal-en-obras-prioritarias\/","og_locale":"es_MX","og_type":"article","og_title":"PROPONE DIPUTADO GUSTAVO C\u00c1RDENAS PRESUPUESTO TRANSEXENAL EN OBRAS PRIORITARIAS - 21 Panorama","og_description":"El diputado federal Gustavo C\u00e1rdenas Monroy someti\u00f3 ante el pleno legislativo una iniciativa con proyecto de decreto que reforma la Ley de Planeaci\u00f3n, la Ley federal de Presupuesto y Responsabilidad Hacendaria y Ley de Obras P\u00fablicas.","og_url":"https:\/\/21panorama.com\/index.php\/2021\/10\/18\/propone-diputado-gustavo-cardenas-presupuesto-transexenal-en-obras-prioritarias\/","og_site_name":"21 Panorama","article_published_time":"2021-10-18T23:53:03+00:00","article_modified_time":"2021-10-19T00:28:05+00:00","og_image":[{"width":1024,"height":682,"url":"https:\/\/21panorama.com\/wp-content\/uploads\/2021\/10\/5981ff59-baeb-4dd6-a174-dc5df3ea2b01.jpeg","type":"image\/jpeg"}],"author":"admin","twitter_card":"summary_large_image","twitter_misc":{"Escrito por":"admin","Tiempo de lectura":"1 minuto"},"schema":{"@context":"https:\/\/schema.org","@graph":[{"@type":"Article","@id":"https:\/\/21panorama.com\/index.php\/2021\/10\/18\/propone-diputado-gustavo-cardenas-presupuesto-transexenal-en-obras-prioritarias\/#article","isPartOf":{"@id":"https:\/\/21panorama.com\/index.php\/2021\/10\/18\/propone-diputado-gustavo-cardenas-presupuesto-transexenal-en-obras-prioritarias\/"},"author":{"name":"admin","@id":"https:\/\/21panorama.com\/#\/schema\/person\/1afc291b96d5792a158768324287319f"},"headline":"PROPONE DIPUTADO GUSTAVO C\u00c1RDENAS PRESUPUESTO TRANSEXENAL EN OBRAS PRIORITARIAS","datePublished":"2021-10-18T23:53:03+00:00","dateModified":"2021-10-19T00:28:05+00:00","mainEntityOfPage":{"@id":"https:\/\/21panorama.com\/index.php\/2021\/10\/18\/propone-diputado-gustavo-cardenas-presupuesto-transexenal-en-obras-prioritarias\/"},"wordCount":219,"commentCount":0,"publisher":{"@id":"https:\/\/21panorama.com\/#organization"},"image":{"@id":"https:\/\/21panorama.com\/index.php\/2021\/10\/18\/propone-diputado-gustavo-cardenas-presupuesto-transexenal-en-obras-prioritarias\/#primaryimage"},"thumbnailUrl":"https:\/\/21panorama.com\/wp-content\/uploads\/2021\/10\/5981ff59-baeb-4dd6-a174-dc5df3ea2b01.jpeg","keywords":["GustavoC\u00e1rdenas"],"articleSection":["Politica"],"inLanguage":"es","potentialAction":[{"@type":"CommentAction","name":"Comment","target":["https:\/\/21panorama.com\/index.php\/2021\/10\/18\/propone-diputado-gustavo-cardenas-presupuesto-transexenal-en-obras-prioritarias\/#respond"]}]},{"@type":"WebPage","@id":"https:\/\/21panorama.com\/index.php\/2021\/10\/18\/propone-diputado-gustavo-cardenas-presupuesto-transexenal-en-obras-prioritarias\/","url":"https:\/\/21panorama.com\/index.php\/2021\/10\/18\/propone-diputado-gustavo-cardenas-presupuesto-transexenal-en-obras-prioritarias\/","name":"PROPONE DIPUTADO GUSTAVO C\u00c1RDENAS PRESUPUESTO TRANSEXENAL EN OBRAS PRIORITARIAS - 21 Panorama","isPartOf":{"@id":"https:\/\/21panorama.com\/#website"},"primaryImageOfPage":{"@id":"https:\/\/21panorama.com\/index.php\/2021\/10\/18\/propone-diputado-gustavo-cardenas-presupuesto-transexenal-en-obras-prioritarias\/#primaryimage"},"image":{"@id":"https:\/\/21panorama.com\/index.php\/2021\/10\/18\/propone-diputado-gustavo-cardenas-presupuesto-transexenal-en-obras-prioritarias\/#primaryimage"},"thumbnailUrl":"https:\/\/21panorama.com\/wp-content\/uploads\/2021\/10\/5981ff59-baeb-4dd6-a174-dc5df3ea2b01.jpeg","datePublished":"2021-10-18T23:53:03+00:00","dateModified":"2021-10-19T00:28:05+00:00","breadcrumb":{"@id":"https:\/\/21panorama.com\/index.php\/2021\/10\/18\/propone-diputado-gustavo-cardenas-presupuesto-transexenal-en-obras-prioritarias\/#breadcrumb"},"inLanguage":"es","potentialAction":[{"@type":"ReadAction","target":["https:\/\/21panorama.com\/index.php\/2021\/10\/18\/propone-diputado-gustavo-cardenas-presupuesto-transexenal-en-obras-prioritarias\/"]}]},{"@type":"ImageObject","inLanguage":"es","@id":"https:\/\/21panorama.com\/index.php\/2021\/10\/18\/propone-diputado-gustavo-cardenas-presupuesto-transexenal-en-obras-prioritarias\/#primaryimage","url":"https:\/\/21panorama.com\/wp-content\/uploads\/2021\/10\/5981ff59-baeb-4dd6-a174-dc5df3ea2b01.jpeg","contentUrl":"https:\/\/21panorama.com\/wp-content\/uploads\/2021\/10\/5981ff59-baeb-4dd6-a174-dc5df3ea2b01.jpeg","width":1024,"height":682},{"@type":"BreadcrumbList","@id":"https:\/\/21panorama.com\/index.php\/2021\/10\/18\/propone-diputado-gustavo-cardenas-presupuesto-transexenal-en-obras-prioritarias\/#breadcrumb","itemListElement":[{"@type":"ListItem","position":1,"name":"Inicio","item":"https:\/\/21panorama.com\/"},{"@type":"ListItem","position":2,"name":"PROPONE DIPUTADO GUSTAVO C\u00c1RDENAS PRESUPUESTO TRANSEXENAL EN OBRAS PRIORITARIAS"}]},{"@type":"WebSite","@id":"https:\/\/21panorama.com\/#website","url":"https:\/\/21panorama.com\/","name":"21 Panorama","description":"La construcci\u00f3n de la opini\u00f3n p\u00fablica merece un mejor Panorama en este siglo 21 para alcanzar una sociedad con mayor transparencia y sin corrupci\u00f3n.","publisher":{"@id":"https:\/\/21panorama.com\/#organization"},"potentialAction":[{"@type":"SearchAction","target":{"@type":"EntryPoint","urlTemplate":"https:\/\/21panorama.com\/?s={search_term_string}"},"query-input":{"@type":"PropertyValueSpecification","valueRequired":true,"valueName":"search_term_string"}}],"inLanguage":"es"},{"@type":"Organization","@id":"https:\/\/21panorama.com\/#organization","name":"21 Panorama","url":"https:\/\/21panorama.com\/","logo":{"@type":"ImageObject","inLanguage":"es","@id":"https:\/\/21panorama.com\/#\/schema\/logo\/image\/","url":"https:\/\/21panorama.com\/wp-content\/uploads\/2019\/07\/cropped-Logo-Panorama-01.jpeg","contentUrl":"https:\/\/21panorama.com\/wp-content\/uploads\/2019\/07\/cropped-Logo-Panorama-01.jpeg","width":290,"height":70,"caption":"21 Panorama"},"image":{"@id":"https:\/\/21panorama.com\/#\/schema\/logo\/image\/"}},{"@type":"Person","@id":"https:\/\/21panorama.com\/#\/schema\/person\/1afc291b96d5792a158768324287319f","name":"admin","image":{"@type":"ImageObject","inLanguage":"es","@id":"https:\/\/21panorama.com\/#\/schema\/person\/image\/","url":"https:\/\/secure.gravatar.com\/avatar\/ad365d9d9f46719215b0d042cc3df92a5a8683e09ef13d102233e5491985f0f0?s=96&d=mm&r=g","contentUrl":"https:\/\/secure.gravatar.com\/avatar\/ad365d9d9f46719215b0d042cc3df92a5a8683e09ef13d102233e5491985f0f0?s=96&d=mm&r=g","caption":"admin"},"url":"https:\/\/21panorama.com\/index.php\/author\/admin\/"}]}},"_links":{"self":[{"href":"https:\/\/21panorama.com\/index.php\/wp-json\/wp\/v2\/posts\/1913","targetHints":{"allow":["GET"]}}],"collection":[{"href":"https:\/\/21panorama.com\/index.php\/wp-json\/wp\/v2\/posts"}],"about":[{"href":"https:\/\/21panorama.com\/index.php\/wp-json\/wp\/v2\/types\/post"}],"author":[{"embeddable":true,"href":"https:\/\/21panorama.com\/index.php\/wp-json\/wp\/v2\/users\/1"}],"replies":[{"embeddable":true,"href":"https:\/\/21panorama.com\/index.php\/wp-json\/wp\/v2\/comments?post=1913"}],"version-history":[{"count":2,"href":"https:\/\/21panorama.com\/index.php\/wp-json\/wp\/v2\/posts\/1913\/revisions"}],"predecessor-version":[{"id":1921,"href":"https:\/\/21panorama.com\/index.php\/wp-json\/wp\/v2\/posts\/1913\/revisions\/1921"}],"wp:featuredmedia":[{"embeddable":true,"href":"https:\/\/21panorama.com\/index.php\/wp-json\/wp\/v2\/media\/1920"}],"wp:attachment":[{"href":"https:\/\/21panorama.com\/index.php\/wp-json\/wp\/v2\/media?parent=1913"}],"wp:term":[{"taxonomy":"category","embeddable":true,"href":"https:\/\/21panorama.com\/index.php\/wp-json\/wp\/v2\/categories?post=1913"},{"taxonomy":"post_tag","embeddable":true,"href":"https:\/\/21panorama.com\/index.php\/wp-json\/wp\/v2\/tags?post=1913"}],"curies":[{"name":"wp","href":"https:\/\/api.w.org\/{rel}","templated":true}]}}