{"id":1908,"date":"2021-10-18T18:47:23","date_gmt":"2021-10-18T23:47:23","guid":{"rendered":"http:\/\/21panorama.com\/?p=1908"},"modified":"2021-10-18T18:47:24","modified_gmt":"2021-10-18T23:47:24","slug":"meten-presion-a-obras-inconclusas-con-supervision-del-diputado-gustavo-cardenas","status":"publish","type":"post","link":"https:\/\/21panorama.com\/index.php\/2021\/10\/18\/meten-presion-a-obras-inconclusas-con-supervision-del-diputado-gustavo-cardenas\/","title":{"rendered":"Meten presi\u00f3n a obras inconclusas con supervisi\u00f3n del diputado Gustavo C\u00e1rdenas"},"content":{"rendered":"\n<p>Con el \u00e1nimo de avanzar en las obras y no queden inconclusas, el diputado federal Gustavo C\u00e1rdenas Monroy se dio a la tarea de supervisar los trabajos que se realizan para mejorar las condiciones de vida en su Distrito.<\/p>\n\n\n\n<p>As\u00ed como ocurri\u00f3 en d\u00edas pasados sobre \u00e1reas deportivas ahora nuevamente en Atlacomulco recorri\u00f3 de noche el boulevard de la zona industrial para verificar lo que ocurre con un puente peatonal.<\/p>\n\n\n\n<p>Cerca del Rancho La Querencia se pudo constatar que la obra no avanzaba por pendientes de la Comisi\u00f3n Federal de Electricidad en el retiro de cableado por eso se intervino en gesti\u00f3n para darle celeridad.<\/p>\n\n\n\n<p>Esta obra permitir\u00e1 salvaguardar la Integridad de los peatones que se trasladan en la Zona.<\/p>\n\n\n\n<figure class=\"wp-block-video\"><video height=\"352\" style=\"aspect-ratio: 640 \/ 352;\" width=\"640\" controls src=\"https:\/\/21panorama.com\/wp-content\/uploads\/2021\/10\/WhatsApp-Video-2021-10-17-at-22.00.59-1.mp4\"><\/video><\/figure>\n","protected":false},"excerpt":{"rendered":"<p>Con el \u00e1nimo de avanzar en las obras y no queden inconclusas, el diputado federal Gustavo C\u00e1rdenas Monroy se dio a la tarea de supervisar los trabajos que se realizan para mejorar las condiciones de vida en su Distrito.  <\/p>\n","protected":false},"author":1,"featured_media":1909,"comment_status":"open","ping_status":"open","sticky":false,"template":"","format":"standard","meta":{"footnotes":""},"categories":[12],"tags":[90],"class_list":["post-1908","post","type-post","status-publish","format-standard","has-post-thumbnail","hentry","category-politica","tag-gustavocardenas"],"yoast_head":"<!-- This site is optimized with the Yoast SEO plugin v24.9 - https:\/\/yoast.com\/wordpress\/plugins\/seo\/ -->\n<title>Meten presi\u00f3n a obras inconclusas con supervisi\u00f3n del diputado Gustavo C\u00e1rdenas - 21 Panorama<\/title>\n<meta name=\"robots\" content=\"index, follow, max-snippet:-1, max-image-preview:large, max-video-preview:-1\" \/>\n<link rel=\"canonical\" href=\"https:\/\/21panorama.com\/index.php\/2021\/10\/18\/meten-presion-a-obras-inconclusas-con-supervision-del-diputado-gustavo-cardenas\/\" \/>\n<meta property=\"og:locale\" content=\"es_MX\" \/>\n<meta property=\"og:type\" content=\"article\" \/>\n<meta property=\"og:title\" content=\"Meten presi\u00f3n a obras inconclusas con supervisi\u00f3n del diputado Gustavo C\u00e1rdenas - 21 Panorama\" \/>\n<meta property=\"og:description\" content=\"Con el \u00e1nimo de avanzar en las obras y no queden inconclusas, el diputado federal Gustavo C\u00e1rdenas Monroy se dio a la tarea de supervisar los trabajos que se realizan para mejorar las condiciones de vida en su Distrito.\" \/>\n<meta property=\"og:url\" content=\"https:\/\/21panorama.com\/index.php\/2021\/10\/18\/meten-presion-a-obras-inconclusas-con-supervision-del-diputado-gustavo-cardenas\/\" \/>\n<meta property=\"og:site_name\" content=\"21 Panorama\" \/>\n<meta property=\"article:published_time\" content=\"2021-10-18T23:47:23+00:00\" \/>\n<meta property=\"article:modified_time\" content=\"2021-10-18T23:47:24+00:00\" \/>\n<meta property=\"og:image\" content=\"https:\/\/21panorama.com\/wp-content\/uploads\/2021\/10\/5ae19836-5c94-4b95-bb30-c63f088af451-1.jpeg\" \/>\n\t<meta property=\"og:image:width\" content=\"1024\" \/>\n\t<meta property=\"og:image:height\" content=\"683\" \/>\n\t<meta property=\"og:image:type\" content=\"image\/jpeg\" \/>\n<meta name=\"author\" content=\"admin\" \/>\n<meta name=\"twitter:card\" content=\"summary_large_image\" \/>\n<meta name=\"twitter:label1\" content=\"Escrito por\" \/>\n\t<meta name=\"twitter:data1\" content=\"admin\" \/>\n\t<meta name=\"twitter:label2\" content=\"Tiempo de lectura\" \/>\n\t<meta name=\"twitter:data2\" content=\"1 minuto\" \/>\n<script type=\"application\/ld+json\" class=\"yoast-schema-graph\">{\"@context\":\"https:\/\/schema.org\",\"@graph\":[{\"@type\":\"Article\",\"@id\":\"https:\/\/21panorama.com\/index.php\/2021\/10\/18\/meten-presion-a-obras-inconclusas-con-supervision-del-diputado-gustavo-cardenas\/#article\",\"isPartOf\":{\"@id\":\"https:\/\/21panorama.com\/index.php\/2021\/10\/18\/meten-presion-a-obras-inconclusas-con-supervision-del-diputado-gustavo-cardenas\/\"},\"author\":{\"name\":\"admin\",\"@id\":\"https:\/\/21panorama.com\/#\/schema\/person\/1afc291b96d5792a158768324287319f\"},\"headline\":\"Meten presi\u00f3n a obras inconclusas con supervisi\u00f3n del diputado Gustavo C\u00e1rdenas\",\"datePublished\":\"2021-10-18T23:47:23+00:00\",\"dateModified\":\"2021-10-18T23:47:24+00:00\",\"mainEntityOfPage\":{\"@id\":\"https:\/\/21panorama.com\/index.php\/2021\/10\/18\/meten-presion-a-obras-inconclusas-con-supervision-del-diputado-gustavo-cardenas\/\"},\"wordCount\":138,\"commentCount\":0,\"publisher\":{\"@id\":\"https:\/\/21panorama.com\/#organization\"},\"image\":{\"@id\":\"https:\/\/21panorama.com\/index.php\/2021\/10\/18\/meten-presion-a-obras-inconclusas-con-supervision-del-diputado-gustavo-cardenas\/#primaryimage\"},\"thumbnailUrl\":\"https:\/\/21panorama.com\/wp-content\/uploads\/2021\/10\/5ae19836-5c94-4b95-bb30-c63f088af451-1.jpeg\",\"keywords\":[\"GustavoC\u00e1rdenas\"],\"articleSection\":[\"Politica\"],\"inLanguage\":\"es\",\"potentialAction\":[{\"@type\":\"CommentAction\",\"name\":\"Comment\",\"target\":[\"https:\/\/21panorama.com\/index.php\/2021\/10\/18\/meten-presion-a-obras-inconclusas-con-supervision-del-diputado-gustavo-cardenas\/#respond\"]}]},{\"@type\":\"WebPage\",\"@id\":\"https:\/\/21panorama.com\/index.php\/2021\/10\/18\/meten-presion-a-obras-inconclusas-con-supervision-del-diputado-gustavo-cardenas\/\",\"url\":\"https:\/\/21panorama.com\/index.php\/2021\/10\/18\/meten-presion-a-obras-inconclusas-con-supervision-del-diputado-gustavo-cardenas\/\",\"name\":\"Meten presi\u00f3n a obras inconclusas con supervisi\u00f3n del diputado Gustavo C\u00e1rdenas - 21 Panorama\",\"isPartOf\":{\"@id\":\"https:\/\/21panorama.com\/#website\"},\"primaryImageOfPage\":{\"@id\":\"https:\/\/21panorama.com\/index.php\/2021\/10\/18\/meten-presion-a-obras-inconclusas-con-supervision-del-diputado-gustavo-cardenas\/#primaryimage\"},\"image\":{\"@id\":\"https:\/\/21panorama.com\/index.php\/2021\/10\/18\/meten-presion-a-obras-inconclusas-con-supervision-del-diputado-gustavo-cardenas\/#primaryimage\"},\"thumbnailUrl\":\"https:\/\/21panorama.com\/wp-content\/uploads\/2021\/10\/5ae19836-5c94-4b95-bb30-c63f088af451-1.jpeg\",\"datePublished\":\"2021-10-18T23:47:23+00:00\",\"dateModified\":\"2021-10-18T23:47:24+00:00\",\"breadcrumb\":{\"@id\":\"https:\/\/21panorama.com\/index.php\/2021\/10\/18\/meten-presion-a-obras-inconclusas-con-supervision-del-diputado-gustavo-cardenas\/#breadcrumb\"},\"inLanguage\":\"es\",\"potentialAction\":[{\"@type\":\"ReadAction\",\"target\":[\"https:\/\/21panorama.com\/index.php\/2021\/10\/18\/meten-presion-a-obras-inconclusas-con-supervision-del-diputado-gustavo-cardenas\/\"]}]},{\"@type\":\"ImageObject\",\"inLanguage\":\"es\",\"@id\":\"https:\/\/21panorama.com\/index.php\/2021\/10\/18\/meten-presion-a-obras-inconclusas-con-supervision-del-diputado-gustavo-cardenas\/#primaryimage\",\"url\":\"https:\/\/21panorama.com\/wp-content\/uploads\/2021\/10\/5ae19836-5c94-4b95-bb30-c63f088af451-1.jpeg\",\"contentUrl\":\"https:\/\/21panorama.com\/wp-content\/uploads\/2021\/10\/5ae19836-5c94-4b95-bb30-c63f088af451-1.jpeg\",\"width\":1024,\"height\":683},{\"@type\":\"BreadcrumbList\",\"@id\":\"https:\/\/21panorama.com\/index.php\/2021\/10\/18\/meten-presion-a-obras-inconclusas-con-supervision-del-diputado-gustavo-cardenas\/#breadcrumb\",\"itemListElement\":[{\"@type\":\"ListItem\",\"position\":1,\"name\":\"Inicio\",\"item\":\"https:\/\/21panorama.com\/\"},{\"@type\":\"ListItem\",\"position\":2,\"name\":\"Meten presi\u00f3n a obras inconclusas con supervisi\u00f3n del diputado Gustavo C\u00e1rdenas\"}]},{\"@type\":\"WebSite\",\"@id\":\"https:\/\/21panorama.com\/#website\",\"url\":\"https:\/\/21panorama.com\/\",\"name\":\"21 Panorama\",\"description\":\"La construcci\u00f3n de la opini\u00f3n p\u00fablica merece un mejor Panorama en este siglo 21 para alcanzar una sociedad con mayor transparencia y sin corrupci\u00f3n.\",\"publisher\":{\"@id\":\"https:\/\/21panorama.com\/#organization\"},\"potentialAction\":[{\"@type\":\"SearchAction\",\"target\":{\"@type\":\"EntryPoint\",\"urlTemplate\":\"https:\/\/21panorama.com\/?s={search_term_string}\"},\"query-input\":{\"@type\":\"PropertyValueSpecification\",\"valueRequired\":true,\"valueName\":\"search_term_string\"}}],\"inLanguage\":\"es\"},{\"@type\":\"Organization\",\"@id\":\"https:\/\/21panorama.com\/#organization\",\"name\":\"21 Panorama\",\"url\":\"https:\/\/21panorama.com\/\",\"logo\":{\"@type\":\"ImageObject\",\"inLanguage\":\"es\",\"@id\":\"https:\/\/21panorama.com\/#\/schema\/logo\/image\/\",\"url\":\"https:\/\/21panorama.com\/wp-content\/uploads\/2019\/07\/cropped-Logo-Panorama-01.jpeg\",\"contentUrl\":\"https:\/\/21panorama.com\/wp-content\/uploads\/2019\/07\/cropped-Logo-Panorama-01.jpeg\",\"width\":290,\"height\":70,\"caption\":\"21 Panorama\"},\"image\":{\"@id\":\"https:\/\/21panorama.com\/#\/schema\/logo\/image\/\"}},{\"@type\":\"Person\",\"@id\":\"https:\/\/21panorama.com\/#\/schema\/person\/1afc291b96d5792a158768324287319f\",\"name\":\"admin\",\"image\":{\"@type\":\"ImageObject\",\"inLanguage\":\"es\",\"@id\":\"https:\/\/21panorama.com\/#\/schema\/person\/image\/\",\"url\":\"https:\/\/secure.gravatar.com\/avatar\/ad365d9d9f46719215b0d042cc3df92a5a8683e09ef13d102233e5491985f0f0?s=96&d=mm&r=g\",\"contentUrl\":\"https:\/\/secure.gravatar.com\/avatar\/ad365d9d9f46719215b0d042cc3df92a5a8683e09ef13d102233e5491985f0f0?s=96&d=mm&r=g\",\"caption\":\"admin\"},\"url\":\"https:\/\/21panorama.com\/index.php\/author\/admin\/\"}]}<\/script>\n<!-- \/ Yoast SEO plugin. -->","yoast_head_json":{"title":"Meten presi\u00f3n a obras inconclusas con supervisi\u00f3n del diputado Gustavo C\u00e1rdenas - 21 Panorama","robots":{"index":"index","follow":"follow","max-snippet":"max-snippet:-1","max-image-preview":"max-image-preview:large","max-video-preview":"max-video-preview:-1"},"canonical":"https:\/\/21panorama.com\/index.php\/2021\/10\/18\/meten-presion-a-obras-inconclusas-con-supervision-del-diputado-gustavo-cardenas\/","og_locale":"es_MX","og_type":"article","og_title":"Meten presi\u00f3n a obras inconclusas con supervisi\u00f3n del diputado Gustavo C\u00e1rdenas - 21 Panorama","og_description":"Con el \u00e1nimo de avanzar en las obras y no queden inconclusas, el diputado federal Gustavo C\u00e1rdenas Monroy se dio a la tarea de supervisar los trabajos que se realizan para mejorar las condiciones de vida en su Distrito.","og_url":"https:\/\/21panorama.com\/index.php\/2021\/10\/18\/meten-presion-a-obras-inconclusas-con-supervision-del-diputado-gustavo-cardenas\/","og_site_name":"21 Panorama","article_published_time":"2021-10-18T23:47:23+00:00","article_modified_time":"2021-10-18T23:47:24+00:00","og_image":[{"width":1024,"height":683,"url":"https:\/\/21panorama.com\/wp-content\/uploads\/2021\/10\/5ae19836-5c94-4b95-bb30-c63f088af451-1.jpeg","type":"image\/jpeg"}],"author":"admin","twitter_card":"summary_large_image","twitter_misc":{"Escrito por":"admin","Tiempo de lectura":"1 minuto"},"schema":{"@context":"https:\/\/schema.org","@graph":[{"@type":"Article","@id":"https:\/\/21panorama.com\/index.php\/2021\/10\/18\/meten-presion-a-obras-inconclusas-con-supervision-del-diputado-gustavo-cardenas\/#article","isPartOf":{"@id":"https:\/\/21panorama.com\/index.php\/2021\/10\/18\/meten-presion-a-obras-inconclusas-con-supervision-del-diputado-gustavo-cardenas\/"},"author":{"name":"admin","@id":"https:\/\/21panorama.com\/#\/schema\/person\/1afc291b96d5792a158768324287319f"},"headline":"Meten presi\u00f3n a obras inconclusas con supervisi\u00f3n del diputado Gustavo C\u00e1rdenas","datePublished":"2021-10-18T23:47:23+00:00","dateModified":"2021-10-18T23:47:24+00:00","mainEntityOfPage":{"@id":"https:\/\/21panorama.com\/index.php\/2021\/10\/18\/meten-presion-a-obras-inconclusas-con-supervision-del-diputado-gustavo-cardenas\/"},"wordCount":138,"commentCount":0,"publisher":{"@id":"https:\/\/21panorama.com\/#organization"},"image":{"@id":"https:\/\/21panorama.com\/index.php\/2021\/10\/18\/meten-presion-a-obras-inconclusas-con-supervision-del-diputado-gustavo-cardenas\/#primaryimage"},"thumbnailUrl":"https:\/\/21panorama.com\/wp-content\/uploads\/2021\/10\/5ae19836-5c94-4b95-bb30-c63f088af451-1.jpeg","keywords":["GustavoC\u00e1rdenas"],"articleSection":["Politica"],"inLanguage":"es","potentialAction":[{"@type":"CommentAction","name":"Comment","target":["https:\/\/21panorama.com\/index.php\/2021\/10\/18\/meten-presion-a-obras-inconclusas-con-supervision-del-diputado-gustavo-cardenas\/#respond"]}]},{"@type":"WebPage","@id":"https:\/\/21panorama.com\/index.php\/2021\/10\/18\/meten-presion-a-obras-inconclusas-con-supervision-del-diputado-gustavo-cardenas\/","url":"https:\/\/21panorama.com\/index.php\/2021\/10\/18\/meten-presion-a-obras-inconclusas-con-supervision-del-diputado-gustavo-cardenas\/","name":"Meten presi\u00f3n a obras inconclusas con supervisi\u00f3n del diputado Gustavo C\u00e1rdenas - 21 Panorama","isPartOf":{"@id":"https:\/\/21panorama.com\/#website"},"primaryImageOfPage":{"@id":"https:\/\/21panorama.com\/index.php\/2021\/10\/18\/meten-presion-a-obras-inconclusas-con-supervision-del-diputado-gustavo-cardenas\/#primaryimage"},"image":{"@id":"https:\/\/21panorama.com\/index.php\/2021\/10\/18\/meten-presion-a-obras-inconclusas-con-supervision-del-diputado-gustavo-cardenas\/#primaryimage"},"thumbnailUrl":"https:\/\/21panorama.com\/wp-content\/uploads\/2021\/10\/5ae19836-5c94-4b95-bb30-c63f088af451-1.jpeg","datePublished":"2021-10-18T23:47:23+00:00","dateModified":"2021-10-18T23:47:24+00:00","breadcrumb":{"@id":"https:\/\/21panorama.com\/index.php\/2021\/10\/18\/meten-presion-a-obras-inconclusas-con-supervision-del-diputado-gustavo-cardenas\/#breadcrumb"},"inLanguage":"es","potentialAction":[{"@type":"ReadAction","target":["https:\/\/21panorama.com\/index.php\/2021\/10\/18\/meten-presion-a-obras-inconclusas-con-supervision-del-diputado-gustavo-cardenas\/"]}]},{"@type":"ImageObject","inLanguage":"es","@id":"https:\/\/21panorama.com\/index.php\/2021\/10\/18\/meten-presion-a-obras-inconclusas-con-supervision-del-diputado-gustavo-cardenas\/#primaryimage","url":"https:\/\/21panorama.com\/wp-content\/uploads\/2021\/10\/5ae19836-5c94-4b95-bb30-c63f088af451-1.jpeg","contentUrl":"https:\/\/21panorama.com\/wp-content\/uploads\/2021\/10\/5ae19836-5c94-4b95-bb30-c63f088af451-1.jpeg","width":1024,"height":683},{"@type":"BreadcrumbList","@id":"https:\/\/21panorama.com\/index.php\/2021\/10\/18\/meten-presion-a-obras-inconclusas-con-supervision-del-diputado-gustavo-cardenas\/#breadcrumb","itemListElement":[{"@type":"ListItem","position":1,"name":"Inicio","item":"https:\/\/21panorama.com\/"},{"@type":"ListItem","position":2,"name":"Meten presi\u00f3n a obras inconclusas con supervisi\u00f3n del diputado Gustavo C\u00e1rdenas"}]},{"@type":"WebSite","@id":"https:\/\/21panorama.com\/#website","url":"https:\/\/21panorama.com\/","name":"21 Panorama","description":"La construcci\u00f3n de la opini\u00f3n p\u00fablica merece un mejor Panorama en este siglo 21 para alcanzar una sociedad con mayor transparencia y sin corrupci\u00f3n.","publisher":{"@id":"https:\/\/21panorama.com\/#organization"},"potentialAction":[{"@type":"SearchAction","target":{"@type":"EntryPoint","urlTemplate":"https:\/\/21panorama.com\/?s={search_term_string}"},"query-input":{"@type":"PropertyValueSpecification","valueRequired":true,"valueName":"search_term_string"}}],"inLanguage":"es"},{"@type":"Organization","@id":"https:\/\/21panorama.com\/#organization","name":"21 Panorama","url":"https:\/\/21panorama.com\/","logo":{"@type":"ImageObject","inLanguage":"es","@id":"https:\/\/21panorama.com\/#\/schema\/logo\/image\/","url":"https:\/\/21panorama.com\/wp-content\/uploads\/2019\/07\/cropped-Logo-Panorama-01.jpeg","contentUrl":"https:\/\/21panorama.com\/wp-content\/uploads\/2019\/07\/cropped-Logo-Panorama-01.jpeg","width":290,"height":70,"caption":"21 Panorama"},"image":{"@id":"https:\/\/21panorama.com\/#\/schema\/logo\/image\/"}},{"@type":"Person","@id":"https:\/\/21panorama.com\/#\/schema\/person\/1afc291b96d5792a158768324287319f","name":"admin","image":{"@type":"ImageObject","inLanguage":"es","@id":"https:\/\/21panorama.com\/#\/schema\/person\/image\/","url":"https:\/\/secure.gravatar.com\/avatar\/ad365d9d9f46719215b0d042cc3df92a5a8683e09ef13d102233e5491985f0f0?s=96&d=mm&r=g","contentUrl":"https:\/\/secure.gravatar.com\/avatar\/ad365d9d9f46719215b0d042cc3df92a5a8683e09ef13d102233e5491985f0f0?s=96&d=mm&r=g","caption":"admin"},"url":"https:\/\/21panorama.com\/index.php\/author\/admin\/"}]}},"_links":{"self":[{"href":"https:\/\/21panorama.com\/index.php\/wp-json\/wp\/v2\/posts\/1908","targetHints":{"allow":["GET"]}}],"collection":[{"href":"https:\/\/21panorama.com\/index.php\/wp-json\/wp\/v2\/posts"}],"about":[{"href":"https:\/\/21panorama.com\/index.php\/wp-json\/wp\/v2\/types\/post"}],"author":[{"embeddable":true,"href":"https:\/\/21panorama.com\/index.php\/wp-json\/wp\/v2\/users\/1"}],"replies":[{"embeddable":true,"href":"https:\/\/21panorama.com\/index.php\/wp-json\/wp\/v2\/comments?post=1908"}],"version-history":[{"count":1,"href":"https:\/\/21panorama.com\/index.php\/wp-json\/wp\/v2\/posts\/1908\/revisions"}],"predecessor-version":[{"id":1912,"href":"https:\/\/21panorama.com\/index.php\/wp-json\/wp\/v2\/posts\/1908\/revisions\/1912"}],"wp:featuredmedia":[{"embeddable":true,"href":"https:\/\/21panorama.com\/index.php\/wp-json\/wp\/v2\/media\/1909"}],"wp:attachment":[{"href":"https:\/\/21panorama.com\/index.php\/wp-json\/wp\/v2\/media?parent=1908"}],"wp:term":[{"taxonomy":"category","embeddable":true,"href":"https:\/\/21panorama.com\/index.php\/wp-json\/wp\/v2\/categories?post=1908"},{"taxonomy":"post_tag","embeddable":true,"href":"https:\/\/21panorama.com\/index.php\/wp-json\/wp\/v2\/tags?post=1908"}],"curies":[{"name":"wp","href":"https:\/\/api.w.org\/{rel}","templated":true}]}}