{"id":1894,"date":"2021-10-17T16:17:58","date_gmt":"2021-10-17T21:17:58","guid":{"rendered":"http:\/\/21panorama.com\/?p=1894"},"modified":"2021-10-17T16:17:59","modified_gmt":"2021-10-17T21:17:59","slug":"peleara-paola-jimenez-por-una-sociedad-justa-e-igualitaria","status":"publish","type":"post","link":"https:\/\/21panorama.com\/index.php\/2021\/10\/17\/peleara-paola-jimenez-por-una-sociedad-justa-e-igualitaria\/","title":{"rendered":"PELEAR\u00c1 PAOLA JIM\u00c9NEZ POR UNA SOCIEDAD JUSTA E IGUALITARIA"},"content":{"rendered":"\n<p>El trabajo parlamentario y las acciones en campo estar\u00e1n concentrados en construir una sociedad mas igualitaria y promover presupuestos con perspectiva de genero, dej\u00f3 en claro la diputada Paola Jim\u00e9nez Hern\u00e1ndez.<\/p>\n\n\n\n<p>Los sue\u00f1os y anhelos de los ciudadanos se cumplir\u00e1n con esfuerzo y trabajo, dijo al inaugurar su casa de atencion ciudadana, acompa\u00f1ada del coordinador de la bancada pri\u00edsta Elias Rescala Jim\u00e9nez y de la dirigente estatal del PRI Alejandra del Moral Vela.<\/p>\n\n\n\n<p>Ante decenas de ciudadanos que se dieron cita les dijo que los representar\u00e1 con \u00e9tica y justicia \u201cMi compromiso es luchar por una Sociedad m\u00e1s justa\u201d.<\/p>\n\n\n\n<p>Dijo que haber hecho una campa\u00f1a de puerta en puerta fue de aprendizaje sobre las grandes diferencias sociales. \u201cAh\u00ed es donde encuentro la causa para continuar luchando\u201d.<\/p>\n\n\n\n<p>El trabajo de los diputados debe ser para la ciudadan\u00eda y en ese sentido se trabajar\u00e1 por una sociedad igualitaria con perspectiva de g\u00e9nero.<\/p>\n\n\n\n<p>En la inauguraci\u00f3n de la casa de atenci\u00f3n ciudadana estuvieron presentes los diputados Jes\u00fas Izquierdo Rojas y Braulio \u00c1lvarez Jasso<\/p>\n\n\n\n<p>En tanto, El\u00edas Rescala Jim\u00e9nez fue enf\u00e1tico sobre el trabajo de los diputados y destac\u00f3 que no regresar a los distritos sale caro.<\/p>\n\n\n\n<p>Alejandra del Moral sostuvo que el Partido aprendi\u00f3 de sus errores y no se puede volver a equivocar, por lo tanto \u201cdebemos estar m\u00e1s cerca de la gente\u201d.<\/p>\n\n\n\n<figure class=\"wp-block-gallery columns-2 is-cropped wp-block-gallery-1 is-layout-flex wp-block-gallery-is-layout-flex\"><ul class=\"blocks-gallery-grid\"><li class=\"blocks-gallery-item\"><figure><img decoding=\"async\" width=\"768\" height=\"1024\" src=\"https:\/\/21panorama.com\/wp-content\/uploads\/2021\/10\/b26d2fe0-c2f9-437e-9694-542c28d47646-768x1024.jpeg\" alt=\"\" data-id=\"1896\" data-link=\"https:\/\/21panorama.com\/?attachment_id=1896\" class=\"wp-image-1896\" srcset=\"https:\/\/21panorama.com\/wp-content\/uploads\/2021\/10\/b26d2fe0-c2f9-437e-9694-542c28d47646-768x1024.jpeg 768w, https:\/\/21panorama.com\/wp-content\/uploads\/2021\/10\/b26d2fe0-c2f9-437e-9694-542c28d47646-225x300.jpeg 225w, https:\/\/21panorama.com\/wp-content\/uploads\/2021\/10\/b26d2fe0-c2f9-437e-9694-542c28d47646.jpeg 960w\" sizes=\"(max-width: 768px) 100vw, 768px\" \/><\/figure><\/li><li class=\"blocks-gallery-item\"><figure><img decoding=\"async\" width=\"1024\" height=\"768\" src=\"https:\/\/21panorama.com\/wp-content\/uploads\/2021\/10\/5056bc52-85a8-4f2d-88e4-347ccd699635-1024x768.jpeg\" alt=\"\" data-id=\"1897\" data-full-url=\"https:\/\/21panorama.com\/wp-content\/uploads\/2021\/10\/5056bc52-85a8-4f2d-88e4-347ccd699635.jpeg\" data-link=\"https:\/\/21panorama.com\/?attachment_id=1897\" class=\"wp-image-1897\" srcset=\"https:\/\/21panorama.com\/wp-content\/uploads\/2021\/10\/5056bc52-85a8-4f2d-88e4-347ccd699635-1024x768.jpeg 1024w, https:\/\/21panorama.com\/wp-content\/uploads\/2021\/10\/5056bc52-85a8-4f2d-88e4-347ccd699635-300x225.jpeg 300w, https:\/\/21panorama.com\/wp-content\/uploads\/2021\/10\/5056bc52-85a8-4f2d-88e4-347ccd699635-768x576.jpeg 768w, https:\/\/21panorama.com\/wp-content\/uploads\/2021\/10\/5056bc52-85a8-4f2d-88e4-347ccd699635.jpeg 1280w\" sizes=\"(max-width: 1024px) 100vw, 1024px\" \/><\/figure><\/li><\/ul><\/figure>\n","protected":false},"excerpt":{"rendered":"<p>El trabajo parlamentario y las acciones en campo estar\u00e1n concentrados en construir una sociedad mas igualitaria y promover presupuestos con perspectiva de genero, dej\u00f3 en claro<br \/>\nla diputada Paola Jim\u00e9nez Hern\u00e1ndez. <\/p>\n","protected":false},"author":1,"featured_media":1895,"comment_status":"open","ping_status":"open","sticky":false,"template":"","format":"standard","meta":{"footnotes":""},"categories":[12],"tags":[151,150],"class_list":["post-1894","post","type-post","status-publish","format-standard","has-post-thumbnail","hentry","category-politica","tag-justa","tag-sociedad"],"yoast_head":"<!-- This site is optimized with the Yoast SEO plugin v24.9 - https:\/\/yoast.com\/wordpress\/plugins\/seo\/ -->\n<title>PELEAR\u00c1 PAOLA JIM\u00c9NEZ POR UNA SOCIEDAD JUSTA E IGUALITARIA - 21 Panorama<\/title>\n<meta name=\"robots\" content=\"index, follow, max-snippet:-1, max-image-preview:large, max-video-preview:-1\" \/>\n<link rel=\"canonical\" href=\"https:\/\/21panorama.com\/index.php\/2021\/10\/17\/peleara-paola-jimenez-por-una-sociedad-justa-e-igualitaria\/\" \/>\n<meta property=\"og:locale\" content=\"es_MX\" \/>\n<meta property=\"og:type\" content=\"article\" \/>\n<meta property=\"og:title\" content=\"PELEAR\u00c1 PAOLA JIM\u00c9NEZ POR UNA SOCIEDAD JUSTA E IGUALITARIA - 21 Panorama\" \/>\n<meta property=\"og:description\" content=\"El trabajo parlamentario y las acciones en campo estar\u00e1n concentrados en construir una sociedad mas igualitaria y promover presupuestos con perspectiva de genero, dej\u00f3 en claro la diputada Paola Jim\u00e9nez Hern\u00e1ndez.\" \/>\n<meta property=\"og:url\" content=\"https:\/\/21panorama.com\/index.php\/2021\/10\/17\/peleara-paola-jimenez-por-una-sociedad-justa-e-igualitaria\/\" \/>\n<meta property=\"og:site_name\" content=\"21 Panorama\" \/>\n<meta property=\"article:published_time\" content=\"2021-10-17T21:17:58+00:00\" \/>\n<meta property=\"article:modified_time\" content=\"2021-10-17T21:17:59+00:00\" \/>\n<meta property=\"og:image\" content=\"https:\/\/21panorama.com\/wp-content\/uploads\/2021\/10\/f7e41765-9f76-4b99-a8ad-d2f9e0d40733.jpeg\" \/>\n\t<meta property=\"og:image:width\" content=\"1280\" \/>\n\t<meta property=\"og:image:height\" content=\"960\" \/>\n\t<meta property=\"og:image:type\" content=\"image\/jpeg\" \/>\n<meta name=\"author\" content=\"admin\" \/>\n<meta name=\"twitter:card\" content=\"summary_large_image\" \/>\n<meta name=\"twitter:label1\" content=\"Escrito por\" \/>\n\t<meta name=\"twitter:data1\" content=\"admin\" \/>\n\t<meta name=\"twitter:label2\" content=\"Tiempo de lectura\" \/>\n\t<meta name=\"twitter:data2\" content=\"2 minutos\" \/>\n<script type=\"application\/ld+json\" class=\"yoast-schema-graph\">{\"@context\":\"https:\/\/schema.org\",\"@graph\":[{\"@type\":\"Article\",\"@id\":\"https:\/\/21panorama.com\/index.php\/2021\/10\/17\/peleara-paola-jimenez-por-una-sociedad-justa-e-igualitaria\/#article\",\"isPartOf\":{\"@id\":\"https:\/\/21panorama.com\/index.php\/2021\/10\/17\/peleara-paola-jimenez-por-una-sociedad-justa-e-igualitaria\/\"},\"author\":{\"name\":\"admin\",\"@id\":\"https:\/\/21panorama.com\/#\/schema\/person\/1afc291b96d5792a158768324287319f\"},\"headline\":\"PELEAR\u00c1 PAOLA JIM\u00c9NEZ POR UNA SOCIEDAD JUSTA E IGUALITARIA\",\"datePublished\":\"2021-10-17T21:17:58+00:00\",\"dateModified\":\"2021-10-17T21:17:59+00:00\",\"mainEntityOfPage\":{\"@id\":\"https:\/\/21panorama.com\/index.php\/2021\/10\/17\/peleara-paola-jimenez-por-una-sociedad-justa-e-igualitaria\/\"},\"wordCount\":250,\"commentCount\":0,\"publisher\":{\"@id\":\"https:\/\/21panorama.com\/#organization\"},\"image\":{\"@id\":\"https:\/\/21panorama.com\/index.php\/2021\/10\/17\/peleara-paola-jimenez-por-una-sociedad-justa-e-igualitaria\/#primaryimage\"},\"thumbnailUrl\":\"https:\/\/21panorama.com\/wp-content\/uploads\/2021\/10\/f7e41765-9f76-4b99-a8ad-d2f9e0d40733.jpeg\",\"keywords\":[\"Justa\",\"Sociedad\"],\"articleSection\":[\"Politica\"],\"inLanguage\":\"es\",\"potentialAction\":[{\"@type\":\"CommentAction\",\"name\":\"Comment\",\"target\":[\"https:\/\/21panorama.com\/index.php\/2021\/10\/17\/peleara-paola-jimenez-por-una-sociedad-justa-e-igualitaria\/#respond\"]}]},{\"@type\":\"WebPage\",\"@id\":\"https:\/\/21panorama.com\/index.php\/2021\/10\/17\/peleara-paola-jimenez-por-una-sociedad-justa-e-igualitaria\/\",\"url\":\"https:\/\/21panorama.com\/index.php\/2021\/10\/17\/peleara-paola-jimenez-por-una-sociedad-justa-e-igualitaria\/\",\"name\":\"PELEAR\u00c1 PAOLA JIM\u00c9NEZ POR UNA SOCIEDAD JUSTA E IGUALITARIA - 21 Panorama\",\"isPartOf\":{\"@id\":\"https:\/\/21panorama.com\/#website\"},\"primaryImageOfPage\":{\"@id\":\"https:\/\/21panorama.com\/index.php\/2021\/10\/17\/peleara-paola-jimenez-por-una-sociedad-justa-e-igualitaria\/#primaryimage\"},\"image\":{\"@id\":\"https:\/\/21panorama.com\/index.php\/2021\/10\/17\/peleara-paola-jimenez-por-una-sociedad-justa-e-igualitaria\/#primaryimage\"},\"thumbnailUrl\":\"https:\/\/21panorama.com\/wp-content\/uploads\/2021\/10\/f7e41765-9f76-4b99-a8ad-d2f9e0d40733.jpeg\",\"datePublished\":\"2021-10-17T21:17:58+00:00\",\"dateModified\":\"2021-10-17T21:17:59+00:00\",\"breadcrumb\":{\"@id\":\"https:\/\/21panorama.com\/index.php\/2021\/10\/17\/peleara-paola-jimenez-por-una-sociedad-justa-e-igualitaria\/#breadcrumb\"},\"inLanguage\":\"es\",\"potentialAction\":[{\"@type\":\"ReadAction\",\"target\":[\"https:\/\/21panorama.com\/index.php\/2021\/10\/17\/peleara-paola-jimenez-por-una-sociedad-justa-e-igualitaria\/\"]}]},{\"@type\":\"ImageObject\",\"inLanguage\":\"es\",\"@id\":\"https:\/\/21panorama.com\/index.php\/2021\/10\/17\/peleara-paola-jimenez-por-una-sociedad-justa-e-igualitaria\/#primaryimage\",\"url\":\"https:\/\/21panorama.com\/wp-content\/uploads\/2021\/10\/f7e41765-9f76-4b99-a8ad-d2f9e0d40733.jpeg\",\"contentUrl\":\"https:\/\/21panorama.com\/wp-content\/uploads\/2021\/10\/f7e41765-9f76-4b99-a8ad-d2f9e0d40733.jpeg\",\"width\":1280,\"height\":960},{\"@type\":\"BreadcrumbList\",\"@id\":\"https:\/\/21panorama.com\/index.php\/2021\/10\/17\/peleara-paola-jimenez-por-una-sociedad-justa-e-igualitaria\/#breadcrumb\",\"itemListElement\":[{\"@type\":\"ListItem\",\"position\":1,\"name\":\"Inicio\",\"item\":\"https:\/\/21panorama.com\/\"},{\"@type\":\"ListItem\",\"position\":2,\"name\":\"PELEAR\u00c1 PAOLA JIM\u00c9NEZ POR UNA SOCIEDAD JUSTA E IGUALITARIA\"}]},{\"@type\":\"WebSite\",\"@id\":\"https:\/\/21panorama.com\/#website\",\"url\":\"https:\/\/21panorama.com\/\",\"name\":\"21 Panorama\",\"description\":\"La construcci\u00f3n de la opini\u00f3n p\u00fablica merece un mejor Panorama en este siglo 21 para alcanzar una sociedad con mayor transparencia y sin corrupci\u00f3n.\",\"publisher\":{\"@id\":\"https:\/\/21panorama.com\/#organization\"},\"potentialAction\":[{\"@type\":\"SearchAction\",\"target\":{\"@type\":\"EntryPoint\",\"urlTemplate\":\"https:\/\/21panorama.com\/?s={search_term_string}\"},\"query-input\":{\"@type\":\"PropertyValueSpecification\",\"valueRequired\":true,\"valueName\":\"search_term_string\"}}],\"inLanguage\":\"es\"},{\"@type\":\"Organization\",\"@id\":\"https:\/\/21panorama.com\/#organization\",\"name\":\"21 Panorama\",\"url\":\"https:\/\/21panorama.com\/\",\"logo\":{\"@type\":\"ImageObject\",\"inLanguage\":\"es\",\"@id\":\"https:\/\/21panorama.com\/#\/schema\/logo\/image\/\",\"url\":\"https:\/\/21panorama.com\/wp-content\/uploads\/2019\/07\/cropped-Logo-Panorama-01.jpeg\",\"contentUrl\":\"https:\/\/21panorama.com\/wp-content\/uploads\/2019\/07\/cropped-Logo-Panorama-01.jpeg\",\"width\":290,\"height\":70,\"caption\":\"21 Panorama\"},\"image\":{\"@id\":\"https:\/\/21panorama.com\/#\/schema\/logo\/image\/\"}},{\"@type\":\"Person\",\"@id\":\"https:\/\/21panorama.com\/#\/schema\/person\/1afc291b96d5792a158768324287319f\",\"name\":\"admin\",\"image\":{\"@type\":\"ImageObject\",\"inLanguage\":\"es\",\"@id\":\"https:\/\/21panorama.com\/#\/schema\/person\/image\/\",\"url\":\"https:\/\/secure.gravatar.com\/avatar\/ad365d9d9f46719215b0d042cc3df92a5a8683e09ef13d102233e5491985f0f0?s=96&d=mm&r=g\",\"contentUrl\":\"https:\/\/secure.gravatar.com\/avatar\/ad365d9d9f46719215b0d042cc3df92a5a8683e09ef13d102233e5491985f0f0?s=96&d=mm&r=g\",\"caption\":\"admin\"},\"url\":\"https:\/\/21panorama.com\/index.php\/author\/admin\/\"}]}<\/script>\n<!-- \/ Yoast SEO plugin. -->","yoast_head_json":{"title":"PELEAR\u00c1 PAOLA JIM\u00c9NEZ POR UNA SOCIEDAD JUSTA E IGUALITARIA - 21 Panorama","robots":{"index":"index","follow":"follow","max-snippet":"max-snippet:-1","max-image-preview":"max-image-preview:large","max-video-preview":"max-video-preview:-1"},"canonical":"https:\/\/21panorama.com\/index.php\/2021\/10\/17\/peleara-paola-jimenez-por-una-sociedad-justa-e-igualitaria\/","og_locale":"es_MX","og_type":"article","og_title":"PELEAR\u00c1 PAOLA JIM\u00c9NEZ POR UNA SOCIEDAD JUSTA E IGUALITARIA - 21 Panorama","og_description":"El trabajo parlamentario y las acciones en campo estar\u00e1n concentrados en construir una sociedad mas igualitaria y promover presupuestos con perspectiva de genero, dej\u00f3 en claro la diputada Paola Jim\u00e9nez Hern\u00e1ndez.","og_url":"https:\/\/21panorama.com\/index.php\/2021\/10\/17\/peleara-paola-jimenez-por-una-sociedad-justa-e-igualitaria\/","og_site_name":"21 Panorama","article_published_time":"2021-10-17T21:17:58+00:00","article_modified_time":"2021-10-17T21:17:59+00:00","og_image":[{"width":1280,"height":960,"url":"https:\/\/21panorama.com\/wp-content\/uploads\/2021\/10\/f7e41765-9f76-4b99-a8ad-d2f9e0d40733.jpeg","type":"image\/jpeg"}],"author":"admin","twitter_card":"summary_large_image","twitter_misc":{"Escrito por":"admin","Tiempo de lectura":"2 minutos"},"schema":{"@context":"https:\/\/schema.org","@graph":[{"@type":"Article","@id":"https:\/\/21panorama.com\/index.php\/2021\/10\/17\/peleara-paola-jimenez-por-una-sociedad-justa-e-igualitaria\/#article","isPartOf":{"@id":"https:\/\/21panorama.com\/index.php\/2021\/10\/17\/peleara-paola-jimenez-por-una-sociedad-justa-e-igualitaria\/"},"author":{"name":"admin","@id":"https:\/\/21panorama.com\/#\/schema\/person\/1afc291b96d5792a158768324287319f"},"headline":"PELEAR\u00c1 PAOLA JIM\u00c9NEZ POR UNA SOCIEDAD JUSTA E IGUALITARIA","datePublished":"2021-10-17T21:17:58+00:00","dateModified":"2021-10-17T21:17:59+00:00","mainEntityOfPage":{"@id":"https:\/\/21panorama.com\/index.php\/2021\/10\/17\/peleara-paola-jimenez-por-una-sociedad-justa-e-igualitaria\/"},"wordCount":250,"commentCount":0,"publisher":{"@id":"https:\/\/21panorama.com\/#organization"},"image":{"@id":"https:\/\/21panorama.com\/index.php\/2021\/10\/17\/peleara-paola-jimenez-por-una-sociedad-justa-e-igualitaria\/#primaryimage"},"thumbnailUrl":"https:\/\/21panorama.com\/wp-content\/uploads\/2021\/10\/f7e41765-9f76-4b99-a8ad-d2f9e0d40733.jpeg","keywords":["Justa","Sociedad"],"articleSection":["Politica"],"inLanguage":"es","potentialAction":[{"@type":"CommentAction","name":"Comment","target":["https:\/\/21panorama.com\/index.php\/2021\/10\/17\/peleara-paola-jimenez-por-una-sociedad-justa-e-igualitaria\/#respond"]}]},{"@type":"WebPage","@id":"https:\/\/21panorama.com\/index.php\/2021\/10\/17\/peleara-paola-jimenez-por-una-sociedad-justa-e-igualitaria\/","url":"https:\/\/21panorama.com\/index.php\/2021\/10\/17\/peleara-paola-jimenez-por-una-sociedad-justa-e-igualitaria\/","name":"PELEAR\u00c1 PAOLA JIM\u00c9NEZ POR UNA SOCIEDAD JUSTA E IGUALITARIA - 21 Panorama","isPartOf":{"@id":"https:\/\/21panorama.com\/#website"},"primaryImageOfPage":{"@id":"https:\/\/21panorama.com\/index.php\/2021\/10\/17\/peleara-paola-jimenez-por-una-sociedad-justa-e-igualitaria\/#primaryimage"},"image":{"@id":"https:\/\/21panorama.com\/index.php\/2021\/10\/17\/peleara-paola-jimenez-por-una-sociedad-justa-e-igualitaria\/#primaryimage"},"thumbnailUrl":"https:\/\/21panorama.com\/wp-content\/uploads\/2021\/10\/f7e41765-9f76-4b99-a8ad-d2f9e0d40733.jpeg","datePublished":"2021-10-17T21:17:58+00:00","dateModified":"2021-10-17T21:17:59+00:00","breadcrumb":{"@id":"https:\/\/21panorama.com\/index.php\/2021\/10\/17\/peleara-paola-jimenez-por-una-sociedad-justa-e-igualitaria\/#breadcrumb"},"inLanguage":"es","potentialAction":[{"@type":"ReadAction","target":["https:\/\/21panorama.com\/index.php\/2021\/10\/17\/peleara-paola-jimenez-por-una-sociedad-justa-e-igualitaria\/"]}]},{"@type":"ImageObject","inLanguage":"es","@id":"https:\/\/21panorama.com\/index.php\/2021\/10\/17\/peleara-paola-jimenez-por-una-sociedad-justa-e-igualitaria\/#primaryimage","url":"https:\/\/21panorama.com\/wp-content\/uploads\/2021\/10\/f7e41765-9f76-4b99-a8ad-d2f9e0d40733.jpeg","contentUrl":"https:\/\/21panorama.com\/wp-content\/uploads\/2021\/10\/f7e41765-9f76-4b99-a8ad-d2f9e0d40733.jpeg","width":1280,"height":960},{"@type":"BreadcrumbList","@id":"https:\/\/21panorama.com\/index.php\/2021\/10\/17\/peleara-paola-jimenez-por-una-sociedad-justa-e-igualitaria\/#breadcrumb","itemListElement":[{"@type":"ListItem","position":1,"name":"Inicio","item":"https:\/\/21panorama.com\/"},{"@type":"ListItem","position":2,"name":"PELEAR\u00c1 PAOLA JIM\u00c9NEZ POR UNA SOCIEDAD JUSTA E IGUALITARIA"}]},{"@type":"WebSite","@id":"https:\/\/21panorama.com\/#website","url":"https:\/\/21panorama.com\/","name":"21 Panorama","description":"La construcci\u00f3n de la opini\u00f3n p\u00fablica merece un mejor Panorama en este siglo 21 para alcanzar una sociedad con mayor transparencia y sin corrupci\u00f3n.","publisher":{"@id":"https:\/\/21panorama.com\/#organization"},"potentialAction":[{"@type":"SearchAction","target":{"@type":"EntryPoint","urlTemplate":"https:\/\/21panorama.com\/?s={search_term_string}"},"query-input":{"@type":"PropertyValueSpecification","valueRequired":true,"valueName":"search_term_string"}}],"inLanguage":"es"},{"@type":"Organization","@id":"https:\/\/21panorama.com\/#organization","name":"21 Panorama","url":"https:\/\/21panorama.com\/","logo":{"@type":"ImageObject","inLanguage":"es","@id":"https:\/\/21panorama.com\/#\/schema\/logo\/image\/","url":"https:\/\/21panorama.com\/wp-content\/uploads\/2019\/07\/cropped-Logo-Panorama-01.jpeg","contentUrl":"https:\/\/21panorama.com\/wp-content\/uploads\/2019\/07\/cropped-Logo-Panorama-01.jpeg","width":290,"height":70,"caption":"21 Panorama"},"image":{"@id":"https:\/\/21panorama.com\/#\/schema\/logo\/image\/"}},{"@type":"Person","@id":"https:\/\/21panorama.com\/#\/schema\/person\/1afc291b96d5792a158768324287319f","name":"admin","image":{"@type":"ImageObject","inLanguage":"es","@id":"https:\/\/21panorama.com\/#\/schema\/person\/image\/","url":"https:\/\/secure.gravatar.com\/avatar\/ad365d9d9f46719215b0d042cc3df92a5a8683e09ef13d102233e5491985f0f0?s=96&d=mm&r=g","contentUrl":"https:\/\/secure.gravatar.com\/avatar\/ad365d9d9f46719215b0d042cc3df92a5a8683e09ef13d102233e5491985f0f0?s=96&d=mm&r=g","caption":"admin"},"url":"https:\/\/21panorama.com\/index.php\/author\/admin\/"}]}},"_links":{"self":[{"href":"https:\/\/21panorama.com\/index.php\/wp-json\/wp\/v2\/posts\/1894","targetHints":{"allow":["GET"]}}],"collection":[{"href":"https:\/\/21panorama.com\/index.php\/wp-json\/wp\/v2\/posts"}],"about":[{"href":"https:\/\/21panorama.com\/index.php\/wp-json\/wp\/v2\/types\/post"}],"author":[{"embeddable":true,"href":"https:\/\/21panorama.com\/index.php\/wp-json\/wp\/v2\/users\/1"}],"replies":[{"embeddable":true,"href":"https:\/\/21panorama.com\/index.php\/wp-json\/wp\/v2\/comments?post=1894"}],"version-history":[{"count":1,"href":"https:\/\/21panorama.com\/index.php\/wp-json\/wp\/v2\/posts\/1894\/revisions"}],"predecessor-version":[{"id":1898,"href":"https:\/\/21panorama.com\/index.php\/wp-json\/wp\/v2\/posts\/1894\/revisions\/1898"}],"wp:featuredmedia":[{"embeddable":true,"href":"https:\/\/21panorama.com\/index.php\/wp-json\/wp\/v2\/media\/1895"}],"wp:attachment":[{"href":"https:\/\/21panorama.com\/index.php\/wp-json\/wp\/v2\/media?parent=1894"}],"wp:term":[{"taxonomy":"category","embeddable":true,"href":"https:\/\/21panorama.com\/index.php\/wp-json\/wp\/v2\/categories?post=1894"},{"taxonomy":"post_tag","embeddable":true,"href":"https:\/\/21panorama.com\/index.php\/wp-json\/wp\/v2\/tags?post=1894"}],"curies":[{"name":"wp","href":"https:\/\/api.w.org\/{rel}","templated":true}]}}