{"id":1890,"date":"2021-10-15T12:45:00","date_gmt":"2021-10-15T17:45:00","guid":{"rendered":"http:\/\/21panorama.com\/?p=1890"},"modified":"2021-10-16T12:48:42","modified_gmt":"2021-10-16T17:48:42","slug":"colabora-uaem-en-la-promocion-de-una-cultura-de-igualdad-entre-mujeres-y-hombres","status":"publish","type":"post","link":"https:\/\/21panorama.com\/index.php\/2021\/10\/15\/colabora-uaem-en-la-promocion-de-una-cultura-de-igualdad-entre-mujeres-y-hombres\/","title":{"rendered":"Colabora UAEM en la promoci\u00f3n de una cultura de igualdad entre mujeres y hombres"},"content":{"rendered":"\n<p>Toluca, M\u00e9x. 15 de octubre de 2021. La Universidad Aut\u00f3noma del Estado de M\u00e9xico (UAEM) colabora activamente para que la perspectiva de g\u00e9nero se traduzca en igualdad de oportunidades para mujeres y hombres, buscando fortalecer una vida libre de violencia en todos los \u00e1mbitos, asegur\u00f3 el rector Carlos Eduardo Barrera D\u00edaz, al encabezar el Foro \u201c68 aniversario del voto femenino en M\u00e9xico. An\u00e1lisis de la Academia\u201d.<br>En el Aula Magna del Edificio de Rector\u00eda, acompa\u00f1ado de la titular de la Secretar\u00eda de la Mujer del gobierno estatal, Mar\u00eda Isabel S\u00e1nchez Holgu\u00edn; la presidenta del Tribunal Electoral del Estado de M\u00e9xico (TEEM), Leticia Victoria Tavira; la consejera de la Judicatura de la entidad, Fabiola Catalina Aparicio Perales, y la secretaria t\u00e9cnica del Observatorio de Participaci\u00f3n Pol\u00edtica de las Mujeres de la entidad, Mar\u00eda Isabel Becerra Ambrosio; Barrera D\u00edaz reiter\u00f3 que la labor cotidiana de las mujeres en la administraci\u00f3n p\u00fablica, as\u00ed como en la academia, enriquece y humaniza la vida del Estado de M\u00e9xico.<br>\u201cEs necesaria la construcci\u00f3n de un pa\u00eds en el que el pensamiento y las acciones de las mujeres puedan desplegar toda su potencialidad en la erradicaci\u00f3n de la violencia y la ampliaci\u00f3n de oportunidades para todas\u201d, subray\u00f3, al dar la bienvenida al foro.<br>En su oportunidad, S\u00e1nchez Holgu\u00edn hizo un recorrido hist\u00f3rico sobre la obtenci\u00f3n del derecho de las mujeres a votar y ser votadas en M\u00e9xico; asimismo, extern\u00f3 que a\u00fan cuando son innegables los avances de la participaci\u00f3n pol\u00edtica de las mujeres, contin\u00faan present\u00e1ndose violencias en diversos \u00e1mbitos como la familia, el trabajo o el espacio acad\u00e9mico.<br>\u201cCelebro el evento del d\u00eda de hoy, pues es un ejercicio de memoria, un motivo para recordar el arduo camino que transitamos las mujeres para lograr la ciudadan\u00eda y el acceso a sus derechos en una sociedad que las confin\u00f3 al espacio privado, que las responsabiliz\u00f3 por completo de las labores del hogar, quit\u00e1ndoles la posibilidad de decidir en libertad que actividad deseaban desempe\u00f1ar\u201d, dijo.<br>Por su parte, Victoria Tavira afirm\u00f3 que lograr la igualdad sustantiva de las mujeres es una acci\u00f3n que beneficiar\u00e1 a la sociedad en su conjunto.<br>Como parte del foro, los especialistas e investigadores de la Facultad de Ciencias Pol\u00edticas y Sociales de la UAEM, Graciela V\u00e9lez Bautista y Ramiro Medrano Gonz\u00e1lez, ofrecieron conferencias magistrales.<br>V\u00e9lez Bautista abord\u00f3 el tema \u201cViolencia pol\u00edtica contra las mujeres en el marco del 68 aniversario del sufragio femenino en M\u00e9xico\u201d, mientras que el acad\u00e9mico, Medrano Gonz\u00e1lez particip\u00f3 con la ponencia \u201cAn\u00e1lisis de la participaci\u00f3n pol\u00edtica de las mujeres en el Estado de M\u00e9xico en el proceso electoral 2020-2021\u201d.<br>Durante el acto estuvieron presentes el secretario de Rector\u00eda de la UAEM, Marco Aurelio Cienfuegos Terr\u00f3n; la coordinadora Institucional de Equidad de G\u00e9nero, Roc\u00edo \u00c1lvarez Miranda, integrantes del gabinete y comunidad universitaria, as\u00ed como invitados especiales.<\/p>\n\n\n\n<figure class=\"wp-block-image size-full\"><img decoding=\"async\" width=\"960\" height=\"640\" src=\"https:\/\/21panorama.com\/wp-content\/uploads\/2021\/10\/7709cebb-087b-42b8-88bd-1f52a0e1fa52.jpeg\" alt=\"\" class=\"wp-image-1892\" srcset=\"https:\/\/21panorama.com\/wp-content\/uploads\/2021\/10\/7709cebb-087b-42b8-88bd-1f52a0e1fa52.jpeg 960w, https:\/\/21panorama.com\/wp-content\/uploads\/2021\/10\/7709cebb-087b-42b8-88bd-1f52a0e1fa52-300x200.jpeg 300w, https:\/\/21panorama.com\/wp-content\/uploads\/2021\/10\/7709cebb-087b-42b8-88bd-1f52a0e1fa52-768x512.jpeg 768w\" sizes=\"(max-width: 960px) 100vw, 960px\" \/><\/figure>\n","protected":false},"excerpt":{"rendered":"<p>El rector de la UAEM, Carlos Eduardo Barrera D\u00edaz, afirm\u00f3 que la labor cotidiana de las mujeres en la administraci\u00f3n p\u00fablica, as\u00ed como en la academia, enriquece y humaniza la vida del Estado de M\u00e9xico.<\/p>\n","protected":false},"author":1,"featured_media":1891,"comment_status":"open","ping_status":"open","sticky":false,"template":"","format":"standard","meta":{"footnotes":""},"categories":[1],"tags":[23],"class_list":["post-1890","post","type-post","status-publish","format-standard","has-post-thumbnail","hentry","category-sociedad","tag-uaemex"],"yoast_head":"<!-- This site is optimized with the Yoast SEO plugin v24.9 - https:\/\/yoast.com\/wordpress\/plugins\/seo\/ -->\n<title>Colabora UAEM en la promoci\u00f3n de una cultura de igualdad entre mujeres y hombres - 21 Panorama<\/title>\n<meta name=\"robots\" content=\"index, follow, max-snippet:-1, max-image-preview:large, max-video-preview:-1\" \/>\n<link rel=\"canonical\" href=\"https:\/\/21panorama.com\/index.php\/2021\/10\/15\/colabora-uaem-en-la-promocion-de-una-cultura-de-igualdad-entre-mujeres-y-hombres\/\" \/>\n<meta property=\"og:locale\" content=\"es_MX\" \/>\n<meta property=\"og:type\" content=\"article\" \/>\n<meta property=\"og:title\" content=\"Colabora UAEM en la promoci\u00f3n de una cultura de igualdad entre mujeres y hombres - 21 Panorama\" \/>\n<meta property=\"og:description\" content=\"El rector de la UAEM, Carlos Eduardo Barrera D\u00edaz, afirm\u00f3 que la labor cotidiana de las mujeres en la administraci\u00f3n p\u00fablica, as\u00ed como en la academia, enriquece y humaniza la vida del Estado de M\u00e9xico.\" \/>\n<meta property=\"og:url\" content=\"https:\/\/21panorama.com\/index.php\/2021\/10\/15\/colabora-uaem-en-la-promocion-de-una-cultura-de-igualdad-entre-mujeres-y-hombres\/\" \/>\n<meta property=\"og:site_name\" content=\"21 Panorama\" \/>\n<meta property=\"article:published_time\" content=\"2021-10-15T17:45:00+00:00\" \/>\n<meta property=\"article:modified_time\" content=\"2021-10-16T17:48:42+00:00\" \/>\n<meta property=\"og:image\" content=\"https:\/\/21panorama.com\/wp-content\/uploads\/2021\/10\/d0f7e9a9-d08f-43bf-9386-06d7b8ca960b.jpeg\" \/>\n\t<meta property=\"og:image:width\" content=\"960\" \/>\n\t<meta property=\"og:image:height\" content=\"640\" \/>\n\t<meta property=\"og:image:type\" content=\"image\/jpeg\" \/>\n<meta name=\"author\" content=\"admin\" \/>\n<meta name=\"twitter:card\" content=\"summary_large_image\" \/>\n<meta name=\"twitter:label1\" content=\"Escrito por\" \/>\n\t<meta name=\"twitter:data1\" content=\"admin\" \/>\n\t<meta name=\"twitter:label2\" content=\"Tiempo de lectura\" \/>\n\t<meta name=\"twitter:data2\" content=\"3 minutos\" \/>\n<script type=\"application\/ld+json\" class=\"yoast-schema-graph\">{\"@context\":\"https:\/\/schema.org\",\"@graph\":[{\"@type\":\"Article\",\"@id\":\"https:\/\/21panorama.com\/index.php\/2021\/10\/15\/colabora-uaem-en-la-promocion-de-una-cultura-de-igualdad-entre-mujeres-y-hombres\/#article\",\"isPartOf\":{\"@id\":\"https:\/\/21panorama.com\/index.php\/2021\/10\/15\/colabora-uaem-en-la-promocion-de-una-cultura-de-igualdad-entre-mujeres-y-hombres\/\"},\"author\":{\"name\":\"admin\",\"@id\":\"https:\/\/21panorama.com\/#\/schema\/person\/1afc291b96d5792a158768324287319f\"},\"headline\":\"Colabora UAEM en la promoci\u00f3n de una cultura de igualdad entre mujeres y hombres\",\"datePublished\":\"2021-10-15T17:45:00+00:00\",\"dateModified\":\"2021-10-16T17:48:42+00:00\",\"mainEntityOfPage\":{\"@id\":\"https:\/\/21panorama.com\/index.php\/2021\/10\/15\/colabora-uaem-en-la-promocion-de-una-cultura-de-igualdad-entre-mujeres-y-hombres\/\"},\"wordCount\":534,\"commentCount\":0,\"publisher\":{\"@id\":\"https:\/\/21panorama.com\/#organization\"},\"image\":{\"@id\":\"https:\/\/21panorama.com\/index.php\/2021\/10\/15\/colabora-uaem-en-la-promocion-de-una-cultura-de-igualdad-entre-mujeres-y-hombres\/#primaryimage\"},\"thumbnailUrl\":\"https:\/\/21panorama.com\/wp-content\/uploads\/2021\/10\/d0f7e9a9-d08f-43bf-9386-06d7b8ca960b.jpeg\",\"keywords\":[\"UAEMex\"],\"articleSection\":[\"Sociedad\"],\"inLanguage\":\"es\",\"potentialAction\":[{\"@type\":\"CommentAction\",\"name\":\"Comment\",\"target\":[\"https:\/\/21panorama.com\/index.php\/2021\/10\/15\/colabora-uaem-en-la-promocion-de-una-cultura-de-igualdad-entre-mujeres-y-hombres\/#respond\"]}]},{\"@type\":\"WebPage\",\"@id\":\"https:\/\/21panorama.com\/index.php\/2021\/10\/15\/colabora-uaem-en-la-promocion-de-una-cultura-de-igualdad-entre-mujeres-y-hombres\/\",\"url\":\"https:\/\/21panorama.com\/index.php\/2021\/10\/15\/colabora-uaem-en-la-promocion-de-una-cultura-de-igualdad-entre-mujeres-y-hombres\/\",\"name\":\"Colabora UAEM en la promoci\u00f3n de una cultura de igualdad entre mujeres y hombres - 21 Panorama\",\"isPartOf\":{\"@id\":\"https:\/\/21panorama.com\/#website\"},\"primaryImageOfPage\":{\"@id\":\"https:\/\/21panorama.com\/index.php\/2021\/10\/15\/colabora-uaem-en-la-promocion-de-una-cultura-de-igualdad-entre-mujeres-y-hombres\/#primaryimage\"},\"image\":{\"@id\":\"https:\/\/21panorama.com\/index.php\/2021\/10\/15\/colabora-uaem-en-la-promocion-de-una-cultura-de-igualdad-entre-mujeres-y-hombres\/#primaryimage\"},\"thumbnailUrl\":\"https:\/\/21panorama.com\/wp-content\/uploads\/2021\/10\/d0f7e9a9-d08f-43bf-9386-06d7b8ca960b.jpeg\",\"datePublished\":\"2021-10-15T17:45:00+00:00\",\"dateModified\":\"2021-10-16T17:48:42+00:00\",\"breadcrumb\":{\"@id\":\"https:\/\/21panorama.com\/index.php\/2021\/10\/15\/colabora-uaem-en-la-promocion-de-una-cultura-de-igualdad-entre-mujeres-y-hombres\/#breadcrumb\"},\"inLanguage\":\"es\",\"potentialAction\":[{\"@type\":\"ReadAction\",\"target\":[\"https:\/\/21panorama.com\/index.php\/2021\/10\/15\/colabora-uaem-en-la-promocion-de-una-cultura-de-igualdad-entre-mujeres-y-hombres\/\"]}]},{\"@type\":\"ImageObject\",\"inLanguage\":\"es\",\"@id\":\"https:\/\/21panorama.com\/index.php\/2021\/10\/15\/colabora-uaem-en-la-promocion-de-una-cultura-de-igualdad-entre-mujeres-y-hombres\/#primaryimage\",\"url\":\"https:\/\/21panorama.com\/wp-content\/uploads\/2021\/10\/d0f7e9a9-d08f-43bf-9386-06d7b8ca960b.jpeg\",\"contentUrl\":\"https:\/\/21panorama.com\/wp-content\/uploads\/2021\/10\/d0f7e9a9-d08f-43bf-9386-06d7b8ca960b.jpeg\",\"width\":960,\"height\":640},{\"@type\":\"BreadcrumbList\",\"@id\":\"https:\/\/21panorama.com\/index.php\/2021\/10\/15\/colabora-uaem-en-la-promocion-de-una-cultura-de-igualdad-entre-mujeres-y-hombres\/#breadcrumb\",\"itemListElement\":[{\"@type\":\"ListItem\",\"position\":1,\"name\":\"Inicio\",\"item\":\"https:\/\/21panorama.com\/\"},{\"@type\":\"ListItem\",\"position\":2,\"name\":\"Colabora UAEM en la promoci\u00f3n de una cultura de igualdad entre mujeres y hombres\"}]},{\"@type\":\"WebSite\",\"@id\":\"https:\/\/21panorama.com\/#website\",\"url\":\"https:\/\/21panorama.com\/\",\"name\":\"21 Panorama\",\"description\":\"La construcci\u00f3n de la opini\u00f3n p\u00fablica merece un mejor Panorama en este siglo 21 para alcanzar una sociedad con mayor transparencia y sin corrupci\u00f3n.\",\"publisher\":{\"@id\":\"https:\/\/21panorama.com\/#organization\"},\"potentialAction\":[{\"@type\":\"SearchAction\",\"target\":{\"@type\":\"EntryPoint\",\"urlTemplate\":\"https:\/\/21panorama.com\/?s={search_term_string}\"},\"query-input\":{\"@type\":\"PropertyValueSpecification\",\"valueRequired\":true,\"valueName\":\"search_term_string\"}}],\"inLanguage\":\"es\"},{\"@type\":\"Organization\",\"@id\":\"https:\/\/21panorama.com\/#organization\",\"name\":\"21 Panorama\",\"url\":\"https:\/\/21panorama.com\/\",\"logo\":{\"@type\":\"ImageObject\",\"inLanguage\":\"es\",\"@id\":\"https:\/\/21panorama.com\/#\/schema\/logo\/image\/\",\"url\":\"https:\/\/21panorama.com\/wp-content\/uploads\/2019\/07\/cropped-Logo-Panorama-01.jpeg\",\"contentUrl\":\"https:\/\/21panorama.com\/wp-content\/uploads\/2019\/07\/cropped-Logo-Panorama-01.jpeg\",\"width\":290,\"height\":70,\"caption\":\"21 Panorama\"},\"image\":{\"@id\":\"https:\/\/21panorama.com\/#\/schema\/logo\/image\/\"}},{\"@type\":\"Person\",\"@id\":\"https:\/\/21panorama.com\/#\/schema\/person\/1afc291b96d5792a158768324287319f\",\"name\":\"admin\",\"image\":{\"@type\":\"ImageObject\",\"inLanguage\":\"es\",\"@id\":\"https:\/\/21panorama.com\/#\/schema\/person\/image\/\",\"url\":\"https:\/\/secure.gravatar.com\/avatar\/ad365d9d9f46719215b0d042cc3df92a5a8683e09ef13d102233e5491985f0f0?s=96&d=mm&r=g\",\"contentUrl\":\"https:\/\/secure.gravatar.com\/avatar\/ad365d9d9f46719215b0d042cc3df92a5a8683e09ef13d102233e5491985f0f0?s=96&d=mm&r=g\",\"caption\":\"admin\"},\"url\":\"https:\/\/21panorama.com\/index.php\/author\/admin\/\"}]}<\/script>\n<!-- \/ Yoast SEO plugin. -->","yoast_head_json":{"title":"Colabora UAEM en la promoci\u00f3n de una cultura de igualdad entre mujeres y hombres - 21 Panorama","robots":{"index":"index","follow":"follow","max-snippet":"max-snippet:-1","max-image-preview":"max-image-preview:large","max-video-preview":"max-video-preview:-1"},"canonical":"https:\/\/21panorama.com\/index.php\/2021\/10\/15\/colabora-uaem-en-la-promocion-de-una-cultura-de-igualdad-entre-mujeres-y-hombres\/","og_locale":"es_MX","og_type":"article","og_title":"Colabora UAEM en la promoci\u00f3n de una cultura de igualdad entre mujeres y hombres - 21 Panorama","og_description":"El rector de la UAEM, Carlos Eduardo Barrera D\u00edaz, afirm\u00f3 que la labor cotidiana de las mujeres en la administraci\u00f3n p\u00fablica, as\u00ed como en la academia, enriquece y humaniza la vida del Estado de M\u00e9xico.","og_url":"https:\/\/21panorama.com\/index.php\/2021\/10\/15\/colabora-uaem-en-la-promocion-de-una-cultura-de-igualdad-entre-mujeres-y-hombres\/","og_site_name":"21 Panorama","article_published_time":"2021-10-15T17:45:00+00:00","article_modified_time":"2021-10-16T17:48:42+00:00","og_image":[{"width":960,"height":640,"url":"https:\/\/21panorama.com\/wp-content\/uploads\/2021\/10\/d0f7e9a9-d08f-43bf-9386-06d7b8ca960b.jpeg","type":"image\/jpeg"}],"author":"admin","twitter_card":"summary_large_image","twitter_misc":{"Escrito por":"admin","Tiempo de lectura":"3 minutos"},"schema":{"@context":"https:\/\/schema.org","@graph":[{"@type":"Article","@id":"https:\/\/21panorama.com\/index.php\/2021\/10\/15\/colabora-uaem-en-la-promocion-de-una-cultura-de-igualdad-entre-mujeres-y-hombres\/#article","isPartOf":{"@id":"https:\/\/21panorama.com\/index.php\/2021\/10\/15\/colabora-uaem-en-la-promocion-de-una-cultura-de-igualdad-entre-mujeres-y-hombres\/"},"author":{"name":"admin","@id":"https:\/\/21panorama.com\/#\/schema\/person\/1afc291b96d5792a158768324287319f"},"headline":"Colabora UAEM en la promoci\u00f3n de una cultura de igualdad entre mujeres y hombres","datePublished":"2021-10-15T17:45:00+00:00","dateModified":"2021-10-16T17:48:42+00:00","mainEntityOfPage":{"@id":"https:\/\/21panorama.com\/index.php\/2021\/10\/15\/colabora-uaem-en-la-promocion-de-una-cultura-de-igualdad-entre-mujeres-y-hombres\/"},"wordCount":534,"commentCount":0,"publisher":{"@id":"https:\/\/21panorama.com\/#organization"},"image":{"@id":"https:\/\/21panorama.com\/index.php\/2021\/10\/15\/colabora-uaem-en-la-promocion-de-una-cultura-de-igualdad-entre-mujeres-y-hombres\/#primaryimage"},"thumbnailUrl":"https:\/\/21panorama.com\/wp-content\/uploads\/2021\/10\/d0f7e9a9-d08f-43bf-9386-06d7b8ca960b.jpeg","keywords":["UAEMex"],"articleSection":["Sociedad"],"inLanguage":"es","potentialAction":[{"@type":"CommentAction","name":"Comment","target":["https:\/\/21panorama.com\/index.php\/2021\/10\/15\/colabora-uaem-en-la-promocion-de-una-cultura-de-igualdad-entre-mujeres-y-hombres\/#respond"]}]},{"@type":"WebPage","@id":"https:\/\/21panorama.com\/index.php\/2021\/10\/15\/colabora-uaem-en-la-promocion-de-una-cultura-de-igualdad-entre-mujeres-y-hombres\/","url":"https:\/\/21panorama.com\/index.php\/2021\/10\/15\/colabora-uaem-en-la-promocion-de-una-cultura-de-igualdad-entre-mujeres-y-hombres\/","name":"Colabora UAEM en la promoci\u00f3n de una cultura de igualdad entre mujeres y hombres - 21 Panorama","isPartOf":{"@id":"https:\/\/21panorama.com\/#website"},"primaryImageOfPage":{"@id":"https:\/\/21panorama.com\/index.php\/2021\/10\/15\/colabora-uaem-en-la-promocion-de-una-cultura-de-igualdad-entre-mujeres-y-hombres\/#primaryimage"},"image":{"@id":"https:\/\/21panorama.com\/index.php\/2021\/10\/15\/colabora-uaem-en-la-promocion-de-una-cultura-de-igualdad-entre-mujeres-y-hombres\/#primaryimage"},"thumbnailUrl":"https:\/\/21panorama.com\/wp-content\/uploads\/2021\/10\/d0f7e9a9-d08f-43bf-9386-06d7b8ca960b.jpeg","datePublished":"2021-10-15T17:45:00+00:00","dateModified":"2021-10-16T17:48:42+00:00","breadcrumb":{"@id":"https:\/\/21panorama.com\/index.php\/2021\/10\/15\/colabora-uaem-en-la-promocion-de-una-cultura-de-igualdad-entre-mujeres-y-hombres\/#breadcrumb"},"inLanguage":"es","potentialAction":[{"@type":"ReadAction","target":["https:\/\/21panorama.com\/index.php\/2021\/10\/15\/colabora-uaem-en-la-promocion-de-una-cultura-de-igualdad-entre-mujeres-y-hombres\/"]}]},{"@type":"ImageObject","inLanguage":"es","@id":"https:\/\/21panorama.com\/index.php\/2021\/10\/15\/colabora-uaem-en-la-promocion-de-una-cultura-de-igualdad-entre-mujeres-y-hombres\/#primaryimage","url":"https:\/\/21panorama.com\/wp-content\/uploads\/2021\/10\/d0f7e9a9-d08f-43bf-9386-06d7b8ca960b.jpeg","contentUrl":"https:\/\/21panorama.com\/wp-content\/uploads\/2021\/10\/d0f7e9a9-d08f-43bf-9386-06d7b8ca960b.jpeg","width":960,"height":640},{"@type":"BreadcrumbList","@id":"https:\/\/21panorama.com\/index.php\/2021\/10\/15\/colabora-uaem-en-la-promocion-de-una-cultura-de-igualdad-entre-mujeres-y-hombres\/#breadcrumb","itemListElement":[{"@type":"ListItem","position":1,"name":"Inicio","item":"https:\/\/21panorama.com\/"},{"@type":"ListItem","position":2,"name":"Colabora UAEM en la promoci\u00f3n de una cultura de igualdad entre mujeres y hombres"}]},{"@type":"WebSite","@id":"https:\/\/21panorama.com\/#website","url":"https:\/\/21panorama.com\/","name":"21 Panorama","description":"La construcci\u00f3n de la opini\u00f3n p\u00fablica merece un mejor Panorama en este siglo 21 para alcanzar una sociedad con mayor transparencia y sin corrupci\u00f3n.","publisher":{"@id":"https:\/\/21panorama.com\/#organization"},"potentialAction":[{"@type":"SearchAction","target":{"@type":"EntryPoint","urlTemplate":"https:\/\/21panorama.com\/?s={search_term_string}"},"query-input":{"@type":"PropertyValueSpecification","valueRequired":true,"valueName":"search_term_string"}}],"inLanguage":"es"},{"@type":"Organization","@id":"https:\/\/21panorama.com\/#organization","name":"21 Panorama","url":"https:\/\/21panorama.com\/","logo":{"@type":"ImageObject","inLanguage":"es","@id":"https:\/\/21panorama.com\/#\/schema\/logo\/image\/","url":"https:\/\/21panorama.com\/wp-content\/uploads\/2019\/07\/cropped-Logo-Panorama-01.jpeg","contentUrl":"https:\/\/21panorama.com\/wp-content\/uploads\/2019\/07\/cropped-Logo-Panorama-01.jpeg","width":290,"height":70,"caption":"21 Panorama"},"image":{"@id":"https:\/\/21panorama.com\/#\/schema\/logo\/image\/"}},{"@type":"Person","@id":"https:\/\/21panorama.com\/#\/schema\/person\/1afc291b96d5792a158768324287319f","name":"admin","image":{"@type":"ImageObject","inLanguage":"es","@id":"https:\/\/21panorama.com\/#\/schema\/person\/image\/","url":"https:\/\/secure.gravatar.com\/avatar\/ad365d9d9f46719215b0d042cc3df92a5a8683e09ef13d102233e5491985f0f0?s=96&d=mm&r=g","contentUrl":"https:\/\/secure.gravatar.com\/avatar\/ad365d9d9f46719215b0d042cc3df92a5a8683e09ef13d102233e5491985f0f0?s=96&d=mm&r=g","caption":"admin"},"url":"https:\/\/21panorama.com\/index.php\/author\/admin\/"}]}},"_links":{"self":[{"href":"https:\/\/21panorama.com\/index.php\/wp-json\/wp\/v2\/posts\/1890","targetHints":{"allow":["GET"]}}],"collection":[{"href":"https:\/\/21panorama.com\/index.php\/wp-json\/wp\/v2\/posts"}],"about":[{"href":"https:\/\/21panorama.com\/index.php\/wp-json\/wp\/v2\/types\/post"}],"author":[{"embeddable":true,"href":"https:\/\/21panorama.com\/index.php\/wp-json\/wp\/v2\/users\/1"}],"replies":[{"embeddable":true,"href":"https:\/\/21panorama.com\/index.php\/wp-json\/wp\/v2\/comments?post=1890"}],"version-history":[{"count":1,"href":"https:\/\/21panorama.com\/index.php\/wp-json\/wp\/v2\/posts\/1890\/revisions"}],"predecessor-version":[{"id":1893,"href":"https:\/\/21panorama.com\/index.php\/wp-json\/wp\/v2\/posts\/1890\/revisions\/1893"}],"wp:featuredmedia":[{"embeddable":true,"href":"https:\/\/21panorama.com\/index.php\/wp-json\/wp\/v2\/media\/1891"}],"wp:attachment":[{"href":"https:\/\/21panorama.com\/index.php\/wp-json\/wp\/v2\/media?parent=1890"}],"wp:term":[{"taxonomy":"category","embeddable":true,"href":"https:\/\/21panorama.com\/index.php\/wp-json\/wp\/v2\/categories?post=1890"},{"taxonomy":"post_tag","embeddable":true,"href":"https:\/\/21panorama.com\/index.php\/wp-json\/wp\/v2\/tags?post=1890"}],"curies":[{"name":"wp","href":"https:\/\/api.w.org\/{rel}","templated":true}]}}