{"id":1884,"date":"2021-10-15T12:41:00","date_gmt":"2021-10-15T17:41:00","guid":{"rendered":"http:\/\/21panorama.com\/?p=1884"},"modified":"2021-10-16T12:44:09","modified_gmt":"2021-10-16T17:44:09","slug":"consolidamos-una-nueva-relacion-con-la-sociedad-a-la-que-privilegiamos-con-trabajo-y-dedicacion-gaby-gamboa","status":"publish","type":"post","link":"https:\/\/21panorama.com\/index.php\/2021\/10\/15\/consolidamos-una-nueva-relacion-con-la-sociedad-a-la-que-privilegiamos-con-trabajo-y-dedicacion-gaby-gamboa\/","title":{"rendered":"CONSOLIDAMOS UNA NUEVA RELACI\u00d3N CON LA SOCIEDAD A LA QUE PRIVILEGIAMOS CON TRABAJO Y DEDICACI\u00d3N: GABY GAMBOA"},"content":{"rendered":"\n<p>Metepec, M\u00e9xico; 15 de octubre de 2021. En Sesi\u00f3n Solemne de Cabildo donde fue celebrado el 173 Aniversario del Decreto donde se otorg\u00f3 el T\u00edtulo de Villa a Metepec, la alcaldesa Gaby Gamboa S\u00e1nchez, entreg\u00f3 Preseas a ciudadanos distinguidos por su aportaci\u00f3n al desarrollo de la demarcaci\u00f3n.<\/p>\n\n\n\n<p>En la emotiva ceremonia con sede en el auditorio del Museo del Barro, la presidenta municipal, destac\u00f3 la ocasi\u00f3n para honrar y reconocer el deporte, la ciencia, el periodismo, el arte y la cultura del entorno municipal, \u201c\u00e1reas del conocimiento humano tienen como misi\u00f3n, la de cuidar, de proporcionar o suministrar elementos que faciliten nuestra vida diaria, aliviar nuestros dolores, encontrar curas a enfermedades y nos ayuda a comprender el mundo. Su papel es fundamental para el desarrollo de las sociedades y las personas que se consagran a la ciencia, la cultura y artes, son instrumentos de transformaci\u00f3n del entorno en el que viven\u201d.<\/p>\n\n\n\n<p>Con la presencia del cuerpo edilicio en pleno y del representante del gobernador Alfredo del Mazo Maza, el Secretario T\u00e9cnico de la Regi\u00f3n IX de la Secretar\u00eda General de Gobierno del Estado de M\u00e9xico, Jos\u00e9 Juan \u00c1lvarez Mira, la alcaldesa resalt\u00f3 que este d\u00eda, Metepec tambi\u00e9n se rinde ante servidores p\u00fablicos de excelencia en su campo de actuaci\u00f3n, \u201cextiendo la admiraci\u00f3n y la gratitud por la vocaci\u00f3n cumplida en su vida, sabedora de que seguimos trabajando y que a\u00fan quedan p\u00e1ginas por escribir\u201d.<\/p>\n\n\n\n<p>El gobierno municipal, dijo Gaby Gamboa, cumple con el compromiso de privilegiar a los m\u00e1s humildes y a los pueblos originarios del territorio, lo que ha permitido consolidar en casi tres a\u00f1os, una nueva relaci\u00f3n con toda la sociedad, \u201cMetepec es tierra de guerreros, es tierra de ganadores, es tierra bondadosa que hered\u00f3 el trabajo y la pasi\u00f3n de los matlatzincas y de los otom\u00edes, es tierra marcada por la grandeza de esp\u00edritu desde su designaci\u00f3n como Villa de San Juan Bautista de Metepec en aquel a\u00f1o de 1526\u201d.<\/p>\n\n\n\n<p>Gamboa S\u00e1nchez, resalt\u00f3 en una rese\u00f1a, la declaraci\u00f3n de guerra de los Estados Unidos de Norteam\u00e9rica a nuestro pa\u00eds el 12 de mayo de 1846, donde el territorio mexicano fue invadido, lo que motiv\u00f3 gran inquietud y la necesidad de organizar operaciones militares en defensa de los intereses nacionales. En el Estado de M\u00e9xico, el gobernador Francisco Modesto de Olagu\u00edbel expidi\u00f3 un decreto el 2 de junio de 1847, en el cual se estipulaba que la Diputaci\u00f3n Permanente quedaba autorizada &#8220;para decretar toda clase de recursos para el sost\u00e9n de la guerra extranjera y la residencia de los supremos poderes del Estado&#8221;; fue en 1848, debido a la invasi\u00f3n norteamericana en el centro de la Rep\u00fablica, cuando el congreso del Estado de M\u00e9xico instal\u00f3 la sede del gobierno en Metepec de febrero a abril, convirtiendo a Metepec en capital de la entidad.<\/p>\n\n\n\n<p>Fue entonces, puntualiz\u00f3 la edil, cuando ese mismo a\u00f1o, de la pluma del Gobernador Mariano Arizcorreta, se expidi\u00f3 el Decreto n\u00famero noventa y siete (97) mediante el cual se le otorga el T\u00edtulo de Villa a Metepec; \u201ccon ese documento Metepec vio la luz, su origen marc\u00f3 su destino como tierra de gran importancia en nuestro estado y en nuestro pa\u00eds\u201d.<\/p>\n\n\n\n<p>La representaci\u00f3n hist\u00f3rica cultural, subray\u00f3 la presidenta municipal, es un homenaje a las valientes mujeres y hombres, h\u00e9roes conocidos y an\u00f3nimos que guiaron y participaron en la Constituci\u00f3n del Municipio de Metepec, por el que dieron su vida, dejando un valioso legado de entrega y convicciones que sigue vigente hasta nuestros d\u00edas y siempre ser\u00e1 motivo de reconocimiento por parte de todos los mexiquenses que celebramos con j\u00fabilo la libertad y la justicia, porque gracias al esfuerzo y determinaci\u00f3n de nuestros h\u00e9roes, hoy Metepec es un municipio libre, independiente y soberano, que expresa su respeto y amistad a todo ente de sociedad y gobierno.<\/p>\n\n\n\n<p>El momento cumbre de la ceremonia, fue la entrega de la Presea Metepec 2021, otorgada bajo el reconocimiento respectivo, a las siguientes personalidades: M\u00e9rito de Ciencia y Tecnolog\u00eda, Cinasalto (CBTIS 203); M\u00e9rito de Artes y Letras, Margarita Enr\u00edquez S\u00e1nchez, Blanca Leonor Ocampo Bodadilla; M\u00e9rito de Artesan\u00edas, Elsa Mondrag\u00f3n Cruz, Olga Lidia D\u00edaz Gonz\u00e1lez y Teobaldo Marcial Hern\u00e1ndez Cajero; M\u00e9rito de Deportes, Vanessa Yosune Vel\u00e1zquez Castrej\u00f3n y Anah\u00ed Salas Almaraz; M\u00e9rito del Periodismo e Informaci\u00f3n, Alejandra Alarc\u00f3n Ram\u00edrez; M\u00e9rito Municipal, Eugenia Mor\u00e1n R\u00edos; M\u00e9rito a la Juventud, Pablo Dur\u00e1n L\u00f3pez; M\u00e9rito del Desarrollo Sustentable, Mayra Griselda Kuri Mu\u00f1oz; M\u00e9rito Productivo de Campo, Tom\u00e1s Escalona Rodr\u00edguez y Mauricio Jim\u00e9nez L\u00f3pez; M\u00e9rito Social, Mar\u00eda de la Luz Gonz\u00e1lez Mej\u00eda; M\u00e9rito al Valor, Ricardo Maya Ram\u00edrez y Guillermo Rodr\u00edguez Vald\u00e9s; M\u00e9rito a la Igualdad de G\u00e9nero, el Centro de Estudios Estrat\u00e9gicos e Investigaci\u00f3n Social A.C. (CEEIS), y el M\u00e9rito a la Administraci\u00f3n P\u00fablica, fue para Pilar del Consuelo Fern\u00e1ndez Contreras.<\/p>\n\n\n\n<p>Gaby Gamboa, recalc\u00f3 que las personas que recibieron el galard\u00f3n, con el orgullo de ser reconocidos, es el claro ejemplo de que como seres humanos han superado y han logrado hacer lo que muchos desear\u00edan alcanzar en su vida.<\/p>\n\n\n\n<p>\u201cCon gusto observo, que la mujer mexicana va ganando terreno en este tipo de ceremonias, la mujer metepequense representa ese ser indoblegable, inquebrantable, una misi\u00f3n hist\u00f3rica y personal de colocar el nombre de nuestro municipio en lo m\u00e1s alto de su pa\u00eds y en los m\u00e1ximos foros internacionales. Quiero expresar mi m\u00e1s sincera felicitaci\u00f3n y reconocimiento a todas y todos los nominados y compa\u00f1eros galardonados el d\u00eda de hoy, as\u00ed como los que han estado en esta posici\u00f3n en a\u00f1os anteriores. Todos Ustedes son un claro ejemplo de preparaci\u00f3n, esfuerzo y superaci\u00f3n; los admiro a todos y cada uno de ustedes. Muchas gracias por ser un ejemplo para m\u00ed, como presidenta municipal, pero principalmente de servir de ejemplo para toda la juventud\u201d.<\/p>\n\n\n\n<p>A nombre de los homenajeados, Pilar del Consuelo Fern\u00e1ndez Contreras, agradeci\u00f3 al ayuntamiento de Metepec por prevalecer el reconocimiento a ciudadanos, en un acto de corresponsabilidad donde se honra la lealtad y el compromiso de cada persona, de cada ciudadano. Exalt\u00f3 que es un orgullo servir a Metepec desde diferentes \u00e1reas y campos productivos; asimismo, felicit\u00f3 al gobierno municipal por mantener el ritmo de trabajo a\u00fan en pandemia, lo que agradece la sociedad.<\/p>\n\n\n\n<p>Por \u00faltimo, la mun\u00edcipe hizo un par\u00e9ntesis para hablar de la situaci\u00f3n que prevalece en el pa\u00eds, donde la actual emergencia sanitaria, dijo, sin duda ha marcado nuestra historia como humanidad, no deja indiferente a ning\u00fan metepequense, porque de manera directa o indirecta, todos hemos sido afectados y orientados por una serie de normativas globales y condiciones higi\u00e9nicas que han cambiado nuestros h\u00e1bitos cotidianos, rutinas, as\u00ed como nuestras formas de trabajar e incluso de relacionarnos con los dem\u00e1s. La reorientaci\u00f3n de los esfuerzos por dicha emergencia sanitaria, implic\u00f3 reconocer que el conocimiento debe ser difundido ampliamente, ya que se construye con base en la exploraci\u00f3n de lo desconocido, ese territorio ignoto delimitado por las fronteras de la ciencia, dominio en el que se conquistan nuevos saberes, concluy\u00f3.<\/p>\n\n\n\n<p>Al final, luego de rendir un minuto de aplausos para los trabajadores de la salud y entonar el himno del Estado de M\u00e9xico, se devel\u00f3 una placa alusiva al acto, el cual qued\u00f3 registrado en una imagen grupal de los integrantes del ayuntamiento y los galardonados.<\/p>\n\n\n\n<figure class=\"wp-block-gallery columns-3 is-cropped wp-block-gallery-1 is-layout-flex wp-block-gallery-is-layout-flex\"><ul class=\"blocks-gallery-grid\"><li class=\"blocks-gallery-item\"><figure><img decoding=\"async\" width=\"960\" height=\"640\" src=\"https:\/\/21panorama.com\/wp-content\/uploads\/2021\/10\/aeb619d7-f83a-4b67-aea6-1c53880cf481.jpeg\" alt=\"\" data-id=\"1886\" data-link=\"https:\/\/21panorama.com\/?attachment_id=1886\" class=\"wp-image-1886\" srcset=\"https:\/\/21panorama.com\/wp-content\/uploads\/2021\/10\/aeb619d7-f83a-4b67-aea6-1c53880cf481.jpeg 960w, https:\/\/21panorama.com\/wp-content\/uploads\/2021\/10\/aeb619d7-f83a-4b67-aea6-1c53880cf481-300x200.jpeg 300w, https:\/\/21panorama.com\/wp-content\/uploads\/2021\/10\/aeb619d7-f83a-4b67-aea6-1c53880cf481-768x512.jpeg 768w\" sizes=\"(max-width: 960px) 100vw, 960px\" \/><\/figure><\/li><li class=\"blocks-gallery-item\"><figure><img decoding=\"async\" width=\"960\" height=\"640\" src=\"https:\/\/21panorama.com\/wp-content\/uploads\/2021\/10\/3aa8a888-7fde-4cc1-b3fe-82f36162fe30.jpeg\" alt=\"\" data-id=\"1887\" data-link=\"https:\/\/21panorama.com\/?attachment_id=1887\" class=\"wp-image-1887\" srcset=\"https:\/\/21panorama.com\/wp-content\/uploads\/2021\/10\/3aa8a888-7fde-4cc1-b3fe-82f36162fe30.jpeg 960w, https:\/\/21panorama.com\/wp-content\/uploads\/2021\/10\/3aa8a888-7fde-4cc1-b3fe-82f36162fe30-300x200.jpeg 300w, https:\/\/21panorama.com\/wp-content\/uploads\/2021\/10\/3aa8a888-7fde-4cc1-b3fe-82f36162fe30-768x512.jpeg 768w\" sizes=\"(max-width: 960px) 100vw, 960px\" \/><\/figure><\/li><li class=\"blocks-gallery-item\"><figure><img decoding=\"async\" width=\"960\" height=\"640\" src=\"https:\/\/21panorama.com\/wp-content\/uploads\/2021\/10\/4c55aed0-090e-48d8-8a24-fe910e87539f.jpeg\" alt=\"\" data-id=\"1888\" data-full-url=\"https:\/\/21panorama.com\/wp-content\/uploads\/2021\/10\/4c55aed0-090e-48d8-8a24-fe910e87539f.jpeg\" data-link=\"https:\/\/21panorama.com\/?attachment_id=1888\" class=\"wp-image-1888\" srcset=\"https:\/\/21panorama.com\/wp-content\/uploads\/2021\/10\/4c55aed0-090e-48d8-8a24-fe910e87539f.jpeg 960w, https:\/\/21panorama.com\/wp-content\/uploads\/2021\/10\/4c55aed0-090e-48d8-8a24-fe910e87539f-300x200.jpeg 300w, https:\/\/21panorama.com\/wp-content\/uploads\/2021\/10\/4c55aed0-090e-48d8-8a24-fe910e87539f-768x512.jpeg 768w\" sizes=\"(max-width: 960px) 100vw, 960px\" \/><\/figure><\/li><\/ul><\/figure>\n","protected":false},"excerpt":{"rendered":"<p>Alcaldesa reconoce a ciudadanos distinguidos con la Presea Metepec 2021.<\/p>\n","protected":false},"author":1,"featured_media":1885,"comment_status":"open","ping_status":"open","sticky":false,"template":"","format":"standard","meta":{"footnotes":""},"categories":[1],"tags":[77],"class_list":["post-1884","post","type-post","status-publish","format-standard","has-post-thumbnail","hentry","category-sociedad","tag-metepec"],"yoast_head":"<!-- This site is optimized with the Yoast SEO plugin v24.9 - https:\/\/yoast.com\/wordpress\/plugins\/seo\/ -->\n<title>CONSOLIDAMOS UNA NUEVA RELACI\u00d3N CON LA SOCIEDAD A LA QUE PRIVILEGIAMOS CON TRABAJO Y DEDICACI\u00d3N: GABY GAMBOA - 21 Panorama<\/title>\n<meta name=\"robots\" content=\"index, follow, max-snippet:-1, max-image-preview:large, max-video-preview:-1\" \/>\n<link rel=\"canonical\" href=\"https:\/\/21panorama.com\/index.php\/2021\/10\/15\/consolidamos-una-nueva-relacion-con-la-sociedad-a-la-que-privilegiamos-con-trabajo-y-dedicacion-gaby-gamboa\/\" \/>\n<meta property=\"og:locale\" content=\"es_MX\" \/>\n<meta property=\"og:type\" content=\"article\" \/>\n<meta property=\"og:title\" content=\"CONSOLIDAMOS UNA NUEVA RELACI\u00d3N CON LA SOCIEDAD A LA QUE PRIVILEGIAMOS CON TRABAJO Y DEDICACI\u00d3N: GABY GAMBOA - 21 Panorama\" \/>\n<meta property=\"og:description\" content=\"Alcaldesa reconoce a ciudadanos distinguidos con la Presea Metepec 2021.\" \/>\n<meta property=\"og:url\" content=\"https:\/\/21panorama.com\/index.php\/2021\/10\/15\/consolidamos-una-nueva-relacion-con-la-sociedad-a-la-que-privilegiamos-con-trabajo-y-dedicacion-gaby-gamboa\/\" \/>\n<meta property=\"og:site_name\" content=\"21 Panorama\" \/>\n<meta property=\"article:published_time\" content=\"2021-10-15T17:41:00+00:00\" \/>\n<meta property=\"article:modified_time\" content=\"2021-10-16T17:44:09+00:00\" \/>\n<meta property=\"og:image\" content=\"https:\/\/21panorama.com\/wp-content\/uploads\/2021\/10\/2dfc96d2-0c81-4abe-9bda-e51d0e0d9e11.jpeg\" \/>\n\t<meta property=\"og:image:width\" content=\"960\" \/>\n\t<meta property=\"og:image:height\" content=\"316\" \/>\n\t<meta property=\"og:image:type\" content=\"image\/jpeg\" \/>\n<meta name=\"author\" content=\"admin\" \/>\n<meta name=\"twitter:card\" content=\"summary_large_image\" \/>\n<meta name=\"twitter:label1\" content=\"Escrito por\" \/>\n\t<meta name=\"twitter:data1\" content=\"admin\" \/>\n\t<meta name=\"twitter:label2\" content=\"Tiempo de lectura\" \/>\n\t<meta name=\"twitter:data2\" content=\"6 minutos\" \/>\n<script type=\"application\/ld+json\" class=\"yoast-schema-graph\">{\"@context\":\"https:\/\/schema.org\",\"@graph\":[{\"@type\":\"Article\",\"@id\":\"https:\/\/21panorama.com\/index.php\/2021\/10\/15\/consolidamos-una-nueva-relacion-con-la-sociedad-a-la-que-privilegiamos-con-trabajo-y-dedicacion-gaby-gamboa\/#article\",\"isPartOf\":{\"@id\":\"https:\/\/21panorama.com\/index.php\/2021\/10\/15\/consolidamos-una-nueva-relacion-con-la-sociedad-a-la-que-privilegiamos-con-trabajo-y-dedicacion-gaby-gamboa\/\"},\"author\":{\"name\":\"admin\",\"@id\":\"https:\/\/21panorama.com\/#\/schema\/person\/1afc291b96d5792a158768324287319f\"},\"headline\":\"CONSOLIDAMOS UNA NUEVA RELACI\u00d3N CON LA SOCIEDAD A LA QUE PRIVILEGIAMOS CON TRABAJO Y DEDICACI\u00d3N: GABY GAMBOA\",\"datePublished\":\"2021-10-15T17:41:00+00:00\",\"dateModified\":\"2021-10-16T17:44:09+00:00\",\"mainEntityOfPage\":{\"@id\":\"https:\/\/21panorama.com\/index.php\/2021\/10\/15\/consolidamos-una-nueva-relacion-con-la-sociedad-a-la-que-privilegiamos-con-trabajo-y-dedicacion-gaby-gamboa\/\"},\"wordCount\":1330,\"commentCount\":0,\"publisher\":{\"@id\":\"https:\/\/21panorama.com\/#organization\"},\"image\":{\"@id\":\"https:\/\/21panorama.com\/index.php\/2021\/10\/15\/consolidamos-una-nueva-relacion-con-la-sociedad-a-la-que-privilegiamos-con-trabajo-y-dedicacion-gaby-gamboa\/#primaryimage\"},\"thumbnailUrl\":\"https:\/\/21panorama.com\/wp-content\/uploads\/2021\/10\/2dfc96d2-0c81-4abe-9bda-e51d0e0d9e11.jpeg\",\"keywords\":[\"Metepec\"],\"articleSection\":[\"Sociedad\"],\"inLanguage\":\"es\",\"potentialAction\":[{\"@type\":\"CommentAction\",\"name\":\"Comment\",\"target\":[\"https:\/\/21panorama.com\/index.php\/2021\/10\/15\/consolidamos-una-nueva-relacion-con-la-sociedad-a-la-que-privilegiamos-con-trabajo-y-dedicacion-gaby-gamboa\/#respond\"]}]},{\"@type\":\"WebPage\",\"@id\":\"https:\/\/21panorama.com\/index.php\/2021\/10\/15\/consolidamos-una-nueva-relacion-con-la-sociedad-a-la-que-privilegiamos-con-trabajo-y-dedicacion-gaby-gamboa\/\",\"url\":\"https:\/\/21panorama.com\/index.php\/2021\/10\/15\/consolidamos-una-nueva-relacion-con-la-sociedad-a-la-que-privilegiamos-con-trabajo-y-dedicacion-gaby-gamboa\/\",\"name\":\"CONSOLIDAMOS UNA NUEVA RELACI\u00d3N CON LA SOCIEDAD A LA QUE PRIVILEGIAMOS CON TRABAJO Y DEDICACI\u00d3N: GABY GAMBOA - 21 Panorama\",\"isPartOf\":{\"@id\":\"https:\/\/21panorama.com\/#website\"},\"primaryImageOfPage\":{\"@id\":\"https:\/\/21panorama.com\/index.php\/2021\/10\/15\/consolidamos-una-nueva-relacion-con-la-sociedad-a-la-que-privilegiamos-con-trabajo-y-dedicacion-gaby-gamboa\/#primaryimage\"},\"image\":{\"@id\":\"https:\/\/21panorama.com\/index.php\/2021\/10\/15\/consolidamos-una-nueva-relacion-con-la-sociedad-a-la-que-privilegiamos-con-trabajo-y-dedicacion-gaby-gamboa\/#primaryimage\"},\"thumbnailUrl\":\"https:\/\/21panorama.com\/wp-content\/uploads\/2021\/10\/2dfc96d2-0c81-4abe-9bda-e51d0e0d9e11.jpeg\",\"datePublished\":\"2021-10-15T17:41:00+00:00\",\"dateModified\":\"2021-10-16T17:44:09+00:00\",\"breadcrumb\":{\"@id\":\"https:\/\/21panorama.com\/index.php\/2021\/10\/15\/consolidamos-una-nueva-relacion-con-la-sociedad-a-la-que-privilegiamos-con-trabajo-y-dedicacion-gaby-gamboa\/#breadcrumb\"},\"inLanguage\":\"es\",\"potentialAction\":[{\"@type\":\"ReadAction\",\"target\":[\"https:\/\/21panorama.com\/index.php\/2021\/10\/15\/consolidamos-una-nueva-relacion-con-la-sociedad-a-la-que-privilegiamos-con-trabajo-y-dedicacion-gaby-gamboa\/\"]}]},{\"@type\":\"ImageObject\",\"inLanguage\":\"es\",\"@id\":\"https:\/\/21panorama.com\/index.php\/2021\/10\/15\/consolidamos-una-nueva-relacion-con-la-sociedad-a-la-que-privilegiamos-con-trabajo-y-dedicacion-gaby-gamboa\/#primaryimage\",\"url\":\"https:\/\/21panorama.com\/wp-content\/uploads\/2021\/10\/2dfc96d2-0c81-4abe-9bda-e51d0e0d9e11.jpeg\",\"contentUrl\":\"https:\/\/21panorama.com\/wp-content\/uploads\/2021\/10\/2dfc96d2-0c81-4abe-9bda-e51d0e0d9e11.jpeg\",\"width\":960,\"height\":316},{\"@type\":\"BreadcrumbList\",\"@id\":\"https:\/\/21panorama.com\/index.php\/2021\/10\/15\/consolidamos-una-nueva-relacion-con-la-sociedad-a-la-que-privilegiamos-con-trabajo-y-dedicacion-gaby-gamboa\/#breadcrumb\",\"itemListElement\":[{\"@type\":\"ListItem\",\"position\":1,\"name\":\"Inicio\",\"item\":\"https:\/\/21panorama.com\/\"},{\"@type\":\"ListItem\",\"position\":2,\"name\":\"CONSOLIDAMOS UNA NUEVA RELACI\u00d3N CON LA SOCIEDAD A LA QUE PRIVILEGIAMOS CON TRABAJO Y DEDICACI\u00d3N: GABY GAMBOA\"}]},{\"@type\":\"WebSite\",\"@id\":\"https:\/\/21panorama.com\/#website\",\"url\":\"https:\/\/21panorama.com\/\",\"name\":\"21 Panorama\",\"description\":\"La construcci\u00f3n de la opini\u00f3n p\u00fablica merece un mejor Panorama en este siglo 21 para alcanzar una sociedad con mayor transparencia y sin corrupci\u00f3n.\",\"publisher\":{\"@id\":\"https:\/\/21panorama.com\/#organization\"},\"potentialAction\":[{\"@type\":\"SearchAction\",\"target\":{\"@type\":\"EntryPoint\",\"urlTemplate\":\"https:\/\/21panorama.com\/?s={search_term_string}\"},\"query-input\":{\"@type\":\"PropertyValueSpecification\",\"valueRequired\":true,\"valueName\":\"search_term_string\"}}],\"inLanguage\":\"es\"},{\"@type\":\"Organization\",\"@id\":\"https:\/\/21panorama.com\/#organization\",\"name\":\"21 Panorama\",\"url\":\"https:\/\/21panorama.com\/\",\"logo\":{\"@type\":\"ImageObject\",\"inLanguage\":\"es\",\"@id\":\"https:\/\/21panorama.com\/#\/schema\/logo\/image\/\",\"url\":\"https:\/\/21panorama.com\/wp-content\/uploads\/2019\/07\/cropped-Logo-Panorama-01.jpeg\",\"contentUrl\":\"https:\/\/21panorama.com\/wp-content\/uploads\/2019\/07\/cropped-Logo-Panorama-01.jpeg\",\"width\":290,\"height\":70,\"caption\":\"21 Panorama\"},\"image\":{\"@id\":\"https:\/\/21panorama.com\/#\/schema\/logo\/image\/\"}},{\"@type\":\"Person\",\"@id\":\"https:\/\/21panorama.com\/#\/schema\/person\/1afc291b96d5792a158768324287319f\",\"name\":\"admin\",\"image\":{\"@type\":\"ImageObject\",\"inLanguage\":\"es\",\"@id\":\"https:\/\/21panorama.com\/#\/schema\/person\/image\/\",\"url\":\"https:\/\/secure.gravatar.com\/avatar\/ad365d9d9f46719215b0d042cc3df92a5a8683e09ef13d102233e5491985f0f0?s=96&d=mm&r=g\",\"contentUrl\":\"https:\/\/secure.gravatar.com\/avatar\/ad365d9d9f46719215b0d042cc3df92a5a8683e09ef13d102233e5491985f0f0?s=96&d=mm&r=g\",\"caption\":\"admin\"},\"url\":\"https:\/\/21panorama.com\/index.php\/author\/admin\/\"}]}<\/script>\n<!-- \/ Yoast SEO plugin. -->","yoast_head_json":{"title":"CONSOLIDAMOS UNA NUEVA RELACI\u00d3N CON LA SOCIEDAD A LA QUE PRIVILEGIAMOS CON TRABAJO Y DEDICACI\u00d3N: GABY GAMBOA - 21 Panorama","robots":{"index":"index","follow":"follow","max-snippet":"max-snippet:-1","max-image-preview":"max-image-preview:large","max-video-preview":"max-video-preview:-1"},"canonical":"https:\/\/21panorama.com\/index.php\/2021\/10\/15\/consolidamos-una-nueva-relacion-con-la-sociedad-a-la-que-privilegiamos-con-trabajo-y-dedicacion-gaby-gamboa\/","og_locale":"es_MX","og_type":"article","og_title":"CONSOLIDAMOS UNA NUEVA RELACI\u00d3N CON LA SOCIEDAD A LA QUE PRIVILEGIAMOS CON TRABAJO Y DEDICACI\u00d3N: GABY GAMBOA - 21 Panorama","og_description":"Alcaldesa reconoce a ciudadanos distinguidos con la Presea Metepec 2021.","og_url":"https:\/\/21panorama.com\/index.php\/2021\/10\/15\/consolidamos-una-nueva-relacion-con-la-sociedad-a-la-que-privilegiamos-con-trabajo-y-dedicacion-gaby-gamboa\/","og_site_name":"21 Panorama","article_published_time":"2021-10-15T17:41:00+00:00","article_modified_time":"2021-10-16T17:44:09+00:00","og_image":[{"width":960,"height":316,"url":"https:\/\/21panorama.com\/wp-content\/uploads\/2021\/10\/2dfc96d2-0c81-4abe-9bda-e51d0e0d9e11.jpeg","type":"image\/jpeg"}],"author":"admin","twitter_card":"summary_large_image","twitter_misc":{"Escrito por":"admin","Tiempo de lectura":"6 minutos"},"schema":{"@context":"https:\/\/schema.org","@graph":[{"@type":"Article","@id":"https:\/\/21panorama.com\/index.php\/2021\/10\/15\/consolidamos-una-nueva-relacion-con-la-sociedad-a-la-que-privilegiamos-con-trabajo-y-dedicacion-gaby-gamboa\/#article","isPartOf":{"@id":"https:\/\/21panorama.com\/index.php\/2021\/10\/15\/consolidamos-una-nueva-relacion-con-la-sociedad-a-la-que-privilegiamos-con-trabajo-y-dedicacion-gaby-gamboa\/"},"author":{"name":"admin","@id":"https:\/\/21panorama.com\/#\/schema\/person\/1afc291b96d5792a158768324287319f"},"headline":"CONSOLIDAMOS UNA NUEVA RELACI\u00d3N CON LA SOCIEDAD A LA QUE PRIVILEGIAMOS CON TRABAJO Y DEDICACI\u00d3N: GABY GAMBOA","datePublished":"2021-10-15T17:41:00+00:00","dateModified":"2021-10-16T17:44:09+00:00","mainEntityOfPage":{"@id":"https:\/\/21panorama.com\/index.php\/2021\/10\/15\/consolidamos-una-nueva-relacion-con-la-sociedad-a-la-que-privilegiamos-con-trabajo-y-dedicacion-gaby-gamboa\/"},"wordCount":1330,"commentCount":0,"publisher":{"@id":"https:\/\/21panorama.com\/#organization"},"image":{"@id":"https:\/\/21panorama.com\/index.php\/2021\/10\/15\/consolidamos-una-nueva-relacion-con-la-sociedad-a-la-que-privilegiamos-con-trabajo-y-dedicacion-gaby-gamboa\/#primaryimage"},"thumbnailUrl":"https:\/\/21panorama.com\/wp-content\/uploads\/2021\/10\/2dfc96d2-0c81-4abe-9bda-e51d0e0d9e11.jpeg","keywords":["Metepec"],"articleSection":["Sociedad"],"inLanguage":"es","potentialAction":[{"@type":"CommentAction","name":"Comment","target":["https:\/\/21panorama.com\/index.php\/2021\/10\/15\/consolidamos-una-nueva-relacion-con-la-sociedad-a-la-que-privilegiamos-con-trabajo-y-dedicacion-gaby-gamboa\/#respond"]}]},{"@type":"WebPage","@id":"https:\/\/21panorama.com\/index.php\/2021\/10\/15\/consolidamos-una-nueva-relacion-con-la-sociedad-a-la-que-privilegiamos-con-trabajo-y-dedicacion-gaby-gamboa\/","url":"https:\/\/21panorama.com\/index.php\/2021\/10\/15\/consolidamos-una-nueva-relacion-con-la-sociedad-a-la-que-privilegiamos-con-trabajo-y-dedicacion-gaby-gamboa\/","name":"CONSOLIDAMOS UNA NUEVA RELACI\u00d3N CON LA SOCIEDAD A LA QUE PRIVILEGIAMOS CON TRABAJO Y DEDICACI\u00d3N: GABY GAMBOA - 21 Panorama","isPartOf":{"@id":"https:\/\/21panorama.com\/#website"},"primaryImageOfPage":{"@id":"https:\/\/21panorama.com\/index.php\/2021\/10\/15\/consolidamos-una-nueva-relacion-con-la-sociedad-a-la-que-privilegiamos-con-trabajo-y-dedicacion-gaby-gamboa\/#primaryimage"},"image":{"@id":"https:\/\/21panorama.com\/index.php\/2021\/10\/15\/consolidamos-una-nueva-relacion-con-la-sociedad-a-la-que-privilegiamos-con-trabajo-y-dedicacion-gaby-gamboa\/#primaryimage"},"thumbnailUrl":"https:\/\/21panorama.com\/wp-content\/uploads\/2021\/10\/2dfc96d2-0c81-4abe-9bda-e51d0e0d9e11.jpeg","datePublished":"2021-10-15T17:41:00+00:00","dateModified":"2021-10-16T17:44:09+00:00","breadcrumb":{"@id":"https:\/\/21panorama.com\/index.php\/2021\/10\/15\/consolidamos-una-nueva-relacion-con-la-sociedad-a-la-que-privilegiamos-con-trabajo-y-dedicacion-gaby-gamboa\/#breadcrumb"},"inLanguage":"es","potentialAction":[{"@type":"ReadAction","target":["https:\/\/21panorama.com\/index.php\/2021\/10\/15\/consolidamos-una-nueva-relacion-con-la-sociedad-a-la-que-privilegiamos-con-trabajo-y-dedicacion-gaby-gamboa\/"]}]},{"@type":"ImageObject","inLanguage":"es","@id":"https:\/\/21panorama.com\/index.php\/2021\/10\/15\/consolidamos-una-nueva-relacion-con-la-sociedad-a-la-que-privilegiamos-con-trabajo-y-dedicacion-gaby-gamboa\/#primaryimage","url":"https:\/\/21panorama.com\/wp-content\/uploads\/2021\/10\/2dfc96d2-0c81-4abe-9bda-e51d0e0d9e11.jpeg","contentUrl":"https:\/\/21panorama.com\/wp-content\/uploads\/2021\/10\/2dfc96d2-0c81-4abe-9bda-e51d0e0d9e11.jpeg","width":960,"height":316},{"@type":"BreadcrumbList","@id":"https:\/\/21panorama.com\/index.php\/2021\/10\/15\/consolidamos-una-nueva-relacion-con-la-sociedad-a-la-que-privilegiamos-con-trabajo-y-dedicacion-gaby-gamboa\/#breadcrumb","itemListElement":[{"@type":"ListItem","position":1,"name":"Inicio","item":"https:\/\/21panorama.com\/"},{"@type":"ListItem","position":2,"name":"CONSOLIDAMOS UNA NUEVA RELACI\u00d3N CON LA SOCIEDAD A LA QUE PRIVILEGIAMOS CON TRABAJO Y DEDICACI\u00d3N: GABY GAMBOA"}]},{"@type":"WebSite","@id":"https:\/\/21panorama.com\/#website","url":"https:\/\/21panorama.com\/","name":"21 Panorama","description":"La construcci\u00f3n de la opini\u00f3n p\u00fablica merece un mejor Panorama en este siglo 21 para alcanzar una sociedad con mayor transparencia y sin corrupci\u00f3n.","publisher":{"@id":"https:\/\/21panorama.com\/#organization"},"potentialAction":[{"@type":"SearchAction","target":{"@type":"EntryPoint","urlTemplate":"https:\/\/21panorama.com\/?s={search_term_string}"},"query-input":{"@type":"PropertyValueSpecification","valueRequired":true,"valueName":"search_term_string"}}],"inLanguage":"es"},{"@type":"Organization","@id":"https:\/\/21panorama.com\/#organization","name":"21 Panorama","url":"https:\/\/21panorama.com\/","logo":{"@type":"ImageObject","inLanguage":"es","@id":"https:\/\/21panorama.com\/#\/schema\/logo\/image\/","url":"https:\/\/21panorama.com\/wp-content\/uploads\/2019\/07\/cropped-Logo-Panorama-01.jpeg","contentUrl":"https:\/\/21panorama.com\/wp-content\/uploads\/2019\/07\/cropped-Logo-Panorama-01.jpeg","width":290,"height":70,"caption":"21 Panorama"},"image":{"@id":"https:\/\/21panorama.com\/#\/schema\/logo\/image\/"}},{"@type":"Person","@id":"https:\/\/21panorama.com\/#\/schema\/person\/1afc291b96d5792a158768324287319f","name":"admin","image":{"@type":"ImageObject","inLanguage":"es","@id":"https:\/\/21panorama.com\/#\/schema\/person\/image\/","url":"https:\/\/secure.gravatar.com\/avatar\/ad365d9d9f46719215b0d042cc3df92a5a8683e09ef13d102233e5491985f0f0?s=96&d=mm&r=g","contentUrl":"https:\/\/secure.gravatar.com\/avatar\/ad365d9d9f46719215b0d042cc3df92a5a8683e09ef13d102233e5491985f0f0?s=96&d=mm&r=g","caption":"admin"},"url":"https:\/\/21panorama.com\/index.php\/author\/admin\/"}]}},"_links":{"self":[{"href":"https:\/\/21panorama.com\/index.php\/wp-json\/wp\/v2\/posts\/1884","targetHints":{"allow":["GET"]}}],"collection":[{"href":"https:\/\/21panorama.com\/index.php\/wp-json\/wp\/v2\/posts"}],"about":[{"href":"https:\/\/21panorama.com\/index.php\/wp-json\/wp\/v2\/types\/post"}],"author":[{"embeddable":true,"href":"https:\/\/21panorama.com\/index.php\/wp-json\/wp\/v2\/users\/1"}],"replies":[{"embeddable":true,"href":"https:\/\/21panorama.com\/index.php\/wp-json\/wp\/v2\/comments?post=1884"}],"version-history":[{"count":1,"href":"https:\/\/21panorama.com\/index.php\/wp-json\/wp\/v2\/posts\/1884\/revisions"}],"predecessor-version":[{"id":1889,"href":"https:\/\/21panorama.com\/index.php\/wp-json\/wp\/v2\/posts\/1884\/revisions\/1889"}],"wp:featuredmedia":[{"embeddable":true,"href":"https:\/\/21panorama.com\/index.php\/wp-json\/wp\/v2\/media\/1885"}],"wp:attachment":[{"href":"https:\/\/21panorama.com\/index.php\/wp-json\/wp\/v2\/media?parent=1884"}],"wp:term":[{"taxonomy":"category","embeddable":true,"href":"https:\/\/21panorama.com\/index.php\/wp-json\/wp\/v2\/categories?post=1884"},{"taxonomy":"post_tag","embeddable":true,"href":"https:\/\/21panorama.com\/index.php\/wp-json\/wp\/v2\/tags?post=1884"}],"curies":[{"name":"wp","href":"https:\/\/api.w.org\/{rel}","templated":true}]}}