{"id":1876,"date":"2021-10-15T12:43:40","date_gmt":"2021-10-15T17:43:40","guid":{"rendered":"http:\/\/21panorama.com\/?p=1876"},"modified":"2021-10-15T12:43:42","modified_gmt":"2021-10-15T17:43:42","slug":"accion-de-inconstitucionalidad-contra-revocacion-de-mandato","status":"publish","type":"post","link":"https:\/\/21panorama.com\/index.php\/2021\/10\/15\/accion-de-inconstitucionalidad-contra-revocacion-de-mandato\/","title":{"rendered":"ACCI\u00d3N DE INCONSTITUCIONALIDAD CONTRA REVOCACI\u00d3N DE MANDATO"},"content":{"rendered":"\n<p>Diputados integrantes de la alianza Va por M\u00e9xico (PRI PAN PRD) presentaron en la Suprema Corte de Justicia de la Naci\u00f3n un recurso de inconstitucionalidad contra la Ley de Revocaci\u00f3n de Mandato.<\/p>\n\n\n\n<p>Esta es una acci\u00f3n en defensa de la voluntad de los ciudadanos porque la Constituci\u00f3n otorga facultades a los mexicanos de que puedan expresarse y en su caso detener el mandato del Presidente en turno.<\/p>\n\n\n\n<p>De acuerdo al documento presentando en el Poder Judicial, argumentan que no es facultad de los partidos pol\u00edticos como lo establece la ley que aprob\u00f3 la mayor\u00eda en la pasada legislatura.<\/p>\n\n\n\n<p>Lo vuelve un instrumento de activismo, manipulaci\u00f3n, enga\u00f1o y propaganda a favor del partido en el poder y del presidente de la Rep\u00fablica.<\/p>\n\n\n\n<figure class=\"wp-block-gallery columns-2 is-cropped wp-block-gallery-1 is-layout-flex wp-block-gallery-is-layout-flex\"><ul class=\"blocks-gallery-grid\"><li class=\"blocks-gallery-item\"><figure><img decoding=\"async\" width=\"960\" height=\"640\" src=\"https:\/\/21panorama.com\/wp-content\/uploads\/2021\/10\/affd90f6-e27b-4d9a-99bf-67684313c5a3.jpeg\" alt=\"\" data-id=\"1878\" data-link=\"https:\/\/21panorama.com\/?attachment_id=1878\" class=\"wp-image-1878\" srcset=\"https:\/\/21panorama.com\/wp-content\/uploads\/2021\/10\/affd90f6-e27b-4d9a-99bf-67684313c5a3.jpeg 960w, https:\/\/21panorama.com\/wp-content\/uploads\/2021\/10\/affd90f6-e27b-4d9a-99bf-67684313c5a3-300x200.jpeg 300w, https:\/\/21panorama.com\/wp-content\/uploads\/2021\/10\/affd90f6-e27b-4d9a-99bf-67684313c5a3-768x512.jpeg 768w\" sizes=\"(max-width: 960px) 100vw, 960px\" \/><\/figure><\/li><li class=\"blocks-gallery-item\"><figure><img decoding=\"async\" width=\"640\" height=\"960\" src=\"https:\/\/21panorama.com\/wp-content\/uploads\/2021\/10\/ea519339-f0af-4a7d-adc8-2e7e83150a46.jpeg\" alt=\"\" data-id=\"1879\" data-full-url=\"https:\/\/21panorama.com\/wp-content\/uploads\/2021\/10\/ea519339-f0af-4a7d-adc8-2e7e83150a46.jpeg\" data-link=\"https:\/\/21panorama.com\/?attachment_id=1879\" class=\"wp-image-1879\" srcset=\"https:\/\/21panorama.com\/wp-content\/uploads\/2021\/10\/ea519339-f0af-4a7d-adc8-2e7e83150a46.jpeg 640w, https:\/\/21panorama.com\/wp-content\/uploads\/2021\/10\/ea519339-f0af-4a7d-adc8-2e7e83150a46-200x300.jpeg 200w\" sizes=\"(max-width: 640px) 100vw, 640px\" \/><\/figure><\/li><\/ul><\/figure>\n","protected":false},"excerpt":{"rendered":"<p>Diputados integrantes de la alianza Va por M\u00e9xico (PRI PAN PRD) presentaron en la Suprema Corte de Justicia de la Naci\u00f3n un recurso de inconstitucionalidad contra la Ley de Revocaci\u00f3n de Mandato.  <\/p>\n","protected":false},"author":1,"featured_media":1877,"comment_status":"open","ping_status":"open","sticky":false,"template":"","format":"standard","meta":{"footnotes":""},"categories":[12],"tags":[149],"class_list":["post-1876","post","type-post","status-publish","format-standard","has-post-thumbnail","hentry","category-politica","tag-revocacion"],"yoast_head":"<!-- This site is optimized with the Yoast SEO plugin v24.9 - https:\/\/yoast.com\/wordpress\/plugins\/seo\/ -->\n<title>ACCI\u00d3N DE INCONSTITUCIONALIDAD CONTRA REVOCACI\u00d3N DE MANDATO - 21 Panorama<\/title>\n<meta name=\"robots\" content=\"index, follow, max-snippet:-1, max-image-preview:large, max-video-preview:-1\" \/>\n<link rel=\"canonical\" href=\"https:\/\/21panorama.com\/index.php\/2021\/10\/15\/accion-de-inconstitucionalidad-contra-revocacion-de-mandato\/\" \/>\n<meta property=\"og:locale\" content=\"es_MX\" \/>\n<meta property=\"og:type\" content=\"article\" \/>\n<meta property=\"og:title\" content=\"ACCI\u00d3N DE INCONSTITUCIONALIDAD CONTRA REVOCACI\u00d3N DE MANDATO - 21 Panorama\" \/>\n<meta property=\"og:description\" content=\"Diputados integrantes de la alianza Va por M\u00e9xico (PRI PAN PRD) presentaron en la Suprema Corte de Justicia de la Naci\u00f3n un recurso de inconstitucionalidad contra la Ley de Revocaci\u00f3n de Mandato.\" \/>\n<meta property=\"og:url\" content=\"https:\/\/21panorama.com\/index.php\/2021\/10\/15\/accion-de-inconstitucionalidad-contra-revocacion-de-mandato\/\" \/>\n<meta property=\"og:site_name\" content=\"21 Panorama\" \/>\n<meta property=\"article:published_time\" content=\"2021-10-15T17:43:40+00:00\" \/>\n<meta property=\"article:modified_time\" content=\"2021-10-15T17:43:42+00:00\" \/>\n<meta property=\"og:image\" content=\"https:\/\/21panorama.com\/wp-content\/uploads\/2021\/10\/50b64dfc-5c24-4287-812d-4e76dd549ee9.jpeg\" \/>\n\t<meta property=\"og:image:width\" content=\"960\" \/>\n\t<meta property=\"og:image:height\" content=\"640\" \/>\n\t<meta property=\"og:image:type\" content=\"image\/jpeg\" \/>\n<meta name=\"author\" content=\"admin\" \/>\n<meta name=\"twitter:card\" content=\"summary_large_image\" \/>\n<meta name=\"twitter:label1\" content=\"Escrito por\" \/>\n\t<meta name=\"twitter:data1\" content=\"admin\" \/>\n\t<meta name=\"twitter:label2\" content=\"Tiempo de lectura\" \/>\n\t<meta name=\"twitter:data2\" content=\"1 minuto\" \/>\n<script type=\"application\/ld+json\" class=\"yoast-schema-graph\">{\"@context\":\"https:\/\/schema.org\",\"@graph\":[{\"@type\":\"Article\",\"@id\":\"https:\/\/21panorama.com\/index.php\/2021\/10\/15\/accion-de-inconstitucionalidad-contra-revocacion-de-mandato\/#article\",\"isPartOf\":{\"@id\":\"https:\/\/21panorama.com\/index.php\/2021\/10\/15\/accion-de-inconstitucionalidad-contra-revocacion-de-mandato\/\"},\"author\":{\"name\":\"admin\",\"@id\":\"https:\/\/21panorama.com\/#\/schema\/person\/1afc291b96d5792a158768324287319f\"},\"headline\":\"ACCI\u00d3N DE INCONSTITUCIONALIDAD CONTRA REVOCACI\u00d3N DE MANDATO\",\"datePublished\":\"2021-10-15T17:43:40+00:00\",\"dateModified\":\"2021-10-15T17:43:42+00:00\",\"mainEntityOfPage\":{\"@id\":\"https:\/\/21panorama.com\/index.php\/2021\/10\/15\/accion-de-inconstitucionalidad-contra-revocacion-de-mandato\/\"},\"wordCount\":140,\"commentCount\":0,\"publisher\":{\"@id\":\"https:\/\/21panorama.com\/#organization\"},\"image\":{\"@id\":\"https:\/\/21panorama.com\/index.php\/2021\/10\/15\/accion-de-inconstitucionalidad-contra-revocacion-de-mandato\/#primaryimage\"},\"thumbnailUrl\":\"https:\/\/21panorama.com\/wp-content\/uploads\/2021\/10\/50b64dfc-5c24-4287-812d-4e76dd549ee9.jpeg\",\"keywords\":[\"rEVOCACI\u00d3N\"],\"articleSection\":[\"Politica\"],\"inLanguage\":\"es\",\"potentialAction\":[{\"@type\":\"CommentAction\",\"name\":\"Comment\",\"target\":[\"https:\/\/21panorama.com\/index.php\/2021\/10\/15\/accion-de-inconstitucionalidad-contra-revocacion-de-mandato\/#respond\"]}]},{\"@type\":\"WebPage\",\"@id\":\"https:\/\/21panorama.com\/index.php\/2021\/10\/15\/accion-de-inconstitucionalidad-contra-revocacion-de-mandato\/\",\"url\":\"https:\/\/21panorama.com\/index.php\/2021\/10\/15\/accion-de-inconstitucionalidad-contra-revocacion-de-mandato\/\",\"name\":\"ACCI\u00d3N DE INCONSTITUCIONALIDAD CONTRA REVOCACI\u00d3N DE MANDATO - 21 Panorama\",\"isPartOf\":{\"@id\":\"https:\/\/21panorama.com\/#website\"},\"primaryImageOfPage\":{\"@id\":\"https:\/\/21panorama.com\/index.php\/2021\/10\/15\/accion-de-inconstitucionalidad-contra-revocacion-de-mandato\/#primaryimage\"},\"image\":{\"@id\":\"https:\/\/21panorama.com\/index.php\/2021\/10\/15\/accion-de-inconstitucionalidad-contra-revocacion-de-mandato\/#primaryimage\"},\"thumbnailUrl\":\"https:\/\/21panorama.com\/wp-content\/uploads\/2021\/10\/50b64dfc-5c24-4287-812d-4e76dd549ee9.jpeg\",\"datePublished\":\"2021-10-15T17:43:40+00:00\",\"dateModified\":\"2021-10-15T17:43:42+00:00\",\"breadcrumb\":{\"@id\":\"https:\/\/21panorama.com\/index.php\/2021\/10\/15\/accion-de-inconstitucionalidad-contra-revocacion-de-mandato\/#breadcrumb\"},\"inLanguage\":\"es\",\"potentialAction\":[{\"@type\":\"ReadAction\",\"target\":[\"https:\/\/21panorama.com\/index.php\/2021\/10\/15\/accion-de-inconstitucionalidad-contra-revocacion-de-mandato\/\"]}]},{\"@type\":\"ImageObject\",\"inLanguage\":\"es\",\"@id\":\"https:\/\/21panorama.com\/index.php\/2021\/10\/15\/accion-de-inconstitucionalidad-contra-revocacion-de-mandato\/#primaryimage\",\"url\":\"https:\/\/21panorama.com\/wp-content\/uploads\/2021\/10\/50b64dfc-5c24-4287-812d-4e76dd549ee9.jpeg\",\"contentUrl\":\"https:\/\/21panorama.com\/wp-content\/uploads\/2021\/10\/50b64dfc-5c24-4287-812d-4e76dd549ee9.jpeg\",\"width\":960,\"height\":640},{\"@type\":\"BreadcrumbList\",\"@id\":\"https:\/\/21panorama.com\/index.php\/2021\/10\/15\/accion-de-inconstitucionalidad-contra-revocacion-de-mandato\/#breadcrumb\",\"itemListElement\":[{\"@type\":\"ListItem\",\"position\":1,\"name\":\"Inicio\",\"item\":\"https:\/\/21panorama.com\/\"},{\"@type\":\"ListItem\",\"position\":2,\"name\":\"ACCI\u00d3N DE INCONSTITUCIONALIDAD CONTRA REVOCACI\u00d3N DE MANDATO\"}]},{\"@type\":\"WebSite\",\"@id\":\"https:\/\/21panorama.com\/#website\",\"url\":\"https:\/\/21panorama.com\/\",\"name\":\"21 Panorama\",\"description\":\"La construcci\u00f3n de la opini\u00f3n p\u00fablica merece un mejor Panorama en este siglo 21 para alcanzar una sociedad con mayor transparencia y sin corrupci\u00f3n.\",\"publisher\":{\"@id\":\"https:\/\/21panorama.com\/#organization\"},\"potentialAction\":[{\"@type\":\"SearchAction\",\"target\":{\"@type\":\"EntryPoint\",\"urlTemplate\":\"https:\/\/21panorama.com\/?s={search_term_string}\"},\"query-input\":{\"@type\":\"PropertyValueSpecification\",\"valueRequired\":true,\"valueName\":\"search_term_string\"}}],\"inLanguage\":\"es\"},{\"@type\":\"Organization\",\"@id\":\"https:\/\/21panorama.com\/#organization\",\"name\":\"21 Panorama\",\"url\":\"https:\/\/21panorama.com\/\",\"logo\":{\"@type\":\"ImageObject\",\"inLanguage\":\"es\",\"@id\":\"https:\/\/21panorama.com\/#\/schema\/logo\/image\/\",\"url\":\"https:\/\/21panorama.com\/wp-content\/uploads\/2019\/07\/cropped-Logo-Panorama-01.jpeg\",\"contentUrl\":\"https:\/\/21panorama.com\/wp-content\/uploads\/2019\/07\/cropped-Logo-Panorama-01.jpeg\",\"width\":290,\"height\":70,\"caption\":\"21 Panorama\"},\"image\":{\"@id\":\"https:\/\/21panorama.com\/#\/schema\/logo\/image\/\"}},{\"@type\":\"Person\",\"@id\":\"https:\/\/21panorama.com\/#\/schema\/person\/1afc291b96d5792a158768324287319f\",\"name\":\"admin\",\"image\":{\"@type\":\"ImageObject\",\"inLanguage\":\"es\",\"@id\":\"https:\/\/21panorama.com\/#\/schema\/person\/image\/\",\"url\":\"https:\/\/secure.gravatar.com\/avatar\/ad365d9d9f46719215b0d042cc3df92a5a8683e09ef13d102233e5491985f0f0?s=96&d=mm&r=g\",\"contentUrl\":\"https:\/\/secure.gravatar.com\/avatar\/ad365d9d9f46719215b0d042cc3df92a5a8683e09ef13d102233e5491985f0f0?s=96&d=mm&r=g\",\"caption\":\"admin\"},\"url\":\"https:\/\/21panorama.com\/index.php\/author\/admin\/\"}]}<\/script>\n<!-- \/ Yoast SEO plugin. -->","yoast_head_json":{"title":"ACCI\u00d3N DE INCONSTITUCIONALIDAD CONTRA REVOCACI\u00d3N DE MANDATO - 21 Panorama","robots":{"index":"index","follow":"follow","max-snippet":"max-snippet:-1","max-image-preview":"max-image-preview:large","max-video-preview":"max-video-preview:-1"},"canonical":"https:\/\/21panorama.com\/index.php\/2021\/10\/15\/accion-de-inconstitucionalidad-contra-revocacion-de-mandato\/","og_locale":"es_MX","og_type":"article","og_title":"ACCI\u00d3N DE INCONSTITUCIONALIDAD CONTRA REVOCACI\u00d3N DE MANDATO - 21 Panorama","og_description":"Diputados integrantes de la alianza Va por M\u00e9xico (PRI PAN PRD) presentaron en la Suprema Corte de Justicia de la Naci\u00f3n un recurso de inconstitucionalidad contra la Ley de Revocaci\u00f3n de Mandato.","og_url":"https:\/\/21panorama.com\/index.php\/2021\/10\/15\/accion-de-inconstitucionalidad-contra-revocacion-de-mandato\/","og_site_name":"21 Panorama","article_published_time":"2021-10-15T17:43:40+00:00","article_modified_time":"2021-10-15T17:43:42+00:00","og_image":[{"width":960,"height":640,"url":"https:\/\/21panorama.com\/wp-content\/uploads\/2021\/10\/50b64dfc-5c24-4287-812d-4e76dd549ee9.jpeg","type":"image\/jpeg"}],"author":"admin","twitter_card":"summary_large_image","twitter_misc":{"Escrito por":"admin","Tiempo de lectura":"1 minuto"},"schema":{"@context":"https:\/\/schema.org","@graph":[{"@type":"Article","@id":"https:\/\/21panorama.com\/index.php\/2021\/10\/15\/accion-de-inconstitucionalidad-contra-revocacion-de-mandato\/#article","isPartOf":{"@id":"https:\/\/21panorama.com\/index.php\/2021\/10\/15\/accion-de-inconstitucionalidad-contra-revocacion-de-mandato\/"},"author":{"name":"admin","@id":"https:\/\/21panorama.com\/#\/schema\/person\/1afc291b96d5792a158768324287319f"},"headline":"ACCI\u00d3N DE INCONSTITUCIONALIDAD CONTRA REVOCACI\u00d3N DE MANDATO","datePublished":"2021-10-15T17:43:40+00:00","dateModified":"2021-10-15T17:43:42+00:00","mainEntityOfPage":{"@id":"https:\/\/21panorama.com\/index.php\/2021\/10\/15\/accion-de-inconstitucionalidad-contra-revocacion-de-mandato\/"},"wordCount":140,"commentCount":0,"publisher":{"@id":"https:\/\/21panorama.com\/#organization"},"image":{"@id":"https:\/\/21panorama.com\/index.php\/2021\/10\/15\/accion-de-inconstitucionalidad-contra-revocacion-de-mandato\/#primaryimage"},"thumbnailUrl":"https:\/\/21panorama.com\/wp-content\/uploads\/2021\/10\/50b64dfc-5c24-4287-812d-4e76dd549ee9.jpeg","keywords":["rEVOCACI\u00d3N"],"articleSection":["Politica"],"inLanguage":"es","potentialAction":[{"@type":"CommentAction","name":"Comment","target":["https:\/\/21panorama.com\/index.php\/2021\/10\/15\/accion-de-inconstitucionalidad-contra-revocacion-de-mandato\/#respond"]}]},{"@type":"WebPage","@id":"https:\/\/21panorama.com\/index.php\/2021\/10\/15\/accion-de-inconstitucionalidad-contra-revocacion-de-mandato\/","url":"https:\/\/21panorama.com\/index.php\/2021\/10\/15\/accion-de-inconstitucionalidad-contra-revocacion-de-mandato\/","name":"ACCI\u00d3N DE INCONSTITUCIONALIDAD CONTRA REVOCACI\u00d3N DE MANDATO - 21 Panorama","isPartOf":{"@id":"https:\/\/21panorama.com\/#website"},"primaryImageOfPage":{"@id":"https:\/\/21panorama.com\/index.php\/2021\/10\/15\/accion-de-inconstitucionalidad-contra-revocacion-de-mandato\/#primaryimage"},"image":{"@id":"https:\/\/21panorama.com\/index.php\/2021\/10\/15\/accion-de-inconstitucionalidad-contra-revocacion-de-mandato\/#primaryimage"},"thumbnailUrl":"https:\/\/21panorama.com\/wp-content\/uploads\/2021\/10\/50b64dfc-5c24-4287-812d-4e76dd549ee9.jpeg","datePublished":"2021-10-15T17:43:40+00:00","dateModified":"2021-10-15T17:43:42+00:00","breadcrumb":{"@id":"https:\/\/21panorama.com\/index.php\/2021\/10\/15\/accion-de-inconstitucionalidad-contra-revocacion-de-mandato\/#breadcrumb"},"inLanguage":"es","potentialAction":[{"@type":"ReadAction","target":["https:\/\/21panorama.com\/index.php\/2021\/10\/15\/accion-de-inconstitucionalidad-contra-revocacion-de-mandato\/"]}]},{"@type":"ImageObject","inLanguage":"es","@id":"https:\/\/21panorama.com\/index.php\/2021\/10\/15\/accion-de-inconstitucionalidad-contra-revocacion-de-mandato\/#primaryimage","url":"https:\/\/21panorama.com\/wp-content\/uploads\/2021\/10\/50b64dfc-5c24-4287-812d-4e76dd549ee9.jpeg","contentUrl":"https:\/\/21panorama.com\/wp-content\/uploads\/2021\/10\/50b64dfc-5c24-4287-812d-4e76dd549ee9.jpeg","width":960,"height":640},{"@type":"BreadcrumbList","@id":"https:\/\/21panorama.com\/index.php\/2021\/10\/15\/accion-de-inconstitucionalidad-contra-revocacion-de-mandato\/#breadcrumb","itemListElement":[{"@type":"ListItem","position":1,"name":"Inicio","item":"https:\/\/21panorama.com\/"},{"@type":"ListItem","position":2,"name":"ACCI\u00d3N DE INCONSTITUCIONALIDAD CONTRA REVOCACI\u00d3N DE MANDATO"}]},{"@type":"WebSite","@id":"https:\/\/21panorama.com\/#website","url":"https:\/\/21panorama.com\/","name":"21 Panorama","description":"La construcci\u00f3n de la opini\u00f3n p\u00fablica merece un mejor Panorama en este siglo 21 para alcanzar una sociedad con mayor transparencia y sin corrupci\u00f3n.","publisher":{"@id":"https:\/\/21panorama.com\/#organization"},"potentialAction":[{"@type":"SearchAction","target":{"@type":"EntryPoint","urlTemplate":"https:\/\/21panorama.com\/?s={search_term_string}"},"query-input":{"@type":"PropertyValueSpecification","valueRequired":true,"valueName":"search_term_string"}}],"inLanguage":"es"},{"@type":"Organization","@id":"https:\/\/21panorama.com\/#organization","name":"21 Panorama","url":"https:\/\/21panorama.com\/","logo":{"@type":"ImageObject","inLanguage":"es","@id":"https:\/\/21panorama.com\/#\/schema\/logo\/image\/","url":"https:\/\/21panorama.com\/wp-content\/uploads\/2019\/07\/cropped-Logo-Panorama-01.jpeg","contentUrl":"https:\/\/21panorama.com\/wp-content\/uploads\/2019\/07\/cropped-Logo-Panorama-01.jpeg","width":290,"height":70,"caption":"21 Panorama"},"image":{"@id":"https:\/\/21panorama.com\/#\/schema\/logo\/image\/"}},{"@type":"Person","@id":"https:\/\/21panorama.com\/#\/schema\/person\/1afc291b96d5792a158768324287319f","name":"admin","image":{"@type":"ImageObject","inLanguage":"es","@id":"https:\/\/21panorama.com\/#\/schema\/person\/image\/","url":"https:\/\/secure.gravatar.com\/avatar\/ad365d9d9f46719215b0d042cc3df92a5a8683e09ef13d102233e5491985f0f0?s=96&d=mm&r=g","contentUrl":"https:\/\/secure.gravatar.com\/avatar\/ad365d9d9f46719215b0d042cc3df92a5a8683e09ef13d102233e5491985f0f0?s=96&d=mm&r=g","caption":"admin"},"url":"https:\/\/21panorama.com\/index.php\/author\/admin\/"}]}},"_links":{"self":[{"href":"https:\/\/21panorama.com\/index.php\/wp-json\/wp\/v2\/posts\/1876","targetHints":{"allow":["GET"]}}],"collection":[{"href":"https:\/\/21panorama.com\/index.php\/wp-json\/wp\/v2\/posts"}],"about":[{"href":"https:\/\/21panorama.com\/index.php\/wp-json\/wp\/v2\/types\/post"}],"author":[{"embeddable":true,"href":"https:\/\/21panorama.com\/index.php\/wp-json\/wp\/v2\/users\/1"}],"replies":[{"embeddable":true,"href":"https:\/\/21panorama.com\/index.php\/wp-json\/wp\/v2\/comments?post=1876"}],"version-history":[{"count":1,"href":"https:\/\/21panorama.com\/index.php\/wp-json\/wp\/v2\/posts\/1876\/revisions"}],"predecessor-version":[{"id":1880,"href":"https:\/\/21panorama.com\/index.php\/wp-json\/wp\/v2\/posts\/1876\/revisions\/1880"}],"wp:featuredmedia":[{"embeddable":true,"href":"https:\/\/21panorama.com\/index.php\/wp-json\/wp\/v2\/media\/1877"}],"wp:attachment":[{"href":"https:\/\/21panorama.com\/index.php\/wp-json\/wp\/v2\/media?parent=1876"}],"wp:term":[{"taxonomy":"category","embeddable":true,"href":"https:\/\/21panorama.com\/index.php\/wp-json\/wp\/v2\/categories?post=1876"},{"taxonomy":"post_tag","embeddable":true,"href":"https:\/\/21panorama.com\/index.php\/wp-json\/wp\/v2\/tags?post=1876"}],"curies":[{"name":"wp","href":"https:\/\/api.w.org\/{rel}","templated":true}]}}