{"id":1858,"date":"2021-10-13T13:36:41","date_gmt":"2021-10-13T18:36:41","guid":{"rendered":"http:\/\/21panorama.com\/?p=1858"},"modified":"2021-10-13T13:36:42","modified_gmt":"2021-10-13T18:36:42","slug":"construccion-de-acuerdos-y-rendicion-de-cuentas-herramientas-para-fortalecer-la-accion-de-gobierno-elias-rescala","status":"publish","type":"post","link":"https:\/\/21panorama.com\/index.php\/2021\/10\/13\/construccion-de-acuerdos-y-rendicion-de-cuentas-herramientas-para-fortalecer-la-accion-de-gobierno-elias-rescala\/","title":{"rendered":"Construccio\u0301n de Acuerdos y Rendicio\u0301n de Cuentas, herramientas para fortalecer la accio\u0301n de gobierno: Eli\u0301as Rescala"},"content":{"rendered":"\n<p>Un gobierno eficaz, requiere de la colaboracio\u0301n de los diferentes Poderes del Estado, en donde la construccio\u0301n de acuerdos y la rendicio\u0301n de cuentas sean herramientas para fortalecer la accio\u0301n de gobierno en beneficio de los mexiquenses, aseguro\u0301 Eli\u0301as Rescala, coordinador del Grupo Parlamentario del PRI en la LXI Legislatura local, luego de asistir al inicio de las comparecencias de secretarios con motivo de la Glosa del Cuarto Informe de Gobierno.<br>Al te\u0301rmino de esta primera jornada, a la que acudieron el secretario general de Gobierno, Ernesto Nemer A\u0301lvarez, y el secretario de Seguridad, Rodrigo Sigfrid Marti\u0301nez Celis, Eli\u0301as Rescala afirmo\u0301 que este ejercicio es una oportunidad para estrechar el dia\u0301logo entre el poder Ejecutivo y el Legislativo, y trabajar en conjunto en la planeacio\u0301n y evaluacio\u0301n de poli\u0301ticas pu\u0301blicas que garanticen los mejores resultados para las familias mexiquenses.<br>El coordinador de los diputados del PRI en el Congreso local, recordo\u0301 que los avances presentados este di\u0301a por los secretarios, habla de los resultados que el gobierno estatal, encabezado por el gobernador Alfredo Del Mazo, ha logrado en beneficio de las familias mexiquenses.<br>Sabemos que la suma de esfuerzos y la construccio\u0301n de acuerdos nos permitira\u0301 avanzar con mayor fuerza para consolidar objetivos comunes que se traduzcan en una agenda legislativa que acompan\u0303e y fortalezca la administracio\u0301n pu\u0301blica, preciso\u0301.<br>Por lo que el Grupo Parlamentario del PRI en la LXI Legislatura refrenda su compromiso de acompan\u0303ar y respaldar la administracio\u0301n que encabeza el gobernador Alfredo Del Mazo.<br>Al hacer uso de la palabra durante la comparecencia del secretario general de Gobierno, la diputada Paola Jime\u0301nez y el diputado Jesu\u0301s Izquierdo, del GPPRI, coincidieron en destacar la importancia de trabajar de manera conjunta entre los diferentes o\u0301rdenes de Gobierno para consolidar una poli\u0301tica que impulse las mejores decisiones en favor de todos los mexiquenses.<br>Por su parte, los diputados del grupo parlamentario del PRI, Karla Aguilar y Jesu\u0301s Moreno, destacaron las acciones que la administracio\u0301n estatal ha puesto en marcha para atender el tema de la seguridad pu\u0301blica y la importancia de trabajar con corresponsabilidad para dotar de mayores recursos y un marco juri\u0301dico ma\u0301s fuerte para combatir diversos temas, entre lo que destacan la violencia contra la mujer y la disminucio\u0301n de los i\u0301ndices delictivos.<\/p>\n","protected":false},"excerpt":{"rendered":"<p>Comparecen ante la Legislatura local el secretario general de Gobierno y el<br \/>\nsecretario de Seguridad, en el marco de la Glosa del Cuarto Informe de Gobierno.<\/p>\n","protected":false},"author":1,"featured_media":1859,"comment_status":"open","ping_status":"open","sticky":false,"template":"","format":"standard","meta":{"footnotes":""},"categories":[12],"tags":[146],"class_list":["post-1858","post","type-post","status-publish","format-standard","has-post-thumbnail","hentry","category-politica","tag-acuerdos"],"yoast_head":"<!-- This site is optimized with the Yoast SEO plugin v24.9 - https:\/\/yoast.com\/wordpress\/plugins\/seo\/ -->\n<title>Construccio\u0301n de Acuerdos y Rendicio\u0301n de Cuentas, herramientas para fortalecer la accio\u0301n de gobierno: Eli\u0301as Rescala - 21 Panorama<\/title>\n<meta name=\"robots\" content=\"index, follow, max-snippet:-1, max-image-preview:large, max-video-preview:-1\" \/>\n<link rel=\"canonical\" href=\"https:\/\/21panorama.com\/index.php\/2021\/10\/13\/construccion-de-acuerdos-y-rendicion-de-cuentas-herramientas-para-fortalecer-la-accion-de-gobierno-elias-rescala\/\" \/>\n<meta property=\"og:locale\" content=\"es_MX\" \/>\n<meta property=\"og:type\" content=\"article\" \/>\n<meta property=\"og:title\" content=\"Construccio\u0301n de Acuerdos y Rendicio\u0301n de Cuentas, herramientas para fortalecer la accio\u0301n de gobierno: Eli\u0301as Rescala - 21 Panorama\" \/>\n<meta property=\"og:description\" content=\"Comparecen ante la Legislatura local el secretario general de Gobierno y el secretario de Seguridad, en el marco de la Glosa del Cuarto Informe de Gobierno.\" \/>\n<meta property=\"og:url\" content=\"https:\/\/21panorama.com\/index.php\/2021\/10\/13\/construccion-de-acuerdos-y-rendicion-de-cuentas-herramientas-para-fortalecer-la-accion-de-gobierno-elias-rescala\/\" \/>\n<meta property=\"og:site_name\" content=\"21 Panorama\" \/>\n<meta property=\"article:published_time\" content=\"2021-10-13T18:36:41+00:00\" \/>\n<meta property=\"article:modified_time\" content=\"2021-10-13T18:36:42+00:00\" \/>\n<meta property=\"og:image\" content=\"https:\/\/21panorama.com\/wp-content\/uploads\/2021\/10\/26034193-71c7-4644-a29a-c55f0d3d133f.jpeg\" \/>\n\t<meta property=\"og:image:width\" content=\"1024\" \/>\n\t<meta property=\"og:image:height\" content=\"683\" \/>\n\t<meta property=\"og:image:type\" content=\"image\/jpeg\" \/>\n<meta name=\"author\" content=\"admin\" \/>\n<meta name=\"twitter:card\" content=\"summary_large_image\" \/>\n<meta name=\"twitter:label1\" content=\"Escrito por\" \/>\n\t<meta name=\"twitter:data1\" content=\"admin\" \/>\n\t<meta name=\"twitter:label2\" content=\"Tiempo de lectura\" \/>\n\t<meta name=\"twitter:data2\" content=\"2 minutos\" \/>\n<script type=\"application\/ld+json\" class=\"yoast-schema-graph\">{\"@context\":\"https:\/\/schema.org\",\"@graph\":[{\"@type\":\"Article\",\"@id\":\"https:\/\/21panorama.com\/index.php\/2021\/10\/13\/construccion-de-acuerdos-y-rendicion-de-cuentas-herramientas-para-fortalecer-la-accion-de-gobierno-elias-rescala\/#article\",\"isPartOf\":{\"@id\":\"https:\/\/21panorama.com\/index.php\/2021\/10\/13\/construccion-de-acuerdos-y-rendicion-de-cuentas-herramientas-para-fortalecer-la-accion-de-gobierno-elias-rescala\/\"},\"author\":{\"name\":\"admin\",\"@id\":\"https:\/\/21panorama.com\/#\/schema\/person\/1afc291b96d5792a158768324287319f\"},\"headline\":\"Construccio\u0301n de Acuerdos y Rendicio\u0301n de Cuentas, herramientas para fortalecer la accio\u0301n de gobierno: Eli\u0301as Rescala\",\"datePublished\":\"2021-10-13T18:36:41+00:00\",\"dateModified\":\"2021-10-13T18:36:42+00:00\",\"mainEntityOfPage\":{\"@id\":\"https:\/\/21panorama.com\/index.php\/2021\/10\/13\/construccion-de-acuerdos-y-rendicion-de-cuentas-herramientas-para-fortalecer-la-accion-de-gobierno-elias-rescala\/\"},\"wordCount\":427,\"commentCount\":0,\"publisher\":{\"@id\":\"https:\/\/21panorama.com\/#organization\"},\"image\":{\"@id\":\"https:\/\/21panorama.com\/index.php\/2021\/10\/13\/construccion-de-acuerdos-y-rendicion-de-cuentas-herramientas-para-fortalecer-la-accion-de-gobierno-elias-rescala\/#primaryimage\"},\"thumbnailUrl\":\"https:\/\/21panorama.com\/wp-content\/uploads\/2021\/10\/26034193-71c7-4644-a29a-c55f0d3d133f.jpeg\",\"keywords\":[\"Acuerdos\"],\"articleSection\":[\"Politica\"],\"inLanguage\":\"es\",\"potentialAction\":[{\"@type\":\"CommentAction\",\"name\":\"Comment\",\"target\":[\"https:\/\/21panorama.com\/index.php\/2021\/10\/13\/construccion-de-acuerdos-y-rendicion-de-cuentas-herramientas-para-fortalecer-la-accion-de-gobierno-elias-rescala\/#respond\"]}]},{\"@type\":\"WebPage\",\"@id\":\"https:\/\/21panorama.com\/index.php\/2021\/10\/13\/construccion-de-acuerdos-y-rendicion-de-cuentas-herramientas-para-fortalecer-la-accion-de-gobierno-elias-rescala\/\",\"url\":\"https:\/\/21panorama.com\/index.php\/2021\/10\/13\/construccion-de-acuerdos-y-rendicion-de-cuentas-herramientas-para-fortalecer-la-accion-de-gobierno-elias-rescala\/\",\"name\":\"Construccio\u0301n de Acuerdos y Rendicio\u0301n de Cuentas, herramientas para fortalecer la accio\u0301n de gobierno: Eli\u0301as Rescala - 21 Panorama\",\"isPartOf\":{\"@id\":\"https:\/\/21panorama.com\/#website\"},\"primaryImageOfPage\":{\"@id\":\"https:\/\/21panorama.com\/index.php\/2021\/10\/13\/construccion-de-acuerdos-y-rendicion-de-cuentas-herramientas-para-fortalecer-la-accion-de-gobierno-elias-rescala\/#primaryimage\"},\"image\":{\"@id\":\"https:\/\/21panorama.com\/index.php\/2021\/10\/13\/construccion-de-acuerdos-y-rendicion-de-cuentas-herramientas-para-fortalecer-la-accion-de-gobierno-elias-rescala\/#primaryimage\"},\"thumbnailUrl\":\"https:\/\/21panorama.com\/wp-content\/uploads\/2021\/10\/26034193-71c7-4644-a29a-c55f0d3d133f.jpeg\",\"datePublished\":\"2021-10-13T18:36:41+00:00\",\"dateModified\":\"2021-10-13T18:36:42+00:00\",\"breadcrumb\":{\"@id\":\"https:\/\/21panorama.com\/index.php\/2021\/10\/13\/construccion-de-acuerdos-y-rendicion-de-cuentas-herramientas-para-fortalecer-la-accion-de-gobierno-elias-rescala\/#breadcrumb\"},\"inLanguage\":\"es\",\"potentialAction\":[{\"@type\":\"ReadAction\",\"target\":[\"https:\/\/21panorama.com\/index.php\/2021\/10\/13\/construccion-de-acuerdos-y-rendicion-de-cuentas-herramientas-para-fortalecer-la-accion-de-gobierno-elias-rescala\/\"]}]},{\"@type\":\"ImageObject\",\"inLanguage\":\"es\",\"@id\":\"https:\/\/21panorama.com\/index.php\/2021\/10\/13\/construccion-de-acuerdos-y-rendicion-de-cuentas-herramientas-para-fortalecer-la-accion-de-gobierno-elias-rescala\/#primaryimage\",\"url\":\"https:\/\/21panorama.com\/wp-content\/uploads\/2021\/10\/26034193-71c7-4644-a29a-c55f0d3d133f.jpeg\",\"contentUrl\":\"https:\/\/21panorama.com\/wp-content\/uploads\/2021\/10\/26034193-71c7-4644-a29a-c55f0d3d133f.jpeg\",\"width\":1024,\"height\":683},{\"@type\":\"BreadcrumbList\",\"@id\":\"https:\/\/21panorama.com\/index.php\/2021\/10\/13\/construccion-de-acuerdos-y-rendicion-de-cuentas-herramientas-para-fortalecer-la-accion-de-gobierno-elias-rescala\/#breadcrumb\",\"itemListElement\":[{\"@type\":\"ListItem\",\"position\":1,\"name\":\"Inicio\",\"item\":\"https:\/\/21panorama.com\/\"},{\"@type\":\"ListItem\",\"position\":2,\"name\":\"Construccio\u0301n de Acuerdos y Rendicio\u0301n de Cuentas, herramientas para fortalecer la accio\u0301n de gobierno: Eli\u0301as Rescala\"}]},{\"@type\":\"WebSite\",\"@id\":\"https:\/\/21panorama.com\/#website\",\"url\":\"https:\/\/21panorama.com\/\",\"name\":\"21 Panorama\",\"description\":\"La construcci\u00f3n de la opini\u00f3n p\u00fablica merece un mejor Panorama en este siglo 21 para alcanzar una sociedad con mayor transparencia y sin corrupci\u00f3n.\",\"publisher\":{\"@id\":\"https:\/\/21panorama.com\/#organization\"},\"potentialAction\":[{\"@type\":\"SearchAction\",\"target\":{\"@type\":\"EntryPoint\",\"urlTemplate\":\"https:\/\/21panorama.com\/?s={search_term_string}\"},\"query-input\":{\"@type\":\"PropertyValueSpecification\",\"valueRequired\":true,\"valueName\":\"search_term_string\"}}],\"inLanguage\":\"es\"},{\"@type\":\"Organization\",\"@id\":\"https:\/\/21panorama.com\/#organization\",\"name\":\"21 Panorama\",\"url\":\"https:\/\/21panorama.com\/\",\"logo\":{\"@type\":\"ImageObject\",\"inLanguage\":\"es\",\"@id\":\"https:\/\/21panorama.com\/#\/schema\/logo\/image\/\",\"url\":\"https:\/\/21panorama.com\/wp-content\/uploads\/2019\/07\/cropped-Logo-Panorama-01.jpeg\",\"contentUrl\":\"https:\/\/21panorama.com\/wp-content\/uploads\/2019\/07\/cropped-Logo-Panorama-01.jpeg\",\"width\":290,\"height\":70,\"caption\":\"21 Panorama\"},\"image\":{\"@id\":\"https:\/\/21panorama.com\/#\/schema\/logo\/image\/\"}},{\"@type\":\"Person\",\"@id\":\"https:\/\/21panorama.com\/#\/schema\/person\/1afc291b96d5792a158768324287319f\",\"name\":\"admin\",\"image\":{\"@type\":\"ImageObject\",\"inLanguage\":\"es\",\"@id\":\"https:\/\/21panorama.com\/#\/schema\/person\/image\/\",\"url\":\"https:\/\/secure.gravatar.com\/avatar\/ad365d9d9f46719215b0d042cc3df92a5a8683e09ef13d102233e5491985f0f0?s=96&d=mm&r=g\",\"contentUrl\":\"https:\/\/secure.gravatar.com\/avatar\/ad365d9d9f46719215b0d042cc3df92a5a8683e09ef13d102233e5491985f0f0?s=96&d=mm&r=g\",\"caption\":\"admin\"},\"url\":\"https:\/\/21panorama.com\/index.php\/author\/admin\/\"}]}<\/script>\n<!-- \/ Yoast SEO plugin. -->","yoast_head_json":{"title":"Construccio\u0301n de Acuerdos y Rendicio\u0301n de Cuentas, herramientas para fortalecer la accio\u0301n de gobierno: Eli\u0301as Rescala - 21 Panorama","robots":{"index":"index","follow":"follow","max-snippet":"max-snippet:-1","max-image-preview":"max-image-preview:large","max-video-preview":"max-video-preview:-1"},"canonical":"https:\/\/21panorama.com\/index.php\/2021\/10\/13\/construccion-de-acuerdos-y-rendicion-de-cuentas-herramientas-para-fortalecer-la-accion-de-gobierno-elias-rescala\/","og_locale":"es_MX","og_type":"article","og_title":"Construccio\u0301n de Acuerdos y Rendicio\u0301n de Cuentas, herramientas para fortalecer la accio\u0301n de gobierno: Eli\u0301as Rescala - 21 Panorama","og_description":"Comparecen ante la Legislatura local el secretario general de Gobierno y el secretario de Seguridad, en el marco de la Glosa del Cuarto Informe de Gobierno.","og_url":"https:\/\/21panorama.com\/index.php\/2021\/10\/13\/construccion-de-acuerdos-y-rendicion-de-cuentas-herramientas-para-fortalecer-la-accion-de-gobierno-elias-rescala\/","og_site_name":"21 Panorama","article_published_time":"2021-10-13T18:36:41+00:00","article_modified_time":"2021-10-13T18:36:42+00:00","og_image":[{"width":1024,"height":683,"url":"https:\/\/21panorama.com\/wp-content\/uploads\/2021\/10\/26034193-71c7-4644-a29a-c55f0d3d133f.jpeg","type":"image\/jpeg"}],"author":"admin","twitter_card":"summary_large_image","twitter_misc":{"Escrito por":"admin","Tiempo de lectura":"2 minutos"},"schema":{"@context":"https:\/\/schema.org","@graph":[{"@type":"Article","@id":"https:\/\/21panorama.com\/index.php\/2021\/10\/13\/construccion-de-acuerdos-y-rendicion-de-cuentas-herramientas-para-fortalecer-la-accion-de-gobierno-elias-rescala\/#article","isPartOf":{"@id":"https:\/\/21panorama.com\/index.php\/2021\/10\/13\/construccion-de-acuerdos-y-rendicion-de-cuentas-herramientas-para-fortalecer-la-accion-de-gobierno-elias-rescala\/"},"author":{"name":"admin","@id":"https:\/\/21panorama.com\/#\/schema\/person\/1afc291b96d5792a158768324287319f"},"headline":"Construccio\u0301n de Acuerdos y Rendicio\u0301n de Cuentas, herramientas para fortalecer la accio\u0301n de gobierno: Eli\u0301as Rescala","datePublished":"2021-10-13T18:36:41+00:00","dateModified":"2021-10-13T18:36:42+00:00","mainEntityOfPage":{"@id":"https:\/\/21panorama.com\/index.php\/2021\/10\/13\/construccion-de-acuerdos-y-rendicion-de-cuentas-herramientas-para-fortalecer-la-accion-de-gobierno-elias-rescala\/"},"wordCount":427,"commentCount":0,"publisher":{"@id":"https:\/\/21panorama.com\/#organization"},"image":{"@id":"https:\/\/21panorama.com\/index.php\/2021\/10\/13\/construccion-de-acuerdos-y-rendicion-de-cuentas-herramientas-para-fortalecer-la-accion-de-gobierno-elias-rescala\/#primaryimage"},"thumbnailUrl":"https:\/\/21panorama.com\/wp-content\/uploads\/2021\/10\/26034193-71c7-4644-a29a-c55f0d3d133f.jpeg","keywords":["Acuerdos"],"articleSection":["Politica"],"inLanguage":"es","potentialAction":[{"@type":"CommentAction","name":"Comment","target":["https:\/\/21panorama.com\/index.php\/2021\/10\/13\/construccion-de-acuerdos-y-rendicion-de-cuentas-herramientas-para-fortalecer-la-accion-de-gobierno-elias-rescala\/#respond"]}]},{"@type":"WebPage","@id":"https:\/\/21panorama.com\/index.php\/2021\/10\/13\/construccion-de-acuerdos-y-rendicion-de-cuentas-herramientas-para-fortalecer-la-accion-de-gobierno-elias-rescala\/","url":"https:\/\/21panorama.com\/index.php\/2021\/10\/13\/construccion-de-acuerdos-y-rendicion-de-cuentas-herramientas-para-fortalecer-la-accion-de-gobierno-elias-rescala\/","name":"Construccio\u0301n de Acuerdos y Rendicio\u0301n de Cuentas, herramientas para fortalecer la accio\u0301n de gobierno: Eli\u0301as Rescala - 21 Panorama","isPartOf":{"@id":"https:\/\/21panorama.com\/#website"},"primaryImageOfPage":{"@id":"https:\/\/21panorama.com\/index.php\/2021\/10\/13\/construccion-de-acuerdos-y-rendicion-de-cuentas-herramientas-para-fortalecer-la-accion-de-gobierno-elias-rescala\/#primaryimage"},"image":{"@id":"https:\/\/21panorama.com\/index.php\/2021\/10\/13\/construccion-de-acuerdos-y-rendicion-de-cuentas-herramientas-para-fortalecer-la-accion-de-gobierno-elias-rescala\/#primaryimage"},"thumbnailUrl":"https:\/\/21panorama.com\/wp-content\/uploads\/2021\/10\/26034193-71c7-4644-a29a-c55f0d3d133f.jpeg","datePublished":"2021-10-13T18:36:41+00:00","dateModified":"2021-10-13T18:36:42+00:00","breadcrumb":{"@id":"https:\/\/21panorama.com\/index.php\/2021\/10\/13\/construccion-de-acuerdos-y-rendicion-de-cuentas-herramientas-para-fortalecer-la-accion-de-gobierno-elias-rescala\/#breadcrumb"},"inLanguage":"es","potentialAction":[{"@type":"ReadAction","target":["https:\/\/21panorama.com\/index.php\/2021\/10\/13\/construccion-de-acuerdos-y-rendicion-de-cuentas-herramientas-para-fortalecer-la-accion-de-gobierno-elias-rescala\/"]}]},{"@type":"ImageObject","inLanguage":"es","@id":"https:\/\/21panorama.com\/index.php\/2021\/10\/13\/construccion-de-acuerdos-y-rendicion-de-cuentas-herramientas-para-fortalecer-la-accion-de-gobierno-elias-rescala\/#primaryimage","url":"https:\/\/21panorama.com\/wp-content\/uploads\/2021\/10\/26034193-71c7-4644-a29a-c55f0d3d133f.jpeg","contentUrl":"https:\/\/21panorama.com\/wp-content\/uploads\/2021\/10\/26034193-71c7-4644-a29a-c55f0d3d133f.jpeg","width":1024,"height":683},{"@type":"BreadcrumbList","@id":"https:\/\/21panorama.com\/index.php\/2021\/10\/13\/construccion-de-acuerdos-y-rendicion-de-cuentas-herramientas-para-fortalecer-la-accion-de-gobierno-elias-rescala\/#breadcrumb","itemListElement":[{"@type":"ListItem","position":1,"name":"Inicio","item":"https:\/\/21panorama.com\/"},{"@type":"ListItem","position":2,"name":"Construccio\u0301n de Acuerdos y Rendicio\u0301n de Cuentas, herramientas para fortalecer la accio\u0301n de gobierno: Eli\u0301as Rescala"}]},{"@type":"WebSite","@id":"https:\/\/21panorama.com\/#website","url":"https:\/\/21panorama.com\/","name":"21 Panorama","description":"La construcci\u00f3n de la opini\u00f3n p\u00fablica merece un mejor Panorama en este siglo 21 para alcanzar una sociedad con mayor transparencia y sin corrupci\u00f3n.","publisher":{"@id":"https:\/\/21panorama.com\/#organization"},"potentialAction":[{"@type":"SearchAction","target":{"@type":"EntryPoint","urlTemplate":"https:\/\/21panorama.com\/?s={search_term_string}"},"query-input":{"@type":"PropertyValueSpecification","valueRequired":true,"valueName":"search_term_string"}}],"inLanguage":"es"},{"@type":"Organization","@id":"https:\/\/21panorama.com\/#organization","name":"21 Panorama","url":"https:\/\/21panorama.com\/","logo":{"@type":"ImageObject","inLanguage":"es","@id":"https:\/\/21panorama.com\/#\/schema\/logo\/image\/","url":"https:\/\/21panorama.com\/wp-content\/uploads\/2019\/07\/cropped-Logo-Panorama-01.jpeg","contentUrl":"https:\/\/21panorama.com\/wp-content\/uploads\/2019\/07\/cropped-Logo-Panorama-01.jpeg","width":290,"height":70,"caption":"21 Panorama"},"image":{"@id":"https:\/\/21panorama.com\/#\/schema\/logo\/image\/"}},{"@type":"Person","@id":"https:\/\/21panorama.com\/#\/schema\/person\/1afc291b96d5792a158768324287319f","name":"admin","image":{"@type":"ImageObject","inLanguage":"es","@id":"https:\/\/21panorama.com\/#\/schema\/person\/image\/","url":"https:\/\/secure.gravatar.com\/avatar\/ad365d9d9f46719215b0d042cc3df92a5a8683e09ef13d102233e5491985f0f0?s=96&d=mm&r=g","contentUrl":"https:\/\/secure.gravatar.com\/avatar\/ad365d9d9f46719215b0d042cc3df92a5a8683e09ef13d102233e5491985f0f0?s=96&d=mm&r=g","caption":"admin"},"url":"https:\/\/21panorama.com\/index.php\/author\/admin\/"}]}},"_links":{"self":[{"href":"https:\/\/21panorama.com\/index.php\/wp-json\/wp\/v2\/posts\/1858","targetHints":{"allow":["GET"]}}],"collection":[{"href":"https:\/\/21panorama.com\/index.php\/wp-json\/wp\/v2\/posts"}],"about":[{"href":"https:\/\/21panorama.com\/index.php\/wp-json\/wp\/v2\/types\/post"}],"author":[{"embeddable":true,"href":"https:\/\/21panorama.com\/index.php\/wp-json\/wp\/v2\/users\/1"}],"replies":[{"embeddable":true,"href":"https:\/\/21panorama.com\/index.php\/wp-json\/wp\/v2\/comments?post=1858"}],"version-history":[{"count":1,"href":"https:\/\/21panorama.com\/index.php\/wp-json\/wp\/v2\/posts\/1858\/revisions"}],"predecessor-version":[{"id":1860,"href":"https:\/\/21panorama.com\/index.php\/wp-json\/wp\/v2\/posts\/1858\/revisions\/1860"}],"wp:featuredmedia":[{"embeddable":true,"href":"https:\/\/21panorama.com\/index.php\/wp-json\/wp\/v2\/media\/1859"}],"wp:attachment":[{"href":"https:\/\/21panorama.com\/index.php\/wp-json\/wp\/v2\/media?parent=1858"}],"wp:term":[{"taxonomy":"category","embeddable":true,"href":"https:\/\/21panorama.com\/index.php\/wp-json\/wp\/v2\/categories?post=1858"},{"taxonomy":"post_tag","embeddable":true,"href":"https:\/\/21panorama.com\/index.php\/wp-json\/wp\/v2\/tags?post=1858"}],"curies":[{"name":"wp","href":"https:\/\/api.w.org\/{rel}","templated":true}]}}