{"id":1852,"date":"2021-10-13T13:25:55","date_gmt":"2021-10-13T18:25:55","guid":{"rendered":"http:\/\/21panorama.com\/?p=1852"},"modified":"2021-10-13T13:25:57","modified_gmt":"2021-10-13T18:25:57","slug":"unidad-para-avanzar-en-temas-legislativos","status":"publish","type":"post","link":"https:\/\/21panorama.com\/index.php\/2021\/10\/13\/unidad-para-avanzar-en-temas-legislativos\/","title":{"rendered":"UNIDAD PARA AVANZAR EN TEMAS LEGISLATIVOS"},"content":{"rendered":"\n<p>El Diputado federal Gustavo C\u00e1rdenas Monroy particip\u00f3 en la reuni\u00f3n de trabajo del Grupo Parlamentario del PRI con el fin de avanzar en unidad en los temas que se resolver\u00e1n en el pleno legislativo.<\/p>\n\n\n\n<p>Durante la reuni\u00f3n que fue presidida por el coordinador de la bancada pri\u00edsta \u00f1, Rub\u00e9n Moreira, y el dirigente nacional del PRI, diputado Alejandro Moreno C\u00e1rdenas, se destac\u00f3 la enorme responsabilidad legislativa con el compromiso de servir a M\u00e9xico.<\/p>\n\n\n\n<figure class=\"wp-block-gallery columns-3 is-cropped wp-block-gallery-1 is-layout-flex wp-block-gallery-is-layout-flex\"><ul class=\"blocks-gallery-grid\"><li class=\"blocks-gallery-item\"><figure><img decoding=\"async\" width=\"1024\" height=\"682\" src=\"https:\/\/21panorama.com\/wp-content\/uploads\/2021\/10\/c80f8b3c-b7f4-4dd0-b5ce-a3489d41c9d4-1024x682.jpeg\" alt=\"\" data-id=\"1854\" data-link=\"https:\/\/21panorama.com\/?attachment_id=1854\" class=\"wp-image-1854\" srcset=\"https:\/\/21panorama.com\/wp-content\/uploads\/2021\/10\/c80f8b3c-b7f4-4dd0-b5ce-a3489d41c9d4-1024x682.jpeg 1024w, https:\/\/21panorama.com\/wp-content\/uploads\/2021\/10\/c80f8b3c-b7f4-4dd0-b5ce-a3489d41c9d4-300x200.jpeg 300w, https:\/\/21panorama.com\/wp-content\/uploads\/2021\/10\/c80f8b3c-b7f4-4dd0-b5ce-a3489d41c9d4-768x512.jpeg 768w, https:\/\/21panorama.com\/wp-content\/uploads\/2021\/10\/c80f8b3c-b7f4-4dd0-b5ce-a3489d41c9d4-1536x1023.jpeg 1536w, https:\/\/21panorama.com\/wp-content\/uploads\/2021\/10\/c80f8b3c-b7f4-4dd0-b5ce-a3489d41c9d4.jpeg 1600w\" sizes=\"(max-width: 1024px) 100vw, 1024px\" \/><\/figure><\/li><li class=\"blocks-gallery-item\"><figure><img decoding=\"async\" width=\"1024\" height=\"682\" src=\"https:\/\/21panorama.com\/wp-content\/uploads\/2021\/10\/c8918c5b-afd1-4006-9183-fc5e76c7901d-1024x682.jpeg\" alt=\"\" data-id=\"1855\" data-link=\"https:\/\/21panorama.com\/?attachment_id=1855\" class=\"wp-image-1855\" srcset=\"https:\/\/21panorama.com\/wp-content\/uploads\/2021\/10\/c8918c5b-afd1-4006-9183-fc5e76c7901d-1024x682.jpeg 1024w, https:\/\/21panorama.com\/wp-content\/uploads\/2021\/10\/c8918c5b-afd1-4006-9183-fc5e76c7901d-300x200.jpeg 300w, https:\/\/21panorama.com\/wp-content\/uploads\/2021\/10\/c8918c5b-afd1-4006-9183-fc5e76c7901d-768x512.jpeg 768w, https:\/\/21panorama.com\/wp-content\/uploads\/2021\/10\/c8918c5b-afd1-4006-9183-fc5e76c7901d-1536x1023.jpeg 1536w, https:\/\/21panorama.com\/wp-content\/uploads\/2021\/10\/c8918c5b-afd1-4006-9183-fc5e76c7901d.jpeg 1600w\" sizes=\"(max-width: 1024px) 100vw, 1024px\" \/><\/figure><\/li><li class=\"blocks-gallery-item\"><figure><img decoding=\"async\" width=\"1024\" height=\"682\" src=\"https:\/\/21panorama.com\/wp-content\/uploads\/2021\/10\/a1d7e950-2a9a-45ff-9729-94c5e06cfada-1024x682.jpeg\" alt=\"\" data-id=\"1856\" data-full-url=\"https:\/\/21panorama.com\/wp-content\/uploads\/2021\/10\/a1d7e950-2a9a-45ff-9729-94c5e06cfada.jpeg\" data-link=\"https:\/\/21panorama.com\/?attachment_id=1856\" class=\"wp-image-1856\" srcset=\"https:\/\/21panorama.com\/wp-content\/uploads\/2021\/10\/a1d7e950-2a9a-45ff-9729-94c5e06cfada-1024x682.jpeg 1024w, https:\/\/21panorama.com\/wp-content\/uploads\/2021\/10\/a1d7e950-2a9a-45ff-9729-94c5e06cfada-300x200.jpeg 300w, https:\/\/21panorama.com\/wp-content\/uploads\/2021\/10\/a1d7e950-2a9a-45ff-9729-94c5e06cfada-768x512.jpeg 768w, https:\/\/21panorama.com\/wp-content\/uploads\/2021\/10\/a1d7e950-2a9a-45ff-9729-94c5e06cfada-1536x1023.jpeg 1536w, https:\/\/21panorama.com\/wp-content\/uploads\/2021\/10\/a1d7e950-2a9a-45ff-9729-94c5e06cfada.jpeg 1600w\" sizes=\"(max-width: 1024px) 100vw, 1024px\" \/><\/figure><\/li><\/ul><\/figure>\n","protected":false},"excerpt":{"rendered":"<p>El Diputado federal Gustavo C\u00e1rdenas Monroy particip\u00f3 en la reuni\u00f3n de trabajo del Grupo Parlamentario del PRI con el fin de avanzar en unidad en los temas que se resolver\u00e1n en el pleno legislativo.  <\/p>\n","protected":false},"author":1,"featured_media":1853,"comment_status":"open","ping_status":"open","sticky":false,"template":"","format":"standard","meta":{"footnotes":""},"categories":[12],"tags":[145],"class_list":["post-1852","post","type-post","status-publish","format-standard","has-post-thumbnail","hentry","category-politica","tag-unidad"],"yoast_head":"<!-- This site is optimized with the Yoast SEO plugin v24.9 - https:\/\/yoast.com\/wordpress\/plugins\/seo\/ -->\n<title>UNIDAD PARA AVANZAR EN TEMAS LEGISLATIVOS - 21 Panorama<\/title>\n<meta name=\"robots\" content=\"index, follow, max-snippet:-1, max-image-preview:large, max-video-preview:-1\" \/>\n<link rel=\"canonical\" href=\"https:\/\/21panorama.com\/index.php\/2021\/10\/13\/unidad-para-avanzar-en-temas-legislativos\/\" \/>\n<meta property=\"og:locale\" content=\"es_MX\" \/>\n<meta property=\"og:type\" content=\"article\" \/>\n<meta property=\"og:title\" content=\"UNIDAD PARA AVANZAR EN TEMAS LEGISLATIVOS - 21 Panorama\" \/>\n<meta property=\"og:description\" content=\"El Diputado federal Gustavo C\u00e1rdenas Monroy particip\u00f3 en la reuni\u00f3n de trabajo del Grupo Parlamentario del PRI con el fin de avanzar en unidad en los temas que se resolver\u00e1n en el pleno legislativo.\" \/>\n<meta property=\"og:url\" content=\"https:\/\/21panorama.com\/index.php\/2021\/10\/13\/unidad-para-avanzar-en-temas-legislativos\/\" \/>\n<meta property=\"og:site_name\" content=\"21 Panorama\" \/>\n<meta property=\"article:published_time\" content=\"2021-10-13T18:25:55+00:00\" \/>\n<meta property=\"article:modified_time\" content=\"2021-10-13T18:25:57+00:00\" \/>\n<meta property=\"og:image\" content=\"https:\/\/21panorama.com\/wp-content\/uploads\/2021\/10\/51d5448e-5ff0-43ca-892d-ba5835f4e530.jpeg\" \/>\n\t<meta property=\"og:image:width\" content=\"1600\" \/>\n\t<meta property=\"og:image:height\" content=\"1066\" \/>\n\t<meta property=\"og:image:type\" content=\"image\/jpeg\" \/>\n<meta name=\"author\" content=\"admin\" \/>\n<meta name=\"twitter:card\" content=\"summary_large_image\" \/>\n<meta name=\"twitter:label1\" content=\"Escrito por\" \/>\n\t<meta name=\"twitter:data1\" content=\"admin\" \/>\n\t<meta name=\"twitter:label2\" content=\"Tiempo de lectura\" \/>\n\t<meta name=\"twitter:data2\" content=\"1 minuto\" \/>\n<script type=\"application\/ld+json\" class=\"yoast-schema-graph\">{\"@context\":\"https:\/\/schema.org\",\"@graph\":[{\"@type\":\"Article\",\"@id\":\"https:\/\/21panorama.com\/index.php\/2021\/10\/13\/unidad-para-avanzar-en-temas-legislativos\/#article\",\"isPartOf\":{\"@id\":\"https:\/\/21panorama.com\/index.php\/2021\/10\/13\/unidad-para-avanzar-en-temas-legislativos\/\"},\"author\":{\"name\":\"admin\",\"@id\":\"https:\/\/21panorama.com\/#\/schema\/person\/1afc291b96d5792a158768324287319f\"},\"headline\":\"UNIDAD PARA AVANZAR EN TEMAS LEGISLATIVOS\",\"datePublished\":\"2021-10-13T18:25:55+00:00\",\"dateModified\":\"2021-10-13T18:25:57+00:00\",\"mainEntityOfPage\":{\"@id\":\"https:\/\/21panorama.com\/index.php\/2021\/10\/13\/unidad-para-avanzar-en-temas-legislativos\/\"},\"wordCount\":86,\"commentCount\":0,\"publisher\":{\"@id\":\"https:\/\/21panorama.com\/#organization\"},\"image\":{\"@id\":\"https:\/\/21panorama.com\/index.php\/2021\/10\/13\/unidad-para-avanzar-en-temas-legislativos\/#primaryimage\"},\"thumbnailUrl\":\"https:\/\/21panorama.com\/wp-content\/uploads\/2021\/10\/51d5448e-5ff0-43ca-892d-ba5835f4e530.jpeg\",\"keywords\":[\"unidad\"],\"articleSection\":[\"Politica\"],\"inLanguage\":\"es\",\"potentialAction\":[{\"@type\":\"CommentAction\",\"name\":\"Comment\",\"target\":[\"https:\/\/21panorama.com\/index.php\/2021\/10\/13\/unidad-para-avanzar-en-temas-legislativos\/#respond\"]}]},{\"@type\":\"WebPage\",\"@id\":\"https:\/\/21panorama.com\/index.php\/2021\/10\/13\/unidad-para-avanzar-en-temas-legislativos\/\",\"url\":\"https:\/\/21panorama.com\/index.php\/2021\/10\/13\/unidad-para-avanzar-en-temas-legislativos\/\",\"name\":\"UNIDAD PARA AVANZAR EN TEMAS LEGISLATIVOS - 21 Panorama\",\"isPartOf\":{\"@id\":\"https:\/\/21panorama.com\/#website\"},\"primaryImageOfPage\":{\"@id\":\"https:\/\/21panorama.com\/index.php\/2021\/10\/13\/unidad-para-avanzar-en-temas-legislativos\/#primaryimage\"},\"image\":{\"@id\":\"https:\/\/21panorama.com\/index.php\/2021\/10\/13\/unidad-para-avanzar-en-temas-legislativos\/#primaryimage\"},\"thumbnailUrl\":\"https:\/\/21panorama.com\/wp-content\/uploads\/2021\/10\/51d5448e-5ff0-43ca-892d-ba5835f4e530.jpeg\",\"datePublished\":\"2021-10-13T18:25:55+00:00\",\"dateModified\":\"2021-10-13T18:25:57+00:00\",\"breadcrumb\":{\"@id\":\"https:\/\/21panorama.com\/index.php\/2021\/10\/13\/unidad-para-avanzar-en-temas-legislativos\/#breadcrumb\"},\"inLanguage\":\"es\",\"potentialAction\":[{\"@type\":\"ReadAction\",\"target\":[\"https:\/\/21panorama.com\/index.php\/2021\/10\/13\/unidad-para-avanzar-en-temas-legislativos\/\"]}]},{\"@type\":\"ImageObject\",\"inLanguage\":\"es\",\"@id\":\"https:\/\/21panorama.com\/index.php\/2021\/10\/13\/unidad-para-avanzar-en-temas-legislativos\/#primaryimage\",\"url\":\"https:\/\/21panorama.com\/wp-content\/uploads\/2021\/10\/51d5448e-5ff0-43ca-892d-ba5835f4e530.jpeg\",\"contentUrl\":\"https:\/\/21panorama.com\/wp-content\/uploads\/2021\/10\/51d5448e-5ff0-43ca-892d-ba5835f4e530.jpeg\",\"width\":1600,\"height\":1066},{\"@type\":\"BreadcrumbList\",\"@id\":\"https:\/\/21panorama.com\/index.php\/2021\/10\/13\/unidad-para-avanzar-en-temas-legislativos\/#breadcrumb\",\"itemListElement\":[{\"@type\":\"ListItem\",\"position\":1,\"name\":\"Inicio\",\"item\":\"https:\/\/21panorama.com\/\"},{\"@type\":\"ListItem\",\"position\":2,\"name\":\"UNIDAD PARA AVANZAR EN TEMAS LEGISLATIVOS\"}]},{\"@type\":\"WebSite\",\"@id\":\"https:\/\/21panorama.com\/#website\",\"url\":\"https:\/\/21panorama.com\/\",\"name\":\"21 Panorama\",\"description\":\"La construcci\u00f3n de la opini\u00f3n p\u00fablica merece un mejor Panorama en este siglo 21 para alcanzar una sociedad con mayor transparencia y sin corrupci\u00f3n.\",\"publisher\":{\"@id\":\"https:\/\/21panorama.com\/#organization\"},\"potentialAction\":[{\"@type\":\"SearchAction\",\"target\":{\"@type\":\"EntryPoint\",\"urlTemplate\":\"https:\/\/21panorama.com\/?s={search_term_string}\"},\"query-input\":{\"@type\":\"PropertyValueSpecification\",\"valueRequired\":true,\"valueName\":\"search_term_string\"}}],\"inLanguage\":\"es\"},{\"@type\":\"Organization\",\"@id\":\"https:\/\/21panorama.com\/#organization\",\"name\":\"21 Panorama\",\"url\":\"https:\/\/21panorama.com\/\",\"logo\":{\"@type\":\"ImageObject\",\"inLanguage\":\"es\",\"@id\":\"https:\/\/21panorama.com\/#\/schema\/logo\/image\/\",\"url\":\"https:\/\/21panorama.com\/wp-content\/uploads\/2019\/07\/cropped-Logo-Panorama-01.jpeg\",\"contentUrl\":\"https:\/\/21panorama.com\/wp-content\/uploads\/2019\/07\/cropped-Logo-Panorama-01.jpeg\",\"width\":290,\"height\":70,\"caption\":\"21 Panorama\"},\"image\":{\"@id\":\"https:\/\/21panorama.com\/#\/schema\/logo\/image\/\"}},{\"@type\":\"Person\",\"@id\":\"https:\/\/21panorama.com\/#\/schema\/person\/1afc291b96d5792a158768324287319f\",\"name\":\"admin\",\"image\":{\"@type\":\"ImageObject\",\"inLanguage\":\"es\",\"@id\":\"https:\/\/21panorama.com\/#\/schema\/person\/image\/\",\"url\":\"https:\/\/secure.gravatar.com\/avatar\/ad365d9d9f46719215b0d042cc3df92a5a8683e09ef13d102233e5491985f0f0?s=96&d=mm&r=g\",\"contentUrl\":\"https:\/\/secure.gravatar.com\/avatar\/ad365d9d9f46719215b0d042cc3df92a5a8683e09ef13d102233e5491985f0f0?s=96&d=mm&r=g\",\"caption\":\"admin\"},\"url\":\"https:\/\/21panorama.com\/index.php\/author\/admin\/\"}]}<\/script>\n<!-- \/ Yoast SEO plugin. -->","yoast_head_json":{"title":"UNIDAD PARA AVANZAR EN TEMAS LEGISLATIVOS - 21 Panorama","robots":{"index":"index","follow":"follow","max-snippet":"max-snippet:-1","max-image-preview":"max-image-preview:large","max-video-preview":"max-video-preview:-1"},"canonical":"https:\/\/21panorama.com\/index.php\/2021\/10\/13\/unidad-para-avanzar-en-temas-legislativos\/","og_locale":"es_MX","og_type":"article","og_title":"UNIDAD PARA AVANZAR EN TEMAS LEGISLATIVOS - 21 Panorama","og_description":"El Diputado federal Gustavo C\u00e1rdenas Monroy particip\u00f3 en la reuni\u00f3n de trabajo del Grupo Parlamentario del PRI con el fin de avanzar en unidad en los temas que se resolver\u00e1n en el pleno legislativo.","og_url":"https:\/\/21panorama.com\/index.php\/2021\/10\/13\/unidad-para-avanzar-en-temas-legislativos\/","og_site_name":"21 Panorama","article_published_time":"2021-10-13T18:25:55+00:00","article_modified_time":"2021-10-13T18:25:57+00:00","og_image":[{"width":1600,"height":1066,"url":"https:\/\/21panorama.com\/wp-content\/uploads\/2021\/10\/51d5448e-5ff0-43ca-892d-ba5835f4e530.jpeg","type":"image\/jpeg"}],"author":"admin","twitter_card":"summary_large_image","twitter_misc":{"Escrito por":"admin","Tiempo de lectura":"1 minuto"},"schema":{"@context":"https:\/\/schema.org","@graph":[{"@type":"Article","@id":"https:\/\/21panorama.com\/index.php\/2021\/10\/13\/unidad-para-avanzar-en-temas-legislativos\/#article","isPartOf":{"@id":"https:\/\/21panorama.com\/index.php\/2021\/10\/13\/unidad-para-avanzar-en-temas-legislativos\/"},"author":{"name":"admin","@id":"https:\/\/21panorama.com\/#\/schema\/person\/1afc291b96d5792a158768324287319f"},"headline":"UNIDAD PARA AVANZAR EN TEMAS LEGISLATIVOS","datePublished":"2021-10-13T18:25:55+00:00","dateModified":"2021-10-13T18:25:57+00:00","mainEntityOfPage":{"@id":"https:\/\/21panorama.com\/index.php\/2021\/10\/13\/unidad-para-avanzar-en-temas-legislativos\/"},"wordCount":86,"commentCount":0,"publisher":{"@id":"https:\/\/21panorama.com\/#organization"},"image":{"@id":"https:\/\/21panorama.com\/index.php\/2021\/10\/13\/unidad-para-avanzar-en-temas-legislativos\/#primaryimage"},"thumbnailUrl":"https:\/\/21panorama.com\/wp-content\/uploads\/2021\/10\/51d5448e-5ff0-43ca-892d-ba5835f4e530.jpeg","keywords":["unidad"],"articleSection":["Politica"],"inLanguage":"es","potentialAction":[{"@type":"CommentAction","name":"Comment","target":["https:\/\/21panorama.com\/index.php\/2021\/10\/13\/unidad-para-avanzar-en-temas-legislativos\/#respond"]}]},{"@type":"WebPage","@id":"https:\/\/21panorama.com\/index.php\/2021\/10\/13\/unidad-para-avanzar-en-temas-legislativos\/","url":"https:\/\/21panorama.com\/index.php\/2021\/10\/13\/unidad-para-avanzar-en-temas-legislativos\/","name":"UNIDAD PARA AVANZAR EN TEMAS LEGISLATIVOS - 21 Panorama","isPartOf":{"@id":"https:\/\/21panorama.com\/#website"},"primaryImageOfPage":{"@id":"https:\/\/21panorama.com\/index.php\/2021\/10\/13\/unidad-para-avanzar-en-temas-legislativos\/#primaryimage"},"image":{"@id":"https:\/\/21panorama.com\/index.php\/2021\/10\/13\/unidad-para-avanzar-en-temas-legislativos\/#primaryimage"},"thumbnailUrl":"https:\/\/21panorama.com\/wp-content\/uploads\/2021\/10\/51d5448e-5ff0-43ca-892d-ba5835f4e530.jpeg","datePublished":"2021-10-13T18:25:55+00:00","dateModified":"2021-10-13T18:25:57+00:00","breadcrumb":{"@id":"https:\/\/21panorama.com\/index.php\/2021\/10\/13\/unidad-para-avanzar-en-temas-legislativos\/#breadcrumb"},"inLanguage":"es","potentialAction":[{"@type":"ReadAction","target":["https:\/\/21panorama.com\/index.php\/2021\/10\/13\/unidad-para-avanzar-en-temas-legislativos\/"]}]},{"@type":"ImageObject","inLanguage":"es","@id":"https:\/\/21panorama.com\/index.php\/2021\/10\/13\/unidad-para-avanzar-en-temas-legislativos\/#primaryimage","url":"https:\/\/21panorama.com\/wp-content\/uploads\/2021\/10\/51d5448e-5ff0-43ca-892d-ba5835f4e530.jpeg","contentUrl":"https:\/\/21panorama.com\/wp-content\/uploads\/2021\/10\/51d5448e-5ff0-43ca-892d-ba5835f4e530.jpeg","width":1600,"height":1066},{"@type":"BreadcrumbList","@id":"https:\/\/21panorama.com\/index.php\/2021\/10\/13\/unidad-para-avanzar-en-temas-legislativos\/#breadcrumb","itemListElement":[{"@type":"ListItem","position":1,"name":"Inicio","item":"https:\/\/21panorama.com\/"},{"@type":"ListItem","position":2,"name":"UNIDAD PARA AVANZAR EN TEMAS LEGISLATIVOS"}]},{"@type":"WebSite","@id":"https:\/\/21panorama.com\/#website","url":"https:\/\/21panorama.com\/","name":"21 Panorama","description":"La construcci\u00f3n de la opini\u00f3n p\u00fablica merece un mejor Panorama en este siglo 21 para alcanzar una sociedad con mayor transparencia y sin corrupci\u00f3n.","publisher":{"@id":"https:\/\/21panorama.com\/#organization"},"potentialAction":[{"@type":"SearchAction","target":{"@type":"EntryPoint","urlTemplate":"https:\/\/21panorama.com\/?s={search_term_string}"},"query-input":{"@type":"PropertyValueSpecification","valueRequired":true,"valueName":"search_term_string"}}],"inLanguage":"es"},{"@type":"Organization","@id":"https:\/\/21panorama.com\/#organization","name":"21 Panorama","url":"https:\/\/21panorama.com\/","logo":{"@type":"ImageObject","inLanguage":"es","@id":"https:\/\/21panorama.com\/#\/schema\/logo\/image\/","url":"https:\/\/21panorama.com\/wp-content\/uploads\/2019\/07\/cropped-Logo-Panorama-01.jpeg","contentUrl":"https:\/\/21panorama.com\/wp-content\/uploads\/2019\/07\/cropped-Logo-Panorama-01.jpeg","width":290,"height":70,"caption":"21 Panorama"},"image":{"@id":"https:\/\/21panorama.com\/#\/schema\/logo\/image\/"}},{"@type":"Person","@id":"https:\/\/21panorama.com\/#\/schema\/person\/1afc291b96d5792a158768324287319f","name":"admin","image":{"@type":"ImageObject","inLanguage":"es","@id":"https:\/\/21panorama.com\/#\/schema\/person\/image\/","url":"https:\/\/secure.gravatar.com\/avatar\/ad365d9d9f46719215b0d042cc3df92a5a8683e09ef13d102233e5491985f0f0?s=96&d=mm&r=g","contentUrl":"https:\/\/secure.gravatar.com\/avatar\/ad365d9d9f46719215b0d042cc3df92a5a8683e09ef13d102233e5491985f0f0?s=96&d=mm&r=g","caption":"admin"},"url":"https:\/\/21panorama.com\/index.php\/author\/admin\/"}]}},"_links":{"self":[{"href":"https:\/\/21panorama.com\/index.php\/wp-json\/wp\/v2\/posts\/1852","targetHints":{"allow":["GET"]}}],"collection":[{"href":"https:\/\/21panorama.com\/index.php\/wp-json\/wp\/v2\/posts"}],"about":[{"href":"https:\/\/21panorama.com\/index.php\/wp-json\/wp\/v2\/types\/post"}],"author":[{"embeddable":true,"href":"https:\/\/21panorama.com\/index.php\/wp-json\/wp\/v2\/users\/1"}],"replies":[{"embeddable":true,"href":"https:\/\/21panorama.com\/index.php\/wp-json\/wp\/v2\/comments?post=1852"}],"version-history":[{"count":1,"href":"https:\/\/21panorama.com\/index.php\/wp-json\/wp\/v2\/posts\/1852\/revisions"}],"predecessor-version":[{"id":1857,"href":"https:\/\/21panorama.com\/index.php\/wp-json\/wp\/v2\/posts\/1852\/revisions\/1857"}],"wp:featuredmedia":[{"embeddable":true,"href":"https:\/\/21panorama.com\/index.php\/wp-json\/wp\/v2\/media\/1853"}],"wp:attachment":[{"href":"https:\/\/21panorama.com\/index.php\/wp-json\/wp\/v2\/media?parent=1852"}],"wp:term":[{"taxonomy":"category","embeddable":true,"href":"https:\/\/21panorama.com\/index.php\/wp-json\/wp\/v2\/categories?post=1852"},{"taxonomy":"post_tag","embeddable":true,"href":"https:\/\/21panorama.com\/index.php\/wp-json\/wp\/v2\/tags?post=1852"}],"curies":[{"name":"wp","href":"https:\/\/api.w.org\/{rel}","templated":true}]}}