{"id":1839,"date":"2021-10-12T13:14:59","date_gmt":"2021-10-12T18:14:59","guid":{"rendered":"http:\/\/21panorama.com\/?p=1839"},"modified":"2021-10-12T13:15:01","modified_gmt":"2021-10-12T18:15:01","slug":"resuelve-juzgado-vacunar-a-menores-de-12-a-17-anos-contra-covid","status":"publish","type":"post","link":"https:\/\/21panorama.com\/index.php\/2021\/10\/12\/resuelve-juzgado-vacunar-a-menores-de-12-a-17-anos-contra-covid\/","title":{"rendered":"Resuelve Juzgado Vacunar a menores de 12 a 17 a\u00f1os contra Covid"},"content":{"rendered":"\n<p>Sin importar su condici\u00f3n de salud el Gobierno Federal deber\u00e1 vacunar a todos los menores de 12 a 17 a\u00f1os contra Covid-19, resolvi\u00f3 el Juzgado S\u00e9ptimo en Naucalpan.<\/p>\n\n\n\n<p>La secretaria del Juzgado Claudia G\u00e1mez Galindo firm\u00f3 la resolutiva judicial que impone 48 horas para que las autoridades sanitarias modifiquen la Pol\u00edtica Nacional de Vacunaci\u00f3n (PNV) y consideren a todos los menores en la inmunizaci\u00f3n con Pfizer-BioNtech, la \u00fanica autorizada hasta ahora para esas edades.<\/p>\n\n\n\n<p>Con ello, la medida beneficiar\u00eda a unos 10 millones de ni\u00f1os y adolescentes en M\u00e9xico, donde a diferencia de Estados Unidos, la Uni\u00f3n Europea y el Reino Unido, la vacuna no est\u00e1 abierta a ese grupo de edad.<\/p>\n\n\n\n<p>Para la aplicaci\u00f3n de las dosis, las ni\u00f1as, ni\u00f1os y adolescentes de 12 a 17 a\u00f1os deber\u00e1n ser considerados en el calendario de julio de 2021 a marzo de 2022 que, conforme a la estrategia de vacunaci\u00f3n, s\u00f3lo contempla a alrededor de un mill\u00f3n de menores con padecimientos que los hacen vulnerables al coronavirus.<\/p>\n\n\n\n<p>La Secretar\u00eda de Salud tendr\u00eda que responder a m\u00e1s tardar el jueves por escrito al Juzgado S\u00e9ptimo de Distrito en Naucalpan, Estado de M\u00e9xico, sobre el cambio en la PNV, a fin de no caer en desacato de la suspensi\u00f3n definitiva, que si bien a\u00fan puede ser impugnada, debe cumplirse de inmediato en tanto un tribunal colegiado de circuito la revisa, lo que tomar\u00eda varias semanas.<\/p>\n\n\n\n<p>La orden del juzgado advierte que, de existir desabasto de la vacuna de PfizerBioNtech, ello no debe usarse como justificaci\u00f3n para incumplir con la medida cautelar decretada.<\/p>\n\n\n\n<p>&#8220;Para garantizar el derecho humano a la salud, el Estado debe adoptar las medidas necesarias, hasta el m\u00e1ximo de los recursos de que disponga, para lograr progresivamente, por todos los medios apropiados, su plena efectividad&#8221;, establece la resoluci\u00f3n firmada por Claudia G\u00e1mez Galindo, secretaria en funciones de titular del Juzgado S\u00e9ptimo en Naucalpan.<\/p>\n\n\n\n<p>La suspensi\u00f3n fue concedida en un amparo promovido en favor de una sola ni\u00f1a, pero el juzgado consider\u00f3 que no hay impedimento para que la medida tenga efectos generales, pues el derecho humano a la salud es universal.<\/p>\n","protected":false},"excerpt":{"rendered":"<p>Sin importar su condici\u00f3n de salud el Gobierno Federal deber\u00e1 vacunar a todos los menores de 12 a 17 a\u00f1os contra Covid-19, resolvi\u00f3 el Juzgado S\u00e9ptimo en Naucalpan.  <\/p>\n","protected":false},"author":1,"featured_media":1840,"comment_status":"open","ping_status":"open","sticky":false,"template":"","format":"standard","meta":{"footnotes":""},"categories":[6],"tags":[141,142],"class_list":["post-1839","post","type-post","status-publish","format-standard","has-post-thumbnail","hentry","category-cienciaysalud","tag-covid","tag-vacuna"],"yoast_head":"<!-- This site is optimized with the Yoast SEO plugin v24.9 - https:\/\/yoast.com\/wordpress\/plugins\/seo\/ -->\n<title>Resuelve Juzgado Vacunar a menores de 12 a 17 a\u00f1os contra Covid - 21 Panorama<\/title>\n<meta name=\"robots\" content=\"index, follow, max-snippet:-1, max-image-preview:large, max-video-preview:-1\" \/>\n<link rel=\"canonical\" href=\"https:\/\/21panorama.com\/index.php\/2021\/10\/12\/resuelve-juzgado-vacunar-a-menores-de-12-a-17-anos-contra-covid\/\" \/>\n<meta property=\"og:locale\" content=\"es_MX\" \/>\n<meta property=\"og:type\" content=\"article\" \/>\n<meta property=\"og:title\" content=\"Resuelve Juzgado Vacunar a menores de 12 a 17 a\u00f1os contra Covid - 21 Panorama\" \/>\n<meta property=\"og:description\" content=\"Sin importar su condici\u00f3n de salud el Gobierno Federal deber\u00e1 vacunar a todos los menores de 12 a 17 a\u00f1os contra Covid-19, resolvi\u00f3 el Juzgado S\u00e9ptimo en Naucalpan.\" \/>\n<meta property=\"og:url\" content=\"https:\/\/21panorama.com\/index.php\/2021\/10\/12\/resuelve-juzgado-vacunar-a-menores-de-12-a-17-anos-contra-covid\/\" \/>\n<meta property=\"og:site_name\" content=\"21 Panorama\" \/>\n<meta property=\"article:published_time\" content=\"2021-10-12T18:14:59+00:00\" \/>\n<meta property=\"article:modified_time\" content=\"2021-10-12T18:15:01+00:00\" \/>\n<meta property=\"og:image\" content=\"https:\/\/21panorama.com\/wp-content\/uploads\/2021\/10\/6aa494b3-b47c-48ac-8b33-2efe227a8fa1.jpeg\" \/>\n\t<meta property=\"og:image:width\" content=\"601\" \/>\n\t<meta property=\"og:image:height\" content=\"372\" \/>\n\t<meta property=\"og:image:type\" content=\"image\/jpeg\" \/>\n<meta name=\"author\" content=\"admin\" \/>\n<meta name=\"twitter:card\" content=\"summary_large_image\" \/>\n<meta name=\"twitter:label1\" content=\"Escrito por\" \/>\n\t<meta name=\"twitter:data1\" content=\"admin\" \/>\n\t<meta name=\"twitter:label2\" content=\"Tiempo de lectura\" \/>\n\t<meta name=\"twitter:data2\" content=\"2 minutos\" \/>\n<script type=\"application\/ld+json\" class=\"yoast-schema-graph\">{\"@context\":\"https:\/\/schema.org\",\"@graph\":[{\"@type\":\"Article\",\"@id\":\"https:\/\/21panorama.com\/index.php\/2021\/10\/12\/resuelve-juzgado-vacunar-a-menores-de-12-a-17-anos-contra-covid\/#article\",\"isPartOf\":{\"@id\":\"https:\/\/21panorama.com\/index.php\/2021\/10\/12\/resuelve-juzgado-vacunar-a-menores-de-12-a-17-anos-contra-covid\/\"},\"author\":{\"name\":\"admin\",\"@id\":\"https:\/\/21panorama.com\/#\/schema\/person\/1afc291b96d5792a158768324287319f\"},\"headline\":\"Resuelve Juzgado Vacunar a menores de 12 a 17 a\u00f1os contra Covid\",\"datePublished\":\"2021-10-12T18:14:59+00:00\",\"dateModified\":\"2021-10-12T18:15:01+00:00\",\"mainEntityOfPage\":{\"@id\":\"https:\/\/21panorama.com\/index.php\/2021\/10\/12\/resuelve-juzgado-vacunar-a-menores-de-12-a-17-anos-contra-covid\/\"},\"wordCount\":387,\"commentCount\":0,\"publisher\":{\"@id\":\"https:\/\/21panorama.com\/#organization\"},\"image\":{\"@id\":\"https:\/\/21panorama.com\/index.php\/2021\/10\/12\/resuelve-juzgado-vacunar-a-menores-de-12-a-17-anos-contra-covid\/#primaryimage\"},\"thumbnailUrl\":\"https:\/\/21panorama.com\/wp-content\/uploads\/2021\/10\/6aa494b3-b47c-48ac-8b33-2efe227a8fa1.jpeg\",\"keywords\":[\"COVID\",\"VACUNA\"],\"articleSection\":[\"Ciencia y Salud\"],\"inLanguage\":\"es\",\"potentialAction\":[{\"@type\":\"CommentAction\",\"name\":\"Comment\",\"target\":[\"https:\/\/21panorama.com\/index.php\/2021\/10\/12\/resuelve-juzgado-vacunar-a-menores-de-12-a-17-anos-contra-covid\/#respond\"]}]},{\"@type\":\"WebPage\",\"@id\":\"https:\/\/21panorama.com\/index.php\/2021\/10\/12\/resuelve-juzgado-vacunar-a-menores-de-12-a-17-anos-contra-covid\/\",\"url\":\"https:\/\/21panorama.com\/index.php\/2021\/10\/12\/resuelve-juzgado-vacunar-a-menores-de-12-a-17-anos-contra-covid\/\",\"name\":\"Resuelve Juzgado Vacunar a menores de 12 a 17 a\u00f1os contra Covid - 21 Panorama\",\"isPartOf\":{\"@id\":\"https:\/\/21panorama.com\/#website\"},\"primaryImageOfPage\":{\"@id\":\"https:\/\/21panorama.com\/index.php\/2021\/10\/12\/resuelve-juzgado-vacunar-a-menores-de-12-a-17-anos-contra-covid\/#primaryimage\"},\"image\":{\"@id\":\"https:\/\/21panorama.com\/index.php\/2021\/10\/12\/resuelve-juzgado-vacunar-a-menores-de-12-a-17-anos-contra-covid\/#primaryimage\"},\"thumbnailUrl\":\"https:\/\/21panorama.com\/wp-content\/uploads\/2021\/10\/6aa494b3-b47c-48ac-8b33-2efe227a8fa1.jpeg\",\"datePublished\":\"2021-10-12T18:14:59+00:00\",\"dateModified\":\"2021-10-12T18:15:01+00:00\",\"breadcrumb\":{\"@id\":\"https:\/\/21panorama.com\/index.php\/2021\/10\/12\/resuelve-juzgado-vacunar-a-menores-de-12-a-17-anos-contra-covid\/#breadcrumb\"},\"inLanguage\":\"es\",\"potentialAction\":[{\"@type\":\"ReadAction\",\"target\":[\"https:\/\/21panorama.com\/index.php\/2021\/10\/12\/resuelve-juzgado-vacunar-a-menores-de-12-a-17-anos-contra-covid\/\"]}]},{\"@type\":\"ImageObject\",\"inLanguage\":\"es\",\"@id\":\"https:\/\/21panorama.com\/index.php\/2021\/10\/12\/resuelve-juzgado-vacunar-a-menores-de-12-a-17-anos-contra-covid\/#primaryimage\",\"url\":\"https:\/\/21panorama.com\/wp-content\/uploads\/2021\/10\/6aa494b3-b47c-48ac-8b33-2efe227a8fa1.jpeg\",\"contentUrl\":\"https:\/\/21panorama.com\/wp-content\/uploads\/2021\/10\/6aa494b3-b47c-48ac-8b33-2efe227a8fa1.jpeg\",\"width\":601,\"height\":372},{\"@type\":\"BreadcrumbList\",\"@id\":\"https:\/\/21panorama.com\/index.php\/2021\/10\/12\/resuelve-juzgado-vacunar-a-menores-de-12-a-17-anos-contra-covid\/#breadcrumb\",\"itemListElement\":[{\"@type\":\"ListItem\",\"position\":1,\"name\":\"Inicio\",\"item\":\"https:\/\/21panorama.com\/\"},{\"@type\":\"ListItem\",\"position\":2,\"name\":\"Resuelve Juzgado Vacunar a menores de 12 a 17 a\u00f1os contra Covid\"}]},{\"@type\":\"WebSite\",\"@id\":\"https:\/\/21panorama.com\/#website\",\"url\":\"https:\/\/21panorama.com\/\",\"name\":\"21 Panorama\",\"description\":\"La construcci\u00f3n de la opini\u00f3n p\u00fablica merece un mejor Panorama en este siglo 21 para alcanzar una sociedad con mayor transparencia y sin corrupci\u00f3n.\",\"publisher\":{\"@id\":\"https:\/\/21panorama.com\/#organization\"},\"potentialAction\":[{\"@type\":\"SearchAction\",\"target\":{\"@type\":\"EntryPoint\",\"urlTemplate\":\"https:\/\/21panorama.com\/?s={search_term_string}\"},\"query-input\":{\"@type\":\"PropertyValueSpecification\",\"valueRequired\":true,\"valueName\":\"search_term_string\"}}],\"inLanguage\":\"es\"},{\"@type\":\"Organization\",\"@id\":\"https:\/\/21panorama.com\/#organization\",\"name\":\"21 Panorama\",\"url\":\"https:\/\/21panorama.com\/\",\"logo\":{\"@type\":\"ImageObject\",\"inLanguage\":\"es\",\"@id\":\"https:\/\/21panorama.com\/#\/schema\/logo\/image\/\",\"url\":\"https:\/\/21panorama.com\/wp-content\/uploads\/2019\/07\/cropped-Logo-Panorama-01.jpeg\",\"contentUrl\":\"https:\/\/21panorama.com\/wp-content\/uploads\/2019\/07\/cropped-Logo-Panorama-01.jpeg\",\"width\":290,\"height\":70,\"caption\":\"21 Panorama\"},\"image\":{\"@id\":\"https:\/\/21panorama.com\/#\/schema\/logo\/image\/\"}},{\"@type\":\"Person\",\"@id\":\"https:\/\/21panorama.com\/#\/schema\/person\/1afc291b96d5792a158768324287319f\",\"name\":\"admin\",\"image\":{\"@type\":\"ImageObject\",\"inLanguage\":\"es\",\"@id\":\"https:\/\/21panorama.com\/#\/schema\/person\/image\/\",\"url\":\"https:\/\/secure.gravatar.com\/avatar\/ad365d9d9f46719215b0d042cc3df92a5a8683e09ef13d102233e5491985f0f0?s=96&d=mm&r=g\",\"contentUrl\":\"https:\/\/secure.gravatar.com\/avatar\/ad365d9d9f46719215b0d042cc3df92a5a8683e09ef13d102233e5491985f0f0?s=96&d=mm&r=g\",\"caption\":\"admin\"},\"url\":\"https:\/\/21panorama.com\/index.php\/author\/admin\/\"}]}<\/script>\n<!-- \/ Yoast SEO plugin. -->","yoast_head_json":{"title":"Resuelve Juzgado Vacunar a menores de 12 a 17 a\u00f1os contra Covid - 21 Panorama","robots":{"index":"index","follow":"follow","max-snippet":"max-snippet:-1","max-image-preview":"max-image-preview:large","max-video-preview":"max-video-preview:-1"},"canonical":"https:\/\/21panorama.com\/index.php\/2021\/10\/12\/resuelve-juzgado-vacunar-a-menores-de-12-a-17-anos-contra-covid\/","og_locale":"es_MX","og_type":"article","og_title":"Resuelve Juzgado Vacunar a menores de 12 a 17 a\u00f1os contra Covid - 21 Panorama","og_description":"Sin importar su condici\u00f3n de salud el Gobierno Federal deber\u00e1 vacunar a todos los menores de 12 a 17 a\u00f1os contra Covid-19, resolvi\u00f3 el Juzgado S\u00e9ptimo en Naucalpan.","og_url":"https:\/\/21panorama.com\/index.php\/2021\/10\/12\/resuelve-juzgado-vacunar-a-menores-de-12-a-17-anos-contra-covid\/","og_site_name":"21 Panorama","article_published_time":"2021-10-12T18:14:59+00:00","article_modified_time":"2021-10-12T18:15:01+00:00","og_image":[{"width":601,"height":372,"url":"https:\/\/21panorama.com\/wp-content\/uploads\/2021\/10\/6aa494b3-b47c-48ac-8b33-2efe227a8fa1.jpeg","type":"image\/jpeg"}],"author":"admin","twitter_card":"summary_large_image","twitter_misc":{"Escrito por":"admin","Tiempo de lectura":"2 minutos"},"schema":{"@context":"https:\/\/schema.org","@graph":[{"@type":"Article","@id":"https:\/\/21panorama.com\/index.php\/2021\/10\/12\/resuelve-juzgado-vacunar-a-menores-de-12-a-17-anos-contra-covid\/#article","isPartOf":{"@id":"https:\/\/21panorama.com\/index.php\/2021\/10\/12\/resuelve-juzgado-vacunar-a-menores-de-12-a-17-anos-contra-covid\/"},"author":{"name":"admin","@id":"https:\/\/21panorama.com\/#\/schema\/person\/1afc291b96d5792a158768324287319f"},"headline":"Resuelve Juzgado Vacunar a menores de 12 a 17 a\u00f1os contra Covid","datePublished":"2021-10-12T18:14:59+00:00","dateModified":"2021-10-12T18:15:01+00:00","mainEntityOfPage":{"@id":"https:\/\/21panorama.com\/index.php\/2021\/10\/12\/resuelve-juzgado-vacunar-a-menores-de-12-a-17-anos-contra-covid\/"},"wordCount":387,"commentCount":0,"publisher":{"@id":"https:\/\/21panorama.com\/#organization"},"image":{"@id":"https:\/\/21panorama.com\/index.php\/2021\/10\/12\/resuelve-juzgado-vacunar-a-menores-de-12-a-17-anos-contra-covid\/#primaryimage"},"thumbnailUrl":"https:\/\/21panorama.com\/wp-content\/uploads\/2021\/10\/6aa494b3-b47c-48ac-8b33-2efe227a8fa1.jpeg","keywords":["COVID","VACUNA"],"articleSection":["Ciencia y Salud"],"inLanguage":"es","potentialAction":[{"@type":"CommentAction","name":"Comment","target":["https:\/\/21panorama.com\/index.php\/2021\/10\/12\/resuelve-juzgado-vacunar-a-menores-de-12-a-17-anos-contra-covid\/#respond"]}]},{"@type":"WebPage","@id":"https:\/\/21panorama.com\/index.php\/2021\/10\/12\/resuelve-juzgado-vacunar-a-menores-de-12-a-17-anos-contra-covid\/","url":"https:\/\/21panorama.com\/index.php\/2021\/10\/12\/resuelve-juzgado-vacunar-a-menores-de-12-a-17-anos-contra-covid\/","name":"Resuelve Juzgado Vacunar a menores de 12 a 17 a\u00f1os contra Covid - 21 Panorama","isPartOf":{"@id":"https:\/\/21panorama.com\/#website"},"primaryImageOfPage":{"@id":"https:\/\/21panorama.com\/index.php\/2021\/10\/12\/resuelve-juzgado-vacunar-a-menores-de-12-a-17-anos-contra-covid\/#primaryimage"},"image":{"@id":"https:\/\/21panorama.com\/index.php\/2021\/10\/12\/resuelve-juzgado-vacunar-a-menores-de-12-a-17-anos-contra-covid\/#primaryimage"},"thumbnailUrl":"https:\/\/21panorama.com\/wp-content\/uploads\/2021\/10\/6aa494b3-b47c-48ac-8b33-2efe227a8fa1.jpeg","datePublished":"2021-10-12T18:14:59+00:00","dateModified":"2021-10-12T18:15:01+00:00","breadcrumb":{"@id":"https:\/\/21panorama.com\/index.php\/2021\/10\/12\/resuelve-juzgado-vacunar-a-menores-de-12-a-17-anos-contra-covid\/#breadcrumb"},"inLanguage":"es","potentialAction":[{"@type":"ReadAction","target":["https:\/\/21panorama.com\/index.php\/2021\/10\/12\/resuelve-juzgado-vacunar-a-menores-de-12-a-17-anos-contra-covid\/"]}]},{"@type":"ImageObject","inLanguage":"es","@id":"https:\/\/21panorama.com\/index.php\/2021\/10\/12\/resuelve-juzgado-vacunar-a-menores-de-12-a-17-anos-contra-covid\/#primaryimage","url":"https:\/\/21panorama.com\/wp-content\/uploads\/2021\/10\/6aa494b3-b47c-48ac-8b33-2efe227a8fa1.jpeg","contentUrl":"https:\/\/21panorama.com\/wp-content\/uploads\/2021\/10\/6aa494b3-b47c-48ac-8b33-2efe227a8fa1.jpeg","width":601,"height":372},{"@type":"BreadcrumbList","@id":"https:\/\/21panorama.com\/index.php\/2021\/10\/12\/resuelve-juzgado-vacunar-a-menores-de-12-a-17-anos-contra-covid\/#breadcrumb","itemListElement":[{"@type":"ListItem","position":1,"name":"Inicio","item":"https:\/\/21panorama.com\/"},{"@type":"ListItem","position":2,"name":"Resuelve Juzgado Vacunar a menores de 12 a 17 a\u00f1os contra Covid"}]},{"@type":"WebSite","@id":"https:\/\/21panorama.com\/#website","url":"https:\/\/21panorama.com\/","name":"21 Panorama","description":"La construcci\u00f3n de la opini\u00f3n p\u00fablica merece un mejor Panorama en este siglo 21 para alcanzar una sociedad con mayor transparencia y sin corrupci\u00f3n.","publisher":{"@id":"https:\/\/21panorama.com\/#organization"},"potentialAction":[{"@type":"SearchAction","target":{"@type":"EntryPoint","urlTemplate":"https:\/\/21panorama.com\/?s={search_term_string}"},"query-input":{"@type":"PropertyValueSpecification","valueRequired":true,"valueName":"search_term_string"}}],"inLanguage":"es"},{"@type":"Organization","@id":"https:\/\/21panorama.com\/#organization","name":"21 Panorama","url":"https:\/\/21panorama.com\/","logo":{"@type":"ImageObject","inLanguage":"es","@id":"https:\/\/21panorama.com\/#\/schema\/logo\/image\/","url":"https:\/\/21panorama.com\/wp-content\/uploads\/2019\/07\/cropped-Logo-Panorama-01.jpeg","contentUrl":"https:\/\/21panorama.com\/wp-content\/uploads\/2019\/07\/cropped-Logo-Panorama-01.jpeg","width":290,"height":70,"caption":"21 Panorama"},"image":{"@id":"https:\/\/21panorama.com\/#\/schema\/logo\/image\/"}},{"@type":"Person","@id":"https:\/\/21panorama.com\/#\/schema\/person\/1afc291b96d5792a158768324287319f","name":"admin","image":{"@type":"ImageObject","inLanguage":"es","@id":"https:\/\/21panorama.com\/#\/schema\/person\/image\/","url":"https:\/\/secure.gravatar.com\/avatar\/ad365d9d9f46719215b0d042cc3df92a5a8683e09ef13d102233e5491985f0f0?s=96&d=mm&r=g","contentUrl":"https:\/\/secure.gravatar.com\/avatar\/ad365d9d9f46719215b0d042cc3df92a5a8683e09ef13d102233e5491985f0f0?s=96&d=mm&r=g","caption":"admin"},"url":"https:\/\/21panorama.com\/index.php\/author\/admin\/"}]}},"_links":{"self":[{"href":"https:\/\/21panorama.com\/index.php\/wp-json\/wp\/v2\/posts\/1839","targetHints":{"allow":["GET"]}}],"collection":[{"href":"https:\/\/21panorama.com\/index.php\/wp-json\/wp\/v2\/posts"}],"about":[{"href":"https:\/\/21panorama.com\/index.php\/wp-json\/wp\/v2\/types\/post"}],"author":[{"embeddable":true,"href":"https:\/\/21panorama.com\/index.php\/wp-json\/wp\/v2\/users\/1"}],"replies":[{"embeddable":true,"href":"https:\/\/21panorama.com\/index.php\/wp-json\/wp\/v2\/comments?post=1839"}],"version-history":[{"count":1,"href":"https:\/\/21panorama.com\/index.php\/wp-json\/wp\/v2\/posts\/1839\/revisions"}],"predecessor-version":[{"id":1841,"href":"https:\/\/21panorama.com\/index.php\/wp-json\/wp\/v2\/posts\/1839\/revisions\/1841"}],"wp:featuredmedia":[{"embeddable":true,"href":"https:\/\/21panorama.com\/index.php\/wp-json\/wp\/v2\/media\/1840"}],"wp:attachment":[{"href":"https:\/\/21panorama.com\/index.php\/wp-json\/wp\/v2\/media?parent=1839"}],"wp:term":[{"taxonomy":"category","embeddable":true,"href":"https:\/\/21panorama.com\/index.php\/wp-json\/wp\/v2\/categories?post=1839"},{"taxonomy":"post_tag","embeddable":true,"href":"https:\/\/21panorama.com\/index.php\/wp-json\/wp\/v2\/tags?post=1839"}],"curies":[{"name":"wp","href":"https:\/\/api.w.org\/{rel}","templated":true}]}}