{"id":1810,"date":"2021-09-21T11:17:00","date_gmt":"2021-09-21T16:17:00","guid":{"rendered":"http:\/\/21panorama.com\/?p=1810"},"modified":"2021-10-12T12:32:40","modified_gmt":"2021-10-12T17:32:40","slug":"entrega-gobierno-municipal-de-apaxco-kits-sanitizantes","status":"publish","type":"post","link":"https:\/\/21panorama.com\/index.php\/2021\/09\/21\/entrega-gobierno-municipal-de-apaxco-kits-sanitizantes\/","title":{"rendered":"ENTREGA GOBIERNO MUNICIPAL DE APAXCO KITS SANITIZANTES"},"content":{"rendered":"\n<p>Ante la pandemia que a\u00fan enfrenta M\u00e9xico, el Gobierno Municipal de Apaxco y el Sistema DIF se ocuparon por hacer su labor de prevenci\u00f3n en centros escolares.<\/p>\n\n\n\n<p>Con el regreso a clases, el alcalde Daniel Parra \u00c1ngeles y su esposa Blanca Ram\u00edrez Mendoza trazaron la ruta para atender la salud de los estudiantes.<\/p>\n\n\n\n<p>Con ello, llevaron a cabo la entrega de Kits Sanitizantes en las escuelas Jard\u00edn de Ni\u00f1os &#8220;Cesar Colt\u201d, Escuela Primaria &#8220;Melchor Ocampo&#8221;, Escuela Secundaria Oficial No.0107 &#8220;Lic. Benito Ju\u00e1rez\u201d, Escuela Secundaria T\u00e9cnica No.35.<\/p>\n\n\n\n<p>Adem\u00e1s de la Escuela Preparatoria Oficial No.205, Escuela Primaria &#8220;Lic. Juan Fern\u00e1ndez Albarr\u00e1n&#8221;.<\/p>\n\n\n\n<p>Los paquetes sanitizantes incluyen cubrebocas, gel antibacterial, toallita y Spray sanitizante.<\/p>\n\n\n\n<figure class=\"wp-block-gallery columns-3 is-cropped wp-block-gallery-1 is-layout-flex wp-block-gallery-is-layout-flex\"><ul class=\"blocks-gallery-grid\"><li class=\"blocks-gallery-item\"><figure><img decoding=\"async\" width=\"959\" height=\"640\" src=\"https:\/\/21panorama.com\/wp-content\/uploads\/2021\/10\/d309b780-4315-4360-918b-5dd00850dd45.jpeg\" alt=\"\" data-id=\"1812\" data-link=\"https:\/\/21panorama.com\/?attachment_id=1812\" class=\"wp-image-1812\" srcset=\"https:\/\/21panorama.com\/wp-content\/uploads\/2021\/10\/d309b780-4315-4360-918b-5dd00850dd45.jpeg 959w, https:\/\/21panorama.com\/wp-content\/uploads\/2021\/10\/d309b780-4315-4360-918b-5dd00850dd45-300x200.jpeg 300w, https:\/\/21panorama.com\/wp-content\/uploads\/2021\/10\/d309b780-4315-4360-918b-5dd00850dd45-768x513.jpeg 768w\" sizes=\"(max-width: 959px) 100vw, 959px\" \/><\/figure><\/li><li class=\"blocks-gallery-item\"><figure><img decoding=\"async\" width=\"959\" height=\"640\" src=\"https:\/\/21panorama.com\/wp-content\/uploads\/2021\/10\/6d83e253-ff8a-4a21-9fd2-2b565ba34cb9.jpeg\" alt=\"\" data-id=\"1813\" data-link=\"https:\/\/21panorama.com\/?attachment_id=1813\" class=\"wp-image-1813\" srcset=\"https:\/\/21panorama.com\/wp-content\/uploads\/2021\/10\/6d83e253-ff8a-4a21-9fd2-2b565ba34cb9.jpeg 959w, https:\/\/21panorama.com\/wp-content\/uploads\/2021\/10\/6d83e253-ff8a-4a21-9fd2-2b565ba34cb9-300x200.jpeg 300w, https:\/\/21panorama.com\/wp-content\/uploads\/2021\/10\/6d83e253-ff8a-4a21-9fd2-2b565ba34cb9-768x513.jpeg 768w\" sizes=\"(max-width: 959px) 100vw, 959px\" \/><\/figure><\/li><li class=\"blocks-gallery-item\"><figure><img decoding=\"async\" width=\"959\" height=\"640\" src=\"https:\/\/21panorama.com\/wp-content\/uploads\/2021\/10\/46ce407b-f025-4d07-9766-04c49a19f294.jpeg\" alt=\"\" data-id=\"1814\" data-full-url=\"https:\/\/21panorama.com\/wp-content\/uploads\/2021\/10\/46ce407b-f025-4d07-9766-04c49a19f294.jpeg\" data-link=\"https:\/\/21panorama.com\/?attachment_id=1814\" class=\"wp-image-1814\" srcset=\"https:\/\/21panorama.com\/wp-content\/uploads\/2021\/10\/46ce407b-f025-4d07-9766-04c49a19f294.jpeg 959w, https:\/\/21panorama.com\/wp-content\/uploads\/2021\/10\/46ce407b-f025-4d07-9766-04c49a19f294-300x200.jpeg 300w, https:\/\/21panorama.com\/wp-content\/uploads\/2021\/10\/46ce407b-f025-4d07-9766-04c49a19f294-768x513.jpeg 768w\" sizes=\"(max-width: 959px) 100vw, 959px\" \/><\/figure><\/li><\/ul><\/figure>\n","protected":false},"excerpt":{"rendered":"<p>Ante la pandemia que a\u00fan enfrenta M\u00e9xico, el Gobierno Municipal de Apaxco y el Sistema DIF se ocuparon por hacer su labor de prevenci\u00f3n en centros escolares. <\/p>\n","protected":false},"author":1,"featured_media":1811,"comment_status":"open","ping_status":"open","sticky":false,"template":"","format":"standard","meta":{"footnotes":""},"categories":[1],"tags":[137],"class_list":["post-1810","post","type-post","status-publish","format-standard","has-post-thumbnail","hentry","category-sociedad","tag-sanitizantes"],"yoast_head":"<!-- This site is optimized with the Yoast SEO plugin v24.9 - https:\/\/yoast.com\/wordpress\/plugins\/seo\/ -->\n<title>ENTREGA GOBIERNO MUNICIPAL DE APAXCO KITS SANITIZANTES - 21 Panorama<\/title>\n<meta name=\"robots\" content=\"index, follow, max-snippet:-1, max-image-preview:large, max-video-preview:-1\" \/>\n<link rel=\"canonical\" href=\"https:\/\/21panorama.com\/index.php\/2021\/09\/21\/entrega-gobierno-municipal-de-apaxco-kits-sanitizantes\/\" \/>\n<meta property=\"og:locale\" content=\"es_MX\" \/>\n<meta property=\"og:type\" content=\"article\" \/>\n<meta property=\"og:title\" content=\"ENTREGA GOBIERNO MUNICIPAL DE APAXCO KITS SANITIZANTES - 21 Panorama\" \/>\n<meta property=\"og:description\" content=\"Ante la pandemia que a\u00fan enfrenta M\u00e9xico, el Gobierno Municipal de Apaxco y el Sistema DIF se ocuparon por hacer su labor de prevenci\u00f3n en centros escolares.\" \/>\n<meta property=\"og:url\" content=\"https:\/\/21panorama.com\/index.php\/2021\/09\/21\/entrega-gobierno-municipal-de-apaxco-kits-sanitizantes\/\" \/>\n<meta property=\"og:site_name\" content=\"21 Panorama\" \/>\n<meta property=\"article:published_time\" content=\"2021-09-21T16:17:00+00:00\" \/>\n<meta property=\"article:modified_time\" content=\"2021-10-12T17:32:40+00:00\" \/>\n<meta property=\"og:image\" content=\"https:\/\/21panorama.com\/wp-content\/uploads\/2021\/10\/350c3aa6-ca00-485d-9023-79a84c7d18e0.jpeg\" \/>\n\t<meta property=\"og:image:width\" content=\"959\" \/>\n\t<meta property=\"og:image:height\" content=\"640\" \/>\n\t<meta property=\"og:image:type\" content=\"image\/jpeg\" \/>\n<meta name=\"author\" content=\"admin\" \/>\n<meta name=\"twitter:card\" content=\"summary_large_image\" \/>\n<meta name=\"twitter:label1\" content=\"Escrito por\" \/>\n\t<meta name=\"twitter:data1\" content=\"admin\" \/>\n\t<meta name=\"twitter:label2\" content=\"Tiempo de lectura\" \/>\n\t<meta name=\"twitter:data2\" content=\"2 minutos\" \/>\n<script type=\"application\/ld+json\" class=\"yoast-schema-graph\">{\"@context\":\"https:\/\/schema.org\",\"@graph\":[{\"@type\":\"Article\",\"@id\":\"https:\/\/21panorama.com\/index.php\/2021\/09\/21\/entrega-gobierno-municipal-de-apaxco-kits-sanitizantes\/#article\",\"isPartOf\":{\"@id\":\"https:\/\/21panorama.com\/index.php\/2021\/09\/21\/entrega-gobierno-municipal-de-apaxco-kits-sanitizantes\/\"},\"author\":{\"name\":\"admin\",\"@id\":\"https:\/\/21panorama.com\/#\/schema\/person\/1afc291b96d5792a158768324287319f\"},\"headline\":\"ENTREGA GOBIERNO MUNICIPAL DE APAXCO KITS SANITIZANTES\",\"datePublished\":\"2021-09-21T16:17:00+00:00\",\"dateModified\":\"2021-10-12T17:32:40+00:00\",\"mainEntityOfPage\":{\"@id\":\"https:\/\/21panorama.com\/index.php\/2021\/09\/21\/entrega-gobierno-municipal-de-apaxco-kits-sanitizantes\/\"},\"wordCount\":128,\"commentCount\":0,\"publisher\":{\"@id\":\"https:\/\/21panorama.com\/#organization\"},\"image\":{\"@id\":\"https:\/\/21panorama.com\/index.php\/2021\/09\/21\/entrega-gobierno-municipal-de-apaxco-kits-sanitizantes\/#primaryimage\"},\"thumbnailUrl\":\"https:\/\/21panorama.com\/wp-content\/uploads\/2021\/10\/350c3aa6-ca00-485d-9023-79a84c7d18e0.jpeg\",\"keywords\":[\"Sanitizantes\"],\"articleSection\":[\"Sociedad\"],\"inLanguage\":\"es\",\"potentialAction\":[{\"@type\":\"CommentAction\",\"name\":\"Comment\",\"target\":[\"https:\/\/21panorama.com\/index.php\/2021\/09\/21\/entrega-gobierno-municipal-de-apaxco-kits-sanitizantes\/#respond\"]}]},{\"@type\":\"WebPage\",\"@id\":\"https:\/\/21panorama.com\/index.php\/2021\/09\/21\/entrega-gobierno-municipal-de-apaxco-kits-sanitizantes\/\",\"url\":\"https:\/\/21panorama.com\/index.php\/2021\/09\/21\/entrega-gobierno-municipal-de-apaxco-kits-sanitizantes\/\",\"name\":\"ENTREGA GOBIERNO MUNICIPAL DE APAXCO KITS SANITIZANTES - 21 Panorama\",\"isPartOf\":{\"@id\":\"https:\/\/21panorama.com\/#website\"},\"primaryImageOfPage\":{\"@id\":\"https:\/\/21panorama.com\/index.php\/2021\/09\/21\/entrega-gobierno-municipal-de-apaxco-kits-sanitizantes\/#primaryimage\"},\"image\":{\"@id\":\"https:\/\/21panorama.com\/index.php\/2021\/09\/21\/entrega-gobierno-municipal-de-apaxco-kits-sanitizantes\/#primaryimage\"},\"thumbnailUrl\":\"https:\/\/21panorama.com\/wp-content\/uploads\/2021\/10\/350c3aa6-ca00-485d-9023-79a84c7d18e0.jpeg\",\"datePublished\":\"2021-09-21T16:17:00+00:00\",\"dateModified\":\"2021-10-12T17:32:40+00:00\",\"breadcrumb\":{\"@id\":\"https:\/\/21panorama.com\/index.php\/2021\/09\/21\/entrega-gobierno-municipal-de-apaxco-kits-sanitizantes\/#breadcrumb\"},\"inLanguage\":\"es\",\"potentialAction\":[{\"@type\":\"ReadAction\",\"target\":[\"https:\/\/21panorama.com\/index.php\/2021\/09\/21\/entrega-gobierno-municipal-de-apaxco-kits-sanitizantes\/\"]}]},{\"@type\":\"ImageObject\",\"inLanguage\":\"es\",\"@id\":\"https:\/\/21panorama.com\/index.php\/2021\/09\/21\/entrega-gobierno-municipal-de-apaxco-kits-sanitizantes\/#primaryimage\",\"url\":\"https:\/\/21panorama.com\/wp-content\/uploads\/2021\/10\/350c3aa6-ca00-485d-9023-79a84c7d18e0.jpeg\",\"contentUrl\":\"https:\/\/21panorama.com\/wp-content\/uploads\/2021\/10\/350c3aa6-ca00-485d-9023-79a84c7d18e0.jpeg\",\"width\":959,\"height\":640},{\"@type\":\"BreadcrumbList\",\"@id\":\"https:\/\/21panorama.com\/index.php\/2021\/09\/21\/entrega-gobierno-municipal-de-apaxco-kits-sanitizantes\/#breadcrumb\",\"itemListElement\":[{\"@type\":\"ListItem\",\"position\":1,\"name\":\"Inicio\",\"item\":\"https:\/\/21panorama.com\/\"},{\"@type\":\"ListItem\",\"position\":2,\"name\":\"ENTREGA GOBIERNO MUNICIPAL DE APAXCO KITS SANITIZANTES\"}]},{\"@type\":\"WebSite\",\"@id\":\"https:\/\/21panorama.com\/#website\",\"url\":\"https:\/\/21panorama.com\/\",\"name\":\"21 Panorama\",\"description\":\"La construcci\u00f3n de la opini\u00f3n p\u00fablica merece un mejor Panorama en este siglo 21 para alcanzar una sociedad con mayor transparencia y sin corrupci\u00f3n.\",\"publisher\":{\"@id\":\"https:\/\/21panorama.com\/#organization\"},\"potentialAction\":[{\"@type\":\"SearchAction\",\"target\":{\"@type\":\"EntryPoint\",\"urlTemplate\":\"https:\/\/21panorama.com\/?s={search_term_string}\"},\"query-input\":{\"@type\":\"PropertyValueSpecification\",\"valueRequired\":true,\"valueName\":\"search_term_string\"}}],\"inLanguage\":\"es\"},{\"@type\":\"Organization\",\"@id\":\"https:\/\/21panorama.com\/#organization\",\"name\":\"21 Panorama\",\"url\":\"https:\/\/21panorama.com\/\",\"logo\":{\"@type\":\"ImageObject\",\"inLanguage\":\"es\",\"@id\":\"https:\/\/21panorama.com\/#\/schema\/logo\/image\/\",\"url\":\"https:\/\/21panorama.com\/wp-content\/uploads\/2019\/07\/cropped-Logo-Panorama-01.jpeg\",\"contentUrl\":\"https:\/\/21panorama.com\/wp-content\/uploads\/2019\/07\/cropped-Logo-Panorama-01.jpeg\",\"width\":290,\"height\":70,\"caption\":\"21 Panorama\"},\"image\":{\"@id\":\"https:\/\/21panorama.com\/#\/schema\/logo\/image\/\"}},{\"@type\":\"Person\",\"@id\":\"https:\/\/21panorama.com\/#\/schema\/person\/1afc291b96d5792a158768324287319f\",\"name\":\"admin\",\"image\":{\"@type\":\"ImageObject\",\"inLanguage\":\"es\",\"@id\":\"https:\/\/21panorama.com\/#\/schema\/person\/image\/\",\"url\":\"https:\/\/secure.gravatar.com\/avatar\/ad365d9d9f46719215b0d042cc3df92a5a8683e09ef13d102233e5491985f0f0?s=96&d=mm&r=g\",\"contentUrl\":\"https:\/\/secure.gravatar.com\/avatar\/ad365d9d9f46719215b0d042cc3df92a5a8683e09ef13d102233e5491985f0f0?s=96&d=mm&r=g\",\"caption\":\"admin\"},\"url\":\"https:\/\/21panorama.com\/index.php\/author\/admin\/\"}]}<\/script>\n<!-- \/ Yoast SEO plugin. -->","yoast_head_json":{"title":"ENTREGA GOBIERNO MUNICIPAL DE APAXCO KITS SANITIZANTES - 21 Panorama","robots":{"index":"index","follow":"follow","max-snippet":"max-snippet:-1","max-image-preview":"max-image-preview:large","max-video-preview":"max-video-preview:-1"},"canonical":"https:\/\/21panorama.com\/index.php\/2021\/09\/21\/entrega-gobierno-municipal-de-apaxco-kits-sanitizantes\/","og_locale":"es_MX","og_type":"article","og_title":"ENTREGA GOBIERNO MUNICIPAL DE APAXCO KITS SANITIZANTES - 21 Panorama","og_description":"Ante la pandemia que a\u00fan enfrenta M\u00e9xico, el Gobierno Municipal de Apaxco y el Sistema DIF se ocuparon por hacer su labor de prevenci\u00f3n en centros escolares.","og_url":"https:\/\/21panorama.com\/index.php\/2021\/09\/21\/entrega-gobierno-municipal-de-apaxco-kits-sanitizantes\/","og_site_name":"21 Panorama","article_published_time":"2021-09-21T16:17:00+00:00","article_modified_time":"2021-10-12T17:32:40+00:00","og_image":[{"width":959,"height":640,"url":"https:\/\/21panorama.com\/wp-content\/uploads\/2021\/10\/350c3aa6-ca00-485d-9023-79a84c7d18e0.jpeg","type":"image\/jpeg"}],"author":"admin","twitter_card":"summary_large_image","twitter_misc":{"Escrito por":"admin","Tiempo de lectura":"2 minutos"},"schema":{"@context":"https:\/\/schema.org","@graph":[{"@type":"Article","@id":"https:\/\/21panorama.com\/index.php\/2021\/09\/21\/entrega-gobierno-municipal-de-apaxco-kits-sanitizantes\/#article","isPartOf":{"@id":"https:\/\/21panorama.com\/index.php\/2021\/09\/21\/entrega-gobierno-municipal-de-apaxco-kits-sanitizantes\/"},"author":{"name":"admin","@id":"https:\/\/21panorama.com\/#\/schema\/person\/1afc291b96d5792a158768324287319f"},"headline":"ENTREGA GOBIERNO MUNICIPAL DE APAXCO KITS SANITIZANTES","datePublished":"2021-09-21T16:17:00+00:00","dateModified":"2021-10-12T17:32:40+00:00","mainEntityOfPage":{"@id":"https:\/\/21panorama.com\/index.php\/2021\/09\/21\/entrega-gobierno-municipal-de-apaxco-kits-sanitizantes\/"},"wordCount":128,"commentCount":0,"publisher":{"@id":"https:\/\/21panorama.com\/#organization"},"image":{"@id":"https:\/\/21panorama.com\/index.php\/2021\/09\/21\/entrega-gobierno-municipal-de-apaxco-kits-sanitizantes\/#primaryimage"},"thumbnailUrl":"https:\/\/21panorama.com\/wp-content\/uploads\/2021\/10\/350c3aa6-ca00-485d-9023-79a84c7d18e0.jpeg","keywords":["Sanitizantes"],"articleSection":["Sociedad"],"inLanguage":"es","potentialAction":[{"@type":"CommentAction","name":"Comment","target":["https:\/\/21panorama.com\/index.php\/2021\/09\/21\/entrega-gobierno-municipal-de-apaxco-kits-sanitizantes\/#respond"]}]},{"@type":"WebPage","@id":"https:\/\/21panorama.com\/index.php\/2021\/09\/21\/entrega-gobierno-municipal-de-apaxco-kits-sanitizantes\/","url":"https:\/\/21panorama.com\/index.php\/2021\/09\/21\/entrega-gobierno-municipal-de-apaxco-kits-sanitizantes\/","name":"ENTREGA GOBIERNO MUNICIPAL DE APAXCO KITS SANITIZANTES - 21 Panorama","isPartOf":{"@id":"https:\/\/21panorama.com\/#website"},"primaryImageOfPage":{"@id":"https:\/\/21panorama.com\/index.php\/2021\/09\/21\/entrega-gobierno-municipal-de-apaxco-kits-sanitizantes\/#primaryimage"},"image":{"@id":"https:\/\/21panorama.com\/index.php\/2021\/09\/21\/entrega-gobierno-municipal-de-apaxco-kits-sanitizantes\/#primaryimage"},"thumbnailUrl":"https:\/\/21panorama.com\/wp-content\/uploads\/2021\/10\/350c3aa6-ca00-485d-9023-79a84c7d18e0.jpeg","datePublished":"2021-09-21T16:17:00+00:00","dateModified":"2021-10-12T17:32:40+00:00","breadcrumb":{"@id":"https:\/\/21panorama.com\/index.php\/2021\/09\/21\/entrega-gobierno-municipal-de-apaxco-kits-sanitizantes\/#breadcrumb"},"inLanguage":"es","potentialAction":[{"@type":"ReadAction","target":["https:\/\/21panorama.com\/index.php\/2021\/09\/21\/entrega-gobierno-municipal-de-apaxco-kits-sanitizantes\/"]}]},{"@type":"ImageObject","inLanguage":"es","@id":"https:\/\/21panorama.com\/index.php\/2021\/09\/21\/entrega-gobierno-municipal-de-apaxco-kits-sanitizantes\/#primaryimage","url":"https:\/\/21panorama.com\/wp-content\/uploads\/2021\/10\/350c3aa6-ca00-485d-9023-79a84c7d18e0.jpeg","contentUrl":"https:\/\/21panorama.com\/wp-content\/uploads\/2021\/10\/350c3aa6-ca00-485d-9023-79a84c7d18e0.jpeg","width":959,"height":640},{"@type":"BreadcrumbList","@id":"https:\/\/21panorama.com\/index.php\/2021\/09\/21\/entrega-gobierno-municipal-de-apaxco-kits-sanitizantes\/#breadcrumb","itemListElement":[{"@type":"ListItem","position":1,"name":"Inicio","item":"https:\/\/21panorama.com\/"},{"@type":"ListItem","position":2,"name":"ENTREGA GOBIERNO MUNICIPAL DE APAXCO KITS SANITIZANTES"}]},{"@type":"WebSite","@id":"https:\/\/21panorama.com\/#website","url":"https:\/\/21panorama.com\/","name":"21 Panorama","description":"La construcci\u00f3n de la opini\u00f3n p\u00fablica merece un mejor Panorama en este siglo 21 para alcanzar una sociedad con mayor transparencia y sin corrupci\u00f3n.","publisher":{"@id":"https:\/\/21panorama.com\/#organization"},"potentialAction":[{"@type":"SearchAction","target":{"@type":"EntryPoint","urlTemplate":"https:\/\/21panorama.com\/?s={search_term_string}"},"query-input":{"@type":"PropertyValueSpecification","valueRequired":true,"valueName":"search_term_string"}}],"inLanguage":"es"},{"@type":"Organization","@id":"https:\/\/21panorama.com\/#organization","name":"21 Panorama","url":"https:\/\/21panorama.com\/","logo":{"@type":"ImageObject","inLanguage":"es","@id":"https:\/\/21panorama.com\/#\/schema\/logo\/image\/","url":"https:\/\/21panorama.com\/wp-content\/uploads\/2019\/07\/cropped-Logo-Panorama-01.jpeg","contentUrl":"https:\/\/21panorama.com\/wp-content\/uploads\/2019\/07\/cropped-Logo-Panorama-01.jpeg","width":290,"height":70,"caption":"21 Panorama"},"image":{"@id":"https:\/\/21panorama.com\/#\/schema\/logo\/image\/"}},{"@type":"Person","@id":"https:\/\/21panorama.com\/#\/schema\/person\/1afc291b96d5792a158768324287319f","name":"admin","image":{"@type":"ImageObject","inLanguage":"es","@id":"https:\/\/21panorama.com\/#\/schema\/person\/image\/","url":"https:\/\/secure.gravatar.com\/avatar\/ad365d9d9f46719215b0d042cc3df92a5a8683e09ef13d102233e5491985f0f0?s=96&d=mm&r=g","contentUrl":"https:\/\/secure.gravatar.com\/avatar\/ad365d9d9f46719215b0d042cc3df92a5a8683e09ef13d102233e5491985f0f0?s=96&d=mm&r=g","caption":"admin"},"url":"https:\/\/21panorama.com\/index.php\/author\/admin\/"}]}},"_links":{"self":[{"href":"https:\/\/21panorama.com\/index.php\/wp-json\/wp\/v2\/posts\/1810","targetHints":{"allow":["GET"]}}],"collection":[{"href":"https:\/\/21panorama.com\/index.php\/wp-json\/wp\/v2\/posts"}],"about":[{"href":"https:\/\/21panorama.com\/index.php\/wp-json\/wp\/v2\/types\/post"}],"author":[{"embeddable":true,"href":"https:\/\/21panorama.com\/index.php\/wp-json\/wp\/v2\/users\/1"}],"replies":[{"embeddable":true,"href":"https:\/\/21panorama.com\/index.php\/wp-json\/wp\/v2\/comments?post=1810"}],"version-history":[{"count":2,"href":"https:\/\/21panorama.com\/index.php\/wp-json\/wp\/v2\/posts\/1810\/revisions"}],"predecessor-version":[{"id":1835,"href":"https:\/\/21panorama.com\/index.php\/wp-json\/wp\/v2\/posts\/1810\/revisions\/1835"}],"wp:featuredmedia":[{"embeddable":true,"href":"https:\/\/21panorama.com\/index.php\/wp-json\/wp\/v2\/media\/1811"}],"wp:attachment":[{"href":"https:\/\/21panorama.com\/index.php\/wp-json\/wp\/v2\/media?parent=1810"}],"wp:term":[{"taxonomy":"category","embeddable":true,"href":"https:\/\/21panorama.com\/index.php\/wp-json\/wp\/v2\/categories?post=1810"},{"taxonomy":"post_tag","embeddable":true,"href":"https:\/\/21panorama.com\/index.php\/wp-json\/wp\/v2\/tags?post=1810"}],"curies":[{"name":"wp","href":"https:\/\/api.w.org\/{rel}","templated":true}]}}