{"id":1741,"date":"2021-10-04T18:41:43","date_gmt":"2021-10-04T23:41:43","guid":{"rendered":"http:\/\/21panorama.com\/?p=1741"},"modified":"2021-10-04T18:41:44","modified_gmt":"2021-10-04T23:41:44","slug":"esta-el-partido-verde-camino-a-la-gubernatura","status":"publish","type":"post","link":"https:\/\/21panorama.com\/index.php\/2021\/10\/04\/esta-el-partido-verde-camino-a-la-gubernatura\/","title":{"rendered":"ESTA EL PARTIDO VERDE CAMINO A LA GUBERNATURA"},"content":{"rendered":"\n<p>Por Elisa Vega<br>Hay militancia y partido que respaldar\u00e1n en su momento al candidato a la gubernatura del 2023, dej\u00f3 en claro el dirigente estatal del Partido Verde, Pepe Couttolenc Buentello.<\/p>\n\n\n\n<p>Falta que lleguen los tiempos para tener candidato pero \u201clo que si puedo decir es que seguiremos recorriendo todos los municipios del Estado de M\u00e9xico\u201d, manifest\u00f3 en entrevista.<\/p>\n\n\n\n<p>Todos en pol\u00edtica aspiramos a gobernar nuestro Estado, y en ese sentido seremos respetuosos de los tiempos y sobre todo de las posibilidades. \u201cSi hay alguien mejor que yo para gobernar por parte del Verde yo lo dejar\u00e9 pasar, si yo soy el m\u00e1s indicado yo estar\u00eda honrado\u201d, asegur\u00f3.<\/p>\n\n\n\n<p>Sin candidato el Partido Verde se ubica en la tercera posici\u00f3n delas preferencias ciudadanos y eso lo coloca en l\u00ednea de arranque muy por arriba del PRD y MC.<\/p>\n\n\n\n<p>\u201cCreemos firmemente que nos podemos posicionar como esa tercera v\u00eda que se tuvo en Nuevo Le\u00f3n y podemos ganar el Estado de M\u00e9xico\u201d, dijo.<\/p>\n\n\n\n<p>Hizo un llamado a los mexiquenses a observar bien quienes ser\u00e1n los candidatos que estar\u00e1n en las boletas. Su trayectoria pero tambi\u00e9n las telara\u00f1as que traen detr\u00e1s y que si quieren cambiar la realidad del Estado de M\u00e9xico es con una opci\u00f3n diferente.<\/p>\n","protected":false},"excerpt":{"rendered":"<p>Por Elisa Vega<br \/>\nHay militancia y partido que respaldar\u00e1n en su momento al candidato a la gubernatura del 2023, dej\u00f3 en claro el dirigente estatal del Partido Verde, Pepe Couttolenc Buentello.<\/p>\n","protected":false},"author":1,"featured_media":1742,"comment_status":"open","ping_status":"open","sticky":false,"template":"","format":"standard","meta":{"footnotes":""},"categories":[12],"tags":[113,114],"class_list":["post-1741","post","type-post","status-publish","format-standard","has-post-thumbnail","hentry","category-politica","tag-gubernatura","tag-partidoverde"],"yoast_head":"<!-- This site is optimized with the Yoast SEO plugin v24.9 - https:\/\/yoast.com\/wordpress\/plugins\/seo\/ -->\n<title>ESTA EL PARTIDO VERDE CAMINO A LA GUBERNATURA - 21 Panorama<\/title>\n<meta name=\"robots\" content=\"index, follow, max-snippet:-1, max-image-preview:large, max-video-preview:-1\" \/>\n<link rel=\"canonical\" href=\"https:\/\/21panorama.com\/index.php\/2021\/10\/04\/esta-el-partido-verde-camino-a-la-gubernatura\/\" \/>\n<meta property=\"og:locale\" content=\"es_MX\" \/>\n<meta property=\"og:type\" content=\"article\" \/>\n<meta property=\"og:title\" content=\"ESTA EL PARTIDO VERDE CAMINO A LA GUBERNATURA - 21 Panorama\" \/>\n<meta property=\"og:description\" content=\"Por Elisa Vega Hay militancia y partido que respaldar\u00e1n en su momento al candidato a la gubernatura del 2023, dej\u00f3 en claro el dirigente estatal del Partido Verde, Pepe Couttolenc Buentello.\" \/>\n<meta property=\"og:url\" content=\"https:\/\/21panorama.com\/index.php\/2021\/10\/04\/esta-el-partido-verde-camino-a-la-gubernatura\/\" \/>\n<meta property=\"og:site_name\" content=\"21 Panorama\" \/>\n<meta property=\"article:published_time\" content=\"2021-10-04T23:41:43+00:00\" \/>\n<meta property=\"article:modified_time\" content=\"2021-10-04T23:41:44+00:00\" \/>\n<meta property=\"og:image\" content=\"https:\/\/21panorama.com\/wp-content\/uploads\/2021\/10\/3188558c-4667-4690-8581-d45c6edffb4a.jpeg\" \/>\n\t<meta property=\"og:image:width\" content=\"471\" \/>\n\t<meta property=\"og:image:height\" content=\"413\" \/>\n\t<meta property=\"og:image:type\" content=\"image\/jpeg\" \/>\n<meta name=\"author\" content=\"admin\" \/>\n<meta name=\"twitter:card\" content=\"summary_large_image\" \/>\n<meta name=\"twitter:label1\" content=\"Escrito por\" \/>\n\t<meta name=\"twitter:data1\" content=\"admin\" \/>\n\t<meta name=\"twitter:label2\" content=\"Tiempo de lectura\" \/>\n\t<meta name=\"twitter:data2\" content=\"1 minuto\" \/>\n<script type=\"application\/ld+json\" class=\"yoast-schema-graph\">{\"@context\":\"https:\/\/schema.org\",\"@graph\":[{\"@type\":\"Article\",\"@id\":\"https:\/\/21panorama.com\/index.php\/2021\/10\/04\/esta-el-partido-verde-camino-a-la-gubernatura\/#article\",\"isPartOf\":{\"@id\":\"https:\/\/21panorama.com\/index.php\/2021\/10\/04\/esta-el-partido-verde-camino-a-la-gubernatura\/\"},\"author\":{\"name\":\"admin\",\"@id\":\"https:\/\/21panorama.com\/#\/schema\/person\/1afc291b96d5792a158768324287319f\"},\"headline\":\"ESTA EL PARTIDO VERDE CAMINO A LA GUBERNATURA\",\"datePublished\":\"2021-10-04T23:41:43+00:00\",\"dateModified\":\"2021-10-04T23:41:44+00:00\",\"mainEntityOfPage\":{\"@id\":\"https:\/\/21panorama.com\/index.php\/2021\/10\/04\/esta-el-partido-verde-camino-a-la-gubernatura\/\"},\"wordCount\":227,\"commentCount\":0,\"publisher\":{\"@id\":\"https:\/\/21panorama.com\/#organization\"},\"image\":{\"@id\":\"https:\/\/21panorama.com\/index.php\/2021\/10\/04\/esta-el-partido-verde-camino-a-la-gubernatura\/#primaryimage\"},\"thumbnailUrl\":\"https:\/\/21panorama.com\/wp-content\/uploads\/2021\/10\/3188558c-4667-4690-8581-d45c6edffb4a.jpeg\",\"keywords\":[\"Gubernatura\",\"PartidoVerde\"],\"articleSection\":[\"Politica\"],\"inLanguage\":\"es\",\"potentialAction\":[{\"@type\":\"CommentAction\",\"name\":\"Comment\",\"target\":[\"https:\/\/21panorama.com\/index.php\/2021\/10\/04\/esta-el-partido-verde-camino-a-la-gubernatura\/#respond\"]}]},{\"@type\":\"WebPage\",\"@id\":\"https:\/\/21panorama.com\/index.php\/2021\/10\/04\/esta-el-partido-verde-camino-a-la-gubernatura\/\",\"url\":\"https:\/\/21panorama.com\/index.php\/2021\/10\/04\/esta-el-partido-verde-camino-a-la-gubernatura\/\",\"name\":\"ESTA EL PARTIDO VERDE CAMINO A LA GUBERNATURA - 21 Panorama\",\"isPartOf\":{\"@id\":\"https:\/\/21panorama.com\/#website\"},\"primaryImageOfPage\":{\"@id\":\"https:\/\/21panorama.com\/index.php\/2021\/10\/04\/esta-el-partido-verde-camino-a-la-gubernatura\/#primaryimage\"},\"image\":{\"@id\":\"https:\/\/21panorama.com\/index.php\/2021\/10\/04\/esta-el-partido-verde-camino-a-la-gubernatura\/#primaryimage\"},\"thumbnailUrl\":\"https:\/\/21panorama.com\/wp-content\/uploads\/2021\/10\/3188558c-4667-4690-8581-d45c6edffb4a.jpeg\",\"datePublished\":\"2021-10-04T23:41:43+00:00\",\"dateModified\":\"2021-10-04T23:41:44+00:00\",\"breadcrumb\":{\"@id\":\"https:\/\/21panorama.com\/index.php\/2021\/10\/04\/esta-el-partido-verde-camino-a-la-gubernatura\/#breadcrumb\"},\"inLanguage\":\"es\",\"potentialAction\":[{\"@type\":\"ReadAction\",\"target\":[\"https:\/\/21panorama.com\/index.php\/2021\/10\/04\/esta-el-partido-verde-camino-a-la-gubernatura\/\"]}]},{\"@type\":\"ImageObject\",\"inLanguage\":\"es\",\"@id\":\"https:\/\/21panorama.com\/index.php\/2021\/10\/04\/esta-el-partido-verde-camino-a-la-gubernatura\/#primaryimage\",\"url\":\"https:\/\/21panorama.com\/wp-content\/uploads\/2021\/10\/3188558c-4667-4690-8581-d45c6edffb4a.jpeg\",\"contentUrl\":\"https:\/\/21panorama.com\/wp-content\/uploads\/2021\/10\/3188558c-4667-4690-8581-d45c6edffb4a.jpeg\",\"width\":471,\"height\":413},{\"@type\":\"BreadcrumbList\",\"@id\":\"https:\/\/21panorama.com\/index.php\/2021\/10\/04\/esta-el-partido-verde-camino-a-la-gubernatura\/#breadcrumb\",\"itemListElement\":[{\"@type\":\"ListItem\",\"position\":1,\"name\":\"Inicio\",\"item\":\"https:\/\/21panorama.com\/\"},{\"@type\":\"ListItem\",\"position\":2,\"name\":\"ESTA EL PARTIDO VERDE CAMINO A LA GUBERNATURA\"}]},{\"@type\":\"WebSite\",\"@id\":\"https:\/\/21panorama.com\/#website\",\"url\":\"https:\/\/21panorama.com\/\",\"name\":\"21 Panorama\",\"description\":\"La construcci\u00f3n de la opini\u00f3n p\u00fablica merece un mejor Panorama en este siglo 21 para alcanzar una sociedad con mayor transparencia y sin corrupci\u00f3n.\",\"publisher\":{\"@id\":\"https:\/\/21panorama.com\/#organization\"},\"potentialAction\":[{\"@type\":\"SearchAction\",\"target\":{\"@type\":\"EntryPoint\",\"urlTemplate\":\"https:\/\/21panorama.com\/?s={search_term_string}\"},\"query-input\":{\"@type\":\"PropertyValueSpecification\",\"valueRequired\":true,\"valueName\":\"search_term_string\"}}],\"inLanguage\":\"es\"},{\"@type\":\"Organization\",\"@id\":\"https:\/\/21panorama.com\/#organization\",\"name\":\"21 Panorama\",\"url\":\"https:\/\/21panorama.com\/\",\"logo\":{\"@type\":\"ImageObject\",\"inLanguage\":\"es\",\"@id\":\"https:\/\/21panorama.com\/#\/schema\/logo\/image\/\",\"url\":\"https:\/\/21panorama.com\/wp-content\/uploads\/2019\/07\/cropped-Logo-Panorama-01.jpeg\",\"contentUrl\":\"https:\/\/21panorama.com\/wp-content\/uploads\/2019\/07\/cropped-Logo-Panorama-01.jpeg\",\"width\":290,\"height\":70,\"caption\":\"21 Panorama\"},\"image\":{\"@id\":\"https:\/\/21panorama.com\/#\/schema\/logo\/image\/\"}},{\"@type\":\"Person\",\"@id\":\"https:\/\/21panorama.com\/#\/schema\/person\/1afc291b96d5792a158768324287319f\",\"name\":\"admin\",\"image\":{\"@type\":\"ImageObject\",\"inLanguage\":\"es\",\"@id\":\"https:\/\/21panorama.com\/#\/schema\/person\/image\/\",\"url\":\"https:\/\/secure.gravatar.com\/avatar\/ad365d9d9f46719215b0d042cc3df92a5a8683e09ef13d102233e5491985f0f0?s=96&d=mm&r=g\",\"contentUrl\":\"https:\/\/secure.gravatar.com\/avatar\/ad365d9d9f46719215b0d042cc3df92a5a8683e09ef13d102233e5491985f0f0?s=96&d=mm&r=g\",\"caption\":\"admin\"},\"url\":\"https:\/\/21panorama.com\/index.php\/author\/admin\/\"}]}<\/script>\n<!-- \/ Yoast SEO plugin. -->","yoast_head_json":{"title":"ESTA EL PARTIDO VERDE CAMINO A LA GUBERNATURA - 21 Panorama","robots":{"index":"index","follow":"follow","max-snippet":"max-snippet:-1","max-image-preview":"max-image-preview:large","max-video-preview":"max-video-preview:-1"},"canonical":"https:\/\/21panorama.com\/index.php\/2021\/10\/04\/esta-el-partido-verde-camino-a-la-gubernatura\/","og_locale":"es_MX","og_type":"article","og_title":"ESTA EL PARTIDO VERDE CAMINO A LA GUBERNATURA - 21 Panorama","og_description":"Por Elisa Vega Hay militancia y partido que respaldar\u00e1n en su momento al candidato a la gubernatura del 2023, dej\u00f3 en claro el dirigente estatal del Partido Verde, Pepe Couttolenc Buentello.","og_url":"https:\/\/21panorama.com\/index.php\/2021\/10\/04\/esta-el-partido-verde-camino-a-la-gubernatura\/","og_site_name":"21 Panorama","article_published_time":"2021-10-04T23:41:43+00:00","article_modified_time":"2021-10-04T23:41:44+00:00","og_image":[{"width":471,"height":413,"url":"https:\/\/21panorama.com\/wp-content\/uploads\/2021\/10\/3188558c-4667-4690-8581-d45c6edffb4a.jpeg","type":"image\/jpeg"}],"author":"admin","twitter_card":"summary_large_image","twitter_misc":{"Escrito por":"admin","Tiempo de lectura":"1 minuto"},"schema":{"@context":"https:\/\/schema.org","@graph":[{"@type":"Article","@id":"https:\/\/21panorama.com\/index.php\/2021\/10\/04\/esta-el-partido-verde-camino-a-la-gubernatura\/#article","isPartOf":{"@id":"https:\/\/21panorama.com\/index.php\/2021\/10\/04\/esta-el-partido-verde-camino-a-la-gubernatura\/"},"author":{"name":"admin","@id":"https:\/\/21panorama.com\/#\/schema\/person\/1afc291b96d5792a158768324287319f"},"headline":"ESTA EL PARTIDO VERDE CAMINO A LA GUBERNATURA","datePublished":"2021-10-04T23:41:43+00:00","dateModified":"2021-10-04T23:41:44+00:00","mainEntityOfPage":{"@id":"https:\/\/21panorama.com\/index.php\/2021\/10\/04\/esta-el-partido-verde-camino-a-la-gubernatura\/"},"wordCount":227,"commentCount":0,"publisher":{"@id":"https:\/\/21panorama.com\/#organization"},"image":{"@id":"https:\/\/21panorama.com\/index.php\/2021\/10\/04\/esta-el-partido-verde-camino-a-la-gubernatura\/#primaryimage"},"thumbnailUrl":"https:\/\/21panorama.com\/wp-content\/uploads\/2021\/10\/3188558c-4667-4690-8581-d45c6edffb4a.jpeg","keywords":["Gubernatura","PartidoVerde"],"articleSection":["Politica"],"inLanguage":"es","potentialAction":[{"@type":"CommentAction","name":"Comment","target":["https:\/\/21panorama.com\/index.php\/2021\/10\/04\/esta-el-partido-verde-camino-a-la-gubernatura\/#respond"]}]},{"@type":"WebPage","@id":"https:\/\/21panorama.com\/index.php\/2021\/10\/04\/esta-el-partido-verde-camino-a-la-gubernatura\/","url":"https:\/\/21panorama.com\/index.php\/2021\/10\/04\/esta-el-partido-verde-camino-a-la-gubernatura\/","name":"ESTA EL PARTIDO VERDE CAMINO A LA GUBERNATURA - 21 Panorama","isPartOf":{"@id":"https:\/\/21panorama.com\/#website"},"primaryImageOfPage":{"@id":"https:\/\/21panorama.com\/index.php\/2021\/10\/04\/esta-el-partido-verde-camino-a-la-gubernatura\/#primaryimage"},"image":{"@id":"https:\/\/21panorama.com\/index.php\/2021\/10\/04\/esta-el-partido-verde-camino-a-la-gubernatura\/#primaryimage"},"thumbnailUrl":"https:\/\/21panorama.com\/wp-content\/uploads\/2021\/10\/3188558c-4667-4690-8581-d45c6edffb4a.jpeg","datePublished":"2021-10-04T23:41:43+00:00","dateModified":"2021-10-04T23:41:44+00:00","breadcrumb":{"@id":"https:\/\/21panorama.com\/index.php\/2021\/10\/04\/esta-el-partido-verde-camino-a-la-gubernatura\/#breadcrumb"},"inLanguage":"es","potentialAction":[{"@type":"ReadAction","target":["https:\/\/21panorama.com\/index.php\/2021\/10\/04\/esta-el-partido-verde-camino-a-la-gubernatura\/"]}]},{"@type":"ImageObject","inLanguage":"es","@id":"https:\/\/21panorama.com\/index.php\/2021\/10\/04\/esta-el-partido-verde-camino-a-la-gubernatura\/#primaryimage","url":"https:\/\/21panorama.com\/wp-content\/uploads\/2021\/10\/3188558c-4667-4690-8581-d45c6edffb4a.jpeg","contentUrl":"https:\/\/21panorama.com\/wp-content\/uploads\/2021\/10\/3188558c-4667-4690-8581-d45c6edffb4a.jpeg","width":471,"height":413},{"@type":"BreadcrumbList","@id":"https:\/\/21panorama.com\/index.php\/2021\/10\/04\/esta-el-partido-verde-camino-a-la-gubernatura\/#breadcrumb","itemListElement":[{"@type":"ListItem","position":1,"name":"Inicio","item":"https:\/\/21panorama.com\/"},{"@type":"ListItem","position":2,"name":"ESTA EL PARTIDO VERDE CAMINO A LA GUBERNATURA"}]},{"@type":"WebSite","@id":"https:\/\/21panorama.com\/#website","url":"https:\/\/21panorama.com\/","name":"21 Panorama","description":"La construcci\u00f3n de la opini\u00f3n p\u00fablica merece un mejor Panorama en este siglo 21 para alcanzar una sociedad con mayor transparencia y sin corrupci\u00f3n.","publisher":{"@id":"https:\/\/21panorama.com\/#organization"},"potentialAction":[{"@type":"SearchAction","target":{"@type":"EntryPoint","urlTemplate":"https:\/\/21panorama.com\/?s={search_term_string}"},"query-input":{"@type":"PropertyValueSpecification","valueRequired":true,"valueName":"search_term_string"}}],"inLanguage":"es"},{"@type":"Organization","@id":"https:\/\/21panorama.com\/#organization","name":"21 Panorama","url":"https:\/\/21panorama.com\/","logo":{"@type":"ImageObject","inLanguage":"es","@id":"https:\/\/21panorama.com\/#\/schema\/logo\/image\/","url":"https:\/\/21panorama.com\/wp-content\/uploads\/2019\/07\/cropped-Logo-Panorama-01.jpeg","contentUrl":"https:\/\/21panorama.com\/wp-content\/uploads\/2019\/07\/cropped-Logo-Panorama-01.jpeg","width":290,"height":70,"caption":"21 Panorama"},"image":{"@id":"https:\/\/21panorama.com\/#\/schema\/logo\/image\/"}},{"@type":"Person","@id":"https:\/\/21panorama.com\/#\/schema\/person\/1afc291b96d5792a158768324287319f","name":"admin","image":{"@type":"ImageObject","inLanguage":"es","@id":"https:\/\/21panorama.com\/#\/schema\/person\/image\/","url":"https:\/\/secure.gravatar.com\/avatar\/ad365d9d9f46719215b0d042cc3df92a5a8683e09ef13d102233e5491985f0f0?s=96&d=mm&r=g","contentUrl":"https:\/\/secure.gravatar.com\/avatar\/ad365d9d9f46719215b0d042cc3df92a5a8683e09ef13d102233e5491985f0f0?s=96&d=mm&r=g","caption":"admin"},"url":"https:\/\/21panorama.com\/index.php\/author\/admin\/"}]}},"_links":{"self":[{"href":"https:\/\/21panorama.com\/index.php\/wp-json\/wp\/v2\/posts\/1741","targetHints":{"allow":["GET"]}}],"collection":[{"href":"https:\/\/21panorama.com\/index.php\/wp-json\/wp\/v2\/posts"}],"about":[{"href":"https:\/\/21panorama.com\/index.php\/wp-json\/wp\/v2\/types\/post"}],"author":[{"embeddable":true,"href":"https:\/\/21panorama.com\/index.php\/wp-json\/wp\/v2\/users\/1"}],"replies":[{"embeddable":true,"href":"https:\/\/21panorama.com\/index.php\/wp-json\/wp\/v2\/comments?post=1741"}],"version-history":[{"count":1,"href":"https:\/\/21panorama.com\/index.php\/wp-json\/wp\/v2\/posts\/1741\/revisions"}],"predecessor-version":[{"id":1743,"href":"https:\/\/21panorama.com\/index.php\/wp-json\/wp\/v2\/posts\/1741\/revisions\/1743"}],"wp:featuredmedia":[{"embeddable":true,"href":"https:\/\/21panorama.com\/index.php\/wp-json\/wp\/v2\/media\/1742"}],"wp:attachment":[{"href":"https:\/\/21panorama.com\/index.php\/wp-json\/wp\/v2\/media?parent=1741"}],"wp:term":[{"taxonomy":"category","embeddable":true,"href":"https:\/\/21panorama.com\/index.php\/wp-json\/wp\/v2\/categories?post=1741"},{"taxonomy":"post_tag","embeddable":true,"href":"https:\/\/21panorama.com\/index.php\/wp-json\/wp\/v2\/tags?post=1741"}],"curies":[{"name":"wp","href":"https:\/\/api.w.org\/{rel}","templated":true}]}}