{"id":1738,"date":"2021-10-04T18:37:25","date_gmt":"2021-10-04T23:37:25","guid":{"rendered":"http:\/\/21panorama.com\/?p=1738"},"modified":"2021-10-04T18:37:26","modified_gmt":"2021-10-04T23:37:26","slug":"acuerdo-para-glosa-del-informe-sera-con-apego-a-la-autonomia-del-congreso","status":"publish","type":"post","link":"https:\/\/21panorama.com\/index.php\/2021\/10\/04\/acuerdo-para-glosa-del-informe-sera-con-apego-a-la-autonomia-del-congreso\/","title":{"rendered":"ACUERDO PARA GLOSA DEL INFORME SER\u00c1 CON APEGO A LA AUTONOM\u00cdA DEL CONGRESO"},"content":{"rendered":"\n<p>Por Elisa Vega<\/p>\n\n\n\n<p>La presencia de los secretarios del gobierno del Estado de M\u00e9xico para la Glosa del IV informe en el Congreso local estar\u00e1 marcada por la autonom\u00eda plena que obedece a su representaci\u00f3n de 17 millones de mexiquenses.<\/p>\n\n\n\n<p>Cuestionada por la imposici\u00f3n o acuerdos extraoficiales que redunde en la agenda de la Glosa, la coordinadora legislativa del PVEM, Mar\u00eda Luisa Mendoza, sostuvo que la fracci\u00f3n del Verde apelar\u00e1 a que sea la autonom\u00eda plena la que prevalezca.<\/p>\n\n\n\n<p>\u201cEn el deber ser trabajaremos cono ser\u00e1 la glosa para construir desde la Junta de Coordinaci\u00f3n Pol\u00edtica y en el ser esperemos que se respete esa autonom\u00eda que tiene la C\u00e1mara de Diputados\u201d, puntualiz\u00f3.<\/p>\n\n\n\n<p>Adelant\u00f3 que en esta comparecencia de los secretarios del gobierno mexiquense, la fracci\u00f3n parlamentaria se enfocar\u00e1 en temas importantes como el Desarrollo Social porque solo se le vio muy activo en las campa\u00f1as (electorales).<\/p>\n\n\n\n<p>Adem\u00e1s, se fijar\u00e1 postura relevante en materia del campo pues es la zona m\u00e1s abandonada de manera generalizada y las finanzas del Estado para conocer su realidad.<\/p>\n","protected":false},"excerpt":{"rendered":"<p>La presencia de los secretarios del gobierno del Estado de M\u00e9xico para la Glosa del IV informe en el Congreso local estar\u00e1 marcada por la autonom\u00eda plena que obedece a su representaci\u00f3n de 17 millones de mexiquenses.<\/p>\n","protected":false},"author":1,"featured_media":1739,"comment_status":"open","ping_status":"open","sticky":false,"template":"","format":"standard","meta":{"footnotes":""},"categories":[12],"tags":[112,94],"class_list":["post-1738","post","type-post","status-publish","format-standard","has-post-thumbnail","hentry","category-politica","tag-autonomia","tag-congreso"],"yoast_head":"<!-- This site is optimized with the Yoast SEO plugin v24.9 - https:\/\/yoast.com\/wordpress\/plugins\/seo\/ -->\n<title>ACUERDO PARA GLOSA DEL INFORME SER\u00c1 CON APEGO A LA AUTONOM\u00cdA DEL CONGRESO - 21 Panorama<\/title>\n<meta name=\"robots\" content=\"index, follow, max-snippet:-1, max-image-preview:large, max-video-preview:-1\" \/>\n<link rel=\"canonical\" href=\"https:\/\/21panorama.com\/index.php\/2021\/10\/04\/acuerdo-para-glosa-del-informe-sera-con-apego-a-la-autonomia-del-congreso\/\" \/>\n<meta property=\"og:locale\" content=\"es_MX\" \/>\n<meta property=\"og:type\" content=\"article\" \/>\n<meta property=\"og:title\" content=\"ACUERDO PARA GLOSA DEL INFORME SER\u00c1 CON APEGO A LA AUTONOM\u00cdA DEL CONGRESO - 21 Panorama\" \/>\n<meta property=\"og:description\" content=\"La presencia de los secretarios del gobierno del Estado de M\u00e9xico para la Glosa del IV informe en el Congreso local estar\u00e1 marcada por la autonom\u00eda plena que obedece a su representaci\u00f3n de 17 millones de mexiquenses.\" \/>\n<meta property=\"og:url\" content=\"https:\/\/21panorama.com\/index.php\/2021\/10\/04\/acuerdo-para-glosa-del-informe-sera-con-apego-a-la-autonomia-del-congreso\/\" \/>\n<meta property=\"og:site_name\" content=\"21 Panorama\" \/>\n<meta property=\"article:published_time\" content=\"2021-10-04T23:37:25+00:00\" \/>\n<meta property=\"article:modified_time\" content=\"2021-10-04T23:37:26+00:00\" \/>\n<meta property=\"og:image\" content=\"https:\/\/21panorama.com\/wp-content\/uploads\/2021\/10\/9c992f38-bb08-4bb8-8ce8-bf2745b95405.jpeg\" \/>\n\t<meta property=\"og:image:width\" content=\"1200\" \/>\n\t<meta property=\"og:image:height\" content=\"1600\" \/>\n\t<meta property=\"og:image:type\" content=\"image\/jpeg\" \/>\n<meta name=\"author\" content=\"admin\" \/>\n<meta name=\"twitter:card\" content=\"summary_large_image\" \/>\n<meta name=\"twitter:label1\" content=\"Escrito por\" \/>\n\t<meta name=\"twitter:data1\" content=\"admin\" \/>\n\t<meta name=\"twitter:label2\" content=\"Tiempo de lectura\" \/>\n\t<meta name=\"twitter:data2\" content=\"1 minuto\" \/>\n<script type=\"application\/ld+json\" class=\"yoast-schema-graph\">{\"@context\":\"https:\/\/schema.org\",\"@graph\":[{\"@type\":\"Article\",\"@id\":\"https:\/\/21panorama.com\/index.php\/2021\/10\/04\/acuerdo-para-glosa-del-informe-sera-con-apego-a-la-autonomia-del-congreso\/#article\",\"isPartOf\":{\"@id\":\"https:\/\/21panorama.com\/index.php\/2021\/10\/04\/acuerdo-para-glosa-del-informe-sera-con-apego-a-la-autonomia-del-congreso\/\"},\"author\":{\"name\":\"admin\",\"@id\":\"https:\/\/21panorama.com\/#\/schema\/person\/1afc291b96d5792a158768324287319f\"},\"headline\":\"ACUERDO PARA GLOSA DEL INFORME SER\u00c1 CON APEGO A LA AUTONOM\u00cdA DEL CONGRESO\",\"datePublished\":\"2021-10-04T23:37:25+00:00\",\"dateModified\":\"2021-10-04T23:37:26+00:00\",\"mainEntityOfPage\":{\"@id\":\"https:\/\/21panorama.com\/index.php\/2021\/10\/04\/acuerdo-para-glosa-del-informe-sera-con-apego-a-la-autonomia-del-congreso\/\"},\"wordCount\":202,\"commentCount\":0,\"publisher\":{\"@id\":\"https:\/\/21panorama.com\/#organization\"},\"image\":{\"@id\":\"https:\/\/21panorama.com\/index.php\/2021\/10\/04\/acuerdo-para-glosa-del-informe-sera-con-apego-a-la-autonomia-del-congreso\/#primaryimage\"},\"thumbnailUrl\":\"https:\/\/21panorama.com\/wp-content\/uploads\/2021\/10\/9c992f38-bb08-4bb8-8ce8-bf2745b95405.jpeg\",\"keywords\":[\"Autonom\u00eda\",\"Congreso\"],\"articleSection\":[\"Politica\"],\"inLanguage\":\"es\",\"potentialAction\":[{\"@type\":\"CommentAction\",\"name\":\"Comment\",\"target\":[\"https:\/\/21panorama.com\/index.php\/2021\/10\/04\/acuerdo-para-glosa-del-informe-sera-con-apego-a-la-autonomia-del-congreso\/#respond\"]}]},{\"@type\":\"WebPage\",\"@id\":\"https:\/\/21panorama.com\/index.php\/2021\/10\/04\/acuerdo-para-glosa-del-informe-sera-con-apego-a-la-autonomia-del-congreso\/\",\"url\":\"https:\/\/21panorama.com\/index.php\/2021\/10\/04\/acuerdo-para-glosa-del-informe-sera-con-apego-a-la-autonomia-del-congreso\/\",\"name\":\"ACUERDO PARA GLOSA DEL INFORME SER\u00c1 CON APEGO A LA AUTONOM\u00cdA DEL CONGRESO - 21 Panorama\",\"isPartOf\":{\"@id\":\"https:\/\/21panorama.com\/#website\"},\"primaryImageOfPage\":{\"@id\":\"https:\/\/21panorama.com\/index.php\/2021\/10\/04\/acuerdo-para-glosa-del-informe-sera-con-apego-a-la-autonomia-del-congreso\/#primaryimage\"},\"image\":{\"@id\":\"https:\/\/21panorama.com\/index.php\/2021\/10\/04\/acuerdo-para-glosa-del-informe-sera-con-apego-a-la-autonomia-del-congreso\/#primaryimage\"},\"thumbnailUrl\":\"https:\/\/21panorama.com\/wp-content\/uploads\/2021\/10\/9c992f38-bb08-4bb8-8ce8-bf2745b95405.jpeg\",\"datePublished\":\"2021-10-04T23:37:25+00:00\",\"dateModified\":\"2021-10-04T23:37:26+00:00\",\"breadcrumb\":{\"@id\":\"https:\/\/21panorama.com\/index.php\/2021\/10\/04\/acuerdo-para-glosa-del-informe-sera-con-apego-a-la-autonomia-del-congreso\/#breadcrumb\"},\"inLanguage\":\"es\",\"potentialAction\":[{\"@type\":\"ReadAction\",\"target\":[\"https:\/\/21panorama.com\/index.php\/2021\/10\/04\/acuerdo-para-glosa-del-informe-sera-con-apego-a-la-autonomia-del-congreso\/\"]}]},{\"@type\":\"ImageObject\",\"inLanguage\":\"es\",\"@id\":\"https:\/\/21panorama.com\/index.php\/2021\/10\/04\/acuerdo-para-glosa-del-informe-sera-con-apego-a-la-autonomia-del-congreso\/#primaryimage\",\"url\":\"https:\/\/21panorama.com\/wp-content\/uploads\/2021\/10\/9c992f38-bb08-4bb8-8ce8-bf2745b95405.jpeg\",\"contentUrl\":\"https:\/\/21panorama.com\/wp-content\/uploads\/2021\/10\/9c992f38-bb08-4bb8-8ce8-bf2745b95405.jpeg\",\"width\":1200,\"height\":1600},{\"@type\":\"BreadcrumbList\",\"@id\":\"https:\/\/21panorama.com\/index.php\/2021\/10\/04\/acuerdo-para-glosa-del-informe-sera-con-apego-a-la-autonomia-del-congreso\/#breadcrumb\",\"itemListElement\":[{\"@type\":\"ListItem\",\"position\":1,\"name\":\"Inicio\",\"item\":\"https:\/\/21panorama.com\/\"},{\"@type\":\"ListItem\",\"position\":2,\"name\":\"ACUERDO PARA GLOSA DEL INFORME SER\u00c1 CON APEGO A LA AUTONOM\u00cdA DEL CONGRESO\"}]},{\"@type\":\"WebSite\",\"@id\":\"https:\/\/21panorama.com\/#website\",\"url\":\"https:\/\/21panorama.com\/\",\"name\":\"21 Panorama\",\"description\":\"La construcci\u00f3n de la opini\u00f3n p\u00fablica merece un mejor Panorama en este siglo 21 para alcanzar una sociedad con mayor transparencia y sin corrupci\u00f3n.\",\"publisher\":{\"@id\":\"https:\/\/21panorama.com\/#organization\"},\"potentialAction\":[{\"@type\":\"SearchAction\",\"target\":{\"@type\":\"EntryPoint\",\"urlTemplate\":\"https:\/\/21panorama.com\/?s={search_term_string}\"},\"query-input\":{\"@type\":\"PropertyValueSpecification\",\"valueRequired\":true,\"valueName\":\"search_term_string\"}}],\"inLanguage\":\"es\"},{\"@type\":\"Organization\",\"@id\":\"https:\/\/21panorama.com\/#organization\",\"name\":\"21 Panorama\",\"url\":\"https:\/\/21panorama.com\/\",\"logo\":{\"@type\":\"ImageObject\",\"inLanguage\":\"es\",\"@id\":\"https:\/\/21panorama.com\/#\/schema\/logo\/image\/\",\"url\":\"https:\/\/21panorama.com\/wp-content\/uploads\/2019\/07\/cropped-Logo-Panorama-01.jpeg\",\"contentUrl\":\"https:\/\/21panorama.com\/wp-content\/uploads\/2019\/07\/cropped-Logo-Panorama-01.jpeg\",\"width\":290,\"height\":70,\"caption\":\"21 Panorama\"},\"image\":{\"@id\":\"https:\/\/21panorama.com\/#\/schema\/logo\/image\/\"}},{\"@type\":\"Person\",\"@id\":\"https:\/\/21panorama.com\/#\/schema\/person\/1afc291b96d5792a158768324287319f\",\"name\":\"admin\",\"image\":{\"@type\":\"ImageObject\",\"inLanguage\":\"es\",\"@id\":\"https:\/\/21panorama.com\/#\/schema\/person\/image\/\",\"url\":\"https:\/\/secure.gravatar.com\/avatar\/ad365d9d9f46719215b0d042cc3df92a5a8683e09ef13d102233e5491985f0f0?s=96&d=mm&r=g\",\"contentUrl\":\"https:\/\/secure.gravatar.com\/avatar\/ad365d9d9f46719215b0d042cc3df92a5a8683e09ef13d102233e5491985f0f0?s=96&d=mm&r=g\",\"caption\":\"admin\"},\"url\":\"https:\/\/21panorama.com\/index.php\/author\/admin\/\"}]}<\/script>\n<!-- \/ Yoast SEO plugin. -->","yoast_head_json":{"title":"ACUERDO PARA GLOSA DEL INFORME SER\u00c1 CON APEGO A LA AUTONOM\u00cdA DEL CONGRESO - 21 Panorama","robots":{"index":"index","follow":"follow","max-snippet":"max-snippet:-1","max-image-preview":"max-image-preview:large","max-video-preview":"max-video-preview:-1"},"canonical":"https:\/\/21panorama.com\/index.php\/2021\/10\/04\/acuerdo-para-glosa-del-informe-sera-con-apego-a-la-autonomia-del-congreso\/","og_locale":"es_MX","og_type":"article","og_title":"ACUERDO PARA GLOSA DEL INFORME SER\u00c1 CON APEGO A LA AUTONOM\u00cdA DEL CONGRESO - 21 Panorama","og_description":"La presencia de los secretarios del gobierno del Estado de M\u00e9xico para la Glosa del IV informe en el Congreso local estar\u00e1 marcada por la autonom\u00eda plena que obedece a su representaci\u00f3n de 17 millones de mexiquenses.","og_url":"https:\/\/21panorama.com\/index.php\/2021\/10\/04\/acuerdo-para-glosa-del-informe-sera-con-apego-a-la-autonomia-del-congreso\/","og_site_name":"21 Panorama","article_published_time":"2021-10-04T23:37:25+00:00","article_modified_time":"2021-10-04T23:37:26+00:00","og_image":[{"width":1200,"height":1600,"url":"https:\/\/21panorama.com\/wp-content\/uploads\/2021\/10\/9c992f38-bb08-4bb8-8ce8-bf2745b95405.jpeg","type":"image\/jpeg"}],"author":"admin","twitter_card":"summary_large_image","twitter_misc":{"Escrito por":"admin","Tiempo de lectura":"1 minuto"},"schema":{"@context":"https:\/\/schema.org","@graph":[{"@type":"Article","@id":"https:\/\/21panorama.com\/index.php\/2021\/10\/04\/acuerdo-para-glosa-del-informe-sera-con-apego-a-la-autonomia-del-congreso\/#article","isPartOf":{"@id":"https:\/\/21panorama.com\/index.php\/2021\/10\/04\/acuerdo-para-glosa-del-informe-sera-con-apego-a-la-autonomia-del-congreso\/"},"author":{"name":"admin","@id":"https:\/\/21panorama.com\/#\/schema\/person\/1afc291b96d5792a158768324287319f"},"headline":"ACUERDO PARA GLOSA DEL INFORME SER\u00c1 CON APEGO A LA AUTONOM\u00cdA DEL CONGRESO","datePublished":"2021-10-04T23:37:25+00:00","dateModified":"2021-10-04T23:37:26+00:00","mainEntityOfPage":{"@id":"https:\/\/21panorama.com\/index.php\/2021\/10\/04\/acuerdo-para-glosa-del-informe-sera-con-apego-a-la-autonomia-del-congreso\/"},"wordCount":202,"commentCount":0,"publisher":{"@id":"https:\/\/21panorama.com\/#organization"},"image":{"@id":"https:\/\/21panorama.com\/index.php\/2021\/10\/04\/acuerdo-para-glosa-del-informe-sera-con-apego-a-la-autonomia-del-congreso\/#primaryimage"},"thumbnailUrl":"https:\/\/21panorama.com\/wp-content\/uploads\/2021\/10\/9c992f38-bb08-4bb8-8ce8-bf2745b95405.jpeg","keywords":["Autonom\u00eda","Congreso"],"articleSection":["Politica"],"inLanguage":"es","potentialAction":[{"@type":"CommentAction","name":"Comment","target":["https:\/\/21panorama.com\/index.php\/2021\/10\/04\/acuerdo-para-glosa-del-informe-sera-con-apego-a-la-autonomia-del-congreso\/#respond"]}]},{"@type":"WebPage","@id":"https:\/\/21panorama.com\/index.php\/2021\/10\/04\/acuerdo-para-glosa-del-informe-sera-con-apego-a-la-autonomia-del-congreso\/","url":"https:\/\/21panorama.com\/index.php\/2021\/10\/04\/acuerdo-para-glosa-del-informe-sera-con-apego-a-la-autonomia-del-congreso\/","name":"ACUERDO PARA GLOSA DEL INFORME SER\u00c1 CON APEGO A LA AUTONOM\u00cdA DEL CONGRESO - 21 Panorama","isPartOf":{"@id":"https:\/\/21panorama.com\/#website"},"primaryImageOfPage":{"@id":"https:\/\/21panorama.com\/index.php\/2021\/10\/04\/acuerdo-para-glosa-del-informe-sera-con-apego-a-la-autonomia-del-congreso\/#primaryimage"},"image":{"@id":"https:\/\/21panorama.com\/index.php\/2021\/10\/04\/acuerdo-para-glosa-del-informe-sera-con-apego-a-la-autonomia-del-congreso\/#primaryimage"},"thumbnailUrl":"https:\/\/21panorama.com\/wp-content\/uploads\/2021\/10\/9c992f38-bb08-4bb8-8ce8-bf2745b95405.jpeg","datePublished":"2021-10-04T23:37:25+00:00","dateModified":"2021-10-04T23:37:26+00:00","breadcrumb":{"@id":"https:\/\/21panorama.com\/index.php\/2021\/10\/04\/acuerdo-para-glosa-del-informe-sera-con-apego-a-la-autonomia-del-congreso\/#breadcrumb"},"inLanguage":"es","potentialAction":[{"@type":"ReadAction","target":["https:\/\/21panorama.com\/index.php\/2021\/10\/04\/acuerdo-para-glosa-del-informe-sera-con-apego-a-la-autonomia-del-congreso\/"]}]},{"@type":"ImageObject","inLanguage":"es","@id":"https:\/\/21panorama.com\/index.php\/2021\/10\/04\/acuerdo-para-glosa-del-informe-sera-con-apego-a-la-autonomia-del-congreso\/#primaryimage","url":"https:\/\/21panorama.com\/wp-content\/uploads\/2021\/10\/9c992f38-bb08-4bb8-8ce8-bf2745b95405.jpeg","contentUrl":"https:\/\/21panorama.com\/wp-content\/uploads\/2021\/10\/9c992f38-bb08-4bb8-8ce8-bf2745b95405.jpeg","width":1200,"height":1600},{"@type":"BreadcrumbList","@id":"https:\/\/21panorama.com\/index.php\/2021\/10\/04\/acuerdo-para-glosa-del-informe-sera-con-apego-a-la-autonomia-del-congreso\/#breadcrumb","itemListElement":[{"@type":"ListItem","position":1,"name":"Inicio","item":"https:\/\/21panorama.com\/"},{"@type":"ListItem","position":2,"name":"ACUERDO PARA GLOSA DEL INFORME SER\u00c1 CON APEGO A LA AUTONOM\u00cdA DEL CONGRESO"}]},{"@type":"WebSite","@id":"https:\/\/21panorama.com\/#website","url":"https:\/\/21panorama.com\/","name":"21 Panorama","description":"La construcci\u00f3n de la opini\u00f3n p\u00fablica merece un mejor Panorama en este siglo 21 para alcanzar una sociedad con mayor transparencia y sin corrupci\u00f3n.","publisher":{"@id":"https:\/\/21panorama.com\/#organization"},"potentialAction":[{"@type":"SearchAction","target":{"@type":"EntryPoint","urlTemplate":"https:\/\/21panorama.com\/?s={search_term_string}"},"query-input":{"@type":"PropertyValueSpecification","valueRequired":true,"valueName":"search_term_string"}}],"inLanguage":"es"},{"@type":"Organization","@id":"https:\/\/21panorama.com\/#organization","name":"21 Panorama","url":"https:\/\/21panorama.com\/","logo":{"@type":"ImageObject","inLanguage":"es","@id":"https:\/\/21panorama.com\/#\/schema\/logo\/image\/","url":"https:\/\/21panorama.com\/wp-content\/uploads\/2019\/07\/cropped-Logo-Panorama-01.jpeg","contentUrl":"https:\/\/21panorama.com\/wp-content\/uploads\/2019\/07\/cropped-Logo-Panorama-01.jpeg","width":290,"height":70,"caption":"21 Panorama"},"image":{"@id":"https:\/\/21panorama.com\/#\/schema\/logo\/image\/"}},{"@type":"Person","@id":"https:\/\/21panorama.com\/#\/schema\/person\/1afc291b96d5792a158768324287319f","name":"admin","image":{"@type":"ImageObject","inLanguage":"es","@id":"https:\/\/21panorama.com\/#\/schema\/person\/image\/","url":"https:\/\/secure.gravatar.com\/avatar\/ad365d9d9f46719215b0d042cc3df92a5a8683e09ef13d102233e5491985f0f0?s=96&d=mm&r=g","contentUrl":"https:\/\/secure.gravatar.com\/avatar\/ad365d9d9f46719215b0d042cc3df92a5a8683e09ef13d102233e5491985f0f0?s=96&d=mm&r=g","caption":"admin"},"url":"https:\/\/21panorama.com\/index.php\/author\/admin\/"}]}},"_links":{"self":[{"href":"https:\/\/21panorama.com\/index.php\/wp-json\/wp\/v2\/posts\/1738","targetHints":{"allow":["GET"]}}],"collection":[{"href":"https:\/\/21panorama.com\/index.php\/wp-json\/wp\/v2\/posts"}],"about":[{"href":"https:\/\/21panorama.com\/index.php\/wp-json\/wp\/v2\/types\/post"}],"author":[{"embeddable":true,"href":"https:\/\/21panorama.com\/index.php\/wp-json\/wp\/v2\/users\/1"}],"replies":[{"embeddable":true,"href":"https:\/\/21panorama.com\/index.php\/wp-json\/wp\/v2\/comments?post=1738"}],"version-history":[{"count":1,"href":"https:\/\/21panorama.com\/index.php\/wp-json\/wp\/v2\/posts\/1738\/revisions"}],"predecessor-version":[{"id":1740,"href":"https:\/\/21panorama.com\/index.php\/wp-json\/wp\/v2\/posts\/1738\/revisions\/1740"}],"wp:featuredmedia":[{"embeddable":true,"href":"https:\/\/21panorama.com\/index.php\/wp-json\/wp\/v2\/media\/1739"}],"wp:attachment":[{"href":"https:\/\/21panorama.com\/index.php\/wp-json\/wp\/v2\/media?parent=1738"}],"wp:term":[{"taxonomy":"category","embeddable":true,"href":"https:\/\/21panorama.com\/index.php\/wp-json\/wp\/v2\/categories?post=1738"},{"taxonomy":"post_tag","embeddable":true,"href":"https:\/\/21panorama.com\/index.php\/wp-json\/wp\/v2\/tags?post=1738"}],"curies":[{"name":"wp","href":"https:\/\/api.w.org\/{rel}","templated":true}]}}