{"id":1735,"date":"2021-10-04T18:34:29","date_gmt":"2021-10-04T23:34:29","guid":{"rendered":"http:\/\/21panorama.com\/?p=1735"},"modified":"2021-10-04T18:34:30","modified_gmt":"2021-10-04T23:34:30","slug":"necesaria-la-presencia-de-un-legislador-en-su-distrito-para-construir-con-los-ciudadanos","status":"publish","type":"post","link":"https:\/\/21panorama.com\/index.php\/2021\/10\/04\/necesaria-la-presencia-de-un-legislador-en-su-distrito-para-construir-con-los-ciudadanos\/","title":{"rendered":"NECESARIA LA PRESENCIA DE UN LEGISLADOR EN SU DISTRITO PARA CONSTRUIR CON LOS CIUDADANOS"},"content":{"rendered":"\n<p>Por Elisa Vega<\/p>\n\n\n\n<p>A un mes de haber tomado protesta como diputado, Iv\u00e1n Esquer Cruz est\u00e1 en v\u00edas de reconstruir la imagen de un representante popular cercano a la gente y que se fortalezca la participaci\u00f3n ciudadana en el ejercicio del gobierno.<\/p>\n\n\n\n<p>El diputado por el Distrito 13 Ha realizado faenas de trabajo y actos para motivar la visita de turistas en los municipios de su Distrito tanto en Atlacomulco, Jocotitl\u00e1n, El Oro como Temascalcingo.<\/p>\n\n\n\n<p>Destac\u00f3 que la ausencia de un legislador en su Distrito no es la m\u00e1s propia y la propuesta de trabajo no solo est\u00e1 en las actividades parlamentarias sino en la gesti\u00f3n que se pueda hacer para mejorar las condiciones de vida de los mexiquenses.<\/p>\n\n\n\n<p>\u201cQue el legislador pueda cumplir las dos figuras, ser responsable y atento a las tareas que se encomienden en la C\u00e1mara y sus diferentes comisiones donde se participe y por su puesto en un receptor de las necesidades que tenga el Distritoy vinculados sonreir\u00e9 con la gente\u201d, puntualiz\u00f3.<\/p>\n\n\n\n<p>Cuestionado por la ausencia de recursos en la C\u00e1mara de diputados para gesti\u00f3n, como antes se presupuestaba, dijo que ante esa ausencia \u201chay manos, tiempo y ganas de trabajar, como dec\u00eda L\u00e1zaro C\u00e1rdenas que cuando no hab\u00eda recursos lo que se ofrece es tiempo y eso es lo que estaremos promoviendo\u201d.<\/p>\n\n\n\n<p>Hay que construir puentes de gesti\u00f3n para tener la atenci\u00f3n del Gobierno del Estado en los municipios que integran el Distrito, lo cual se reconoce al gobernador Alfredo del Mazo y las secretar\u00edas que abren sus puertas ante las necesidades de los mexiquenses.<\/p>\n","protected":false},"excerpt":{"rendered":"<p>A un mes de haber tomado protesta como diputado, Iv\u00e1n Esquer Cruz est\u00e1 en v\u00edas de reconstruir la imagen de un representante popular cercano a la gente y que se fortalezca la participaci\u00f3n ciudadana en el ejercicio del gobierno.<\/p>\n","protected":false},"author":1,"featured_media":1736,"comment_status":"open","ping_status":"open","sticky":false,"template":"","format":"standard","meta":{"footnotes":""},"categories":[12],"tags":[111,110],"class_list":["post-1735","post","type-post","status-publish","format-standard","has-post-thumbnail","hentry","category-politica","tag-distrito","tag-legislador"],"yoast_head":"<!-- This site is optimized with the Yoast SEO plugin v24.9 - https:\/\/yoast.com\/wordpress\/plugins\/seo\/ -->\n<title>NECESARIA LA PRESENCIA DE UN LEGISLADOR EN SU DISTRITO PARA CONSTRUIR CON LOS CIUDADANOS - 21 Panorama<\/title>\n<meta name=\"robots\" content=\"index, follow, max-snippet:-1, max-image-preview:large, max-video-preview:-1\" \/>\n<link rel=\"canonical\" href=\"https:\/\/21panorama.com\/index.php\/2021\/10\/04\/necesaria-la-presencia-de-un-legislador-en-su-distrito-para-construir-con-los-ciudadanos\/\" \/>\n<meta property=\"og:locale\" content=\"es_MX\" \/>\n<meta property=\"og:type\" content=\"article\" \/>\n<meta property=\"og:title\" content=\"NECESARIA LA PRESENCIA DE UN LEGISLADOR EN SU DISTRITO PARA CONSTRUIR CON LOS CIUDADANOS - 21 Panorama\" \/>\n<meta property=\"og:description\" content=\"A un mes de haber tomado protesta como diputado, Iv\u00e1n Esquer Cruz est\u00e1 en v\u00edas de reconstruir la imagen de un representante popular cercano a la gente y que se fortalezca la participaci\u00f3n ciudadana en el ejercicio del gobierno.\" \/>\n<meta property=\"og:url\" content=\"https:\/\/21panorama.com\/index.php\/2021\/10\/04\/necesaria-la-presencia-de-un-legislador-en-su-distrito-para-construir-con-los-ciudadanos\/\" \/>\n<meta property=\"og:site_name\" content=\"21 Panorama\" \/>\n<meta property=\"article:published_time\" content=\"2021-10-04T23:34:29+00:00\" \/>\n<meta property=\"article:modified_time\" content=\"2021-10-04T23:34:30+00:00\" \/>\n<meta property=\"og:image\" content=\"https:\/\/21panorama.com\/wp-content\/uploads\/2021\/10\/feda4df2-dd22-4835-9751-b03ae5382838.jpeg\" \/>\n\t<meta property=\"og:image:width\" content=\"1039\" \/>\n\t<meta property=\"og:image:height\" content=\"930\" \/>\n\t<meta property=\"og:image:type\" content=\"image\/jpeg\" \/>\n<meta name=\"author\" content=\"admin\" \/>\n<meta name=\"twitter:card\" content=\"summary_large_image\" \/>\n<meta name=\"twitter:label1\" content=\"Escrito por\" \/>\n\t<meta name=\"twitter:data1\" content=\"admin\" \/>\n\t<meta name=\"twitter:label2\" content=\"Tiempo de lectura\" \/>\n\t<meta name=\"twitter:data2\" content=\"2 minutos\" \/>\n<script type=\"application\/ld+json\" class=\"yoast-schema-graph\">{\"@context\":\"https:\/\/schema.org\",\"@graph\":[{\"@type\":\"Article\",\"@id\":\"https:\/\/21panorama.com\/index.php\/2021\/10\/04\/necesaria-la-presencia-de-un-legislador-en-su-distrito-para-construir-con-los-ciudadanos\/#article\",\"isPartOf\":{\"@id\":\"https:\/\/21panorama.com\/index.php\/2021\/10\/04\/necesaria-la-presencia-de-un-legislador-en-su-distrito-para-construir-con-los-ciudadanos\/\"},\"author\":{\"name\":\"admin\",\"@id\":\"https:\/\/21panorama.com\/#\/schema\/person\/1afc291b96d5792a158768324287319f\"},\"headline\":\"NECESARIA LA PRESENCIA DE UN LEGISLADOR EN SU DISTRITO PARA CONSTRUIR CON LOS CIUDADANOS\",\"datePublished\":\"2021-10-04T23:34:29+00:00\",\"dateModified\":\"2021-10-04T23:34:30+00:00\",\"mainEntityOfPage\":{\"@id\":\"https:\/\/21panorama.com\/index.php\/2021\/10\/04\/necesaria-la-presencia-de-un-legislador-en-su-distrito-para-construir-con-los-ciudadanos\/\"},\"wordCount\":290,\"commentCount\":0,\"publisher\":{\"@id\":\"https:\/\/21panorama.com\/#organization\"},\"image\":{\"@id\":\"https:\/\/21panorama.com\/index.php\/2021\/10\/04\/necesaria-la-presencia-de-un-legislador-en-su-distrito-para-construir-con-los-ciudadanos\/#primaryimage\"},\"thumbnailUrl\":\"https:\/\/21panorama.com\/wp-content\/uploads\/2021\/10\/feda4df2-dd22-4835-9751-b03ae5382838.jpeg\",\"keywords\":[\"Distrito\",\"Legislador\"],\"articleSection\":[\"Politica\"],\"inLanguage\":\"es\",\"potentialAction\":[{\"@type\":\"CommentAction\",\"name\":\"Comment\",\"target\":[\"https:\/\/21panorama.com\/index.php\/2021\/10\/04\/necesaria-la-presencia-de-un-legislador-en-su-distrito-para-construir-con-los-ciudadanos\/#respond\"]}]},{\"@type\":\"WebPage\",\"@id\":\"https:\/\/21panorama.com\/index.php\/2021\/10\/04\/necesaria-la-presencia-de-un-legislador-en-su-distrito-para-construir-con-los-ciudadanos\/\",\"url\":\"https:\/\/21panorama.com\/index.php\/2021\/10\/04\/necesaria-la-presencia-de-un-legislador-en-su-distrito-para-construir-con-los-ciudadanos\/\",\"name\":\"NECESARIA LA PRESENCIA DE UN LEGISLADOR EN SU DISTRITO PARA CONSTRUIR CON LOS CIUDADANOS - 21 Panorama\",\"isPartOf\":{\"@id\":\"https:\/\/21panorama.com\/#website\"},\"primaryImageOfPage\":{\"@id\":\"https:\/\/21panorama.com\/index.php\/2021\/10\/04\/necesaria-la-presencia-de-un-legislador-en-su-distrito-para-construir-con-los-ciudadanos\/#primaryimage\"},\"image\":{\"@id\":\"https:\/\/21panorama.com\/index.php\/2021\/10\/04\/necesaria-la-presencia-de-un-legislador-en-su-distrito-para-construir-con-los-ciudadanos\/#primaryimage\"},\"thumbnailUrl\":\"https:\/\/21panorama.com\/wp-content\/uploads\/2021\/10\/feda4df2-dd22-4835-9751-b03ae5382838.jpeg\",\"datePublished\":\"2021-10-04T23:34:29+00:00\",\"dateModified\":\"2021-10-04T23:34:30+00:00\",\"breadcrumb\":{\"@id\":\"https:\/\/21panorama.com\/index.php\/2021\/10\/04\/necesaria-la-presencia-de-un-legislador-en-su-distrito-para-construir-con-los-ciudadanos\/#breadcrumb\"},\"inLanguage\":\"es\",\"potentialAction\":[{\"@type\":\"ReadAction\",\"target\":[\"https:\/\/21panorama.com\/index.php\/2021\/10\/04\/necesaria-la-presencia-de-un-legislador-en-su-distrito-para-construir-con-los-ciudadanos\/\"]}]},{\"@type\":\"ImageObject\",\"inLanguage\":\"es\",\"@id\":\"https:\/\/21panorama.com\/index.php\/2021\/10\/04\/necesaria-la-presencia-de-un-legislador-en-su-distrito-para-construir-con-los-ciudadanos\/#primaryimage\",\"url\":\"https:\/\/21panorama.com\/wp-content\/uploads\/2021\/10\/feda4df2-dd22-4835-9751-b03ae5382838.jpeg\",\"contentUrl\":\"https:\/\/21panorama.com\/wp-content\/uploads\/2021\/10\/feda4df2-dd22-4835-9751-b03ae5382838.jpeg\",\"width\":1039,\"height\":930},{\"@type\":\"BreadcrumbList\",\"@id\":\"https:\/\/21panorama.com\/index.php\/2021\/10\/04\/necesaria-la-presencia-de-un-legislador-en-su-distrito-para-construir-con-los-ciudadanos\/#breadcrumb\",\"itemListElement\":[{\"@type\":\"ListItem\",\"position\":1,\"name\":\"Inicio\",\"item\":\"https:\/\/21panorama.com\/\"},{\"@type\":\"ListItem\",\"position\":2,\"name\":\"NECESARIA LA PRESENCIA DE UN LEGISLADOR EN SU DISTRITO PARA CONSTRUIR CON LOS CIUDADANOS\"}]},{\"@type\":\"WebSite\",\"@id\":\"https:\/\/21panorama.com\/#website\",\"url\":\"https:\/\/21panorama.com\/\",\"name\":\"21 Panorama\",\"description\":\"La construcci\u00f3n de la opini\u00f3n p\u00fablica merece un mejor Panorama en este siglo 21 para alcanzar una sociedad con mayor transparencia y sin corrupci\u00f3n.\",\"publisher\":{\"@id\":\"https:\/\/21panorama.com\/#organization\"},\"potentialAction\":[{\"@type\":\"SearchAction\",\"target\":{\"@type\":\"EntryPoint\",\"urlTemplate\":\"https:\/\/21panorama.com\/?s={search_term_string}\"},\"query-input\":{\"@type\":\"PropertyValueSpecification\",\"valueRequired\":true,\"valueName\":\"search_term_string\"}}],\"inLanguage\":\"es\"},{\"@type\":\"Organization\",\"@id\":\"https:\/\/21panorama.com\/#organization\",\"name\":\"21 Panorama\",\"url\":\"https:\/\/21panorama.com\/\",\"logo\":{\"@type\":\"ImageObject\",\"inLanguage\":\"es\",\"@id\":\"https:\/\/21panorama.com\/#\/schema\/logo\/image\/\",\"url\":\"https:\/\/21panorama.com\/wp-content\/uploads\/2019\/07\/cropped-Logo-Panorama-01.jpeg\",\"contentUrl\":\"https:\/\/21panorama.com\/wp-content\/uploads\/2019\/07\/cropped-Logo-Panorama-01.jpeg\",\"width\":290,\"height\":70,\"caption\":\"21 Panorama\"},\"image\":{\"@id\":\"https:\/\/21panorama.com\/#\/schema\/logo\/image\/\"}},{\"@type\":\"Person\",\"@id\":\"https:\/\/21panorama.com\/#\/schema\/person\/1afc291b96d5792a158768324287319f\",\"name\":\"admin\",\"image\":{\"@type\":\"ImageObject\",\"inLanguage\":\"es\",\"@id\":\"https:\/\/21panorama.com\/#\/schema\/person\/image\/\",\"url\":\"https:\/\/secure.gravatar.com\/avatar\/ad365d9d9f46719215b0d042cc3df92a5a8683e09ef13d102233e5491985f0f0?s=96&d=mm&r=g\",\"contentUrl\":\"https:\/\/secure.gravatar.com\/avatar\/ad365d9d9f46719215b0d042cc3df92a5a8683e09ef13d102233e5491985f0f0?s=96&d=mm&r=g\",\"caption\":\"admin\"},\"url\":\"https:\/\/21panorama.com\/index.php\/author\/admin\/\"}]}<\/script>\n<!-- \/ Yoast SEO plugin. -->","yoast_head_json":{"title":"NECESARIA LA PRESENCIA DE UN LEGISLADOR EN SU DISTRITO PARA CONSTRUIR CON LOS CIUDADANOS - 21 Panorama","robots":{"index":"index","follow":"follow","max-snippet":"max-snippet:-1","max-image-preview":"max-image-preview:large","max-video-preview":"max-video-preview:-1"},"canonical":"https:\/\/21panorama.com\/index.php\/2021\/10\/04\/necesaria-la-presencia-de-un-legislador-en-su-distrito-para-construir-con-los-ciudadanos\/","og_locale":"es_MX","og_type":"article","og_title":"NECESARIA LA PRESENCIA DE UN LEGISLADOR EN SU DISTRITO PARA CONSTRUIR CON LOS CIUDADANOS - 21 Panorama","og_description":"A un mes de haber tomado protesta como diputado, Iv\u00e1n Esquer Cruz est\u00e1 en v\u00edas de reconstruir la imagen de un representante popular cercano a la gente y que se fortalezca la participaci\u00f3n ciudadana en el ejercicio del gobierno.","og_url":"https:\/\/21panorama.com\/index.php\/2021\/10\/04\/necesaria-la-presencia-de-un-legislador-en-su-distrito-para-construir-con-los-ciudadanos\/","og_site_name":"21 Panorama","article_published_time":"2021-10-04T23:34:29+00:00","article_modified_time":"2021-10-04T23:34:30+00:00","og_image":[{"width":1039,"height":930,"url":"https:\/\/21panorama.com\/wp-content\/uploads\/2021\/10\/feda4df2-dd22-4835-9751-b03ae5382838.jpeg","type":"image\/jpeg"}],"author":"admin","twitter_card":"summary_large_image","twitter_misc":{"Escrito por":"admin","Tiempo de lectura":"2 minutos"},"schema":{"@context":"https:\/\/schema.org","@graph":[{"@type":"Article","@id":"https:\/\/21panorama.com\/index.php\/2021\/10\/04\/necesaria-la-presencia-de-un-legislador-en-su-distrito-para-construir-con-los-ciudadanos\/#article","isPartOf":{"@id":"https:\/\/21panorama.com\/index.php\/2021\/10\/04\/necesaria-la-presencia-de-un-legislador-en-su-distrito-para-construir-con-los-ciudadanos\/"},"author":{"name":"admin","@id":"https:\/\/21panorama.com\/#\/schema\/person\/1afc291b96d5792a158768324287319f"},"headline":"NECESARIA LA PRESENCIA DE UN LEGISLADOR EN SU DISTRITO PARA CONSTRUIR CON LOS CIUDADANOS","datePublished":"2021-10-04T23:34:29+00:00","dateModified":"2021-10-04T23:34:30+00:00","mainEntityOfPage":{"@id":"https:\/\/21panorama.com\/index.php\/2021\/10\/04\/necesaria-la-presencia-de-un-legislador-en-su-distrito-para-construir-con-los-ciudadanos\/"},"wordCount":290,"commentCount":0,"publisher":{"@id":"https:\/\/21panorama.com\/#organization"},"image":{"@id":"https:\/\/21panorama.com\/index.php\/2021\/10\/04\/necesaria-la-presencia-de-un-legislador-en-su-distrito-para-construir-con-los-ciudadanos\/#primaryimage"},"thumbnailUrl":"https:\/\/21panorama.com\/wp-content\/uploads\/2021\/10\/feda4df2-dd22-4835-9751-b03ae5382838.jpeg","keywords":["Distrito","Legislador"],"articleSection":["Politica"],"inLanguage":"es","potentialAction":[{"@type":"CommentAction","name":"Comment","target":["https:\/\/21panorama.com\/index.php\/2021\/10\/04\/necesaria-la-presencia-de-un-legislador-en-su-distrito-para-construir-con-los-ciudadanos\/#respond"]}]},{"@type":"WebPage","@id":"https:\/\/21panorama.com\/index.php\/2021\/10\/04\/necesaria-la-presencia-de-un-legislador-en-su-distrito-para-construir-con-los-ciudadanos\/","url":"https:\/\/21panorama.com\/index.php\/2021\/10\/04\/necesaria-la-presencia-de-un-legislador-en-su-distrito-para-construir-con-los-ciudadanos\/","name":"NECESARIA LA PRESENCIA DE UN LEGISLADOR EN SU DISTRITO PARA CONSTRUIR CON LOS CIUDADANOS - 21 Panorama","isPartOf":{"@id":"https:\/\/21panorama.com\/#website"},"primaryImageOfPage":{"@id":"https:\/\/21panorama.com\/index.php\/2021\/10\/04\/necesaria-la-presencia-de-un-legislador-en-su-distrito-para-construir-con-los-ciudadanos\/#primaryimage"},"image":{"@id":"https:\/\/21panorama.com\/index.php\/2021\/10\/04\/necesaria-la-presencia-de-un-legislador-en-su-distrito-para-construir-con-los-ciudadanos\/#primaryimage"},"thumbnailUrl":"https:\/\/21panorama.com\/wp-content\/uploads\/2021\/10\/feda4df2-dd22-4835-9751-b03ae5382838.jpeg","datePublished":"2021-10-04T23:34:29+00:00","dateModified":"2021-10-04T23:34:30+00:00","breadcrumb":{"@id":"https:\/\/21panorama.com\/index.php\/2021\/10\/04\/necesaria-la-presencia-de-un-legislador-en-su-distrito-para-construir-con-los-ciudadanos\/#breadcrumb"},"inLanguage":"es","potentialAction":[{"@type":"ReadAction","target":["https:\/\/21panorama.com\/index.php\/2021\/10\/04\/necesaria-la-presencia-de-un-legislador-en-su-distrito-para-construir-con-los-ciudadanos\/"]}]},{"@type":"ImageObject","inLanguage":"es","@id":"https:\/\/21panorama.com\/index.php\/2021\/10\/04\/necesaria-la-presencia-de-un-legislador-en-su-distrito-para-construir-con-los-ciudadanos\/#primaryimage","url":"https:\/\/21panorama.com\/wp-content\/uploads\/2021\/10\/feda4df2-dd22-4835-9751-b03ae5382838.jpeg","contentUrl":"https:\/\/21panorama.com\/wp-content\/uploads\/2021\/10\/feda4df2-dd22-4835-9751-b03ae5382838.jpeg","width":1039,"height":930},{"@type":"BreadcrumbList","@id":"https:\/\/21panorama.com\/index.php\/2021\/10\/04\/necesaria-la-presencia-de-un-legislador-en-su-distrito-para-construir-con-los-ciudadanos\/#breadcrumb","itemListElement":[{"@type":"ListItem","position":1,"name":"Inicio","item":"https:\/\/21panorama.com\/"},{"@type":"ListItem","position":2,"name":"NECESARIA LA PRESENCIA DE UN LEGISLADOR EN SU DISTRITO PARA CONSTRUIR CON LOS CIUDADANOS"}]},{"@type":"WebSite","@id":"https:\/\/21panorama.com\/#website","url":"https:\/\/21panorama.com\/","name":"21 Panorama","description":"La construcci\u00f3n de la opini\u00f3n p\u00fablica merece un mejor Panorama en este siglo 21 para alcanzar una sociedad con mayor transparencia y sin corrupci\u00f3n.","publisher":{"@id":"https:\/\/21panorama.com\/#organization"},"potentialAction":[{"@type":"SearchAction","target":{"@type":"EntryPoint","urlTemplate":"https:\/\/21panorama.com\/?s={search_term_string}"},"query-input":{"@type":"PropertyValueSpecification","valueRequired":true,"valueName":"search_term_string"}}],"inLanguage":"es"},{"@type":"Organization","@id":"https:\/\/21panorama.com\/#organization","name":"21 Panorama","url":"https:\/\/21panorama.com\/","logo":{"@type":"ImageObject","inLanguage":"es","@id":"https:\/\/21panorama.com\/#\/schema\/logo\/image\/","url":"https:\/\/21panorama.com\/wp-content\/uploads\/2019\/07\/cropped-Logo-Panorama-01.jpeg","contentUrl":"https:\/\/21panorama.com\/wp-content\/uploads\/2019\/07\/cropped-Logo-Panorama-01.jpeg","width":290,"height":70,"caption":"21 Panorama"},"image":{"@id":"https:\/\/21panorama.com\/#\/schema\/logo\/image\/"}},{"@type":"Person","@id":"https:\/\/21panorama.com\/#\/schema\/person\/1afc291b96d5792a158768324287319f","name":"admin","image":{"@type":"ImageObject","inLanguage":"es","@id":"https:\/\/21panorama.com\/#\/schema\/person\/image\/","url":"https:\/\/secure.gravatar.com\/avatar\/ad365d9d9f46719215b0d042cc3df92a5a8683e09ef13d102233e5491985f0f0?s=96&d=mm&r=g","contentUrl":"https:\/\/secure.gravatar.com\/avatar\/ad365d9d9f46719215b0d042cc3df92a5a8683e09ef13d102233e5491985f0f0?s=96&d=mm&r=g","caption":"admin"},"url":"https:\/\/21panorama.com\/index.php\/author\/admin\/"}]}},"_links":{"self":[{"href":"https:\/\/21panorama.com\/index.php\/wp-json\/wp\/v2\/posts\/1735","targetHints":{"allow":["GET"]}}],"collection":[{"href":"https:\/\/21panorama.com\/index.php\/wp-json\/wp\/v2\/posts"}],"about":[{"href":"https:\/\/21panorama.com\/index.php\/wp-json\/wp\/v2\/types\/post"}],"author":[{"embeddable":true,"href":"https:\/\/21panorama.com\/index.php\/wp-json\/wp\/v2\/users\/1"}],"replies":[{"embeddable":true,"href":"https:\/\/21panorama.com\/index.php\/wp-json\/wp\/v2\/comments?post=1735"}],"version-history":[{"count":1,"href":"https:\/\/21panorama.com\/index.php\/wp-json\/wp\/v2\/posts\/1735\/revisions"}],"predecessor-version":[{"id":1737,"href":"https:\/\/21panorama.com\/index.php\/wp-json\/wp\/v2\/posts\/1735\/revisions\/1737"}],"wp:featuredmedia":[{"embeddable":true,"href":"https:\/\/21panorama.com\/index.php\/wp-json\/wp\/v2\/media\/1736"}],"wp:attachment":[{"href":"https:\/\/21panorama.com\/index.php\/wp-json\/wp\/v2\/media?parent=1735"}],"wp:term":[{"taxonomy":"category","embeddable":true,"href":"https:\/\/21panorama.com\/index.php\/wp-json\/wp\/v2\/categories?post=1735"},{"taxonomy":"post_tag","embeddable":true,"href":"https:\/\/21panorama.com\/index.php\/wp-json\/wp\/v2\/tags?post=1735"}],"curies":[{"name":"wp","href":"https:\/\/api.w.org\/{rel}","templated":true}]}}