{"id":1721,"date":"2021-10-01T18:14:34","date_gmt":"2021-10-01T23:14:34","guid":{"rendered":"http:\/\/21panorama.com\/?p=1721"},"modified":"2021-10-01T18:14:35","modified_gmt":"2021-10-01T23:14:35","slug":"inundada-con-aguas-negras-la-comunidad-de-san-pedro-cholula-en-ocoyocac","status":"publish","type":"post","link":"https:\/\/21panorama.com\/index.php\/2021\/10\/01\/inundada-con-aguas-negras-la-comunidad-de-san-pedro-cholula-en-ocoyocac\/","title":{"rendered":"INUNDADA CON AGUAS NEGRAS LA COMUNIDAD DE SAN PEDRO CHOLULA EN OCOYOCAC"},"content":{"rendered":"\n<p>Anallely Olivares, presidenta municipal no se ha presentado en la localidad para buscar una soluci\u00f3n con los vecinos.<\/p>\n\n\n\n<p>Cientos de familias de la comunidad de San Pedro Cholula, municipio de Ocoyocac, se encuentran viviendo bajo el agua, luego de las lluvias registradas en las \u00faltimas semanas.<\/p>\n\n\n\n<p>La poca presencia de autoridades municipales y estatales, ha generado molestia entre la ciudadan\u00eda, quienes con sus propios recursos salvaguardan sus bienes y con cubetas expulsan las aguas negras de sus domicilios.<\/p>\n\n\n\n<p>Sin embargo, esta medida no ha sido suficiente, porque el agua vuelve a entrar a sus hogares, adem\u00e1s los vecinos temen abandonar sus casas por la inseguridad que impera en la demarcaci\u00f3n.<\/p>\n\n\n\n<p>Las viviendas afectadas estan ubicadas sobre las calles Matamoros, Atlixco de las Flores, Independencia, Primero de Mayo y Avenida Lerma.<\/p>\n\n\n\n<p>Ayer despu\u00e9s del desbordamiento del r\u00edo Chichipicas se present\u00f3 una flotilla de bomberos, una patrulla y una ambulancia del ayuntamiento, que poco pudieron hacer para colaborar.<\/p>\n\n\n\n<p>Hasta el momento no se ha presentado la presidenta municipal, Anallely Olivares para buscar una soluci\u00f3n con los vecinos de San Pedro Cholula.<\/p>\n\n\n\n<figure class=\"wp-block-gallery columns-3 is-cropped wp-block-gallery-1 is-layout-flex wp-block-gallery-is-layout-flex\"><ul class=\"blocks-gallery-grid\"><li class=\"blocks-gallery-item\"><figure><img decoding=\"async\" width=\"768\" height=\"1024\" src=\"https:\/\/21panorama.com\/wp-content\/uploads\/2021\/10\/b3726c84-b4ed-4277-a6e0-241cfe72cda6-768x1024.jpeg\" alt=\"\" data-id=\"1724\" data-link=\"https:\/\/21panorama.com\/?attachment_id=1724\" class=\"wp-image-1724\" srcset=\"https:\/\/21panorama.com\/wp-content\/uploads\/2021\/10\/b3726c84-b4ed-4277-a6e0-241cfe72cda6-768x1024.jpeg 768w, https:\/\/21panorama.com\/wp-content\/uploads\/2021\/10\/b3726c84-b4ed-4277-a6e0-241cfe72cda6-225x300.jpeg 225w, https:\/\/21panorama.com\/wp-content\/uploads\/2021\/10\/b3726c84-b4ed-4277-a6e0-241cfe72cda6.jpeg 960w\" sizes=\"(max-width: 768px) 100vw, 768px\" \/><\/figure><\/li><li class=\"blocks-gallery-item\"><figure><img decoding=\"async\" width=\"1024\" height=\"768\" src=\"https:\/\/21panorama.com\/wp-content\/uploads\/2021\/10\/35918081-124e-456d-8d9e-e09a409db8bb-1024x768.jpeg\" alt=\"\" data-id=\"1725\" data-link=\"https:\/\/21panorama.com\/?attachment_id=1725\" class=\"wp-image-1725\" srcset=\"https:\/\/21panorama.com\/wp-content\/uploads\/2021\/10\/35918081-124e-456d-8d9e-e09a409db8bb-1024x768.jpeg 1024w, https:\/\/21panorama.com\/wp-content\/uploads\/2021\/10\/35918081-124e-456d-8d9e-e09a409db8bb-300x225.jpeg 300w, https:\/\/21panorama.com\/wp-content\/uploads\/2021\/10\/35918081-124e-456d-8d9e-e09a409db8bb-768x576.jpeg 768w, https:\/\/21panorama.com\/wp-content\/uploads\/2021\/10\/35918081-124e-456d-8d9e-e09a409db8bb.jpeg 1280w\" sizes=\"(max-width: 1024px) 100vw, 1024px\" \/><\/figure><\/li><li class=\"blocks-gallery-item\"><figure><img decoding=\"async\" width=\"768\" height=\"1024\" src=\"https:\/\/21panorama.com\/wp-content\/uploads\/2021\/10\/8f68434e-b431-4400-a6a1-a7e8e6d5566a-768x1024.jpeg\" alt=\"\" data-id=\"1726\" data-link=\"https:\/\/21panorama.com\/?attachment_id=1726\" class=\"wp-image-1726\" srcset=\"https:\/\/21panorama.com\/wp-content\/uploads\/2021\/10\/8f68434e-b431-4400-a6a1-a7e8e6d5566a-768x1024.jpeg 768w, https:\/\/21panorama.com\/wp-content\/uploads\/2021\/10\/8f68434e-b431-4400-a6a1-a7e8e6d5566a-225x300.jpeg 225w, https:\/\/21panorama.com\/wp-content\/uploads\/2021\/10\/8f68434e-b431-4400-a6a1-a7e8e6d5566a.jpeg 960w\" sizes=\"(max-width: 768px) 100vw, 768px\" \/><\/figure><\/li><li class=\"blocks-gallery-item\"><figure><img decoding=\"async\" width=\"1024\" height=\"768\" src=\"https:\/\/21panorama.com\/wp-content\/uploads\/2021\/10\/ef4658a8-f84e-45ba-8f5b-c63cc08ac82f-1024x768.jpeg\" alt=\"\" data-id=\"1727\" data-full-url=\"https:\/\/21panorama.com\/wp-content\/uploads\/2021\/10\/ef4658a8-f84e-45ba-8f5b-c63cc08ac82f.jpeg\" data-link=\"https:\/\/21panorama.com\/?attachment_id=1727\" class=\"wp-image-1727\" srcset=\"https:\/\/21panorama.com\/wp-content\/uploads\/2021\/10\/ef4658a8-f84e-45ba-8f5b-c63cc08ac82f-1024x768.jpeg 1024w, https:\/\/21panorama.com\/wp-content\/uploads\/2021\/10\/ef4658a8-f84e-45ba-8f5b-c63cc08ac82f-300x225.jpeg 300w, https:\/\/21panorama.com\/wp-content\/uploads\/2021\/10\/ef4658a8-f84e-45ba-8f5b-c63cc08ac82f-768x576.jpeg 768w, https:\/\/21panorama.com\/wp-content\/uploads\/2021\/10\/ef4658a8-f84e-45ba-8f5b-c63cc08ac82f.jpeg 1280w\" sizes=\"(max-width: 1024px) 100vw, 1024px\" \/><\/figure><\/li><\/ul><\/figure>\n","protected":false},"excerpt":{"rendered":"<p>Anallely Olivares, presidenta municipal no se ha presentado en la localidad para buscar una soluci\u00f3n con los vecinos.<\/p>\n","protected":false},"author":1,"featured_media":1722,"comment_status":"open","ping_status":"open","sticky":false,"template":"","format":"standard","meta":{"footnotes":""},"categories":[1],"tags":[107,109,108],"class_list":["post-1721","post","type-post","status-publish","format-standard","has-post-thumbnail","hentry","category-sociedad","tag-inundacion","tag-ocoyoacac","tag-san-pedro-cholula"],"yoast_head":"<!-- This site is optimized with the Yoast SEO plugin v24.9 - https:\/\/yoast.com\/wordpress\/plugins\/seo\/ -->\n<title>INUNDADA CON AGUAS NEGRAS LA COMUNIDAD DE SAN PEDRO CHOLULA EN OCOYOCAC - 21 Panorama<\/title>\n<meta name=\"robots\" content=\"index, follow, max-snippet:-1, max-image-preview:large, max-video-preview:-1\" \/>\n<link rel=\"canonical\" href=\"https:\/\/21panorama.com\/index.php\/2021\/10\/01\/inundada-con-aguas-negras-la-comunidad-de-san-pedro-cholula-en-ocoyocac\/\" \/>\n<meta property=\"og:locale\" content=\"es_MX\" \/>\n<meta property=\"og:type\" content=\"article\" \/>\n<meta property=\"og:title\" content=\"INUNDADA CON AGUAS NEGRAS LA COMUNIDAD DE SAN PEDRO CHOLULA EN OCOYOCAC - 21 Panorama\" \/>\n<meta property=\"og:description\" content=\"Anallely Olivares, presidenta municipal no se ha presentado en la localidad para buscar una soluci\u00f3n con los vecinos.\" \/>\n<meta property=\"og:url\" content=\"https:\/\/21panorama.com\/index.php\/2021\/10\/01\/inundada-con-aguas-negras-la-comunidad-de-san-pedro-cholula-en-ocoyocac\/\" \/>\n<meta property=\"og:site_name\" content=\"21 Panorama\" \/>\n<meta property=\"article:published_time\" content=\"2021-10-01T23:14:34+00:00\" \/>\n<meta property=\"article:modified_time\" content=\"2021-10-01T23:14:35+00:00\" \/>\n<meta property=\"og:image\" content=\"https:\/\/21panorama.com\/wp-content\/uploads\/2021\/10\/31bef957-f1f6-47fc-8c4e-549714a5711a.jpeg\" \/>\n\t<meta property=\"og:image:width\" content=\"960\" \/>\n\t<meta property=\"og:image:height\" content=\"1280\" \/>\n\t<meta property=\"og:image:type\" content=\"image\/jpeg\" \/>\n<meta name=\"author\" content=\"admin\" \/>\n<meta name=\"twitter:card\" content=\"summary_large_image\" \/>\n<meta name=\"twitter:label1\" content=\"Escrito por\" \/>\n\t<meta name=\"twitter:data1\" content=\"admin\" \/>\n\t<meta name=\"twitter:label2\" content=\"Tiempo de lectura\" \/>\n\t<meta name=\"twitter:data2\" content=\"2 minutos\" \/>\n<script type=\"application\/ld+json\" class=\"yoast-schema-graph\">{\"@context\":\"https:\/\/schema.org\",\"@graph\":[{\"@type\":\"Article\",\"@id\":\"https:\/\/21panorama.com\/index.php\/2021\/10\/01\/inundada-con-aguas-negras-la-comunidad-de-san-pedro-cholula-en-ocoyocac\/#article\",\"isPartOf\":{\"@id\":\"https:\/\/21panorama.com\/index.php\/2021\/10\/01\/inundada-con-aguas-negras-la-comunidad-de-san-pedro-cholula-en-ocoyocac\/\"},\"author\":{\"name\":\"admin\",\"@id\":\"https:\/\/21panorama.com\/#\/schema\/person\/1afc291b96d5792a158768324287319f\"},\"headline\":\"INUNDADA CON AGUAS NEGRAS LA COMUNIDAD DE SAN PEDRO CHOLULA EN OCOYOCAC\",\"datePublished\":\"2021-10-01T23:14:34+00:00\",\"dateModified\":\"2021-10-01T23:14:35+00:00\",\"mainEntityOfPage\":{\"@id\":\"https:\/\/21panorama.com\/index.php\/2021\/10\/01\/inundada-con-aguas-negras-la-comunidad-de-san-pedro-cholula-en-ocoyocac\/\"},\"wordCount\":198,\"commentCount\":0,\"publisher\":{\"@id\":\"https:\/\/21panorama.com\/#organization\"},\"image\":{\"@id\":\"https:\/\/21panorama.com\/index.php\/2021\/10\/01\/inundada-con-aguas-negras-la-comunidad-de-san-pedro-cholula-en-ocoyocac\/#primaryimage\"},\"thumbnailUrl\":\"https:\/\/21panorama.com\/wp-content\/uploads\/2021\/10\/31bef957-f1f6-47fc-8c4e-549714a5711a.jpeg\",\"keywords\":[\"Inundaci\u00f3n\",\"Ocoyoacac\",\"San Pedro Cholula\"],\"articleSection\":[\"Sociedad\"],\"inLanguage\":\"es\",\"potentialAction\":[{\"@type\":\"CommentAction\",\"name\":\"Comment\",\"target\":[\"https:\/\/21panorama.com\/index.php\/2021\/10\/01\/inundada-con-aguas-negras-la-comunidad-de-san-pedro-cholula-en-ocoyocac\/#respond\"]}]},{\"@type\":\"WebPage\",\"@id\":\"https:\/\/21panorama.com\/index.php\/2021\/10\/01\/inundada-con-aguas-negras-la-comunidad-de-san-pedro-cholula-en-ocoyocac\/\",\"url\":\"https:\/\/21panorama.com\/index.php\/2021\/10\/01\/inundada-con-aguas-negras-la-comunidad-de-san-pedro-cholula-en-ocoyocac\/\",\"name\":\"INUNDADA CON AGUAS NEGRAS LA COMUNIDAD DE SAN PEDRO CHOLULA EN OCOYOCAC - 21 Panorama\",\"isPartOf\":{\"@id\":\"https:\/\/21panorama.com\/#website\"},\"primaryImageOfPage\":{\"@id\":\"https:\/\/21panorama.com\/index.php\/2021\/10\/01\/inundada-con-aguas-negras-la-comunidad-de-san-pedro-cholula-en-ocoyocac\/#primaryimage\"},\"image\":{\"@id\":\"https:\/\/21panorama.com\/index.php\/2021\/10\/01\/inundada-con-aguas-negras-la-comunidad-de-san-pedro-cholula-en-ocoyocac\/#primaryimage\"},\"thumbnailUrl\":\"https:\/\/21panorama.com\/wp-content\/uploads\/2021\/10\/31bef957-f1f6-47fc-8c4e-549714a5711a.jpeg\",\"datePublished\":\"2021-10-01T23:14:34+00:00\",\"dateModified\":\"2021-10-01T23:14:35+00:00\",\"breadcrumb\":{\"@id\":\"https:\/\/21panorama.com\/index.php\/2021\/10\/01\/inundada-con-aguas-negras-la-comunidad-de-san-pedro-cholula-en-ocoyocac\/#breadcrumb\"},\"inLanguage\":\"es\",\"potentialAction\":[{\"@type\":\"ReadAction\",\"target\":[\"https:\/\/21panorama.com\/index.php\/2021\/10\/01\/inundada-con-aguas-negras-la-comunidad-de-san-pedro-cholula-en-ocoyocac\/\"]}]},{\"@type\":\"ImageObject\",\"inLanguage\":\"es\",\"@id\":\"https:\/\/21panorama.com\/index.php\/2021\/10\/01\/inundada-con-aguas-negras-la-comunidad-de-san-pedro-cholula-en-ocoyocac\/#primaryimage\",\"url\":\"https:\/\/21panorama.com\/wp-content\/uploads\/2021\/10\/31bef957-f1f6-47fc-8c4e-549714a5711a.jpeg\",\"contentUrl\":\"https:\/\/21panorama.com\/wp-content\/uploads\/2021\/10\/31bef957-f1f6-47fc-8c4e-549714a5711a.jpeg\",\"width\":960,\"height\":1280},{\"@type\":\"BreadcrumbList\",\"@id\":\"https:\/\/21panorama.com\/index.php\/2021\/10\/01\/inundada-con-aguas-negras-la-comunidad-de-san-pedro-cholula-en-ocoyocac\/#breadcrumb\",\"itemListElement\":[{\"@type\":\"ListItem\",\"position\":1,\"name\":\"Inicio\",\"item\":\"https:\/\/21panorama.com\/\"},{\"@type\":\"ListItem\",\"position\":2,\"name\":\"INUNDADA CON AGUAS NEGRAS LA COMUNIDAD DE SAN PEDRO CHOLULA EN OCOYOCAC\"}]},{\"@type\":\"WebSite\",\"@id\":\"https:\/\/21panorama.com\/#website\",\"url\":\"https:\/\/21panorama.com\/\",\"name\":\"21 Panorama\",\"description\":\"La construcci\u00f3n de la opini\u00f3n p\u00fablica merece un mejor Panorama en este siglo 21 para alcanzar una sociedad con mayor transparencia y sin corrupci\u00f3n.\",\"publisher\":{\"@id\":\"https:\/\/21panorama.com\/#organization\"},\"potentialAction\":[{\"@type\":\"SearchAction\",\"target\":{\"@type\":\"EntryPoint\",\"urlTemplate\":\"https:\/\/21panorama.com\/?s={search_term_string}\"},\"query-input\":{\"@type\":\"PropertyValueSpecification\",\"valueRequired\":true,\"valueName\":\"search_term_string\"}}],\"inLanguage\":\"es\"},{\"@type\":\"Organization\",\"@id\":\"https:\/\/21panorama.com\/#organization\",\"name\":\"21 Panorama\",\"url\":\"https:\/\/21panorama.com\/\",\"logo\":{\"@type\":\"ImageObject\",\"inLanguage\":\"es\",\"@id\":\"https:\/\/21panorama.com\/#\/schema\/logo\/image\/\",\"url\":\"https:\/\/21panorama.com\/wp-content\/uploads\/2019\/07\/cropped-Logo-Panorama-01.jpeg\",\"contentUrl\":\"https:\/\/21panorama.com\/wp-content\/uploads\/2019\/07\/cropped-Logo-Panorama-01.jpeg\",\"width\":290,\"height\":70,\"caption\":\"21 Panorama\"},\"image\":{\"@id\":\"https:\/\/21panorama.com\/#\/schema\/logo\/image\/\"}},{\"@type\":\"Person\",\"@id\":\"https:\/\/21panorama.com\/#\/schema\/person\/1afc291b96d5792a158768324287319f\",\"name\":\"admin\",\"image\":{\"@type\":\"ImageObject\",\"inLanguage\":\"es\",\"@id\":\"https:\/\/21panorama.com\/#\/schema\/person\/image\/\",\"url\":\"https:\/\/secure.gravatar.com\/avatar\/ad365d9d9f46719215b0d042cc3df92a5a8683e09ef13d102233e5491985f0f0?s=96&d=mm&r=g\",\"contentUrl\":\"https:\/\/secure.gravatar.com\/avatar\/ad365d9d9f46719215b0d042cc3df92a5a8683e09ef13d102233e5491985f0f0?s=96&d=mm&r=g\",\"caption\":\"admin\"},\"url\":\"https:\/\/21panorama.com\/index.php\/author\/admin\/\"}]}<\/script>\n<!-- \/ Yoast SEO plugin. -->","yoast_head_json":{"title":"INUNDADA CON AGUAS NEGRAS LA COMUNIDAD DE SAN PEDRO CHOLULA EN OCOYOCAC - 21 Panorama","robots":{"index":"index","follow":"follow","max-snippet":"max-snippet:-1","max-image-preview":"max-image-preview:large","max-video-preview":"max-video-preview:-1"},"canonical":"https:\/\/21panorama.com\/index.php\/2021\/10\/01\/inundada-con-aguas-negras-la-comunidad-de-san-pedro-cholula-en-ocoyocac\/","og_locale":"es_MX","og_type":"article","og_title":"INUNDADA CON AGUAS NEGRAS LA COMUNIDAD DE SAN PEDRO CHOLULA EN OCOYOCAC - 21 Panorama","og_description":"Anallely Olivares, presidenta municipal no se ha presentado en la localidad para buscar una soluci\u00f3n con los vecinos.","og_url":"https:\/\/21panorama.com\/index.php\/2021\/10\/01\/inundada-con-aguas-negras-la-comunidad-de-san-pedro-cholula-en-ocoyocac\/","og_site_name":"21 Panorama","article_published_time":"2021-10-01T23:14:34+00:00","article_modified_time":"2021-10-01T23:14:35+00:00","og_image":[{"width":960,"height":1280,"url":"https:\/\/21panorama.com\/wp-content\/uploads\/2021\/10\/31bef957-f1f6-47fc-8c4e-549714a5711a.jpeg","type":"image\/jpeg"}],"author":"admin","twitter_card":"summary_large_image","twitter_misc":{"Escrito por":"admin","Tiempo de lectura":"2 minutos"},"schema":{"@context":"https:\/\/schema.org","@graph":[{"@type":"Article","@id":"https:\/\/21panorama.com\/index.php\/2021\/10\/01\/inundada-con-aguas-negras-la-comunidad-de-san-pedro-cholula-en-ocoyocac\/#article","isPartOf":{"@id":"https:\/\/21panorama.com\/index.php\/2021\/10\/01\/inundada-con-aguas-negras-la-comunidad-de-san-pedro-cholula-en-ocoyocac\/"},"author":{"name":"admin","@id":"https:\/\/21panorama.com\/#\/schema\/person\/1afc291b96d5792a158768324287319f"},"headline":"INUNDADA CON AGUAS NEGRAS LA COMUNIDAD DE SAN PEDRO CHOLULA EN OCOYOCAC","datePublished":"2021-10-01T23:14:34+00:00","dateModified":"2021-10-01T23:14:35+00:00","mainEntityOfPage":{"@id":"https:\/\/21panorama.com\/index.php\/2021\/10\/01\/inundada-con-aguas-negras-la-comunidad-de-san-pedro-cholula-en-ocoyocac\/"},"wordCount":198,"commentCount":0,"publisher":{"@id":"https:\/\/21panorama.com\/#organization"},"image":{"@id":"https:\/\/21panorama.com\/index.php\/2021\/10\/01\/inundada-con-aguas-negras-la-comunidad-de-san-pedro-cholula-en-ocoyocac\/#primaryimage"},"thumbnailUrl":"https:\/\/21panorama.com\/wp-content\/uploads\/2021\/10\/31bef957-f1f6-47fc-8c4e-549714a5711a.jpeg","keywords":["Inundaci\u00f3n","Ocoyoacac","San Pedro Cholula"],"articleSection":["Sociedad"],"inLanguage":"es","potentialAction":[{"@type":"CommentAction","name":"Comment","target":["https:\/\/21panorama.com\/index.php\/2021\/10\/01\/inundada-con-aguas-negras-la-comunidad-de-san-pedro-cholula-en-ocoyocac\/#respond"]}]},{"@type":"WebPage","@id":"https:\/\/21panorama.com\/index.php\/2021\/10\/01\/inundada-con-aguas-negras-la-comunidad-de-san-pedro-cholula-en-ocoyocac\/","url":"https:\/\/21panorama.com\/index.php\/2021\/10\/01\/inundada-con-aguas-negras-la-comunidad-de-san-pedro-cholula-en-ocoyocac\/","name":"INUNDADA CON AGUAS NEGRAS LA COMUNIDAD DE SAN PEDRO CHOLULA EN OCOYOCAC - 21 Panorama","isPartOf":{"@id":"https:\/\/21panorama.com\/#website"},"primaryImageOfPage":{"@id":"https:\/\/21panorama.com\/index.php\/2021\/10\/01\/inundada-con-aguas-negras-la-comunidad-de-san-pedro-cholula-en-ocoyocac\/#primaryimage"},"image":{"@id":"https:\/\/21panorama.com\/index.php\/2021\/10\/01\/inundada-con-aguas-negras-la-comunidad-de-san-pedro-cholula-en-ocoyocac\/#primaryimage"},"thumbnailUrl":"https:\/\/21panorama.com\/wp-content\/uploads\/2021\/10\/31bef957-f1f6-47fc-8c4e-549714a5711a.jpeg","datePublished":"2021-10-01T23:14:34+00:00","dateModified":"2021-10-01T23:14:35+00:00","breadcrumb":{"@id":"https:\/\/21panorama.com\/index.php\/2021\/10\/01\/inundada-con-aguas-negras-la-comunidad-de-san-pedro-cholula-en-ocoyocac\/#breadcrumb"},"inLanguage":"es","potentialAction":[{"@type":"ReadAction","target":["https:\/\/21panorama.com\/index.php\/2021\/10\/01\/inundada-con-aguas-negras-la-comunidad-de-san-pedro-cholula-en-ocoyocac\/"]}]},{"@type":"ImageObject","inLanguage":"es","@id":"https:\/\/21panorama.com\/index.php\/2021\/10\/01\/inundada-con-aguas-negras-la-comunidad-de-san-pedro-cholula-en-ocoyocac\/#primaryimage","url":"https:\/\/21panorama.com\/wp-content\/uploads\/2021\/10\/31bef957-f1f6-47fc-8c4e-549714a5711a.jpeg","contentUrl":"https:\/\/21panorama.com\/wp-content\/uploads\/2021\/10\/31bef957-f1f6-47fc-8c4e-549714a5711a.jpeg","width":960,"height":1280},{"@type":"BreadcrumbList","@id":"https:\/\/21panorama.com\/index.php\/2021\/10\/01\/inundada-con-aguas-negras-la-comunidad-de-san-pedro-cholula-en-ocoyocac\/#breadcrumb","itemListElement":[{"@type":"ListItem","position":1,"name":"Inicio","item":"https:\/\/21panorama.com\/"},{"@type":"ListItem","position":2,"name":"INUNDADA CON AGUAS NEGRAS LA COMUNIDAD DE SAN PEDRO CHOLULA EN OCOYOCAC"}]},{"@type":"WebSite","@id":"https:\/\/21panorama.com\/#website","url":"https:\/\/21panorama.com\/","name":"21 Panorama","description":"La construcci\u00f3n de la opini\u00f3n p\u00fablica merece un mejor Panorama en este siglo 21 para alcanzar una sociedad con mayor transparencia y sin corrupci\u00f3n.","publisher":{"@id":"https:\/\/21panorama.com\/#organization"},"potentialAction":[{"@type":"SearchAction","target":{"@type":"EntryPoint","urlTemplate":"https:\/\/21panorama.com\/?s={search_term_string}"},"query-input":{"@type":"PropertyValueSpecification","valueRequired":true,"valueName":"search_term_string"}}],"inLanguage":"es"},{"@type":"Organization","@id":"https:\/\/21panorama.com\/#organization","name":"21 Panorama","url":"https:\/\/21panorama.com\/","logo":{"@type":"ImageObject","inLanguage":"es","@id":"https:\/\/21panorama.com\/#\/schema\/logo\/image\/","url":"https:\/\/21panorama.com\/wp-content\/uploads\/2019\/07\/cropped-Logo-Panorama-01.jpeg","contentUrl":"https:\/\/21panorama.com\/wp-content\/uploads\/2019\/07\/cropped-Logo-Panorama-01.jpeg","width":290,"height":70,"caption":"21 Panorama"},"image":{"@id":"https:\/\/21panorama.com\/#\/schema\/logo\/image\/"}},{"@type":"Person","@id":"https:\/\/21panorama.com\/#\/schema\/person\/1afc291b96d5792a158768324287319f","name":"admin","image":{"@type":"ImageObject","inLanguage":"es","@id":"https:\/\/21panorama.com\/#\/schema\/person\/image\/","url":"https:\/\/secure.gravatar.com\/avatar\/ad365d9d9f46719215b0d042cc3df92a5a8683e09ef13d102233e5491985f0f0?s=96&d=mm&r=g","contentUrl":"https:\/\/secure.gravatar.com\/avatar\/ad365d9d9f46719215b0d042cc3df92a5a8683e09ef13d102233e5491985f0f0?s=96&d=mm&r=g","caption":"admin"},"url":"https:\/\/21panorama.com\/index.php\/author\/admin\/"}]}},"_links":{"self":[{"href":"https:\/\/21panorama.com\/index.php\/wp-json\/wp\/v2\/posts\/1721","targetHints":{"allow":["GET"]}}],"collection":[{"href":"https:\/\/21panorama.com\/index.php\/wp-json\/wp\/v2\/posts"}],"about":[{"href":"https:\/\/21panorama.com\/index.php\/wp-json\/wp\/v2\/types\/post"}],"author":[{"embeddable":true,"href":"https:\/\/21panorama.com\/index.php\/wp-json\/wp\/v2\/users\/1"}],"replies":[{"embeddable":true,"href":"https:\/\/21panorama.com\/index.php\/wp-json\/wp\/v2\/comments?post=1721"}],"version-history":[{"count":1,"href":"https:\/\/21panorama.com\/index.php\/wp-json\/wp\/v2\/posts\/1721\/revisions"}],"predecessor-version":[{"id":1728,"href":"https:\/\/21panorama.com\/index.php\/wp-json\/wp\/v2\/posts\/1721\/revisions\/1728"}],"wp:featuredmedia":[{"embeddable":true,"href":"https:\/\/21panorama.com\/index.php\/wp-json\/wp\/v2\/media\/1722"}],"wp:attachment":[{"href":"https:\/\/21panorama.com\/index.php\/wp-json\/wp\/v2\/media?parent=1721"}],"wp:term":[{"taxonomy":"category","embeddable":true,"href":"https:\/\/21panorama.com\/index.php\/wp-json\/wp\/v2\/categories?post=1721"},{"taxonomy":"post_tag","embeddable":true,"href":"https:\/\/21panorama.com\/index.php\/wp-json\/wp\/v2\/tags?post=1721"}],"curies":[{"name":"wp","href":"https:\/\/api.w.org\/{rel}","templated":true}]}}