{"id":1718,"date":"2021-10-01T18:08:11","date_gmt":"2021-10-01T23:08:11","guid":{"rendered":"http:\/\/21panorama.com\/?p=1718"},"modified":"2021-10-01T18:08:12","modified_gmt":"2021-10-01T23:08:12","slug":"va-el-verde-por-el-gobierno-del-estado-de-mexico-couttolenc","status":"publish","type":"post","link":"https:\/\/21panorama.com\/index.php\/2021\/10\/01\/va-el-verde-por-el-gobierno-del-estado-de-mexico-couttolenc\/","title":{"rendered":"VA EL VERDE POR EL GOBIERNO DEL ESTADO DE MEXICO: COUTTOLENC"},"content":{"rendered":"\n<p>l tomarle protesta a Rafael Osornio S\u00e1nchez como secretario de Acci\u00f3n Pol\u00edtica del Partido Verde del Estado de M\u00e9xico, el presidente Pepe Couttolenc Buentello, dej\u00f3 en claro que su instituto pol\u00edtico est\u00e1 preparado para ir por el 2023 y 2024.<\/p>\n\n\n\n<p>Durante 15 a\u00f1os el Partido Verde estaba acostumbrado a la tibieza, a ser r\u00e9mora o el achichincle, a partir del 2017 se ha demostrado con \u201chuevos\u201d que est\u00e1 saliendo adelante y creciendo.<\/p>\n\n\n\n<p>En el Estado de M\u00e9xico estamos hartos de tener autoridades agachadas y ya es tiempo de cambiar las cosas \u201cVamos a buscar los mejores perfiles para competir en el 2023 y 2024\u201d.<\/p>\n\n\n\n<p>\u201cTodos tus huevos Rafa van a servir para arropar este proyecto que se llama Estado de M\u00e9xico\u201d, exclam\u00f3.<\/p>\n\n\n\n<p>En tanto, Rafael Osornio se\u00f1al\u00f3 que son tiempos muy importantes y que esta responsabilidad que asumo es para beneficio de los mexiquenses.<\/p>\n\n\n\n<p>Somos el fuerte de la balanza de lo que vivir\u00e1 el estado de M\u00e9xico y ahora \u201clo que nos toca hacer es posicionamiento que merece nuestro instituto pol\u00edtico\u201d.<\/p>\n\n\n\n<p>No podemos ser gallinas, no podemos mantener un gobierno corrupto y ya es tiempo de cambiar de actitud, sostuvo.<\/p>\n\n\n\n<p>La Diputada Luisa Mendoza afirm\u00f3 que como coordinadora regional del partido est\u00e1 comprometida a trabajar con todo para ofrecer buenos resultados.<\/p>\n","protected":false},"excerpt":{"rendered":"<p>Al tomarle protesta a Rafael Osornio S\u00e1nchez como secretario de Acci\u00f3n Pol\u00edtica del Partido Verde del Estado de M\u00e9xico, el presidente Pepe Couttolenc Buentello, dej\u00f3 en claro que su instituto pol\u00edtico est\u00e1 preparado para ir por el 2023 y 2024.  <\/p>\n","protected":false},"author":1,"featured_media":1719,"comment_status":"open","ping_status":"open","sticky":false,"template":"","format":"standard","meta":{"footnotes":""},"categories":[12],"tags":[105,68,106],"class_list":["post-1718","post","type-post","status-publish","format-standard","has-post-thumbnail","hentry","category-politica","tag-gobierno","tag-va-por-el-estado-de-mexico","tag-verde"],"yoast_head":"<!-- This site is optimized with the Yoast SEO plugin v24.9 - https:\/\/yoast.com\/wordpress\/plugins\/seo\/ -->\n<title>VA EL VERDE POR EL GOBIERNO DEL ESTADO DE MEXICO: COUTTOLENC - 21 Panorama<\/title>\n<meta name=\"robots\" content=\"index, follow, max-snippet:-1, max-image-preview:large, max-video-preview:-1\" \/>\n<link rel=\"canonical\" href=\"https:\/\/21panorama.com\/index.php\/2021\/10\/01\/va-el-verde-por-el-gobierno-del-estado-de-mexico-couttolenc\/\" \/>\n<meta property=\"og:locale\" content=\"es_MX\" \/>\n<meta property=\"og:type\" content=\"article\" \/>\n<meta property=\"og:title\" content=\"VA EL VERDE POR EL GOBIERNO DEL ESTADO DE MEXICO: COUTTOLENC - 21 Panorama\" \/>\n<meta property=\"og:description\" content=\"Al tomarle protesta a Rafael Osornio S\u00e1nchez como secretario de Acci\u00f3n Pol\u00edtica del Partido Verde del Estado de M\u00e9xico, el presidente Pepe Couttolenc Buentello, dej\u00f3 en claro que su instituto pol\u00edtico est\u00e1 preparado para ir por el 2023 y 2024.\" \/>\n<meta property=\"og:url\" content=\"https:\/\/21panorama.com\/index.php\/2021\/10\/01\/va-el-verde-por-el-gobierno-del-estado-de-mexico-couttolenc\/\" \/>\n<meta property=\"og:site_name\" content=\"21 Panorama\" \/>\n<meta property=\"article:published_time\" content=\"2021-10-01T23:08:11+00:00\" \/>\n<meta property=\"article:modified_time\" content=\"2021-10-01T23:08:12+00:00\" \/>\n<meta property=\"og:image\" content=\"https:\/\/21panorama.com\/wp-content\/uploads\/2021\/10\/c787f898-fbd0-45ce-b1df-053dd0297052.jpeg\" \/>\n\t<meta property=\"og:image:width\" content=\"946\" \/>\n\t<meta property=\"og:image:height\" content=\"571\" \/>\n\t<meta property=\"og:image:type\" content=\"image\/jpeg\" \/>\n<meta name=\"author\" content=\"admin\" \/>\n<meta name=\"twitter:card\" content=\"summary_large_image\" \/>\n<meta name=\"twitter:label1\" content=\"Escrito por\" \/>\n\t<meta name=\"twitter:data1\" content=\"admin\" \/>\n\t<meta name=\"twitter:label2\" content=\"Tiempo de lectura\" \/>\n\t<meta name=\"twitter:data2\" content=\"1 minuto\" \/>\n<script type=\"application\/ld+json\" class=\"yoast-schema-graph\">{\"@context\":\"https:\/\/schema.org\",\"@graph\":[{\"@type\":\"Article\",\"@id\":\"https:\/\/21panorama.com\/index.php\/2021\/10\/01\/va-el-verde-por-el-gobierno-del-estado-de-mexico-couttolenc\/#article\",\"isPartOf\":{\"@id\":\"https:\/\/21panorama.com\/index.php\/2021\/10\/01\/va-el-verde-por-el-gobierno-del-estado-de-mexico-couttolenc\/\"},\"author\":{\"name\":\"admin\",\"@id\":\"https:\/\/21panorama.com\/#\/schema\/person\/1afc291b96d5792a158768324287319f\"},\"headline\":\"VA EL VERDE POR EL GOBIERNO DEL ESTADO DE MEXICO: COUTTOLENC\",\"datePublished\":\"2021-10-01T23:08:11+00:00\",\"dateModified\":\"2021-10-01T23:08:12+00:00\",\"mainEntityOfPage\":{\"@id\":\"https:\/\/21panorama.com\/index.php\/2021\/10\/01\/va-el-verde-por-el-gobierno-del-estado-de-mexico-couttolenc\/\"},\"wordCount\":229,\"commentCount\":0,\"publisher\":{\"@id\":\"https:\/\/21panorama.com\/#organization\"},\"image\":{\"@id\":\"https:\/\/21panorama.com\/index.php\/2021\/10\/01\/va-el-verde-por-el-gobierno-del-estado-de-mexico-couttolenc\/#primaryimage\"},\"thumbnailUrl\":\"https:\/\/21panorama.com\/wp-content\/uploads\/2021\/10\/c787f898-fbd0-45ce-b1df-053dd0297052.jpeg\",\"keywords\":[\"Gobierno\",\"Va por el Estado de M\u00e9xico\",\"Verde\"],\"articleSection\":[\"Politica\"],\"inLanguage\":\"es\",\"potentialAction\":[{\"@type\":\"CommentAction\",\"name\":\"Comment\",\"target\":[\"https:\/\/21panorama.com\/index.php\/2021\/10\/01\/va-el-verde-por-el-gobierno-del-estado-de-mexico-couttolenc\/#respond\"]}]},{\"@type\":\"WebPage\",\"@id\":\"https:\/\/21panorama.com\/index.php\/2021\/10\/01\/va-el-verde-por-el-gobierno-del-estado-de-mexico-couttolenc\/\",\"url\":\"https:\/\/21panorama.com\/index.php\/2021\/10\/01\/va-el-verde-por-el-gobierno-del-estado-de-mexico-couttolenc\/\",\"name\":\"VA EL VERDE POR EL GOBIERNO DEL ESTADO DE MEXICO: COUTTOLENC - 21 Panorama\",\"isPartOf\":{\"@id\":\"https:\/\/21panorama.com\/#website\"},\"primaryImageOfPage\":{\"@id\":\"https:\/\/21panorama.com\/index.php\/2021\/10\/01\/va-el-verde-por-el-gobierno-del-estado-de-mexico-couttolenc\/#primaryimage\"},\"image\":{\"@id\":\"https:\/\/21panorama.com\/index.php\/2021\/10\/01\/va-el-verde-por-el-gobierno-del-estado-de-mexico-couttolenc\/#primaryimage\"},\"thumbnailUrl\":\"https:\/\/21panorama.com\/wp-content\/uploads\/2021\/10\/c787f898-fbd0-45ce-b1df-053dd0297052.jpeg\",\"datePublished\":\"2021-10-01T23:08:11+00:00\",\"dateModified\":\"2021-10-01T23:08:12+00:00\",\"breadcrumb\":{\"@id\":\"https:\/\/21panorama.com\/index.php\/2021\/10\/01\/va-el-verde-por-el-gobierno-del-estado-de-mexico-couttolenc\/#breadcrumb\"},\"inLanguage\":\"es\",\"potentialAction\":[{\"@type\":\"ReadAction\",\"target\":[\"https:\/\/21panorama.com\/index.php\/2021\/10\/01\/va-el-verde-por-el-gobierno-del-estado-de-mexico-couttolenc\/\"]}]},{\"@type\":\"ImageObject\",\"inLanguage\":\"es\",\"@id\":\"https:\/\/21panorama.com\/index.php\/2021\/10\/01\/va-el-verde-por-el-gobierno-del-estado-de-mexico-couttolenc\/#primaryimage\",\"url\":\"https:\/\/21panorama.com\/wp-content\/uploads\/2021\/10\/c787f898-fbd0-45ce-b1df-053dd0297052.jpeg\",\"contentUrl\":\"https:\/\/21panorama.com\/wp-content\/uploads\/2021\/10\/c787f898-fbd0-45ce-b1df-053dd0297052.jpeg\",\"width\":946,\"height\":571},{\"@type\":\"BreadcrumbList\",\"@id\":\"https:\/\/21panorama.com\/index.php\/2021\/10\/01\/va-el-verde-por-el-gobierno-del-estado-de-mexico-couttolenc\/#breadcrumb\",\"itemListElement\":[{\"@type\":\"ListItem\",\"position\":1,\"name\":\"Inicio\",\"item\":\"https:\/\/21panorama.com\/\"},{\"@type\":\"ListItem\",\"position\":2,\"name\":\"VA EL VERDE POR EL GOBIERNO DEL ESTADO DE MEXICO: COUTTOLENC\"}]},{\"@type\":\"WebSite\",\"@id\":\"https:\/\/21panorama.com\/#website\",\"url\":\"https:\/\/21panorama.com\/\",\"name\":\"21 Panorama\",\"description\":\"La construcci\u00f3n de la opini\u00f3n p\u00fablica merece un mejor Panorama en este siglo 21 para alcanzar una sociedad con mayor transparencia y sin corrupci\u00f3n.\",\"publisher\":{\"@id\":\"https:\/\/21panorama.com\/#organization\"},\"potentialAction\":[{\"@type\":\"SearchAction\",\"target\":{\"@type\":\"EntryPoint\",\"urlTemplate\":\"https:\/\/21panorama.com\/?s={search_term_string}\"},\"query-input\":{\"@type\":\"PropertyValueSpecification\",\"valueRequired\":true,\"valueName\":\"search_term_string\"}}],\"inLanguage\":\"es\"},{\"@type\":\"Organization\",\"@id\":\"https:\/\/21panorama.com\/#organization\",\"name\":\"21 Panorama\",\"url\":\"https:\/\/21panorama.com\/\",\"logo\":{\"@type\":\"ImageObject\",\"inLanguage\":\"es\",\"@id\":\"https:\/\/21panorama.com\/#\/schema\/logo\/image\/\",\"url\":\"https:\/\/21panorama.com\/wp-content\/uploads\/2019\/07\/cropped-Logo-Panorama-01.jpeg\",\"contentUrl\":\"https:\/\/21panorama.com\/wp-content\/uploads\/2019\/07\/cropped-Logo-Panorama-01.jpeg\",\"width\":290,\"height\":70,\"caption\":\"21 Panorama\"},\"image\":{\"@id\":\"https:\/\/21panorama.com\/#\/schema\/logo\/image\/\"}},{\"@type\":\"Person\",\"@id\":\"https:\/\/21panorama.com\/#\/schema\/person\/1afc291b96d5792a158768324287319f\",\"name\":\"admin\",\"image\":{\"@type\":\"ImageObject\",\"inLanguage\":\"es\",\"@id\":\"https:\/\/21panorama.com\/#\/schema\/person\/image\/\",\"url\":\"https:\/\/secure.gravatar.com\/avatar\/ad365d9d9f46719215b0d042cc3df92a5a8683e09ef13d102233e5491985f0f0?s=96&d=mm&r=g\",\"contentUrl\":\"https:\/\/secure.gravatar.com\/avatar\/ad365d9d9f46719215b0d042cc3df92a5a8683e09ef13d102233e5491985f0f0?s=96&d=mm&r=g\",\"caption\":\"admin\"},\"url\":\"https:\/\/21panorama.com\/index.php\/author\/admin\/\"}]}<\/script>\n<!-- \/ Yoast SEO plugin. -->","yoast_head_json":{"title":"VA EL VERDE POR EL GOBIERNO DEL ESTADO DE MEXICO: COUTTOLENC - 21 Panorama","robots":{"index":"index","follow":"follow","max-snippet":"max-snippet:-1","max-image-preview":"max-image-preview:large","max-video-preview":"max-video-preview:-1"},"canonical":"https:\/\/21panorama.com\/index.php\/2021\/10\/01\/va-el-verde-por-el-gobierno-del-estado-de-mexico-couttolenc\/","og_locale":"es_MX","og_type":"article","og_title":"VA EL VERDE POR EL GOBIERNO DEL ESTADO DE MEXICO: COUTTOLENC - 21 Panorama","og_description":"Al tomarle protesta a Rafael Osornio S\u00e1nchez como secretario de Acci\u00f3n Pol\u00edtica del Partido Verde del Estado de M\u00e9xico, el presidente Pepe Couttolenc Buentello, dej\u00f3 en claro que su instituto pol\u00edtico est\u00e1 preparado para ir por el 2023 y 2024.","og_url":"https:\/\/21panorama.com\/index.php\/2021\/10\/01\/va-el-verde-por-el-gobierno-del-estado-de-mexico-couttolenc\/","og_site_name":"21 Panorama","article_published_time":"2021-10-01T23:08:11+00:00","article_modified_time":"2021-10-01T23:08:12+00:00","og_image":[{"width":946,"height":571,"url":"https:\/\/21panorama.com\/wp-content\/uploads\/2021\/10\/c787f898-fbd0-45ce-b1df-053dd0297052.jpeg","type":"image\/jpeg"}],"author":"admin","twitter_card":"summary_large_image","twitter_misc":{"Escrito por":"admin","Tiempo de lectura":"1 minuto"},"schema":{"@context":"https:\/\/schema.org","@graph":[{"@type":"Article","@id":"https:\/\/21panorama.com\/index.php\/2021\/10\/01\/va-el-verde-por-el-gobierno-del-estado-de-mexico-couttolenc\/#article","isPartOf":{"@id":"https:\/\/21panorama.com\/index.php\/2021\/10\/01\/va-el-verde-por-el-gobierno-del-estado-de-mexico-couttolenc\/"},"author":{"name":"admin","@id":"https:\/\/21panorama.com\/#\/schema\/person\/1afc291b96d5792a158768324287319f"},"headline":"VA EL VERDE POR EL GOBIERNO DEL ESTADO DE MEXICO: COUTTOLENC","datePublished":"2021-10-01T23:08:11+00:00","dateModified":"2021-10-01T23:08:12+00:00","mainEntityOfPage":{"@id":"https:\/\/21panorama.com\/index.php\/2021\/10\/01\/va-el-verde-por-el-gobierno-del-estado-de-mexico-couttolenc\/"},"wordCount":229,"commentCount":0,"publisher":{"@id":"https:\/\/21panorama.com\/#organization"},"image":{"@id":"https:\/\/21panorama.com\/index.php\/2021\/10\/01\/va-el-verde-por-el-gobierno-del-estado-de-mexico-couttolenc\/#primaryimage"},"thumbnailUrl":"https:\/\/21panorama.com\/wp-content\/uploads\/2021\/10\/c787f898-fbd0-45ce-b1df-053dd0297052.jpeg","keywords":["Gobierno","Va por el Estado de M\u00e9xico","Verde"],"articleSection":["Politica"],"inLanguage":"es","potentialAction":[{"@type":"CommentAction","name":"Comment","target":["https:\/\/21panorama.com\/index.php\/2021\/10\/01\/va-el-verde-por-el-gobierno-del-estado-de-mexico-couttolenc\/#respond"]}]},{"@type":"WebPage","@id":"https:\/\/21panorama.com\/index.php\/2021\/10\/01\/va-el-verde-por-el-gobierno-del-estado-de-mexico-couttolenc\/","url":"https:\/\/21panorama.com\/index.php\/2021\/10\/01\/va-el-verde-por-el-gobierno-del-estado-de-mexico-couttolenc\/","name":"VA EL VERDE POR EL GOBIERNO DEL ESTADO DE MEXICO: COUTTOLENC - 21 Panorama","isPartOf":{"@id":"https:\/\/21panorama.com\/#website"},"primaryImageOfPage":{"@id":"https:\/\/21panorama.com\/index.php\/2021\/10\/01\/va-el-verde-por-el-gobierno-del-estado-de-mexico-couttolenc\/#primaryimage"},"image":{"@id":"https:\/\/21panorama.com\/index.php\/2021\/10\/01\/va-el-verde-por-el-gobierno-del-estado-de-mexico-couttolenc\/#primaryimage"},"thumbnailUrl":"https:\/\/21panorama.com\/wp-content\/uploads\/2021\/10\/c787f898-fbd0-45ce-b1df-053dd0297052.jpeg","datePublished":"2021-10-01T23:08:11+00:00","dateModified":"2021-10-01T23:08:12+00:00","breadcrumb":{"@id":"https:\/\/21panorama.com\/index.php\/2021\/10\/01\/va-el-verde-por-el-gobierno-del-estado-de-mexico-couttolenc\/#breadcrumb"},"inLanguage":"es","potentialAction":[{"@type":"ReadAction","target":["https:\/\/21panorama.com\/index.php\/2021\/10\/01\/va-el-verde-por-el-gobierno-del-estado-de-mexico-couttolenc\/"]}]},{"@type":"ImageObject","inLanguage":"es","@id":"https:\/\/21panorama.com\/index.php\/2021\/10\/01\/va-el-verde-por-el-gobierno-del-estado-de-mexico-couttolenc\/#primaryimage","url":"https:\/\/21panorama.com\/wp-content\/uploads\/2021\/10\/c787f898-fbd0-45ce-b1df-053dd0297052.jpeg","contentUrl":"https:\/\/21panorama.com\/wp-content\/uploads\/2021\/10\/c787f898-fbd0-45ce-b1df-053dd0297052.jpeg","width":946,"height":571},{"@type":"BreadcrumbList","@id":"https:\/\/21panorama.com\/index.php\/2021\/10\/01\/va-el-verde-por-el-gobierno-del-estado-de-mexico-couttolenc\/#breadcrumb","itemListElement":[{"@type":"ListItem","position":1,"name":"Inicio","item":"https:\/\/21panorama.com\/"},{"@type":"ListItem","position":2,"name":"VA EL VERDE POR EL GOBIERNO DEL ESTADO DE MEXICO: COUTTOLENC"}]},{"@type":"WebSite","@id":"https:\/\/21panorama.com\/#website","url":"https:\/\/21panorama.com\/","name":"21 Panorama","description":"La construcci\u00f3n de la opini\u00f3n p\u00fablica merece un mejor Panorama en este siglo 21 para alcanzar una sociedad con mayor transparencia y sin corrupci\u00f3n.","publisher":{"@id":"https:\/\/21panorama.com\/#organization"},"potentialAction":[{"@type":"SearchAction","target":{"@type":"EntryPoint","urlTemplate":"https:\/\/21panorama.com\/?s={search_term_string}"},"query-input":{"@type":"PropertyValueSpecification","valueRequired":true,"valueName":"search_term_string"}}],"inLanguage":"es"},{"@type":"Organization","@id":"https:\/\/21panorama.com\/#organization","name":"21 Panorama","url":"https:\/\/21panorama.com\/","logo":{"@type":"ImageObject","inLanguage":"es","@id":"https:\/\/21panorama.com\/#\/schema\/logo\/image\/","url":"https:\/\/21panorama.com\/wp-content\/uploads\/2019\/07\/cropped-Logo-Panorama-01.jpeg","contentUrl":"https:\/\/21panorama.com\/wp-content\/uploads\/2019\/07\/cropped-Logo-Panorama-01.jpeg","width":290,"height":70,"caption":"21 Panorama"},"image":{"@id":"https:\/\/21panorama.com\/#\/schema\/logo\/image\/"}},{"@type":"Person","@id":"https:\/\/21panorama.com\/#\/schema\/person\/1afc291b96d5792a158768324287319f","name":"admin","image":{"@type":"ImageObject","inLanguage":"es","@id":"https:\/\/21panorama.com\/#\/schema\/person\/image\/","url":"https:\/\/secure.gravatar.com\/avatar\/ad365d9d9f46719215b0d042cc3df92a5a8683e09ef13d102233e5491985f0f0?s=96&d=mm&r=g","contentUrl":"https:\/\/secure.gravatar.com\/avatar\/ad365d9d9f46719215b0d042cc3df92a5a8683e09ef13d102233e5491985f0f0?s=96&d=mm&r=g","caption":"admin"},"url":"https:\/\/21panorama.com\/index.php\/author\/admin\/"}]}},"_links":{"self":[{"href":"https:\/\/21panorama.com\/index.php\/wp-json\/wp\/v2\/posts\/1718","targetHints":{"allow":["GET"]}}],"collection":[{"href":"https:\/\/21panorama.com\/index.php\/wp-json\/wp\/v2\/posts"}],"about":[{"href":"https:\/\/21panorama.com\/index.php\/wp-json\/wp\/v2\/types\/post"}],"author":[{"embeddable":true,"href":"https:\/\/21panorama.com\/index.php\/wp-json\/wp\/v2\/users\/1"}],"replies":[{"embeddable":true,"href":"https:\/\/21panorama.com\/index.php\/wp-json\/wp\/v2\/comments?post=1718"}],"version-history":[{"count":1,"href":"https:\/\/21panorama.com\/index.php\/wp-json\/wp\/v2\/posts\/1718\/revisions"}],"predecessor-version":[{"id":1720,"href":"https:\/\/21panorama.com\/index.php\/wp-json\/wp\/v2\/posts\/1718\/revisions\/1720"}],"wp:featuredmedia":[{"embeddable":true,"href":"https:\/\/21panorama.com\/index.php\/wp-json\/wp\/v2\/media\/1719"}],"wp:attachment":[{"href":"https:\/\/21panorama.com\/index.php\/wp-json\/wp\/v2\/media?parent=1718"}],"wp:term":[{"taxonomy":"category","embeddable":true,"href":"https:\/\/21panorama.com\/index.php\/wp-json\/wp\/v2\/categories?post=1718"},{"taxonomy":"post_tag","embeddable":true,"href":"https:\/\/21panorama.com\/index.php\/wp-json\/wp\/v2\/tags?post=1718"}],"curies":[{"name":"wp","href":"https:\/\/api.w.org\/{rel}","templated":true}]}}