{"id":1698,"date":"2021-09-27T15:38:19","date_gmt":"2021-09-27T20:38:19","guid":{"rendered":"http:\/\/21panorama.com\/?p=1698"},"modified":"2021-09-27T15:38:20","modified_gmt":"2021-09-27T20:38:20","slug":"no-evocamos-los-dolores-del-pasado-para-quedarnos-ahi-dice-el-papa-francisco-en-su-carta-a-mexico","status":"publish","type":"post","link":"https:\/\/21panorama.com\/index.php\/2021\/09\/27\/no-evocamos-los-dolores-del-pasado-para-quedarnos-ahi-dice-el-papa-francisco-en-su-carta-a-mexico\/","title":{"rendered":"NO EVOCAMOS LOS DOLORES DEL PASADO PARA QUEDARNOS AH\u00cd, DICE EL PAPA FRANCISCO EN SU CARTA A M\u00c9XICO"},"content":{"rendered":"\n<p>El Papa Francisco en su calidad de Jefe de Estado envi\u00f3 un mensaje a M\u00e9xico con motivo del Bicentenario de la consumaci\u00f3n de la Independencia de M\u00e9xico.<\/p>\n\n\n\n<p>La carta fue le\u00edda por el Arzobispo de Monterrey, Monse\u00f1or Rogelio Cabrera L\u00f3pez. En esta misiva, el pont\u00edfice indic\u00f3 que en diversas ocasiones \u201cmis antecesores como yo mismo hemos pedido perd\u00f3n por los pecados personales y sociales por todas las acciones y omisiones que no contribuyeron a la evangelizaci\u00f3n\u201d.<\/p>\n\n\n\n<p>El presidente de la Conferencia del Episcopado Mexicano ley\u00f3 el documento donde el Papa afirma que en esta misma perspectiva tampoco se pueden ignorar las acciones que en tiempos m\u00e1s recientes se cometieron contra el sentimiento religioso cristiano de gran parte del pueblo mexicano, provocando con ello un profundo sufrimiento.<\/p>\n\n\n\n<p>El Papo Francisco destac\u00f3: Pero no evocamos los dolores del pasado para quedarnos ah\u00ed sino para aprender de ellos y seguir dando pasos en vistas de sanar las heridas, a cultivar un di\u00e1logo abierto y respetuoso entre las diferencias y a construir la tan anhelada fraternidad priorizando el bien com\u00fan por encima de intereses particulares, las tensiones y los conflictos.<\/p>\n\n\n\n<p>Dijo que celebrar la Independencia es afirmar la libertad, y la libertad es un don y una conquista permanente, por eso me uno a la alegr\u00eda de esta celebraci\u00f3n y, al mismo tiempo, deseo que este aniversario tan especial sea una ocasi\u00f3n propicia para fortalecer las ra\u00edces y reafirmar los valores que los constituyen como Naci\u00f3n.<\/p>\n\n\n\n<figure class=\"wp-block-image size-large\"><img decoding=\"async\" width=\"1024\" height=\"654\" src=\"https:\/\/21panorama.com\/wp-content\/uploads\/2021\/09\/0f348a37-dd47-4913-b8a8-e5da72007ddc-1-1024x654.jpeg\" alt=\"\" class=\"wp-image-1700\" srcset=\"https:\/\/21panorama.com\/wp-content\/uploads\/2021\/09\/0f348a37-dd47-4913-b8a8-e5da72007ddc-1-1024x654.jpeg 1024w, https:\/\/21panorama.com\/wp-content\/uploads\/2021\/09\/0f348a37-dd47-4913-b8a8-e5da72007ddc-1-300x192.jpeg 300w, https:\/\/21panorama.com\/wp-content\/uploads\/2021\/09\/0f348a37-dd47-4913-b8a8-e5da72007ddc-1-768x490.jpeg 768w, https:\/\/21panorama.com\/wp-content\/uploads\/2021\/09\/0f348a37-dd47-4913-b8a8-e5da72007ddc-1.jpeg 1297w\" sizes=\"(max-width: 1024px) 100vw, 1024px\" \/><\/figure>\n","protected":false},"excerpt":{"rendered":"<p>Se sum\u00f3 a las celebraciones por el bicentenario de la consumaci\u00f3n de la Independencia de M\u00e9xico. <\/p>\n","protected":false},"author":1,"featured_media":1699,"comment_status":"open","ping_status":"open","sticky":false,"template":"","format":"standard","meta":{"footnotes":""},"categories":[9],"tags":[93,92],"class_list":["post-1698","post","type-post","status-publish","format-standard","has-post-thumbnail","hentry","category-religion","tag-carta","tag-papa"],"yoast_head":"<!-- This site is optimized with the Yoast SEO plugin v24.9 - https:\/\/yoast.com\/wordpress\/plugins\/seo\/ -->\n<title>NO EVOCAMOS LOS DOLORES DEL PASADO PARA QUEDARNOS AH\u00cd, DICE EL PAPA FRANCISCO EN SU CARTA A M\u00c9XICO - 21 Panorama<\/title>\n<meta name=\"robots\" content=\"index, follow, max-snippet:-1, max-image-preview:large, max-video-preview:-1\" \/>\n<link rel=\"canonical\" href=\"https:\/\/21panorama.com\/index.php\/2021\/09\/27\/no-evocamos-los-dolores-del-pasado-para-quedarnos-ahi-dice-el-papa-francisco-en-su-carta-a-mexico\/\" \/>\n<meta property=\"og:locale\" content=\"es_MX\" \/>\n<meta property=\"og:type\" content=\"article\" \/>\n<meta property=\"og:title\" content=\"NO EVOCAMOS LOS DOLORES DEL PASADO PARA QUEDARNOS AH\u00cd, DICE EL PAPA FRANCISCO EN SU CARTA A M\u00c9XICO - 21 Panorama\" \/>\n<meta property=\"og:description\" content=\"Se sum\u00f3 a las celebraciones por el bicentenario de la consumaci\u00f3n de la Independencia de M\u00e9xico.\" \/>\n<meta property=\"og:url\" content=\"https:\/\/21panorama.com\/index.php\/2021\/09\/27\/no-evocamos-los-dolores-del-pasado-para-quedarnos-ahi-dice-el-papa-francisco-en-su-carta-a-mexico\/\" \/>\n<meta property=\"og:site_name\" content=\"21 Panorama\" \/>\n<meta property=\"article:published_time\" content=\"2021-09-27T20:38:19+00:00\" \/>\n<meta property=\"article:modified_time\" content=\"2021-09-27T20:38:20+00:00\" \/>\n<meta property=\"og:image\" content=\"https:\/\/21panorama.com\/wp-content\/uploads\/2021\/09\/0f348a37-dd47-4913-b8a8-e5da72007ddc.jpeg\" \/>\n\t<meta property=\"og:image:width\" content=\"1297\" \/>\n\t<meta property=\"og:image:height\" content=\"828\" \/>\n\t<meta property=\"og:image:type\" content=\"image\/jpeg\" \/>\n<meta name=\"author\" content=\"admin\" \/>\n<meta name=\"twitter:card\" content=\"summary_large_image\" \/>\n<meta name=\"twitter:label1\" content=\"Escrito por\" \/>\n\t<meta name=\"twitter:data1\" content=\"admin\" \/>\n\t<meta name=\"twitter:label2\" content=\"Tiempo de lectura\" \/>\n\t<meta name=\"twitter:data2\" content=\"2 minutos\" \/>\n<script type=\"application\/ld+json\" class=\"yoast-schema-graph\">{\"@context\":\"https:\/\/schema.org\",\"@graph\":[{\"@type\":\"Article\",\"@id\":\"https:\/\/21panorama.com\/index.php\/2021\/09\/27\/no-evocamos-los-dolores-del-pasado-para-quedarnos-ahi-dice-el-papa-francisco-en-su-carta-a-mexico\/#article\",\"isPartOf\":{\"@id\":\"https:\/\/21panorama.com\/index.php\/2021\/09\/27\/no-evocamos-los-dolores-del-pasado-para-quedarnos-ahi-dice-el-papa-francisco-en-su-carta-a-mexico\/\"},\"author\":{\"name\":\"admin\",\"@id\":\"https:\/\/21panorama.com\/#\/schema\/person\/1afc291b96d5792a158768324287319f\"},\"headline\":\"NO EVOCAMOS LOS DOLORES DEL PASADO PARA QUEDARNOS AH\u00cd, DICE EL PAPA FRANCISCO EN SU CARTA A M\u00c9XICO\",\"datePublished\":\"2021-09-27T20:38:19+00:00\",\"dateModified\":\"2021-09-27T20:38:20+00:00\",\"mainEntityOfPage\":{\"@id\":\"https:\/\/21panorama.com\/index.php\/2021\/09\/27\/no-evocamos-los-dolores-del-pasado-para-quedarnos-ahi-dice-el-papa-francisco-en-su-carta-a-mexico\/\"},\"wordCount\":278,\"commentCount\":0,\"publisher\":{\"@id\":\"https:\/\/21panorama.com\/#organization\"},\"image\":{\"@id\":\"https:\/\/21panorama.com\/index.php\/2021\/09\/27\/no-evocamos-los-dolores-del-pasado-para-quedarnos-ahi-dice-el-papa-francisco-en-su-carta-a-mexico\/#primaryimage\"},\"thumbnailUrl\":\"https:\/\/21panorama.com\/wp-content\/uploads\/2021\/09\/0f348a37-dd47-4913-b8a8-e5da72007ddc.jpeg\",\"keywords\":[\"Carta\",\"Papa\"],\"articleSection\":[\"Religi\u00f3n\"],\"inLanguage\":\"es\",\"potentialAction\":[{\"@type\":\"CommentAction\",\"name\":\"Comment\",\"target\":[\"https:\/\/21panorama.com\/index.php\/2021\/09\/27\/no-evocamos-los-dolores-del-pasado-para-quedarnos-ahi-dice-el-papa-francisco-en-su-carta-a-mexico\/#respond\"]}]},{\"@type\":\"WebPage\",\"@id\":\"https:\/\/21panorama.com\/index.php\/2021\/09\/27\/no-evocamos-los-dolores-del-pasado-para-quedarnos-ahi-dice-el-papa-francisco-en-su-carta-a-mexico\/\",\"url\":\"https:\/\/21panorama.com\/index.php\/2021\/09\/27\/no-evocamos-los-dolores-del-pasado-para-quedarnos-ahi-dice-el-papa-francisco-en-su-carta-a-mexico\/\",\"name\":\"NO EVOCAMOS LOS DOLORES DEL PASADO PARA QUEDARNOS AH\u00cd, DICE EL PAPA FRANCISCO EN SU CARTA A M\u00c9XICO - 21 Panorama\",\"isPartOf\":{\"@id\":\"https:\/\/21panorama.com\/#website\"},\"primaryImageOfPage\":{\"@id\":\"https:\/\/21panorama.com\/index.php\/2021\/09\/27\/no-evocamos-los-dolores-del-pasado-para-quedarnos-ahi-dice-el-papa-francisco-en-su-carta-a-mexico\/#primaryimage\"},\"image\":{\"@id\":\"https:\/\/21panorama.com\/index.php\/2021\/09\/27\/no-evocamos-los-dolores-del-pasado-para-quedarnos-ahi-dice-el-papa-francisco-en-su-carta-a-mexico\/#primaryimage\"},\"thumbnailUrl\":\"https:\/\/21panorama.com\/wp-content\/uploads\/2021\/09\/0f348a37-dd47-4913-b8a8-e5da72007ddc.jpeg\",\"datePublished\":\"2021-09-27T20:38:19+00:00\",\"dateModified\":\"2021-09-27T20:38:20+00:00\",\"breadcrumb\":{\"@id\":\"https:\/\/21panorama.com\/index.php\/2021\/09\/27\/no-evocamos-los-dolores-del-pasado-para-quedarnos-ahi-dice-el-papa-francisco-en-su-carta-a-mexico\/#breadcrumb\"},\"inLanguage\":\"es\",\"potentialAction\":[{\"@type\":\"ReadAction\",\"target\":[\"https:\/\/21panorama.com\/index.php\/2021\/09\/27\/no-evocamos-los-dolores-del-pasado-para-quedarnos-ahi-dice-el-papa-francisco-en-su-carta-a-mexico\/\"]}]},{\"@type\":\"ImageObject\",\"inLanguage\":\"es\",\"@id\":\"https:\/\/21panorama.com\/index.php\/2021\/09\/27\/no-evocamos-los-dolores-del-pasado-para-quedarnos-ahi-dice-el-papa-francisco-en-su-carta-a-mexico\/#primaryimage\",\"url\":\"https:\/\/21panorama.com\/wp-content\/uploads\/2021\/09\/0f348a37-dd47-4913-b8a8-e5da72007ddc.jpeg\",\"contentUrl\":\"https:\/\/21panorama.com\/wp-content\/uploads\/2021\/09\/0f348a37-dd47-4913-b8a8-e5da72007ddc.jpeg\",\"width\":1297,\"height\":828},{\"@type\":\"BreadcrumbList\",\"@id\":\"https:\/\/21panorama.com\/index.php\/2021\/09\/27\/no-evocamos-los-dolores-del-pasado-para-quedarnos-ahi-dice-el-papa-francisco-en-su-carta-a-mexico\/#breadcrumb\",\"itemListElement\":[{\"@type\":\"ListItem\",\"position\":1,\"name\":\"Inicio\",\"item\":\"https:\/\/21panorama.com\/\"},{\"@type\":\"ListItem\",\"position\":2,\"name\":\"NO EVOCAMOS LOS DOLORES DEL PASADO PARA QUEDARNOS AH\u00cd, DICE EL PAPA FRANCISCO EN SU CARTA A M\u00c9XICO\"}]},{\"@type\":\"WebSite\",\"@id\":\"https:\/\/21panorama.com\/#website\",\"url\":\"https:\/\/21panorama.com\/\",\"name\":\"21 Panorama\",\"description\":\"La construcci\u00f3n de la opini\u00f3n p\u00fablica merece un mejor Panorama en este siglo 21 para alcanzar una sociedad con mayor transparencia y sin corrupci\u00f3n.\",\"publisher\":{\"@id\":\"https:\/\/21panorama.com\/#organization\"},\"potentialAction\":[{\"@type\":\"SearchAction\",\"target\":{\"@type\":\"EntryPoint\",\"urlTemplate\":\"https:\/\/21panorama.com\/?s={search_term_string}\"},\"query-input\":{\"@type\":\"PropertyValueSpecification\",\"valueRequired\":true,\"valueName\":\"search_term_string\"}}],\"inLanguage\":\"es\"},{\"@type\":\"Organization\",\"@id\":\"https:\/\/21panorama.com\/#organization\",\"name\":\"21 Panorama\",\"url\":\"https:\/\/21panorama.com\/\",\"logo\":{\"@type\":\"ImageObject\",\"inLanguage\":\"es\",\"@id\":\"https:\/\/21panorama.com\/#\/schema\/logo\/image\/\",\"url\":\"https:\/\/21panorama.com\/wp-content\/uploads\/2019\/07\/cropped-Logo-Panorama-01.jpeg\",\"contentUrl\":\"https:\/\/21panorama.com\/wp-content\/uploads\/2019\/07\/cropped-Logo-Panorama-01.jpeg\",\"width\":290,\"height\":70,\"caption\":\"21 Panorama\"},\"image\":{\"@id\":\"https:\/\/21panorama.com\/#\/schema\/logo\/image\/\"}},{\"@type\":\"Person\",\"@id\":\"https:\/\/21panorama.com\/#\/schema\/person\/1afc291b96d5792a158768324287319f\",\"name\":\"admin\",\"image\":{\"@type\":\"ImageObject\",\"inLanguage\":\"es\",\"@id\":\"https:\/\/21panorama.com\/#\/schema\/person\/image\/\",\"url\":\"https:\/\/secure.gravatar.com\/avatar\/ad365d9d9f46719215b0d042cc3df92a5a8683e09ef13d102233e5491985f0f0?s=96&d=mm&r=g\",\"contentUrl\":\"https:\/\/secure.gravatar.com\/avatar\/ad365d9d9f46719215b0d042cc3df92a5a8683e09ef13d102233e5491985f0f0?s=96&d=mm&r=g\",\"caption\":\"admin\"},\"url\":\"https:\/\/21panorama.com\/index.php\/author\/admin\/\"}]}<\/script>\n<!-- \/ Yoast SEO plugin. -->","yoast_head_json":{"title":"NO EVOCAMOS LOS DOLORES DEL PASADO PARA QUEDARNOS AH\u00cd, DICE EL PAPA FRANCISCO EN SU CARTA A M\u00c9XICO - 21 Panorama","robots":{"index":"index","follow":"follow","max-snippet":"max-snippet:-1","max-image-preview":"max-image-preview:large","max-video-preview":"max-video-preview:-1"},"canonical":"https:\/\/21panorama.com\/index.php\/2021\/09\/27\/no-evocamos-los-dolores-del-pasado-para-quedarnos-ahi-dice-el-papa-francisco-en-su-carta-a-mexico\/","og_locale":"es_MX","og_type":"article","og_title":"NO EVOCAMOS LOS DOLORES DEL PASADO PARA QUEDARNOS AH\u00cd, DICE EL PAPA FRANCISCO EN SU CARTA A M\u00c9XICO - 21 Panorama","og_description":"Se sum\u00f3 a las celebraciones por el bicentenario de la consumaci\u00f3n de la Independencia de M\u00e9xico.","og_url":"https:\/\/21panorama.com\/index.php\/2021\/09\/27\/no-evocamos-los-dolores-del-pasado-para-quedarnos-ahi-dice-el-papa-francisco-en-su-carta-a-mexico\/","og_site_name":"21 Panorama","article_published_time":"2021-09-27T20:38:19+00:00","article_modified_time":"2021-09-27T20:38:20+00:00","og_image":[{"width":1297,"height":828,"url":"https:\/\/21panorama.com\/wp-content\/uploads\/2021\/09\/0f348a37-dd47-4913-b8a8-e5da72007ddc.jpeg","type":"image\/jpeg"}],"author":"admin","twitter_card":"summary_large_image","twitter_misc":{"Escrito por":"admin","Tiempo de lectura":"2 minutos"},"schema":{"@context":"https:\/\/schema.org","@graph":[{"@type":"Article","@id":"https:\/\/21panorama.com\/index.php\/2021\/09\/27\/no-evocamos-los-dolores-del-pasado-para-quedarnos-ahi-dice-el-papa-francisco-en-su-carta-a-mexico\/#article","isPartOf":{"@id":"https:\/\/21panorama.com\/index.php\/2021\/09\/27\/no-evocamos-los-dolores-del-pasado-para-quedarnos-ahi-dice-el-papa-francisco-en-su-carta-a-mexico\/"},"author":{"name":"admin","@id":"https:\/\/21panorama.com\/#\/schema\/person\/1afc291b96d5792a158768324287319f"},"headline":"NO EVOCAMOS LOS DOLORES DEL PASADO PARA QUEDARNOS AH\u00cd, DICE EL PAPA FRANCISCO EN SU CARTA A M\u00c9XICO","datePublished":"2021-09-27T20:38:19+00:00","dateModified":"2021-09-27T20:38:20+00:00","mainEntityOfPage":{"@id":"https:\/\/21panorama.com\/index.php\/2021\/09\/27\/no-evocamos-los-dolores-del-pasado-para-quedarnos-ahi-dice-el-papa-francisco-en-su-carta-a-mexico\/"},"wordCount":278,"commentCount":0,"publisher":{"@id":"https:\/\/21panorama.com\/#organization"},"image":{"@id":"https:\/\/21panorama.com\/index.php\/2021\/09\/27\/no-evocamos-los-dolores-del-pasado-para-quedarnos-ahi-dice-el-papa-francisco-en-su-carta-a-mexico\/#primaryimage"},"thumbnailUrl":"https:\/\/21panorama.com\/wp-content\/uploads\/2021\/09\/0f348a37-dd47-4913-b8a8-e5da72007ddc.jpeg","keywords":["Carta","Papa"],"articleSection":["Religi\u00f3n"],"inLanguage":"es","potentialAction":[{"@type":"CommentAction","name":"Comment","target":["https:\/\/21panorama.com\/index.php\/2021\/09\/27\/no-evocamos-los-dolores-del-pasado-para-quedarnos-ahi-dice-el-papa-francisco-en-su-carta-a-mexico\/#respond"]}]},{"@type":"WebPage","@id":"https:\/\/21panorama.com\/index.php\/2021\/09\/27\/no-evocamos-los-dolores-del-pasado-para-quedarnos-ahi-dice-el-papa-francisco-en-su-carta-a-mexico\/","url":"https:\/\/21panorama.com\/index.php\/2021\/09\/27\/no-evocamos-los-dolores-del-pasado-para-quedarnos-ahi-dice-el-papa-francisco-en-su-carta-a-mexico\/","name":"NO EVOCAMOS LOS DOLORES DEL PASADO PARA QUEDARNOS AH\u00cd, DICE EL PAPA FRANCISCO EN SU CARTA A M\u00c9XICO - 21 Panorama","isPartOf":{"@id":"https:\/\/21panorama.com\/#website"},"primaryImageOfPage":{"@id":"https:\/\/21panorama.com\/index.php\/2021\/09\/27\/no-evocamos-los-dolores-del-pasado-para-quedarnos-ahi-dice-el-papa-francisco-en-su-carta-a-mexico\/#primaryimage"},"image":{"@id":"https:\/\/21panorama.com\/index.php\/2021\/09\/27\/no-evocamos-los-dolores-del-pasado-para-quedarnos-ahi-dice-el-papa-francisco-en-su-carta-a-mexico\/#primaryimage"},"thumbnailUrl":"https:\/\/21panorama.com\/wp-content\/uploads\/2021\/09\/0f348a37-dd47-4913-b8a8-e5da72007ddc.jpeg","datePublished":"2021-09-27T20:38:19+00:00","dateModified":"2021-09-27T20:38:20+00:00","breadcrumb":{"@id":"https:\/\/21panorama.com\/index.php\/2021\/09\/27\/no-evocamos-los-dolores-del-pasado-para-quedarnos-ahi-dice-el-papa-francisco-en-su-carta-a-mexico\/#breadcrumb"},"inLanguage":"es","potentialAction":[{"@type":"ReadAction","target":["https:\/\/21panorama.com\/index.php\/2021\/09\/27\/no-evocamos-los-dolores-del-pasado-para-quedarnos-ahi-dice-el-papa-francisco-en-su-carta-a-mexico\/"]}]},{"@type":"ImageObject","inLanguage":"es","@id":"https:\/\/21panorama.com\/index.php\/2021\/09\/27\/no-evocamos-los-dolores-del-pasado-para-quedarnos-ahi-dice-el-papa-francisco-en-su-carta-a-mexico\/#primaryimage","url":"https:\/\/21panorama.com\/wp-content\/uploads\/2021\/09\/0f348a37-dd47-4913-b8a8-e5da72007ddc.jpeg","contentUrl":"https:\/\/21panorama.com\/wp-content\/uploads\/2021\/09\/0f348a37-dd47-4913-b8a8-e5da72007ddc.jpeg","width":1297,"height":828},{"@type":"BreadcrumbList","@id":"https:\/\/21panorama.com\/index.php\/2021\/09\/27\/no-evocamos-los-dolores-del-pasado-para-quedarnos-ahi-dice-el-papa-francisco-en-su-carta-a-mexico\/#breadcrumb","itemListElement":[{"@type":"ListItem","position":1,"name":"Inicio","item":"https:\/\/21panorama.com\/"},{"@type":"ListItem","position":2,"name":"NO EVOCAMOS LOS DOLORES DEL PASADO PARA QUEDARNOS AH\u00cd, DICE EL PAPA FRANCISCO EN SU CARTA A M\u00c9XICO"}]},{"@type":"WebSite","@id":"https:\/\/21panorama.com\/#website","url":"https:\/\/21panorama.com\/","name":"21 Panorama","description":"La construcci\u00f3n de la opini\u00f3n p\u00fablica merece un mejor Panorama en este siglo 21 para alcanzar una sociedad con mayor transparencia y sin corrupci\u00f3n.","publisher":{"@id":"https:\/\/21panorama.com\/#organization"},"potentialAction":[{"@type":"SearchAction","target":{"@type":"EntryPoint","urlTemplate":"https:\/\/21panorama.com\/?s={search_term_string}"},"query-input":{"@type":"PropertyValueSpecification","valueRequired":true,"valueName":"search_term_string"}}],"inLanguage":"es"},{"@type":"Organization","@id":"https:\/\/21panorama.com\/#organization","name":"21 Panorama","url":"https:\/\/21panorama.com\/","logo":{"@type":"ImageObject","inLanguage":"es","@id":"https:\/\/21panorama.com\/#\/schema\/logo\/image\/","url":"https:\/\/21panorama.com\/wp-content\/uploads\/2019\/07\/cropped-Logo-Panorama-01.jpeg","contentUrl":"https:\/\/21panorama.com\/wp-content\/uploads\/2019\/07\/cropped-Logo-Panorama-01.jpeg","width":290,"height":70,"caption":"21 Panorama"},"image":{"@id":"https:\/\/21panorama.com\/#\/schema\/logo\/image\/"}},{"@type":"Person","@id":"https:\/\/21panorama.com\/#\/schema\/person\/1afc291b96d5792a158768324287319f","name":"admin","image":{"@type":"ImageObject","inLanguage":"es","@id":"https:\/\/21panorama.com\/#\/schema\/person\/image\/","url":"https:\/\/secure.gravatar.com\/avatar\/ad365d9d9f46719215b0d042cc3df92a5a8683e09ef13d102233e5491985f0f0?s=96&d=mm&r=g","contentUrl":"https:\/\/secure.gravatar.com\/avatar\/ad365d9d9f46719215b0d042cc3df92a5a8683e09ef13d102233e5491985f0f0?s=96&d=mm&r=g","caption":"admin"},"url":"https:\/\/21panorama.com\/index.php\/author\/admin\/"}]}},"_links":{"self":[{"href":"https:\/\/21panorama.com\/index.php\/wp-json\/wp\/v2\/posts\/1698","targetHints":{"allow":["GET"]}}],"collection":[{"href":"https:\/\/21panorama.com\/index.php\/wp-json\/wp\/v2\/posts"}],"about":[{"href":"https:\/\/21panorama.com\/index.php\/wp-json\/wp\/v2\/types\/post"}],"author":[{"embeddable":true,"href":"https:\/\/21panorama.com\/index.php\/wp-json\/wp\/v2\/users\/1"}],"replies":[{"embeddable":true,"href":"https:\/\/21panorama.com\/index.php\/wp-json\/wp\/v2\/comments?post=1698"}],"version-history":[{"count":1,"href":"https:\/\/21panorama.com\/index.php\/wp-json\/wp\/v2\/posts\/1698\/revisions"}],"predecessor-version":[{"id":1701,"href":"https:\/\/21panorama.com\/index.php\/wp-json\/wp\/v2\/posts\/1698\/revisions\/1701"}],"wp:featuredmedia":[{"embeddable":true,"href":"https:\/\/21panorama.com\/index.php\/wp-json\/wp\/v2\/media\/1699"}],"wp:attachment":[{"href":"https:\/\/21panorama.com\/index.php\/wp-json\/wp\/v2\/media?parent=1698"}],"wp:term":[{"taxonomy":"category","embeddable":true,"href":"https:\/\/21panorama.com\/index.php\/wp-json\/wp\/v2\/categories?post=1698"},{"taxonomy":"post_tag","embeddable":true,"href":"https:\/\/21panorama.com\/index.php\/wp-json\/wp\/v2\/tags?post=1698"}],"curies":[{"name":"wp","href":"https:\/\/api.w.org\/{rel}","templated":true}]}}