{"id":1692,"date":"2021-09-27T13:38:00","date_gmt":"2021-09-27T18:38:00","guid":{"rendered":"http:\/\/21panorama.com\/?p=1692"},"modified":"2021-09-27T13:38:01","modified_gmt":"2021-09-27T18:38:01","slug":"se-cumplieron-con-los-compromisos-en-el-oro","status":"publish","type":"post","link":"https:\/\/21panorama.com\/index.php\/2021\/09\/27\/se-cumplieron-con-los-compromisos-en-el-oro\/","title":{"rendered":"SE CUMPLIERON CON LOS COMPROMISOS EN EL ORO"},"content":{"rendered":"\n<p>Al atestiguar los trabajos de obra en infraestructura educativa y mobiliario urbano del municipio de El Oro, el diputado federal Gustavo C\u00e1rdenas Monroy inaugur\u00f3 sus oficinas de atenci\u00f3n distrital para atender las<br>peticiones de los ciudadanos.<\/p>\n\n\n\n<p>En la comunidad de La Jordana, el Legislador por el Distrito III sostuvo que las acciones que emprendi\u00f3 el alcalde de El Oro son para usarse y lo respald\u00f3 en su gesti\u00f3n que concluir\u00e1 en diciembre pr\u00f3ximo.<\/p>\n\n\n\n<p>El presidente municipal de El Oro, Marco Antonio Barranco S\u00e1nchez, destac\u00f3 la sensibilidad de los servidores p\u00fablicos para aterrizar los beneficios en la comunidad para que los estudiantes desarrollen sus tareas.<\/p>\n\n\n\n<p>Acompa\u00f1ado de la alcaldesa electa, Ruth Salazar Garcia, y del diputado local Ivan Esquer Cruz, el alcalde afirm\u00f3 que se han cumplido con todos los compromisos con acciones en las 52 comunidades de El Oro.<\/p>\n\n\n\n<p>En su momento, el Diputado local por el Distrito XIII, Ivan Esquer Cruz, dej\u00f3 en claro que van a contribuir y hacer equipo siempre con las autoridades municipales para que impere los resultados en el trabajo.<\/p>\n\n\n\n<p>Puntualiz\u00f3 que en el Congreso mexiquense se defender\u00e1 los intereses del municipio para que hayan m\u00e1s recursos y brindar atenci\u00f3n a los ciudadanos y ser factor de mejorar la vinculaci\u00f3n social.<\/p>\n\n\n\n<p>\u201cEs tan importante invertir en educaci\u00f3n para lograr los objetivos acad\u00e9micos porque \u00faltimamente se han visto afectados por los recortes presupuestales, pero los Ayuntamientos que retoman esta tarea son dignos de reconocer\u201d, a\u00f1adi\u00f3.<\/p>\n\n\n\n<figure class=\"wp-block-gallery columns-3 is-cropped wp-block-gallery-1 is-layout-flex wp-block-gallery-is-layout-flex\"><ul class=\"blocks-gallery-grid\"><li class=\"blocks-gallery-item\"><figure><img decoding=\"async\" width=\"1024\" height=\"767\" src=\"https:\/\/21panorama.com\/wp-content\/uploads\/2021\/09\/bf9fe6ec-b245-4dde-8e86-1850ceafd4c3-1024x767.jpeg\" alt=\"\" data-id=\"1694\" data-link=\"https:\/\/21panorama.com\/?attachment_id=1694\" class=\"wp-image-1694\" srcset=\"https:\/\/21panorama.com\/wp-content\/uploads\/2021\/09\/bf9fe6ec-b245-4dde-8e86-1850ceafd4c3-1024x767.jpeg 1024w, https:\/\/21panorama.com\/wp-content\/uploads\/2021\/09\/bf9fe6ec-b245-4dde-8e86-1850ceafd4c3-300x225.jpeg 300w, https:\/\/21panorama.com\/wp-content\/uploads\/2021\/09\/bf9fe6ec-b245-4dde-8e86-1850ceafd4c3-768x575.jpeg 768w, https:\/\/21panorama.com\/wp-content\/uploads\/2021\/09\/bf9fe6ec-b245-4dde-8e86-1850ceafd4c3-1536x1150.jpeg 1536w, https:\/\/21panorama.com\/wp-content\/uploads\/2021\/09\/bf9fe6ec-b245-4dde-8e86-1850ceafd4c3.jpeg 1600w\" sizes=\"(max-width: 1024px) 100vw, 1024px\" \/><\/figure><\/li><li class=\"blocks-gallery-item\"><figure><img decoding=\"async\" width=\"1024\" height=\"600\" src=\"https:\/\/21panorama.com\/wp-content\/uploads\/2021\/09\/1f4f666c-b407-4297-83a1-c50a6024629c-1024x600.jpeg\" alt=\"\" data-id=\"1695\" data-link=\"https:\/\/21panorama.com\/?attachment_id=1695\" class=\"wp-image-1695\" srcset=\"https:\/\/21panorama.com\/wp-content\/uploads\/2021\/09\/1f4f666c-b407-4297-83a1-c50a6024629c-1024x600.jpeg 1024w, https:\/\/21panorama.com\/wp-content\/uploads\/2021\/09\/1f4f666c-b407-4297-83a1-c50a6024629c-300x176.jpeg 300w, https:\/\/21panorama.com\/wp-content\/uploads\/2021\/09\/1f4f666c-b407-4297-83a1-c50a6024629c-768x450.jpeg 768w, https:\/\/21panorama.com\/wp-content\/uploads\/2021\/09\/1f4f666c-b407-4297-83a1-c50a6024629c-1536x900.jpeg 1536w, https:\/\/21panorama.com\/wp-content\/uploads\/2021\/09\/1f4f666c-b407-4297-83a1-c50a6024629c.jpeg 1600w\" sizes=\"(max-width: 1024px) 100vw, 1024px\" \/><\/figure><\/li><li class=\"blocks-gallery-item\"><figure><img decoding=\"async\" width=\"768\" height=\"1024\" src=\"https:\/\/21panorama.com\/wp-content\/uploads\/2021\/09\/55fe58e4-fbf2-43ab-8878-0d3ea369f931-768x1024.jpeg\" alt=\"\" data-id=\"1696\" data-full-url=\"https:\/\/21panorama.com\/wp-content\/uploads\/2021\/09\/55fe58e4-fbf2-43ab-8878-0d3ea369f931.jpeg\" data-link=\"https:\/\/21panorama.com\/?attachment_id=1696\" class=\"wp-image-1696\" srcset=\"https:\/\/21panorama.com\/wp-content\/uploads\/2021\/09\/55fe58e4-fbf2-43ab-8878-0d3ea369f931-768x1024.jpeg 768w, https:\/\/21panorama.com\/wp-content\/uploads\/2021\/09\/55fe58e4-fbf2-43ab-8878-0d3ea369f931-225x300.jpeg 225w, https:\/\/21panorama.com\/wp-content\/uploads\/2021\/09\/55fe58e4-fbf2-43ab-8878-0d3ea369f931-1152x1536.jpeg 1152w, https:\/\/21panorama.com\/wp-content\/uploads\/2021\/09\/55fe58e4-fbf2-43ab-8878-0d3ea369f931.jpeg 1200w\" sizes=\"(max-width: 768px) 100vw, 768px\" \/><\/figure><\/li><\/ul><\/figure>\n","protected":false},"excerpt":{"rendered":"<p>El alcalde Marco Barranco sostuvo que las 52 comunidades de su municipio recibieron el respaldo del cuerpo edilicio para mejorar sus condici\u00f3n de vida.  <\/p>\n","protected":false},"author":1,"featured_media":1693,"comment_status":"open","ping_status":"open","sticky":false,"template":"","format":"standard","meta":{"footnotes":""},"categories":[12],"tags":[89,90,91],"class_list":["post-1692","post","type-post","status-publish","format-standard","has-post-thumbnail","hentry","category-politica","tag-eloro","tag-gustavocardenas","tag-lajordana"],"yoast_head":"<!-- This site is optimized with the Yoast SEO plugin v24.9 - https:\/\/yoast.com\/wordpress\/plugins\/seo\/ -->\n<title>SE CUMPLIERON CON LOS COMPROMISOS EN EL ORO - 21 Panorama<\/title>\n<meta name=\"robots\" content=\"index, follow, max-snippet:-1, max-image-preview:large, max-video-preview:-1\" \/>\n<link rel=\"canonical\" href=\"https:\/\/21panorama.com\/index.php\/2021\/09\/27\/se-cumplieron-con-los-compromisos-en-el-oro\/\" \/>\n<meta property=\"og:locale\" content=\"es_MX\" \/>\n<meta property=\"og:type\" content=\"article\" \/>\n<meta property=\"og:title\" content=\"SE CUMPLIERON CON LOS COMPROMISOS EN EL ORO - 21 Panorama\" \/>\n<meta property=\"og:description\" content=\"El alcalde Marco Barranco sostuvo que las 52 comunidades de su municipio recibieron el respaldo del cuerpo edilicio para mejorar sus condici\u00f3n de vida.\" \/>\n<meta property=\"og:url\" content=\"https:\/\/21panorama.com\/index.php\/2021\/09\/27\/se-cumplieron-con-los-compromisos-en-el-oro\/\" \/>\n<meta property=\"og:site_name\" content=\"21 Panorama\" \/>\n<meta property=\"article:published_time\" content=\"2021-09-27T18:38:00+00:00\" \/>\n<meta property=\"article:modified_time\" content=\"2021-09-27T18:38:01+00:00\" \/>\n<meta property=\"og:image\" content=\"https:\/\/21panorama.com\/wp-content\/uploads\/2021\/09\/465cf112-1797-4455-8545-f9e1dce99d23.jpeg\" \/>\n\t<meta property=\"og:image:width\" content=\"1600\" \/>\n\t<meta property=\"og:image:height\" content=\"1200\" \/>\n\t<meta property=\"og:image:type\" content=\"image\/jpeg\" \/>\n<meta name=\"author\" content=\"admin\" \/>\n<meta name=\"twitter:card\" content=\"summary_large_image\" \/>\n<meta name=\"twitter:label1\" content=\"Escrito por\" \/>\n\t<meta name=\"twitter:data1\" content=\"admin\" \/>\n\t<meta name=\"twitter:label2\" content=\"Tiempo de lectura\" \/>\n\t<meta name=\"twitter:data2\" content=\"2 minutos\" \/>\n<script type=\"application\/ld+json\" class=\"yoast-schema-graph\">{\"@context\":\"https:\/\/schema.org\",\"@graph\":[{\"@type\":\"Article\",\"@id\":\"https:\/\/21panorama.com\/index.php\/2021\/09\/27\/se-cumplieron-con-los-compromisos-en-el-oro\/#article\",\"isPartOf\":{\"@id\":\"https:\/\/21panorama.com\/index.php\/2021\/09\/27\/se-cumplieron-con-los-compromisos-en-el-oro\/\"},\"author\":{\"name\":\"admin\",\"@id\":\"https:\/\/21panorama.com\/#\/schema\/person\/1afc291b96d5792a158768324287319f\"},\"headline\":\"SE CUMPLIERON CON LOS COMPROMISOS EN EL ORO\",\"datePublished\":\"2021-09-27T18:38:00+00:00\",\"dateModified\":\"2021-09-27T18:38:01+00:00\",\"mainEntityOfPage\":{\"@id\":\"https:\/\/21panorama.com\/index.php\/2021\/09\/27\/se-cumplieron-con-los-compromisos-en-el-oro\/\"},\"wordCount\":258,\"commentCount\":0,\"publisher\":{\"@id\":\"https:\/\/21panorama.com\/#organization\"},\"image\":{\"@id\":\"https:\/\/21panorama.com\/index.php\/2021\/09\/27\/se-cumplieron-con-los-compromisos-en-el-oro\/#primaryimage\"},\"thumbnailUrl\":\"https:\/\/21panorama.com\/wp-content\/uploads\/2021\/09\/465cf112-1797-4455-8545-f9e1dce99d23.jpeg\",\"keywords\":[\"ElOro\",\"GustavoC\u00e1rdenas\",\"LaJordana\"],\"articleSection\":[\"Politica\"],\"inLanguage\":\"es\",\"potentialAction\":[{\"@type\":\"CommentAction\",\"name\":\"Comment\",\"target\":[\"https:\/\/21panorama.com\/index.php\/2021\/09\/27\/se-cumplieron-con-los-compromisos-en-el-oro\/#respond\"]}]},{\"@type\":\"WebPage\",\"@id\":\"https:\/\/21panorama.com\/index.php\/2021\/09\/27\/se-cumplieron-con-los-compromisos-en-el-oro\/\",\"url\":\"https:\/\/21panorama.com\/index.php\/2021\/09\/27\/se-cumplieron-con-los-compromisos-en-el-oro\/\",\"name\":\"SE CUMPLIERON CON LOS COMPROMISOS EN EL ORO - 21 Panorama\",\"isPartOf\":{\"@id\":\"https:\/\/21panorama.com\/#website\"},\"primaryImageOfPage\":{\"@id\":\"https:\/\/21panorama.com\/index.php\/2021\/09\/27\/se-cumplieron-con-los-compromisos-en-el-oro\/#primaryimage\"},\"image\":{\"@id\":\"https:\/\/21panorama.com\/index.php\/2021\/09\/27\/se-cumplieron-con-los-compromisos-en-el-oro\/#primaryimage\"},\"thumbnailUrl\":\"https:\/\/21panorama.com\/wp-content\/uploads\/2021\/09\/465cf112-1797-4455-8545-f9e1dce99d23.jpeg\",\"datePublished\":\"2021-09-27T18:38:00+00:00\",\"dateModified\":\"2021-09-27T18:38:01+00:00\",\"breadcrumb\":{\"@id\":\"https:\/\/21panorama.com\/index.php\/2021\/09\/27\/se-cumplieron-con-los-compromisos-en-el-oro\/#breadcrumb\"},\"inLanguage\":\"es\",\"potentialAction\":[{\"@type\":\"ReadAction\",\"target\":[\"https:\/\/21panorama.com\/index.php\/2021\/09\/27\/se-cumplieron-con-los-compromisos-en-el-oro\/\"]}]},{\"@type\":\"ImageObject\",\"inLanguage\":\"es\",\"@id\":\"https:\/\/21panorama.com\/index.php\/2021\/09\/27\/se-cumplieron-con-los-compromisos-en-el-oro\/#primaryimage\",\"url\":\"https:\/\/21panorama.com\/wp-content\/uploads\/2021\/09\/465cf112-1797-4455-8545-f9e1dce99d23.jpeg\",\"contentUrl\":\"https:\/\/21panorama.com\/wp-content\/uploads\/2021\/09\/465cf112-1797-4455-8545-f9e1dce99d23.jpeg\",\"width\":1600,\"height\":1200},{\"@type\":\"BreadcrumbList\",\"@id\":\"https:\/\/21panorama.com\/index.php\/2021\/09\/27\/se-cumplieron-con-los-compromisos-en-el-oro\/#breadcrumb\",\"itemListElement\":[{\"@type\":\"ListItem\",\"position\":1,\"name\":\"Inicio\",\"item\":\"https:\/\/21panorama.com\/\"},{\"@type\":\"ListItem\",\"position\":2,\"name\":\"SE CUMPLIERON CON LOS COMPROMISOS EN EL ORO\"}]},{\"@type\":\"WebSite\",\"@id\":\"https:\/\/21panorama.com\/#website\",\"url\":\"https:\/\/21panorama.com\/\",\"name\":\"21 Panorama\",\"description\":\"La construcci\u00f3n de la opini\u00f3n p\u00fablica merece un mejor Panorama en este siglo 21 para alcanzar una sociedad con mayor transparencia y sin corrupci\u00f3n.\",\"publisher\":{\"@id\":\"https:\/\/21panorama.com\/#organization\"},\"potentialAction\":[{\"@type\":\"SearchAction\",\"target\":{\"@type\":\"EntryPoint\",\"urlTemplate\":\"https:\/\/21panorama.com\/?s={search_term_string}\"},\"query-input\":{\"@type\":\"PropertyValueSpecification\",\"valueRequired\":true,\"valueName\":\"search_term_string\"}}],\"inLanguage\":\"es\"},{\"@type\":\"Organization\",\"@id\":\"https:\/\/21panorama.com\/#organization\",\"name\":\"21 Panorama\",\"url\":\"https:\/\/21panorama.com\/\",\"logo\":{\"@type\":\"ImageObject\",\"inLanguage\":\"es\",\"@id\":\"https:\/\/21panorama.com\/#\/schema\/logo\/image\/\",\"url\":\"https:\/\/21panorama.com\/wp-content\/uploads\/2019\/07\/cropped-Logo-Panorama-01.jpeg\",\"contentUrl\":\"https:\/\/21panorama.com\/wp-content\/uploads\/2019\/07\/cropped-Logo-Panorama-01.jpeg\",\"width\":290,\"height\":70,\"caption\":\"21 Panorama\"},\"image\":{\"@id\":\"https:\/\/21panorama.com\/#\/schema\/logo\/image\/\"}},{\"@type\":\"Person\",\"@id\":\"https:\/\/21panorama.com\/#\/schema\/person\/1afc291b96d5792a158768324287319f\",\"name\":\"admin\",\"image\":{\"@type\":\"ImageObject\",\"inLanguage\":\"es\",\"@id\":\"https:\/\/21panorama.com\/#\/schema\/person\/image\/\",\"url\":\"https:\/\/secure.gravatar.com\/avatar\/ad365d9d9f46719215b0d042cc3df92a5a8683e09ef13d102233e5491985f0f0?s=96&d=mm&r=g\",\"contentUrl\":\"https:\/\/secure.gravatar.com\/avatar\/ad365d9d9f46719215b0d042cc3df92a5a8683e09ef13d102233e5491985f0f0?s=96&d=mm&r=g\",\"caption\":\"admin\"},\"url\":\"https:\/\/21panorama.com\/index.php\/author\/admin\/\"}]}<\/script>\n<!-- \/ Yoast SEO plugin. -->","yoast_head_json":{"title":"SE CUMPLIERON CON LOS COMPROMISOS EN EL ORO - 21 Panorama","robots":{"index":"index","follow":"follow","max-snippet":"max-snippet:-1","max-image-preview":"max-image-preview:large","max-video-preview":"max-video-preview:-1"},"canonical":"https:\/\/21panorama.com\/index.php\/2021\/09\/27\/se-cumplieron-con-los-compromisos-en-el-oro\/","og_locale":"es_MX","og_type":"article","og_title":"SE CUMPLIERON CON LOS COMPROMISOS EN EL ORO - 21 Panorama","og_description":"El alcalde Marco Barranco sostuvo que las 52 comunidades de su municipio recibieron el respaldo del cuerpo edilicio para mejorar sus condici\u00f3n de vida.","og_url":"https:\/\/21panorama.com\/index.php\/2021\/09\/27\/se-cumplieron-con-los-compromisos-en-el-oro\/","og_site_name":"21 Panorama","article_published_time":"2021-09-27T18:38:00+00:00","article_modified_time":"2021-09-27T18:38:01+00:00","og_image":[{"width":1600,"height":1200,"url":"https:\/\/21panorama.com\/wp-content\/uploads\/2021\/09\/465cf112-1797-4455-8545-f9e1dce99d23.jpeg","type":"image\/jpeg"}],"author":"admin","twitter_card":"summary_large_image","twitter_misc":{"Escrito por":"admin","Tiempo de lectura":"2 minutos"},"schema":{"@context":"https:\/\/schema.org","@graph":[{"@type":"Article","@id":"https:\/\/21panorama.com\/index.php\/2021\/09\/27\/se-cumplieron-con-los-compromisos-en-el-oro\/#article","isPartOf":{"@id":"https:\/\/21panorama.com\/index.php\/2021\/09\/27\/se-cumplieron-con-los-compromisos-en-el-oro\/"},"author":{"name":"admin","@id":"https:\/\/21panorama.com\/#\/schema\/person\/1afc291b96d5792a158768324287319f"},"headline":"SE CUMPLIERON CON LOS COMPROMISOS EN EL ORO","datePublished":"2021-09-27T18:38:00+00:00","dateModified":"2021-09-27T18:38:01+00:00","mainEntityOfPage":{"@id":"https:\/\/21panorama.com\/index.php\/2021\/09\/27\/se-cumplieron-con-los-compromisos-en-el-oro\/"},"wordCount":258,"commentCount":0,"publisher":{"@id":"https:\/\/21panorama.com\/#organization"},"image":{"@id":"https:\/\/21panorama.com\/index.php\/2021\/09\/27\/se-cumplieron-con-los-compromisos-en-el-oro\/#primaryimage"},"thumbnailUrl":"https:\/\/21panorama.com\/wp-content\/uploads\/2021\/09\/465cf112-1797-4455-8545-f9e1dce99d23.jpeg","keywords":["ElOro","GustavoC\u00e1rdenas","LaJordana"],"articleSection":["Politica"],"inLanguage":"es","potentialAction":[{"@type":"CommentAction","name":"Comment","target":["https:\/\/21panorama.com\/index.php\/2021\/09\/27\/se-cumplieron-con-los-compromisos-en-el-oro\/#respond"]}]},{"@type":"WebPage","@id":"https:\/\/21panorama.com\/index.php\/2021\/09\/27\/se-cumplieron-con-los-compromisos-en-el-oro\/","url":"https:\/\/21panorama.com\/index.php\/2021\/09\/27\/se-cumplieron-con-los-compromisos-en-el-oro\/","name":"SE CUMPLIERON CON LOS COMPROMISOS EN EL ORO - 21 Panorama","isPartOf":{"@id":"https:\/\/21panorama.com\/#website"},"primaryImageOfPage":{"@id":"https:\/\/21panorama.com\/index.php\/2021\/09\/27\/se-cumplieron-con-los-compromisos-en-el-oro\/#primaryimage"},"image":{"@id":"https:\/\/21panorama.com\/index.php\/2021\/09\/27\/se-cumplieron-con-los-compromisos-en-el-oro\/#primaryimage"},"thumbnailUrl":"https:\/\/21panorama.com\/wp-content\/uploads\/2021\/09\/465cf112-1797-4455-8545-f9e1dce99d23.jpeg","datePublished":"2021-09-27T18:38:00+00:00","dateModified":"2021-09-27T18:38:01+00:00","breadcrumb":{"@id":"https:\/\/21panorama.com\/index.php\/2021\/09\/27\/se-cumplieron-con-los-compromisos-en-el-oro\/#breadcrumb"},"inLanguage":"es","potentialAction":[{"@type":"ReadAction","target":["https:\/\/21panorama.com\/index.php\/2021\/09\/27\/se-cumplieron-con-los-compromisos-en-el-oro\/"]}]},{"@type":"ImageObject","inLanguage":"es","@id":"https:\/\/21panorama.com\/index.php\/2021\/09\/27\/se-cumplieron-con-los-compromisos-en-el-oro\/#primaryimage","url":"https:\/\/21panorama.com\/wp-content\/uploads\/2021\/09\/465cf112-1797-4455-8545-f9e1dce99d23.jpeg","contentUrl":"https:\/\/21panorama.com\/wp-content\/uploads\/2021\/09\/465cf112-1797-4455-8545-f9e1dce99d23.jpeg","width":1600,"height":1200},{"@type":"BreadcrumbList","@id":"https:\/\/21panorama.com\/index.php\/2021\/09\/27\/se-cumplieron-con-los-compromisos-en-el-oro\/#breadcrumb","itemListElement":[{"@type":"ListItem","position":1,"name":"Inicio","item":"https:\/\/21panorama.com\/"},{"@type":"ListItem","position":2,"name":"SE CUMPLIERON CON LOS COMPROMISOS EN EL ORO"}]},{"@type":"WebSite","@id":"https:\/\/21panorama.com\/#website","url":"https:\/\/21panorama.com\/","name":"21 Panorama","description":"La construcci\u00f3n de la opini\u00f3n p\u00fablica merece un mejor Panorama en este siglo 21 para alcanzar una sociedad con mayor transparencia y sin corrupci\u00f3n.","publisher":{"@id":"https:\/\/21panorama.com\/#organization"},"potentialAction":[{"@type":"SearchAction","target":{"@type":"EntryPoint","urlTemplate":"https:\/\/21panorama.com\/?s={search_term_string}"},"query-input":{"@type":"PropertyValueSpecification","valueRequired":true,"valueName":"search_term_string"}}],"inLanguage":"es"},{"@type":"Organization","@id":"https:\/\/21panorama.com\/#organization","name":"21 Panorama","url":"https:\/\/21panorama.com\/","logo":{"@type":"ImageObject","inLanguage":"es","@id":"https:\/\/21panorama.com\/#\/schema\/logo\/image\/","url":"https:\/\/21panorama.com\/wp-content\/uploads\/2019\/07\/cropped-Logo-Panorama-01.jpeg","contentUrl":"https:\/\/21panorama.com\/wp-content\/uploads\/2019\/07\/cropped-Logo-Panorama-01.jpeg","width":290,"height":70,"caption":"21 Panorama"},"image":{"@id":"https:\/\/21panorama.com\/#\/schema\/logo\/image\/"}},{"@type":"Person","@id":"https:\/\/21panorama.com\/#\/schema\/person\/1afc291b96d5792a158768324287319f","name":"admin","image":{"@type":"ImageObject","inLanguage":"es","@id":"https:\/\/21panorama.com\/#\/schema\/person\/image\/","url":"https:\/\/secure.gravatar.com\/avatar\/ad365d9d9f46719215b0d042cc3df92a5a8683e09ef13d102233e5491985f0f0?s=96&d=mm&r=g","contentUrl":"https:\/\/secure.gravatar.com\/avatar\/ad365d9d9f46719215b0d042cc3df92a5a8683e09ef13d102233e5491985f0f0?s=96&d=mm&r=g","caption":"admin"},"url":"https:\/\/21panorama.com\/index.php\/author\/admin\/"}]}},"_links":{"self":[{"href":"https:\/\/21panorama.com\/index.php\/wp-json\/wp\/v2\/posts\/1692","targetHints":{"allow":["GET"]}}],"collection":[{"href":"https:\/\/21panorama.com\/index.php\/wp-json\/wp\/v2\/posts"}],"about":[{"href":"https:\/\/21panorama.com\/index.php\/wp-json\/wp\/v2\/types\/post"}],"author":[{"embeddable":true,"href":"https:\/\/21panorama.com\/index.php\/wp-json\/wp\/v2\/users\/1"}],"replies":[{"embeddable":true,"href":"https:\/\/21panorama.com\/index.php\/wp-json\/wp\/v2\/comments?post=1692"}],"version-history":[{"count":1,"href":"https:\/\/21panorama.com\/index.php\/wp-json\/wp\/v2\/posts\/1692\/revisions"}],"predecessor-version":[{"id":1697,"href":"https:\/\/21panorama.com\/index.php\/wp-json\/wp\/v2\/posts\/1692\/revisions\/1697"}],"wp:featuredmedia":[{"embeddable":true,"href":"https:\/\/21panorama.com\/index.php\/wp-json\/wp\/v2\/media\/1693"}],"wp:attachment":[{"href":"https:\/\/21panorama.com\/index.php\/wp-json\/wp\/v2\/media?parent=1692"}],"wp:term":[{"taxonomy":"category","embeddable":true,"href":"https:\/\/21panorama.com\/index.php\/wp-json\/wp\/v2\/categories?post=1692"},{"taxonomy":"post_tag","embeddable":true,"href":"https:\/\/21panorama.com\/index.php\/wp-json\/wp\/v2\/tags?post=1692"}],"curies":[{"name":"wp","href":"https:\/\/api.w.org\/{rel}","templated":true}]}}