{"id":123,"date":"2019-07-26T09:48:15","date_gmt":"2019-07-26T09:48:15","guid":{"rendered":"http:\/\/21panorama.com\/?p=123"},"modified":"2019-07-26T09:48:16","modified_gmt":"2019-07-26T09:48:16","slug":"anuncia-alfredo-del-mazo-nueva-carrera-tecnica-para-profesionalizar-a-operadores-de-transporte-publico-del-edomex","status":"publish","type":"post","link":"https:\/\/21panorama.com\/index.php\/2019\/07\/26\/anuncia-alfredo-del-mazo-nueva-carrera-tecnica-para-profesionalizar-a-operadores-de-transporte-publico-del-edomex\/","title":{"rendered":"ANUNCIA ALFREDO DEL MAZO NUEVA CARRERA T\u00c9CNICA PARA PROFESIONALIZAR A OPERADORES DE TRANSPORTE P\u00daBLICO DEL EDOM\u00c9X"},"content":{"rendered":"\n<p>Como parte de las acciones que el Gobierno del estado impulsa para mejorar el transporte p\u00fablico que diariamente utilizan millones de mexiquenses, el Gobernador Alfredo Del Mazo Maza anunci\u00f3 que el pr\u00f3ximo mes comenzar\u00e1 a impartirse la carrera de T\u00e9cnico Bachiller en Autotransporte, que estar\u00e1 enfocada en profesionalizar a los operadores en temas como prevenci\u00f3n de accidentes, respeto a las mujeres y calidad en el servicio, entre otros.<br><br>&#8220;Iniciamos en el mes de agosto, por primera vez, la carrera de T\u00e9cnico Bachiller en Transporte; en donde los operadores del transporte pueden continuar con sus estudios y, adem\u00e1s, terminar con una especializaci\u00f3n, y una c\u00e9dula y un t\u00edtulo que los acredite como T\u00e9cnico Bachiller en el Autotransporte, y especializarse en temas tan importantes como la prevenci\u00f3n de accidentes, el manejo seguro, la cultura de responsabilidad vial, atenci\u00f3n al usuario, calidad en el servicio, respeto a las mujeres que utilizan el transporte p\u00fablico&#8221;, especific\u00f3.<br><br>En el banderazo de salida de 95 unidades ecol\u00f3gicas de transporte p\u00fablico, con equipo de seguridad y que operar\u00e1n en municipios de la Regi\u00f3n de las Pir\u00e1mides, el mandatario estatal asegur\u00f3 que esta profesionalizaci\u00f3n, dirigida a conductoras y conductores, permitir\u00e1 continuar mejorando al sector, al tiempo de dar mayor certeza a las personas que utilizan este medio para trasladarse.<br><br>Inform\u00f3 que como parte del programa de reordenamiento del transporte p\u00fablico que se realiza en la entidad, m\u00e1s de 10 mil 800 unidades han sido equipadas durante esta administraci\u00f3n, con sistemas de videovigilancia como botones de p\u00e1nico, c\u00e1maras y GPS, y las cuales est\u00e1n presentes en cerca de 384 rutas de diversas regiones del estado, con las cuales se da mayor certeza a los pasajeros al momento de viajar.<br><br>&#8220;Llevamos ya, con las unidades que se entregan en este momento, m\u00e1s de 10 mil 800 unidades de transporte p\u00fablico que cuentan con sistemas de videovigilancia, de tecnolog\u00eda para brindar mayores condiciones de seguridad. Esto nos permite estar trabajando en cerca de 384 rutas de transporte que tienen unidades con estas caracter\u00edsticas y nos ayudan a brindar un servicio mucho m\u00e1s seguro en estas rutas&#8221;, afirm\u00f3.<br><br>En presencia de l\u00edderes transportistas, empresarios del sector, operadores y funcionarios p\u00fablicos, Alfredo Del Mazo refiri\u00f3 que, de acuerdo con la Encuesta Origen-Destino de 2018, en los municipios conurbados del Valle de M\u00e9xico se calculan m\u00e1s de 17 millones de viajes cada d\u00eda, de los cuales 40 por ciento\u00a0 se hacen en\u00a0 transporte p\u00fablico y el 80 por ciento se llevan a cabo en vagonetas o autobuses colectivos.<br><br>Por ello, enfatiz\u00f3 la importancia de apostar por un enfoque integral en la movilidad presente en el estado, a trav\u00e9s de la renovaci\u00f3n de unidades, la capacitaci\u00f3n de los operadores, la regularizaci\u00f3n de concesiones, el uso de tecnolog\u00eda para ofrecer viajes seguros y mantener comunicaci\u00f3n con los empresarios de este sector.<br><br>Luego de subir a un par de unidades para conocer los sistemas que fueron implementados, el Gobernador mexiquense\u00a0 tambi\u00e9n subray\u00f3 que en este proyecto es clave el compromiso de los transportistas, y garantiz\u00f3 que el Gobierno estatal continuar\u00e1 impulsando acciones conjuntas para lograr un mejor servicio, como trabajar en esquemas de financiamiento que permitan a los empresarios contar con mejores condiciones para renovar su parque vehicular, y equiparlo con tecnolog\u00eda que proteja al usuario.<br><br>&#8220;Este esfuerzo es un esfuerzo que se hace de la mano del sector, es un esfuerzo que impulsa el Gobierno del estado, pero requiere del compromiso de ustedes para seguirse fortaleciendo\u00a0 y para seguirse logrando. Y que sepan tambi\u00e9n que cuentan con el compromiso del Gobierno y en particular de la Secretar\u00eda de Movilidad, de seguir fortaleciendo este trabajo de regularizaci\u00f3n del transporte p\u00fablico&#8221;, extern\u00f3.<br><br>En el Globopuerto de<br>San Mart\u00edn de las Pir\u00e1mides, Del Mazo Maza refiri\u00f3 que los sistemas de videovigilancia representan grandes ventajas, como inhibir a la delincuencia,\u00a0 adem\u00e1s de que permiten reaccionar m\u00e1s r\u00e1pido ante alg\u00fan incidente porque existe conexi\u00f3n en tiempo real con el Centro de Control y con el C5, adem\u00e1s de posibilitar la reconstrucci\u00f3n de hechos para identificar y dar con los delincuentes que afectan a operadores y pasajeros.\u00a0<br><br>Raymundo Mart\u00ednez Carbajal, Secretario de Movilidad, dijo que en la actual administraci\u00f3n se han redoblado los esfuerzos para mejorar a este sector, ya que la poblaci\u00f3n mexiquense ocupa el primer lugar en el uso del transporte p\u00fablico para desplazarse al trabajo,\u00a0 adem\u00e1s de ser una de las 10 entidades con un avance de m\u00e1s del 70 por ciento en la inclusi\u00f3n del concepto de movilidad urbana sustentable, y donde 30 por ciento de los estudiantes utilizan el transporte p\u00fablico para asistir a las escuelas, y es una de las tres entidades que m\u00e1s ha invertido en proyectos peatonales.<br><br>Resalt\u00f3 que en el actual Gobierno se lleva un 60 por ciento de avance en la\u00a0 regularizaci\u00f3n de 168 mil concesiones, se trabaja en un Registro Publico de Transporte para crear\u00a0 rutas seguras para escuelas y centros de trabajo, corredores de mediana capacidad en operaci\u00f3n, sistemas de capacitaci\u00f3n para 200 mil operadores, se tiene un observatorio ciudadano, comit\u00e9s estatal, metropolitanos y municipales, as\u00ed como servicios de dep\u00f3sitos y gr\u00faas con tarifas justas, unidades de transporte p\u00fablico con sistemas de seguridad, ecobicitaxis que sustituyen a 30 mil mototaxis, entre otras acciones.<br><br>En tanto, Everardo Enr\u00edquez Muci\u00f1o, Presidente de Autotransportes San Pedro Santa Clara Kil\u00f3metro 20, se\u00f1al\u00f3 que para cumplir con las exigencias del usuario y con el cuidado del medio ambiente, la empresa a su cargo\u00a0 se adelant\u00f3 con la adquisici\u00f3n de unidades modelo\u00a0 2020, con tecnolog\u00eda Euro V5, con sistemas de seguridad.\u00a0<br><br>Adem\u00e1s, reconoci\u00f3 al Gobernador Alfredo Del Mazo por el apoyo que ha otorgado al sector, y puntualiz\u00f3 que su empresa seguir\u00e1 colaborando con la administraci\u00f3n estatal para garantizar el derecho a una movilidad moderna y confiable. <\/p>\n","protected":false},"excerpt":{"rendered":"<p>Como parte de las acciones que el Gobierno del estado impulsa para mejorar el transporte p\u00fablico que diariamente utilizan millones de mexiquenses, el Gobernador Alfredo Del Mazo Maza anunci\u00f3 que el pr\u00f3ximo mes comenzar\u00e1 a impartirse la carrera de T\u00e9cnico Bachiller en Autotransporte, que estar\u00e1 enfocada en profesionalizar a los operadores en temas como prevenci\u00f3n de accidentes, respeto a las mujeres y calidad en el servicio, entre otros. &#8220;Iniciamos en el mes de agosto, por primera vez, la carrera de T\u00e9cnico Bachiller en Transporte; en donde los operadores del transporte&hellip;<\/p>\n","protected":false},"author":1,"featured_media":124,"comment_status":"open","ping_status":"open","sticky":false,"template":"","format":"standard","meta":{"footnotes":""},"categories":[1],"tags":[],"class_list":["post-123","post","type-post","status-publish","format-standard","has-post-thumbnail","hentry","category-sociedad"],"yoast_head":"<!-- This site is optimized with the Yoast SEO plugin v24.9 - https:\/\/yoast.com\/wordpress\/plugins\/seo\/ -->\n<title>ANUNCIA ALFREDO DEL MAZO NUEVA CARRERA T\u00c9CNICA PARA PROFESIONALIZAR A OPERADORES DE TRANSPORTE P\u00daBLICO DEL EDOM\u00c9X - 21 Panorama<\/title>\n<meta name=\"robots\" content=\"index, follow, max-snippet:-1, max-image-preview:large, max-video-preview:-1\" \/>\n<link rel=\"canonical\" href=\"https:\/\/21panorama.com\/index.php\/2019\/07\/26\/anuncia-alfredo-del-mazo-nueva-carrera-tecnica-para-profesionalizar-a-operadores-de-transporte-publico-del-edomex\/\" \/>\n<meta property=\"og:locale\" content=\"es_MX\" \/>\n<meta property=\"og:type\" content=\"article\" \/>\n<meta property=\"og:title\" content=\"ANUNCIA ALFREDO DEL MAZO NUEVA CARRERA T\u00c9CNICA PARA PROFESIONALIZAR A OPERADORES DE TRANSPORTE P\u00daBLICO DEL EDOM\u00c9X - 21 Panorama\" \/>\n<meta property=\"og:description\" content=\"Como parte de las acciones que el Gobierno del estado impulsa para mejorar el transporte p\u00fablico que diariamente utilizan millones de mexiquenses, el Gobernador Alfredo Del Mazo Maza anunci\u00f3 que el pr\u00f3ximo mes comenzar\u00e1 a impartirse la carrera de T\u00e9cnico Bachiller en Autotransporte, que estar\u00e1 enfocada en profesionalizar a los operadores en temas como prevenci\u00f3n de accidentes, respeto a las mujeres y calidad en el servicio, entre otros. &#8220;Iniciamos en el mes de agosto, por primera vez, la carrera de T\u00e9cnico Bachiller en Transporte; en donde los operadores del transporte&hellip;\" \/>\n<meta property=\"og:url\" content=\"https:\/\/21panorama.com\/index.php\/2019\/07\/26\/anuncia-alfredo-del-mazo-nueva-carrera-tecnica-para-profesionalizar-a-operadores-de-transporte-publico-del-edomex\/\" \/>\n<meta property=\"og:site_name\" content=\"21 Panorama\" \/>\n<meta property=\"article:published_time\" content=\"2019-07-26T09:48:15+00:00\" \/>\n<meta property=\"article:modified_time\" content=\"2019-07-26T09:48:16+00:00\" \/>\n<meta property=\"og:image\" content=\"https:\/\/21panorama.com\/wp-content\/uploads\/2019\/07\/191919.jpg\" \/>\n\t<meta property=\"og:image:width\" content=\"1382\" \/>\n\t<meta property=\"og:image:height\" content=\"921\" \/>\n\t<meta property=\"og:image:type\" content=\"image\/jpeg\" \/>\n<meta name=\"author\" content=\"admin\" \/>\n<meta name=\"twitter:card\" content=\"summary_large_image\" \/>\n<meta name=\"twitter:label1\" content=\"Escrito por\" \/>\n\t<meta name=\"twitter:data1\" content=\"admin\" \/>\n\t<meta name=\"twitter:label2\" content=\"Tiempo de lectura\" \/>\n\t<meta name=\"twitter:data2\" content=\"5 minutos\" \/>\n<script type=\"application\/ld+json\" class=\"yoast-schema-graph\">{\"@context\":\"https:\/\/schema.org\",\"@graph\":[{\"@type\":\"Article\",\"@id\":\"https:\/\/21panorama.com\/index.php\/2019\/07\/26\/anuncia-alfredo-del-mazo-nueva-carrera-tecnica-para-profesionalizar-a-operadores-de-transporte-publico-del-edomex\/#article\",\"isPartOf\":{\"@id\":\"https:\/\/21panorama.com\/index.php\/2019\/07\/26\/anuncia-alfredo-del-mazo-nueva-carrera-tecnica-para-profesionalizar-a-operadores-de-transporte-publico-del-edomex\/\"},\"author\":{\"name\":\"admin\",\"@id\":\"https:\/\/21panorama.com\/#\/schema\/person\/1afc291b96d5792a158768324287319f\"},\"headline\":\"ANUNCIA ALFREDO DEL MAZO NUEVA CARRERA T\u00c9CNICA PARA PROFESIONALIZAR A OPERADORES DE TRANSPORTE P\u00daBLICO DEL EDOM\u00c9X\",\"datePublished\":\"2019-07-26T09:48:15+00:00\",\"dateModified\":\"2019-07-26T09:48:16+00:00\",\"mainEntityOfPage\":{\"@id\":\"https:\/\/21panorama.com\/index.php\/2019\/07\/26\/anuncia-alfredo-del-mazo-nueva-carrera-tecnica-para-profesionalizar-a-operadores-de-transporte-publico-del-edomex\/\"},\"wordCount\":1030,\"commentCount\":0,\"publisher\":{\"@id\":\"https:\/\/21panorama.com\/#organization\"},\"image\":{\"@id\":\"https:\/\/21panorama.com\/index.php\/2019\/07\/26\/anuncia-alfredo-del-mazo-nueva-carrera-tecnica-para-profesionalizar-a-operadores-de-transporte-publico-del-edomex\/#primaryimage\"},\"thumbnailUrl\":\"https:\/\/21panorama.com\/wp-content\/uploads\/2019\/07\/191919.jpg\",\"articleSection\":[\"Sociedad\"],\"inLanguage\":\"es\",\"potentialAction\":[{\"@type\":\"CommentAction\",\"name\":\"Comment\",\"target\":[\"https:\/\/21panorama.com\/index.php\/2019\/07\/26\/anuncia-alfredo-del-mazo-nueva-carrera-tecnica-para-profesionalizar-a-operadores-de-transporte-publico-del-edomex\/#respond\"]}]},{\"@type\":\"WebPage\",\"@id\":\"https:\/\/21panorama.com\/index.php\/2019\/07\/26\/anuncia-alfredo-del-mazo-nueva-carrera-tecnica-para-profesionalizar-a-operadores-de-transporte-publico-del-edomex\/\",\"url\":\"https:\/\/21panorama.com\/index.php\/2019\/07\/26\/anuncia-alfredo-del-mazo-nueva-carrera-tecnica-para-profesionalizar-a-operadores-de-transporte-publico-del-edomex\/\",\"name\":\"ANUNCIA ALFREDO DEL MAZO NUEVA CARRERA T\u00c9CNICA PARA PROFESIONALIZAR A OPERADORES DE TRANSPORTE P\u00daBLICO DEL EDOM\u00c9X - 21 Panorama\",\"isPartOf\":{\"@id\":\"https:\/\/21panorama.com\/#website\"},\"primaryImageOfPage\":{\"@id\":\"https:\/\/21panorama.com\/index.php\/2019\/07\/26\/anuncia-alfredo-del-mazo-nueva-carrera-tecnica-para-profesionalizar-a-operadores-de-transporte-publico-del-edomex\/#primaryimage\"},\"image\":{\"@id\":\"https:\/\/21panorama.com\/index.php\/2019\/07\/26\/anuncia-alfredo-del-mazo-nueva-carrera-tecnica-para-profesionalizar-a-operadores-de-transporte-publico-del-edomex\/#primaryimage\"},\"thumbnailUrl\":\"https:\/\/21panorama.com\/wp-content\/uploads\/2019\/07\/191919.jpg\",\"datePublished\":\"2019-07-26T09:48:15+00:00\",\"dateModified\":\"2019-07-26T09:48:16+00:00\",\"breadcrumb\":{\"@id\":\"https:\/\/21panorama.com\/index.php\/2019\/07\/26\/anuncia-alfredo-del-mazo-nueva-carrera-tecnica-para-profesionalizar-a-operadores-de-transporte-publico-del-edomex\/#breadcrumb\"},\"inLanguage\":\"es\",\"potentialAction\":[{\"@type\":\"ReadAction\",\"target\":[\"https:\/\/21panorama.com\/index.php\/2019\/07\/26\/anuncia-alfredo-del-mazo-nueva-carrera-tecnica-para-profesionalizar-a-operadores-de-transporte-publico-del-edomex\/\"]}]},{\"@type\":\"ImageObject\",\"inLanguage\":\"es\",\"@id\":\"https:\/\/21panorama.com\/index.php\/2019\/07\/26\/anuncia-alfredo-del-mazo-nueva-carrera-tecnica-para-profesionalizar-a-operadores-de-transporte-publico-del-edomex\/#primaryimage\",\"url\":\"https:\/\/21panorama.com\/wp-content\/uploads\/2019\/07\/191919.jpg\",\"contentUrl\":\"https:\/\/21panorama.com\/wp-content\/uploads\/2019\/07\/191919.jpg\",\"width\":1382,\"height\":921},{\"@type\":\"BreadcrumbList\",\"@id\":\"https:\/\/21panorama.com\/index.php\/2019\/07\/26\/anuncia-alfredo-del-mazo-nueva-carrera-tecnica-para-profesionalizar-a-operadores-de-transporte-publico-del-edomex\/#breadcrumb\",\"itemListElement\":[{\"@type\":\"ListItem\",\"position\":1,\"name\":\"Inicio\",\"item\":\"https:\/\/21panorama.com\/\"},{\"@type\":\"ListItem\",\"position\":2,\"name\":\"ANUNCIA ALFREDO DEL MAZO NUEVA CARRERA T\u00c9CNICA PARA PROFESIONALIZAR A OPERADORES DE TRANSPORTE P\u00daBLICO DEL EDOM\u00c9X\"}]},{\"@type\":\"WebSite\",\"@id\":\"https:\/\/21panorama.com\/#website\",\"url\":\"https:\/\/21panorama.com\/\",\"name\":\"21 Panorama\",\"description\":\"La construcci\u00f3n de la opini\u00f3n p\u00fablica merece un mejor Panorama en este siglo 21 para alcanzar una sociedad con mayor transparencia y sin corrupci\u00f3n.\",\"publisher\":{\"@id\":\"https:\/\/21panorama.com\/#organization\"},\"potentialAction\":[{\"@type\":\"SearchAction\",\"target\":{\"@type\":\"EntryPoint\",\"urlTemplate\":\"https:\/\/21panorama.com\/?s={search_term_string}\"},\"query-input\":{\"@type\":\"PropertyValueSpecification\",\"valueRequired\":true,\"valueName\":\"search_term_string\"}}],\"inLanguage\":\"es\"},{\"@type\":\"Organization\",\"@id\":\"https:\/\/21panorama.com\/#organization\",\"name\":\"21 Panorama\",\"url\":\"https:\/\/21panorama.com\/\",\"logo\":{\"@type\":\"ImageObject\",\"inLanguage\":\"es\",\"@id\":\"https:\/\/21panorama.com\/#\/schema\/logo\/image\/\",\"url\":\"https:\/\/21panorama.com\/wp-content\/uploads\/2019\/07\/cropped-Logo-Panorama-01.jpeg\",\"contentUrl\":\"https:\/\/21panorama.com\/wp-content\/uploads\/2019\/07\/cropped-Logo-Panorama-01.jpeg\",\"width\":290,\"height\":70,\"caption\":\"21 Panorama\"},\"image\":{\"@id\":\"https:\/\/21panorama.com\/#\/schema\/logo\/image\/\"}},{\"@type\":\"Person\",\"@id\":\"https:\/\/21panorama.com\/#\/schema\/person\/1afc291b96d5792a158768324287319f\",\"name\":\"admin\",\"image\":{\"@type\":\"ImageObject\",\"inLanguage\":\"es\",\"@id\":\"https:\/\/21panorama.com\/#\/schema\/person\/image\/\",\"url\":\"https:\/\/secure.gravatar.com\/avatar\/ad365d9d9f46719215b0d042cc3df92a5a8683e09ef13d102233e5491985f0f0?s=96&d=mm&r=g\",\"contentUrl\":\"https:\/\/secure.gravatar.com\/avatar\/ad365d9d9f46719215b0d042cc3df92a5a8683e09ef13d102233e5491985f0f0?s=96&d=mm&r=g\",\"caption\":\"admin\"},\"url\":\"https:\/\/21panorama.com\/index.php\/author\/admin\/\"}]}<\/script>\n<!-- \/ Yoast SEO plugin. -->","yoast_head_json":{"title":"ANUNCIA ALFREDO DEL MAZO NUEVA CARRERA T\u00c9CNICA PARA PROFESIONALIZAR A OPERADORES DE TRANSPORTE P\u00daBLICO DEL EDOM\u00c9X - 21 Panorama","robots":{"index":"index","follow":"follow","max-snippet":"max-snippet:-1","max-image-preview":"max-image-preview:large","max-video-preview":"max-video-preview:-1"},"canonical":"https:\/\/21panorama.com\/index.php\/2019\/07\/26\/anuncia-alfredo-del-mazo-nueva-carrera-tecnica-para-profesionalizar-a-operadores-de-transporte-publico-del-edomex\/","og_locale":"es_MX","og_type":"article","og_title":"ANUNCIA ALFREDO DEL MAZO NUEVA CARRERA T\u00c9CNICA PARA PROFESIONALIZAR A OPERADORES DE TRANSPORTE P\u00daBLICO DEL EDOM\u00c9X - 21 Panorama","og_description":"Como parte de las acciones que el Gobierno del estado impulsa para mejorar el transporte p\u00fablico que diariamente utilizan millones de mexiquenses, el Gobernador Alfredo Del Mazo Maza anunci\u00f3 que el pr\u00f3ximo mes comenzar\u00e1 a impartirse la carrera de T\u00e9cnico Bachiller en Autotransporte, que estar\u00e1 enfocada en profesionalizar a los operadores en temas como prevenci\u00f3n de accidentes, respeto a las mujeres y calidad en el servicio, entre otros. &#8220;Iniciamos en el mes de agosto, por primera vez, la carrera de T\u00e9cnico Bachiller en Transporte; en donde los operadores del transporte&hellip;","og_url":"https:\/\/21panorama.com\/index.php\/2019\/07\/26\/anuncia-alfredo-del-mazo-nueva-carrera-tecnica-para-profesionalizar-a-operadores-de-transporte-publico-del-edomex\/","og_site_name":"21 Panorama","article_published_time":"2019-07-26T09:48:15+00:00","article_modified_time":"2019-07-26T09:48:16+00:00","og_image":[{"width":1382,"height":921,"url":"https:\/\/21panorama.com\/wp-content\/uploads\/2019\/07\/191919.jpg","type":"image\/jpeg"}],"author":"admin","twitter_card":"summary_large_image","twitter_misc":{"Escrito por":"admin","Tiempo de lectura":"5 minutos"},"schema":{"@context":"https:\/\/schema.org","@graph":[{"@type":"Article","@id":"https:\/\/21panorama.com\/index.php\/2019\/07\/26\/anuncia-alfredo-del-mazo-nueva-carrera-tecnica-para-profesionalizar-a-operadores-de-transporte-publico-del-edomex\/#article","isPartOf":{"@id":"https:\/\/21panorama.com\/index.php\/2019\/07\/26\/anuncia-alfredo-del-mazo-nueva-carrera-tecnica-para-profesionalizar-a-operadores-de-transporte-publico-del-edomex\/"},"author":{"name":"admin","@id":"https:\/\/21panorama.com\/#\/schema\/person\/1afc291b96d5792a158768324287319f"},"headline":"ANUNCIA ALFREDO DEL MAZO NUEVA CARRERA T\u00c9CNICA PARA PROFESIONALIZAR A OPERADORES DE TRANSPORTE P\u00daBLICO DEL EDOM\u00c9X","datePublished":"2019-07-26T09:48:15+00:00","dateModified":"2019-07-26T09:48:16+00:00","mainEntityOfPage":{"@id":"https:\/\/21panorama.com\/index.php\/2019\/07\/26\/anuncia-alfredo-del-mazo-nueva-carrera-tecnica-para-profesionalizar-a-operadores-de-transporte-publico-del-edomex\/"},"wordCount":1030,"commentCount":0,"publisher":{"@id":"https:\/\/21panorama.com\/#organization"},"image":{"@id":"https:\/\/21panorama.com\/index.php\/2019\/07\/26\/anuncia-alfredo-del-mazo-nueva-carrera-tecnica-para-profesionalizar-a-operadores-de-transporte-publico-del-edomex\/#primaryimage"},"thumbnailUrl":"https:\/\/21panorama.com\/wp-content\/uploads\/2019\/07\/191919.jpg","articleSection":["Sociedad"],"inLanguage":"es","potentialAction":[{"@type":"CommentAction","name":"Comment","target":["https:\/\/21panorama.com\/index.php\/2019\/07\/26\/anuncia-alfredo-del-mazo-nueva-carrera-tecnica-para-profesionalizar-a-operadores-de-transporte-publico-del-edomex\/#respond"]}]},{"@type":"WebPage","@id":"https:\/\/21panorama.com\/index.php\/2019\/07\/26\/anuncia-alfredo-del-mazo-nueva-carrera-tecnica-para-profesionalizar-a-operadores-de-transporte-publico-del-edomex\/","url":"https:\/\/21panorama.com\/index.php\/2019\/07\/26\/anuncia-alfredo-del-mazo-nueva-carrera-tecnica-para-profesionalizar-a-operadores-de-transporte-publico-del-edomex\/","name":"ANUNCIA ALFREDO DEL MAZO NUEVA CARRERA T\u00c9CNICA PARA PROFESIONALIZAR A OPERADORES DE TRANSPORTE P\u00daBLICO DEL EDOM\u00c9X - 21 Panorama","isPartOf":{"@id":"https:\/\/21panorama.com\/#website"},"primaryImageOfPage":{"@id":"https:\/\/21panorama.com\/index.php\/2019\/07\/26\/anuncia-alfredo-del-mazo-nueva-carrera-tecnica-para-profesionalizar-a-operadores-de-transporte-publico-del-edomex\/#primaryimage"},"image":{"@id":"https:\/\/21panorama.com\/index.php\/2019\/07\/26\/anuncia-alfredo-del-mazo-nueva-carrera-tecnica-para-profesionalizar-a-operadores-de-transporte-publico-del-edomex\/#primaryimage"},"thumbnailUrl":"https:\/\/21panorama.com\/wp-content\/uploads\/2019\/07\/191919.jpg","datePublished":"2019-07-26T09:48:15+00:00","dateModified":"2019-07-26T09:48:16+00:00","breadcrumb":{"@id":"https:\/\/21panorama.com\/index.php\/2019\/07\/26\/anuncia-alfredo-del-mazo-nueva-carrera-tecnica-para-profesionalizar-a-operadores-de-transporte-publico-del-edomex\/#breadcrumb"},"inLanguage":"es","potentialAction":[{"@type":"ReadAction","target":["https:\/\/21panorama.com\/index.php\/2019\/07\/26\/anuncia-alfredo-del-mazo-nueva-carrera-tecnica-para-profesionalizar-a-operadores-de-transporte-publico-del-edomex\/"]}]},{"@type":"ImageObject","inLanguage":"es","@id":"https:\/\/21panorama.com\/index.php\/2019\/07\/26\/anuncia-alfredo-del-mazo-nueva-carrera-tecnica-para-profesionalizar-a-operadores-de-transporte-publico-del-edomex\/#primaryimage","url":"https:\/\/21panorama.com\/wp-content\/uploads\/2019\/07\/191919.jpg","contentUrl":"https:\/\/21panorama.com\/wp-content\/uploads\/2019\/07\/191919.jpg","width":1382,"height":921},{"@type":"BreadcrumbList","@id":"https:\/\/21panorama.com\/index.php\/2019\/07\/26\/anuncia-alfredo-del-mazo-nueva-carrera-tecnica-para-profesionalizar-a-operadores-de-transporte-publico-del-edomex\/#breadcrumb","itemListElement":[{"@type":"ListItem","position":1,"name":"Inicio","item":"https:\/\/21panorama.com\/"},{"@type":"ListItem","position":2,"name":"ANUNCIA ALFREDO DEL MAZO NUEVA CARRERA T\u00c9CNICA PARA PROFESIONALIZAR A OPERADORES DE TRANSPORTE P\u00daBLICO DEL EDOM\u00c9X"}]},{"@type":"WebSite","@id":"https:\/\/21panorama.com\/#website","url":"https:\/\/21panorama.com\/","name":"21 Panorama","description":"La construcci\u00f3n de la opini\u00f3n p\u00fablica merece un mejor Panorama en este siglo 21 para alcanzar una sociedad con mayor transparencia y sin corrupci\u00f3n.","publisher":{"@id":"https:\/\/21panorama.com\/#organization"},"potentialAction":[{"@type":"SearchAction","target":{"@type":"EntryPoint","urlTemplate":"https:\/\/21panorama.com\/?s={search_term_string}"},"query-input":{"@type":"PropertyValueSpecification","valueRequired":true,"valueName":"search_term_string"}}],"inLanguage":"es"},{"@type":"Organization","@id":"https:\/\/21panorama.com\/#organization","name":"21 Panorama","url":"https:\/\/21panorama.com\/","logo":{"@type":"ImageObject","inLanguage":"es","@id":"https:\/\/21panorama.com\/#\/schema\/logo\/image\/","url":"https:\/\/21panorama.com\/wp-content\/uploads\/2019\/07\/cropped-Logo-Panorama-01.jpeg","contentUrl":"https:\/\/21panorama.com\/wp-content\/uploads\/2019\/07\/cropped-Logo-Panorama-01.jpeg","width":290,"height":70,"caption":"21 Panorama"},"image":{"@id":"https:\/\/21panorama.com\/#\/schema\/logo\/image\/"}},{"@type":"Person","@id":"https:\/\/21panorama.com\/#\/schema\/person\/1afc291b96d5792a158768324287319f","name":"admin","image":{"@type":"ImageObject","inLanguage":"es","@id":"https:\/\/21panorama.com\/#\/schema\/person\/image\/","url":"https:\/\/secure.gravatar.com\/avatar\/ad365d9d9f46719215b0d042cc3df92a5a8683e09ef13d102233e5491985f0f0?s=96&d=mm&r=g","contentUrl":"https:\/\/secure.gravatar.com\/avatar\/ad365d9d9f46719215b0d042cc3df92a5a8683e09ef13d102233e5491985f0f0?s=96&d=mm&r=g","caption":"admin"},"url":"https:\/\/21panorama.com\/index.php\/author\/admin\/"}]}},"_links":{"self":[{"href":"https:\/\/21panorama.com\/index.php\/wp-json\/wp\/v2\/posts\/123","targetHints":{"allow":["GET"]}}],"collection":[{"href":"https:\/\/21panorama.com\/index.php\/wp-json\/wp\/v2\/posts"}],"about":[{"href":"https:\/\/21panorama.com\/index.php\/wp-json\/wp\/v2\/types\/post"}],"author":[{"embeddable":true,"href":"https:\/\/21panorama.com\/index.php\/wp-json\/wp\/v2\/users\/1"}],"replies":[{"embeddable":true,"href":"https:\/\/21panorama.com\/index.php\/wp-json\/wp\/v2\/comments?post=123"}],"version-history":[{"count":1,"href":"https:\/\/21panorama.com\/index.php\/wp-json\/wp\/v2\/posts\/123\/revisions"}],"predecessor-version":[{"id":125,"href":"https:\/\/21panorama.com\/index.php\/wp-json\/wp\/v2\/posts\/123\/revisions\/125"}],"wp:featuredmedia":[{"embeddable":true,"href":"https:\/\/21panorama.com\/index.php\/wp-json\/wp\/v2\/media\/124"}],"wp:attachment":[{"href":"https:\/\/21panorama.com\/index.php\/wp-json\/wp\/v2\/media?parent=123"}],"wp:term":[{"taxonomy":"category","embeddable":true,"href":"https:\/\/21panorama.com\/index.php\/wp-json\/wp\/v2\/categories?post=123"},{"taxonomy":"post_tag","embeddable":true,"href":"https:\/\/21panorama.com\/index.php\/wp-json\/wp\/v2\/tags?post=123"}],"curies":[{"name":"wp","href":"https:\/\/api.w.org\/{rel}","templated":true}]}}