{"id":116,"date":"2019-07-26T01:54:49","date_gmt":"2019-07-26T01:54:49","guid":{"rendered":"http:\/\/21panorama.com\/?p=116"},"modified":"2019-07-26T16:37:09","modified_gmt":"2019-07-26T16:37:09","slug":"curso-de-verano","status":"publish","type":"post","link":"https:\/\/21panorama.com\/index.php\/2019\/07\/26\/curso-de-verano\/","title":{"rendered":"CURSO DE VERANO"},"content":{"rendered":"\n<p>\n\n\u00a1Buenos d\u00edas! Realic\u00e9 una visita sorpresa al equipo l\u00fadico del curso de verano que imparte el Instituto Municipal de Cultura F\u00edsica y Deporte de&nbsp;<a href=\"https:\/\/www.facebook.com\/hashtag\/coacalco?source=feed_text&amp;epa=HASHTAG&amp;__xts__%5B0%5D=68.ARDJdE0A3qvOXdPwJS4Kp8C970ZIGh017UKsLgoGaVrrEh-3sYJontYkdI1t2HbWvAa711FY-HnfNM6opX5nKgELqUEGee1VsJtlHmQqUXYl6vprr3NM3pm1rEFfn3QwwAOF1cJZzE4yJJK0r9sJKg_cismmmOmcIhjmMwRltxXWZPInS0HPm28jNCaqJFwXdryQ_wA-3YO4-2dpmO-IjF2THR_mN3AKCNAivV-KwiabRAg6f-e0IOPeJqxH7XdXW0hvex4Di1PVpOxoL05QygyPGRQfxasxP-flWTxPHmYBwJDw5EkcLwNtHSMab1zNJVkccLbdUxYaDI2rlmJPHoAjSD_jTuwBE6yVXHNRUwQfgckerNjGLBZBaG9aQdasABQVmTpnRgvjK2F8fsFI0-w0xe63TrRXmaqqHez-nFSjrxauWwZ8sFRT5hPGp5Q2iZzunGZm9DckLrOGAfDW6ps4Rko8Qr6-E8gbggpWcWODQc3ioKUb9w&amp;__tn__=%2ANKH-R\">#Coacalco<\/a>. Chicos, gracias por todas sus atenciones a los ni\u00f1os coacalquenses. Su pasi\u00f3n y entrega es muy importante para la reconstrucci\u00f3n del tejido social.\n\n<\/p>\n\n\n\n<figure class=\"wp-block-image\"><img decoding=\"async\" width=\"960\" height=\"804\" src=\"https:\/\/21panorama.com\/wp-content\/uploads\/2019\/07\/67154152_1050750198465299_4938303493715787776_n.jpg\" alt=\"\" class=\"wp-image-117\" srcset=\"https:\/\/21panorama.com\/wp-content\/uploads\/2019\/07\/67154152_1050750198465299_4938303493715787776_n.jpg 960w, https:\/\/21panorama.com\/wp-content\/uploads\/2019\/07\/67154152_1050750198465299_4938303493715787776_n-300x251.jpg 300w, https:\/\/21panorama.com\/wp-content\/uploads\/2019\/07\/67154152_1050750198465299_4938303493715787776_n-768x643.jpg 768w\" sizes=\"(max-width: 960px) 100vw, 960px\" \/><\/figure>\n","protected":false},"excerpt":{"rendered":"<p>\u00a1Buenos d\u00edas! Realic\u00e9 una visita sorpresa al equipo l\u00fadico del curso de verano que imparte el Instituto Municipal de Cultura F\u00edsica y Deporte de&nbsp;#Coacalco. Chicos, gracias por todas sus atenciones a los ni\u00f1os coacalquenses. Su pasi\u00f3n y entrega es muy importante para la reconstrucci\u00f3n del tejido social.<\/p>\n","protected":false},"author":1,"featured_media":117,"comment_status":"open","ping_status":"open","sticky":false,"template":"","format":"standard","meta":{"footnotes":""},"categories":[5],"tags":[],"class_list":["post-116","post","type-post","status-publish","format-standard","has-post-thumbnail","hentry","category-cultura"],"yoast_head":"<!-- This site is optimized with the Yoast SEO plugin v24.9 - https:\/\/yoast.com\/wordpress\/plugins\/seo\/ -->\n<title>CURSO DE VERANO - 21 Panorama<\/title>\n<meta name=\"robots\" content=\"index, follow, max-snippet:-1, max-image-preview:large, max-video-preview:-1\" \/>\n<link rel=\"canonical\" href=\"https:\/\/21panorama.com\/index.php\/2019\/07\/26\/curso-de-verano\/\" \/>\n<meta property=\"og:locale\" content=\"es_MX\" \/>\n<meta property=\"og:type\" content=\"article\" \/>\n<meta property=\"og:title\" content=\"CURSO DE VERANO - 21 Panorama\" \/>\n<meta property=\"og:description\" content=\"\u00a1Buenos d\u00edas! Realic\u00e9 una visita sorpresa al equipo l\u00fadico del curso de verano que imparte el Instituto Municipal de Cultura F\u00edsica y Deporte de&nbsp;#Coacalco. Chicos, gracias por todas sus atenciones a los ni\u00f1os coacalquenses. Su pasi\u00f3n y entrega es muy importante para la reconstrucci\u00f3n del tejido social.\" \/>\n<meta property=\"og:url\" content=\"https:\/\/21panorama.com\/index.php\/2019\/07\/26\/curso-de-verano\/\" \/>\n<meta property=\"og:site_name\" content=\"21 Panorama\" \/>\n<meta property=\"article:published_time\" content=\"2019-07-26T01:54:49+00:00\" \/>\n<meta property=\"article:modified_time\" content=\"2019-07-26T16:37:09+00:00\" \/>\n<meta property=\"og:image\" content=\"https:\/\/21panorama.com\/wp-content\/uploads\/2019\/07\/67154152_1050750198465299_4938303493715787776_n.jpg\" \/>\n\t<meta property=\"og:image:width\" content=\"960\" \/>\n\t<meta property=\"og:image:height\" content=\"804\" \/>\n\t<meta property=\"og:image:type\" content=\"image\/jpeg\" \/>\n<meta name=\"author\" content=\"admin\" \/>\n<meta name=\"twitter:card\" content=\"summary_large_image\" \/>\n<meta name=\"twitter:label1\" content=\"Escrito por\" \/>\n\t<meta name=\"twitter:data1\" content=\"admin\" \/>\n<script type=\"application\/ld+json\" class=\"yoast-schema-graph\">{\"@context\":\"https:\/\/schema.org\",\"@graph\":[{\"@type\":\"Article\",\"@id\":\"https:\/\/21panorama.com\/index.php\/2019\/07\/26\/curso-de-verano\/#article\",\"isPartOf\":{\"@id\":\"https:\/\/21panorama.com\/index.php\/2019\/07\/26\/curso-de-verano\/\"},\"author\":{\"name\":\"admin\",\"@id\":\"https:\/\/21panorama.com\/#\/schema\/person\/1afc291b96d5792a158768324287319f\"},\"headline\":\"CURSO DE VERANO\",\"datePublished\":\"2019-07-26T01:54:49+00:00\",\"dateModified\":\"2019-07-26T16:37:09+00:00\",\"mainEntityOfPage\":{\"@id\":\"https:\/\/21panorama.com\/index.php\/2019\/07\/26\/curso-de-verano\/\"},\"wordCount\":58,\"commentCount\":0,\"publisher\":{\"@id\":\"https:\/\/21panorama.com\/#organization\"},\"image\":{\"@id\":\"https:\/\/21panorama.com\/index.php\/2019\/07\/26\/curso-de-verano\/#primaryimage\"},\"thumbnailUrl\":\"https:\/\/21panorama.com\/wp-content\/uploads\/2019\/07\/67154152_1050750198465299_4938303493715787776_n.jpg\",\"articleSection\":[\"Cultura\"],\"inLanguage\":\"es\",\"potentialAction\":[{\"@type\":\"CommentAction\",\"name\":\"Comment\",\"target\":[\"https:\/\/21panorama.com\/index.php\/2019\/07\/26\/curso-de-verano\/#respond\"]}]},{\"@type\":\"WebPage\",\"@id\":\"https:\/\/21panorama.com\/index.php\/2019\/07\/26\/curso-de-verano\/\",\"url\":\"https:\/\/21panorama.com\/index.php\/2019\/07\/26\/curso-de-verano\/\",\"name\":\"CURSO DE VERANO - 21 Panorama\",\"isPartOf\":{\"@id\":\"https:\/\/21panorama.com\/#website\"},\"primaryImageOfPage\":{\"@id\":\"https:\/\/21panorama.com\/index.php\/2019\/07\/26\/curso-de-verano\/#primaryimage\"},\"image\":{\"@id\":\"https:\/\/21panorama.com\/index.php\/2019\/07\/26\/curso-de-verano\/#primaryimage\"},\"thumbnailUrl\":\"https:\/\/21panorama.com\/wp-content\/uploads\/2019\/07\/67154152_1050750198465299_4938303493715787776_n.jpg\",\"datePublished\":\"2019-07-26T01:54:49+00:00\",\"dateModified\":\"2019-07-26T16:37:09+00:00\",\"breadcrumb\":{\"@id\":\"https:\/\/21panorama.com\/index.php\/2019\/07\/26\/curso-de-verano\/#breadcrumb\"},\"inLanguage\":\"es\",\"potentialAction\":[{\"@type\":\"ReadAction\",\"target\":[\"https:\/\/21panorama.com\/index.php\/2019\/07\/26\/curso-de-verano\/\"]}]},{\"@type\":\"ImageObject\",\"inLanguage\":\"es\",\"@id\":\"https:\/\/21panorama.com\/index.php\/2019\/07\/26\/curso-de-verano\/#primaryimage\",\"url\":\"https:\/\/21panorama.com\/wp-content\/uploads\/2019\/07\/67154152_1050750198465299_4938303493715787776_n.jpg\",\"contentUrl\":\"https:\/\/21panorama.com\/wp-content\/uploads\/2019\/07\/67154152_1050750198465299_4938303493715787776_n.jpg\",\"width\":960,\"height\":804},{\"@type\":\"BreadcrumbList\",\"@id\":\"https:\/\/21panorama.com\/index.php\/2019\/07\/26\/curso-de-verano\/#breadcrumb\",\"itemListElement\":[{\"@type\":\"ListItem\",\"position\":1,\"name\":\"Inicio\",\"item\":\"https:\/\/21panorama.com\/\"},{\"@type\":\"ListItem\",\"position\":2,\"name\":\"CURSO DE VERANO\"}]},{\"@type\":\"WebSite\",\"@id\":\"https:\/\/21panorama.com\/#website\",\"url\":\"https:\/\/21panorama.com\/\",\"name\":\"21 Panorama\",\"description\":\"La construcci\u00f3n de la opini\u00f3n p\u00fablica merece un mejor Panorama en este siglo 21 para alcanzar una sociedad con mayor transparencia y sin corrupci\u00f3n.\",\"publisher\":{\"@id\":\"https:\/\/21panorama.com\/#organization\"},\"potentialAction\":[{\"@type\":\"SearchAction\",\"target\":{\"@type\":\"EntryPoint\",\"urlTemplate\":\"https:\/\/21panorama.com\/?s={search_term_string}\"},\"query-input\":{\"@type\":\"PropertyValueSpecification\",\"valueRequired\":true,\"valueName\":\"search_term_string\"}}],\"inLanguage\":\"es\"},{\"@type\":\"Organization\",\"@id\":\"https:\/\/21panorama.com\/#organization\",\"name\":\"21 Panorama\",\"url\":\"https:\/\/21panorama.com\/\",\"logo\":{\"@type\":\"ImageObject\",\"inLanguage\":\"es\",\"@id\":\"https:\/\/21panorama.com\/#\/schema\/logo\/image\/\",\"url\":\"https:\/\/21panorama.com\/wp-content\/uploads\/2019\/07\/cropped-Logo-Panorama-01.jpeg\",\"contentUrl\":\"https:\/\/21panorama.com\/wp-content\/uploads\/2019\/07\/cropped-Logo-Panorama-01.jpeg\",\"width\":290,\"height\":70,\"caption\":\"21 Panorama\"},\"image\":{\"@id\":\"https:\/\/21panorama.com\/#\/schema\/logo\/image\/\"}},{\"@type\":\"Person\",\"@id\":\"https:\/\/21panorama.com\/#\/schema\/person\/1afc291b96d5792a158768324287319f\",\"name\":\"admin\",\"image\":{\"@type\":\"ImageObject\",\"inLanguage\":\"es\",\"@id\":\"https:\/\/21panorama.com\/#\/schema\/person\/image\/\",\"url\":\"https:\/\/secure.gravatar.com\/avatar\/ad365d9d9f46719215b0d042cc3df92a5a8683e09ef13d102233e5491985f0f0?s=96&d=mm&r=g\",\"contentUrl\":\"https:\/\/secure.gravatar.com\/avatar\/ad365d9d9f46719215b0d042cc3df92a5a8683e09ef13d102233e5491985f0f0?s=96&d=mm&r=g\",\"caption\":\"admin\"},\"url\":\"https:\/\/21panorama.com\/index.php\/author\/admin\/\"}]}<\/script>\n<!-- \/ Yoast SEO plugin. -->","yoast_head_json":{"title":"CURSO DE VERANO - 21 Panorama","robots":{"index":"index","follow":"follow","max-snippet":"max-snippet:-1","max-image-preview":"max-image-preview:large","max-video-preview":"max-video-preview:-1"},"canonical":"https:\/\/21panorama.com\/index.php\/2019\/07\/26\/curso-de-verano\/","og_locale":"es_MX","og_type":"article","og_title":"CURSO DE VERANO - 21 Panorama","og_description":"\u00a1Buenos d\u00edas! Realic\u00e9 una visita sorpresa al equipo l\u00fadico del curso de verano que imparte el Instituto Municipal de Cultura F\u00edsica y Deporte de&nbsp;#Coacalco. Chicos, gracias por todas sus atenciones a los ni\u00f1os coacalquenses. Su pasi\u00f3n y entrega es muy importante para la reconstrucci\u00f3n del tejido social.","og_url":"https:\/\/21panorama.com\/index.php\/2019\/07\/26\/curso-de-verano\/","og_site_name":"21 Panorama","article_published_time":"2019-07-26T01:54:49+00:00","article_modified_time":"2019-07-26T16:37:09+00:00","og_image":[{"width":960,"height":804,"url":"https:\/\/21panorama.com\/wp-content\/uploads\/2019\/07\/67154152_1050750198465299_4938303493715787776_n.jpg","type":"image\/jpeg"}],"author":"admin","twitter_card":"summary_large_image","twitter_misc":{"Escrito por":"admin"},"schema":{"@context":"https:\/\/schema.org","@graph":[{"@type":"Article","@id":"https:\/\/21panorama.com\/index.php\/2019\/07\/26\/curso-de-verano\/#article","isPartOf":{"@id":"https:\/\/21panorama.com\/index.php\/2019\/07\/26\/curso-de-verano\/"},"author":{"name":"admin","@id":"https:\/\/21panorama.com\/#\/schema\/person\/1afc291b96d5792a158768324287319f"},"headline":"CURSO DE VERANO","datePublished":"2019-07-26T01:54:49+00:00","dateModified":"2019-07-26T16:37:09+00:00","mainEntityOfPage":{"@id":"https:\/\/21panorama.com\/index.php\/2019\/07\/26\/curso-de-verano\/"},"wordCount":58,"commentCount":0,"publisher":{"@id":"https:\/\/21panorama.com\/#organization"},"image":{"@id":"https:\/\/21panorama.com\/index.php\/2019\/07\/26\/curso-de-verano\/#primaryimage"},"thumbnailUrl":"https:\/\/21panorama.com\/wp-content\/uploads\/2019\/07\/67154152_1050750198465299_4938303493715787776_n.jpg","articleSection":["Cultura"],"inLanguage":"es","potentialAction":[{"@type":"CommentAction","name":"Comment","target":["https:\/\/21panorama.com\/index.php\/2019\/07\/26\/curso-de-verano\/#respond"]}]},{"@type":"WebPage","@id":"https:\/\/21panorama.com\/index.php\/2019\/07\/26\/curso-de-verano\/","url":"https:\/\/21panorama.com\/index.php\/2019\/07\/26\/curso-de-verano\/","name":"CURSO DE VERANO - 21 Panorama","isPartOf":{"@id":"https:\/\/21panorama.com\/#website"},"primaryImageOfPage":{"@id":"https:\/\/21panorama.com\/index.php\/2019\/07\/26\/curso-de-verano\/#primaryimage"},"image":{"@id":"https:\/\/21panorama.com\/index.php\/2019\/07\/26\/curso-de-verano\/#primaryimage"},"thumbnailUrl":"https:\/\/21panorama.com\/wp-content\/uploads\/2019\/07\/67154152_1050750198465299_4938303493715787776_n.jpg","datePublished":"2019-07-26T01:54:49+00:00","dateModified":"2019-07-26T16:37:09+00:00","breadcrumb":{"@id":"https:\/\/21panorama.com\/index.php\/2019\/07\/26\/curso-de-verano\/#breadcrumb"},"inLanguage":"es","potentialAction":[{"@type":"ReadAction","target":["https:\/\/21panorama.com\/index.php\/2019\/07\/26\/curso-de-verano\/"]}]},{"@type":"ImageObject","inLanguage":"es","@id":"https:\/\/21panorama.com\/index.php\/2019\/07\/26\/curso-de-verano\/#primaryimage","url":"https:\/\/21panorama.com\/wp-content\/uploads\/2019\/07\/67154152_1050750198465299_4938303493715787776_n.jpg","contentUrl":"https:\/\/21panorama.com\/wp-content\/uploads\/2019\/07\/67154152_1050750198465299_4938303493715787776_n.jpg","width":960,"height":804},{"@type":"BreadcrumbList","@id":"https:\/\/21panorama.com\/index.php\/2019\/07\/26\/curso-de-verano\/#breadcrumb","itemListElement":[{"@type":"ListItem","position":1,"name":"Inicio","item":"https:\/\/21panorama.com\/"},{"@type":"ListItem","position":2,"name":"CURSO DE VERANO"}]},{"@type":"WebSite","@id":"https:\/\/21panorama.com\/#website","url":"https:\/\/21panorama.com\/","name":"21 Panorama","description":"La construcci\u00f3n de la opini\u00f3n p\u00fablica merece un mejor Panorama en este siglo 21 para alcanzar una sociedad con mayor transparencia y sin corrupci\u00f3n.","publisher":{"@id":"https:\/\/21panorama.com\/#organization"},"potentialAction":[{"@type":"SearchAction","target":{"@type":"EntryPoint","urlTemplate":"https:\/\/21panorama.com\/?s={search_term_string}"},"query-input":{"@type":"PropertyValueSpecification","valueRequired":true,"valueName":"search_term_string"}}],"inLanguage":"es"},{"@type":"Organization","@id":"https:\/\/21panorama.com\/#organization","name":"21 Panorama","url":"https:\/\/21panorama.com\/","logo":{"@type":"ImageObject","inLanguage":"es","@id":"https:\/\/21panorama.com\/#\/schema\/logo\/image\/","url":"https:\/\/21panorama.com\/wp-content\/uploads\/2019\/07\/cropped-Logo-Panorama-01.jpeg","contentUrl":"https:\/\/21panorama.com\/wp-content\/uploads\/2019\/07\/cropped-Logo-Panorama-01.jpeg","width":290,"height":70,"caption":"21 Panorama"},"image":{"@id":"https:\/\/21panorama.com\/#\/schema\/logo\/image\/"}},{"@type":"Person","@id":"https:\/\/21panorama.com\/#\/schema\/person\/1afc291b96d5792a158768324287319f","name":"admin","image":{"@type":"ImageObject","inLanguage":"es","@id":"https:\/\/21panorama.com\/#\/schema\/person\/image\/","url":"https:\/\/secure.gravatar.com\/avatar\/ad365d9d9f46719215b0d042cc3df92a5a8683e09ef13d102233e5491985f0f0?s=96&d=mm&r=g","contentUrl":"https:\/\/secure.gravatar.com\/avatar\/ad365d9d9f46719215b0d042cc3df92a5a8683e09ef13d102233e5491985f0f0?s=96&d=mm&r=g","caption":"admin"},"url":"https:\/\/21panorama.com\/index.php\/author\/admin\/"}]}},"_links":{"self":[{"href":"https:\/\/21panorama.com\/index.php\/wp-json\/wp\/v2\/posts\/116","targetHints":{"allow":["GET"]}}],"collection":[{"href":"https:\/\/21panorama.com\/index.php\/wp-json\/wp\/v2\/posts"}],"about":[{"href":"https:\/\/21panorama.com\/index.php\/wp-json\/wp\/v2\/types\/post"}],"author":[{"embeddable":true,"href":"https:\/\/21panorama.com\/index.php\/wp-json\/wp\/v2\/users\/1"}],"replies":[{"embeddable":true,"href":"https:\/\/21panorama.com\/index.php\/wp-json\/wp\/v2\/comments?post=116"}],"version-history":[{"count":2,"href":"https:\/\/21panorama.com\/index.php\/wp-json\/wp\/v2\/posts\/116\/revisions"}],"predecessor-version":[{"id":132,"href":"https:\/\/21panorama.com\/index.php\/wp-json\/wp\/v2\/posts\/116\/revisions\/132"}],"wp:featuredmedia":[{"embeddable":true,"href":"https:\/\/21panorama.com\/index.php\/wp-json\/wp\/v2\/media\/117"}],"wp:attachment":[{"href":"https:\/\/21panorama.com\/index.php\/wp-json\/wp\/v2\/media?parent=116"}],"wp:term":[{"taxonomy":"category","embeddable":true,"href":"https:\/\/21panorama.com\/index.php\/wp-json\/wp\/v2\/categories?post=116"},{"taxonomy":"post_tag","embeddable":true,"href":"https:\/\/21panorama.com\/index.php\/wp-json\/wp\/v2\/tags?post=116"}],"curies":[{"name":"wp","href":"https:\/\/api.w.org\/{rel}","templated":true}]}}