{"id":111,"date":"2019-07-26T01:46:27","date_gmt":"2019-07-26T01:46:27","guid":{"rendered":"http:\/\/21panorama.com\/?p=111"},"modified":"2019-07-26T01:46:27","modified_gmt":"2019-07-26T01:46:27","slug":"abren-periodo-de-inscripciones-en-las-46-escuelas-de-artes-y-oficios-de-la-entidad","status":"publish","type":"post","link":"https:\/\/21panorama.com\/index.php\/2019\/07\/26\/abren-periodo-de-inscripciones-en-las-46-escuelas-de-artes-y-oficios-de-la-entidad\/","title":{"rendered":"ABREN PERIODO DE INSCRIPCIONES EN LAS 46 ESCUELAS DE ARTES Y OFICIOS DE LA ENTIDAD"},"content":{"rendered":"\n<p>Las 46 Escuelas de Artes y Oficios (EDAYO) del Estado de M\u00e9xico iniciaron su periodo de inscripciones a los cursos especializados que comienzan en la modalidad escolarizada, de lunes a viernes, el 2 de septiembre y, sabatina el pr\u00f3ximo 7 del mismo mes.<\/p>\n\n\n\n<p>Durante una visita a la EDAYO de este municipio, la Secretaria del Trabajo, Martha Hilda Gonz\u00e1lez Calder\u00f3n, dijo que 51 mil 303 personas se inscribieron en el periodo marzo-agosto en 2 mil 566 cursos, sumando un total de 79 mil 184 personas capacitadas en este a\u00f1o.<\/p>\n\n\n\n<p>La Secretaria destac\u00f3 que el Instituto de Capacitaci\u00f3n y Adiestramiento para el Trabajo Industrial (ICATI) se perfila para consolidarse como una instituci\u00f3n l\u00edder en este ramo por la implementaci\u00f3n de un nuevo modelo educativo de capacitaci\u00f3n para y en el trabajo.<\/p>\n\n\n\n<p>Por su parte, el Director General del ICATI, Jaime Rebollo Hern\u00e1ndez, indic\u00f3 que se cuenta con personal altamente calificado, por lo que el organismo es un verdadero canal que vincula a los capacitandos con el empleo y el autoempleo.<\/p>\n\n\n\n<p>Se\u00f1al\u00f3 que el Gobierno que encabeza Alfredo Del Mazo Maza tiene especial inter\u00e9s en la preparaci\u00f3n, innovaci\u00f3n y mejora de quienes se encargan de la formaci\u00f3n de fuerza productiva, porque son el eslab\u00f3n primario en la cadena de la competitividad.<\/p>\n\n\n\n<p>El objetivo, agreg\u00f3, es ofrecer instrucci\u00f3n para que los alumnos consigan un trabajo al egresar o emprendan un negocio propio que les permita obtener m\u00e1s ingresos en beneficio de sus familias.<\/p>\n\n\n\n<p>Dijo que los programas de estudio de las EDAYO contemplan la vinculaci\u00f3n de los alumnos con el sector empresarial, ya que los cursos que se imparten pueden adecuarse para atender requerimientos espec\u00edficos, dependiendo de la vocaci\u00f3n econ\u00f3mica de cada regi\u00f3n.<\/p>\n\n\n\n<p>El ICATI, mediante las 46 EDAYO y 17 Unidades de Capacitaci\u00f3n Externa, es una opci\u00f3n para que los mexiquenses adquieran los conocimientos que les permitan emplearse, concluy\u00f3.<\/p>\n","protected":false},"excerpt":{"rendered":"<p>Las 46 Escuelas de Artes y Oficios (EDAYO) del Estado de M\u00e9xico iniciaron su periodo de inscripciones a los cursos especializados que comienzan en la modalidad escolarizada, de lunes a viernes, el 2 de septiembre y, sabatina el pr\u00f3ximo 7 del mismo mes. Durante una visita a la EDAYO de este municipio, la Secretaria del Trabajo, Martha Hilda Gonz\u00e1lez Calder\u00f3n, dijo que 51 mil 303 personas se inscribieron en el periodo marzo-agosto en 2 mil 566 cursos, sumando un total de 79 mil 184 personas capacitadas en este a\u00f1o. La&hellip;<\/p>\n","protected":false},"author":1,"featured_media":0,"comment_status":"open","ping_status":"open","sticky":false,"template":"","format":"standard","meta":{"footnotes":""},"categories":[1],"tags":[],"class_list":["post-111","post","type-post","status-publish","format-standard","hentry","category-sociedad"],"yoast_head":"<!-- This site is optimized with the Yoast SEO plugin v24.9 - https:\/\/yoast.com\/wordpress\/plugins\/seo\/ -->\n<title>ABREN PERIODO DE INSCRIPCIONES EN LAS 46 ESCUELAS DE ARTES Y OFICIOS DE LA ENTIDAD - 21 Panorama<\/title>\n<meta name=\"robots\" content=\"index, follow, max-snippet:-1, max-image-preview:large, max-video-preview:-1\" \/>\n<link rel=\"canonical\" href=\"https:\/\/21panorama.com\/index.php\/2019\/07\/26\/abren-periodo-de-inscripciones-en-las-46-escuelas-de-artes-y-oficios-de-la-entidad\/\" \/>\n<meta property=\"og:locale\" content=\"es_MX\" \/>\n<meta property=\"og:type\" content=\"article\" \/>\n<meta property=\"og:title\" content=\"ABREN PERIODO DE INSCRIPCIONES EN LAS 46 ESCUELAS DE ARTES Y OFICIOS DE LA ENTIDAD - 21 Panorama\" \/>\n<meta property=\"og:description\" content=\"Las 46 Escuelas de Artes y Oficios (EDAYO) del Estado de M\u00e9xico iniciaron su periodo de inscripciones a los cursos especializados que comienzan en la modalidad escolarizada, de lunes a viernes, el 2 de septiembre y, sabatina el pr\u00f3ximo 7 del mismo mes. Durante una visita a la EDAYO de este municipio, la Secretaria del Trabajo, Martha Hilda Gonz\u00e1lez Calder\u00f3n, dijo que 51 mil 303 personas se inscribieron en el periodo marzo-agosto en 2 mil 566 cursos, sumando un total de 79 mil 184 personas capacitadas en este a\u00f1o. La&hellip;\" \/>\n<meta property=\"og:url\" content=\"https:\/\/21panorama.com\/index.php\/2019\/07\/26\/abren-periodo-de-inscripciones-en-las-46-escuelas-de-artes-y-oficios-de-la-entidad\/\" \/>\n<meta property=\"og:site_name\" content=\"21 Panorama\" \/>\n<meta property=\"article:published_time\" content=\"2019-07-26T01:46:27+00:00\" \/>\n<meta name=\"author\" content=\"admin\" \/>\n<meta name=\"twitter:card\" content=\"summary_large_image\" \/>\n<meta name=\"twitter:label1\" content=\"Escrito por\" \/>\n\t<meta name=\"twitter:data1\" content=\"admin\" \/>\n\t<meta name=\"twitter:label2\" content=\"Tiempo de lectura\" \/>\n\t<meta name=\"twitter:data2\" content=\"2 minutos\" \/>\n<script type=\"application\/ld+json\" class=\"yoast-schema-graph\">{\"@context\":\"https:\/\/schema.org\",\"@graph\":[{\"@type\":\"Article\",\"@id\":\"https:\/\/21panorama.com\/index.php\/2019\/07\/26\/abren-periodo-de-inscripciones-en-las-46-escuelas-de-artes-y-oficios-de-la-entidad\/#article\",\"isPartOf\":{\"@id\":\"https:\/\/21panorama.com\/index.php\/2019\/07\/26\/abren-periodo-de-inscripciones-en-las-46-escuelas-de-artes-y-oficios-de-la-entidad\/\"},\"author\":{\"name\":\"admin\",\"@id\":\"https:\/\/21panorama.com\/#\/schema\/person\/1afc291b96d5792a158768324287319f\"},\"headline\":\"ABREN PERIODO DE INSCRIPCIONES EN LAS 46 ESCUELAS DE ARTES Y OFICIOS DE LA ENTIDAD\",\"datePublished\":\"2019-07-26T01:46:27+00:00\",\"mainEntityOfPage\":{\"@id\":\"https:\/\/21panorama.com\/index.php\/2019\/07\/26\/abren-periodo-de-inscripciones-en-las-46-escuelas-de-artes-y-oficios-de-la-entidad\/\"},\"wordCount\":336,\"commentCount\":0,\"publisher\":{\"@id\":\"https:\/\/21panorama.com\/#organization\"},\"articleSection\":[\"Sociedad\"],\"inLanguage\":\"es\",\"potentialAction\":[{\"@type\":\"CommentAction\",\"name\":\"Comment\",\"target\":[\"https:\/\/21panorama.com\/index.php\/2019\/07\/26\/abren-periodo-de-inscripciones-en-las-46-escuelas-de-artes-y-oficios-de-la-entidad\/#respond\"]}]},{\"@type\":\"WebPage\",\"@id\":\"https:\/\/21panorama.com\/index.php\/2019\/07\/26\/abren-periodo-de-inscripciones-en-las-46-escuelas-de-artes-y-oficios-de-la-entidad\/\",\"url\":\"https:\/\/21panorama.com\/index.php\/2019\/07\/26\/abren-periodo-de-inscripciones-en-las-46-escuelas-de-artes-y-oficios-de-la-entidad\/\",\"name\":\"ABREN PERIODO DE INSCRIPCIONES EN LAS 46 ESCUELAS DE ARTES Y OFICIOS DE LA ENTIDAD - 21 Panorama\",\"isPartOf\":{\"@id\":\"https:\/\/21panorama.com\/#website\"},\"datePublished\":\"2019-07-26T01:46:27+00:00\",\"breadcrumb\":{\"@id\":\"https:\/\/21panorama.com\/index.php\/2019\/07\/26\/abren-periodo-de-inscripciones-en-las-46-escuelas-de-artes-y-oficios-de-la-entidad\/#breadcrumb\"},\"inLanguage\":\"es\",\"potentialAction\":[{\"@type\":\"ReadAction\",\"target\":[\"https:\/\/21panorama.com\/index.php\/2019\/07\/26\/abren-periodo-de-inscripciones-en-las-46-escuelas-de-artes-y-oficios-de-la-entidad\/\"]}]},{\"@type\":\"BreadcrumbList\",\"@id\":\"https:\/\/21panorama.com\/index.php\/2019\/07\/26\/abren-periodo-de-inscripciones-en-las-46-escuelas-de-artes-y-oficios-de-la-entidad\/#breadcrumb\",\"itemListElement\":[{\"@type\":\"ListItem\",\"position\":1,\"name\":\"Inicio\",\"item\":\"https:\/\/21panorama.com\/\"},{\"@type\":\"ListItem\",\"position\":2,\"name\":\"ABREN PERIODO DE INSCRIPCIONES EN LAS 46 ESCUELAS DE ARTES Y OFICIOS DE LA ENTIDAD\"}]},{\"@type\":\"WebSite\",\"@id\":\"https:\/\/21panorama.com\/#website\",\"url\":\"https:\/\/21panorama.com\/\",\"name\":\"21 Panorama\",\"description\":\"La construcci\u00f3n de la opini\u00f3n p\u00fablica merece un mejor Panorama en este siglo 21 para alcanzar una sociedad con mayor transparencia y sin corrupci\u00f3n.\",\"publisher\":{\"@id\":\"https:\/\/21panorama.com\/#organization\"},\"potentialAction\":[{\"@type\":\"SearchAction\",\"target\":{\"@type\":\"EntryPoint\",\"urlTemplate\":\"https:\/\/21panorama.com\/?s={search_term_string}\"},\"query-input\":{\"@type\":\"PropertyValueSpecification\",\"valueRequired\":true,\"valueName\":\"search_term_string\"}}],\"inLanguage\":\"es\"},{\"@type\":\"Organization\",\"@id\":\"https:\/\/21panorama.com\/#organization\",\"name\":\"21 Panorama\",\"url\":\"https:\/\/21panorama.com\/\",\"logo\":{\"@type\":\"ImageObject\",\"inLanguage\":\"es\",\"@id\":\"https:\/\/21panorama.com\/#\/schema\/logo\/image\/\",\"url\":\"https:\/\/21panorama.com\/wp-content\/uploads\/2019\/07\/cropped-Logo-Panorama-01.jpeg\",\"contentUrl\":\"https:\/\/21panorama.com\/wp-content\/uploads\/2019\/07\/cropped-Logo-Panorama-01.jpeg\",\"width\":290,\"height\":70,\"caption\":\"21 Panorama\"},\"image\":{\"@id\":\"https:\/\/21panorama.com\/#\/schema\/logo\/image\/\"}},{\"@type\":\"Person\",\"@id\":\"https:\/\/21panorama.com\/#\/schema\/person\/1afc291b96d5792a158768324287319f\",\"name\":\"admin\",\"image\":{\"@type\":\"ImageObject\",\"inLanguage\":\"es\",\"@id\":\"https:\/\/21panorama.com\/#\/schema\/person\/image\/\",\"url\":\"https:\/\/secure.gravatar.com\/avatar\/ad365d9d9f46719215b0d042cc3df92a5a8683e09ef13d102233e5491985f0f0?s=96&d=mm&r=g\",\"contentUrl\":\"https:\/\/secure.gravatar.com\/avatar\/ad365d9d9f46719215b0d042cc3df92a5a8683e09ef13d102233e5491985f0f0?s=96&d=mm&r=g\",\"caption\":\"admin\"},\"url\":\"https:\/\/21panorama.com\/index.php\/author\/admin\/\"}]}<\/script>\n<!-- \/ Yoast SEO plugin. -->","yoast_head_json":{"title":"ABREN PERIODO DE INSCRIPCIONES EN LAS 46 ESCUELAS DE ARTES Y OFICIOS DE LA ENTIDAD - 21 Panorama","robots":{"index":"index","follow":"follow","max-snippet":"max-snippet:-1","max-image-preview":"max-image-preview:large","max-video-preview":"max-video-preview:-1"},"canonical":"https:\/\/21panorama.com\/index.php\/2019\/07\/26\/abren-periodo-de-inscripciones-en-las-46-escuelas-de-artes-y-oficios-de-la-entidad\/","og_locale":"es_MX","og_type":"article","og_title":"ABREN PERIODO DE INSCRIPCIONES EN LAS 46 ESCUELAS DE ARTES Y OFICIOS DE LA ENTIDAD - 21 Panorama","og_description":"Las 46 Escuelas de Artes y Oficios (EDAYO) del Estado de M\u00e9xico iniciaron su periodo de inscripciones a los cursos especializados que comienzan en la modalidad escolarizada, de lunes a viernes, el 2 de septiembre y, sabatina el pr\u00f3ximo 7 del mismo mes. Durante una visita a la EDAYO de este municipio, la Secretaria del Trabajo, Martha Hilda Gonz\u00e1lez Calder\u00f3n, dijo que 51 mil 303 personas se inscribieron en el periodo marzo-agosto en 2 mil 566 cursos, sumando un total de 79 mil 184 personas capacitadas en este a\u00f1o. La&hellip;","og_url":"https:\/\/21panorama.com\/index.php\/2019\/07\/26\/abren-periodo-de-inscripciones-en-las-46-escuelas-de-artes-y-oficios-de-la-entidad\/","og_site_name":"21 Panorama","article_published_time":"2019-07-26T01:46:27+00:00","author":"admin","twitter_card":"summary_large_image","twitter_misc":{"Escrito por":"admin","Tiempo de lectura":"2 minutos"},"schema":{"@context":"https:\/\/schema.org","@graph":[{"@type":"Article","@id":"https:\/\/21panorama.com\/index.php\/2019\/07\/26\/abren-periodo-de-inscripciones-en-las-46-escuelas-de-artes-y-oficios-de-la-entidad\/#article","isPartOf":{"@id":"https:\/\/21panorama.com\/index.php\/2019\/07\/26\/abren-periodo-de-inscripciones-en-las-46-escuelas-de-artes-y-oficios-de-la-entidad\/"},"author":{"name":"admin","@id":"https:\/\/21panorama.com\/#\/schema\/person\/1afc291b96d5792a158768324287319f"},"headline":"ABREN PERIODO DE INSCRIPCIONES EN LAS 46 ESCUELAS DE ARTES Y OFICIOS DE LA ENTIDAD","datePublished":"2019-07-26T01:46:27+00:00","mainEntityOfPage":{"@id":"https:\/\/21panorama.com\/index.php\/2019\/07\/26\/abren-periodo-de-inscripciones-en-las-46-escuelas-de-artes-y-oficios-de-la-entidad\/"},"wordCount":336,"commentCount":0,"publisher":{"@id":"https:\/\/21panorama.com\/#organization"},"articleSection":["Sociedad"],"inLanguage":"es","potentialAction":[{"@type":"CommentAction","name":"Comment","target":["https:\/\/21panorama.com\/index.php\/2019\/07\/26\/abren-periodo-de-inscripciones-en-las-46-escuelas-de-artes-y-oficios-de-la-entidad\/#respond"]}]},{"@type":"WebPage","@id":"https:\/\/21panorama.com\/index.php\/2019\/07\/26\/abren-periodo-de-inscripciones-en-las-46-escuelas-de-artes-y-oficios-de-la-entidad\/","url":"https:\/\/21panorama.com\/index.php\/2019\/07\/26\/abren-periodo-de-inscripciones-en-las-46-escuelas-de-artes-y-oficios-de-la-entidad\/","name":"ABREN PERIODO DE INSCRIPCIONES EN LAS 46 ESCUELAS DE ARTES Y OFICIOS DE LA ENTIDAD - 21 Panorama","isPartOf":{"@id":"https:\/\/21panorama.com\/#website"},"datePublished":"2019-07-26T01:46:27+00:00","breadcrumb":{"@id":"https:\/\/21panorama.com\/index.php\/2019\/07\/26\/abren-periodo-de-inscripciones-en-las-46-escuelas-de-artes-y-oficios-de-la-entidad\/#breadcrumb"},"inLanguage":"es","potentialAction":[{"@type":"ReadAction","target":["https:\/\/21panorama.com\/index.php\/2019\/07\/26\/abren-periodo-de-inscripciones-en-las-46-escuelas-de-artes-y-oficios-de-la-entidad\/"]}]},{"@type":"BreadcrumbList","@id":"https:\/\/21panorama.com\/index.php\/2019\/07\/26\/abren-periodo-de-inscripciones-en-las-46-escuelas-de-artes-y-oficios-de-la-entidad\/#breadcrumb","itemListElement":[{"@type":"ListItem","position":1,"name":"Inicio","item":"https:\/\/21panorama.com\/"},{"@type":"ListItem","position":2,"name":"ABREN PERIODO DE INSCRIPCIONES EN LAS 46 ESCUELAS DE ARTES Y OFICIOS DE LA ENTIDAD"}]},{"@type":"WebSite","@id":"https:\/\/21panorama.com\/#website","url":"https:\/\/21panorama.com\/","name":"21 Panorama","description":"La construcci\u00f3n de la opini\u00f3n p\u00fablica merece un mejor Panorama en este siglo 21 para alcanzar una sociedad con mayor transparencia y sin corrupci\u00f3n.","publisher":{"@id":"https:\/\/21panorama.com\/#organization"},"potentialAction":[{"@type":"SearchAction","target":{"@type":"EntryPoint","urlTemplate":"https:\/\/21panorama.com\/?s={search_term_string}"},"query-input":{"@type":"PropertyValueSpecification","valueRequired":true,"valueName":"search_term_string"}}],"inLanguage":"es"},{"@type":"Organization","@id":"https:\/\/21panorama.com\/#organization","name":"21 Panorama","url":"https:\/\/21panorama.com\/","logo":{"@type":"ImageObject","inLanguage":"es","@id":"https:\/\/21panorama.com\/#\/schema\/logo\/image\/","url":"https:\/\/21panorama.com\/wp-content\/uploads\/2019\/07\/cropped-Logo-Panorama-01.jpeg","contentUrl":"https:\/\/21panorama.com\/wp-content\/uploads\/2019\/07\/cropped-Logo-Panorama-01.jpeg","width":290,"height":70,"caption":"21 Panorama"},"image":{"@id":"https:\/\/21panorama.com\/#\/schema\/logo\/image\/"}},{"@type":"Person","@id":"https:\/\/21panorama.com\/#\/schema\/person\/1afc291b96d5792a158768324287319f","name":"admin","image":{"@type":"ImageObject","inLanguage":"es","@id":"https:\/\/21panorama.com\/#\/schema\/person\/image\/","url":"https:\/\/secure.gravatar.com\/avatar\/ad365d9d9f46719215b0d042cc3df92a5a8683e09ef13d102233e5491985f0f0?s=96&d=mm&r=g","contentUrl":"https:\/\/secure.gravatar.com\/avatar\/ad365d9d9f46719215b0d042cc3df92a5a8683e09ef13d102233e5491985f0f0?s=96&d=mm&r=g","caption":"admin"},"url":"https:\/\/21panorama.com\/index.php\/author\/admin\/"}]}},"_links":{"self":[{"href":"https:\/\/21panorama.com\/index.php\/wp-json\/wp\/v2\/posts\/111","targetHints":{"allow":["GET"]}}],"collection":[{"href":"https:\/\/21panorama.com\/index.php\/wp-json\/wp\/v2\/posts"}],"about":[{"href":"https:\/\/21panorama.com\/index.php\/wp-json\/wp\/v2\/types\/post"}],"author":[{"embeddable":true,"href":"https:\/\/21panorama.com\/index.php\/wp-json\/wp\/v2\/users\/1"}],"replies":[{"embeddable":true,"href":"https:\/\/21panorama.com\/index.php\/wp-json\/wp\/v2\/comments?post=111"}],"version-history":[{"count":1,"href":"https:\/\/21panorama.com\/index.php\/wp-json\/wp\/v2\/posts\/111\/revisions"}],"predecessor-version":[{"id":112,"href":"https:\/\/21panorama.com\/index.php\/wp-json\/wp\/v2\/posts\/111\/revisions\/112"}],"wp:attachment":[{"href":"https:\/\/21panorama.com\/index.php\/wp-json\/wp\/v2\/media?parent=111"}],"wp:term":[{"taxonomy":"category","embeddable":true,"href":"https:\/\/21panorama.com\/index.php\/wp-json\/wp\/v2\/categories?post=111"},{"taxonomy":"post_tag","embeddable":true,"href":"https:\/\/21panorama.com\/index.php\/wp-json\/wp\/v2\/tags?post=111"}],"curies":[{"name":"wp","href":"https:\/\/api.w.org\/{rel}","templated":true}]}}