{"id":105,"date":"2019-07-26T01:43:41","date_gmt":"2019-07-26T01:43:41","guid":{"rendered":"http:\/\/21panorama.com\/?p=105"},"modified":"2019-07-26T16:38:24","modified_gmt":"2019-07-26T16:38:24","slug":"alfredo-del-mazo-brinda-mejores-condiciones","status":"publish","type":"post","link":"https:\/\/21panorama.com\/index.php\/2019\/07\/26\/alfredo-del-mazo-brinda-mejores-condiciones\/","title":{"rendered":"ALFREDO DEL MAZO MAZA BRINDA MEJORES CONDICIONES"},"content":{"rendered":"\n<ul class=\"wp-block-gallery columns-3 is-cropped wp-block-gallery-1 is-layout-flex wp-block-gallery-is-layout-flex\"><li class=\"blocks-gallery-item\"><figure><img decoding=\"async\" width=\"640\" height=\"960\" src=\"https:\/\/21panorama.com\/wp-content\/uploads\/2019\/07\/67175795_2401533120127229_5904536973422362624_n-1.jpg\" alt=\"\" data-id=\"107\" data-link=\"https:\/\/21panorama.com\/?attachment_id=107\" class=\"wp-image-107\" srcset=\"https:\/\/21panorama.com\/wp-content\/uploads\/2019\/07\/67175795_2401533120127229_5904536973422362624_n-1.jpg 640w, https:\/\/21panorama.com\/wp-content\/uploads\/2019\/07\/67175795_2401533120127229_5904536973422362624_n-1-200x300.jpg 200w\" sizes=\"(max-width: 640px) 100vw, 640px\" \/><\/figure><\/li><li class=\"blocks-gallery-item\"><figure><img decoding=\"async\" width=\"724\" height=\"960\" src=\"https:\/\/21panorama.com\/wp-content\/uploads\/2019\/07\/67380995_2401533133460561_7953656996941529088_n.jpg\" alt=\"\" data-id=\"108\" data-link=\"https:\/\/21panorama.com\/?attachment_id=108\" class=\"wp-image-108\" srcset=\"https:\/\/21panorama.com\/wp-content\/uploads\/2019\/07\/67380995_2401533133460561_7953656996941529088_n.jpg 724w, https:\/\/21panorama.com\/wp-content\/uploads\/2019\/07\/67380995_2401533133460561_7953656996941529088_n-226x300.jpg 226w\" sizes=\"(max-width: 724px) 100vw, 724px\" \/><\/figure><\/li><li class=\"blocks-gallery-item\"><figure><img decoding=\"async\" width=\"960\" height=\"724\" src=\"https:\/\/21panorama.com\/wp-content\/uploads\/2019\/07\/67597421_2401533143460560_8794134177818607616_n.jpg\" alt=\"\" data-id=\"109\" data-link=\"https:\/\/21panorama.com\/?attachment_id=109\" class=\"wp-image-109\" srcset=\"https:\/\/21panorama.com\/wp-content\/uploads\/2019\/07\/67597421_2401533143460560_8794134177818607616_n.jpg 960w, https:\/\/21panorama.com\/wp-content\/uploads\/2019\/07\/67597421_2401533143460560_8794134177818607616_n-300x226.jpg 300w, https:\/\/21panorama.com\/wp-content\/uploads\/2019\/07\/67597421_2401533143460560_8794134177818607616_n-768x579.jpg 768w\" sizes=\"(max-width: 960px) 100vw, 960px\" \/><\/figure><\/li><\/ul>\n\n\n\n<p>Reitera&nbsp;<a href=\"https:\/\/www.facebook.com\/AlfredoDelMazoMx\/?__tn__=KH-R&amp;eid=ARD33CR5JeOShw5DJ9yra_5MfZnVuZLbqewnYe9Ph7eOR8uI8u2xzPTUo81i7V-n58iOgXM-A2f1NxGZ&amp;fref=mentions&amp;__xts__%5B0%5D=68.ARDsG9Va7IzIYWc-eDtTfsrxQP8NUidCx_QIYu8izashKjtm-og_iNGH7PH7VP_hGZhvvZzXa5iAjhxaLR-A1_gs2_6QPvXPiyBBDtV0bk0SHaxuK_5MiEGVVVgy9ceLCfjgPya7Lq7ciBTrpZMenIxYRpYnfv8yhNZZ8qURP14ea63uUSrlWKdZirmLgMJJ4l8tBpEjR45glZD9FOYzk22LOiRWhmAnnkTpx5JOjy8hovDKnwDqbMSDCCEs1rcKQXWnbIuSYH0WnnRFIGQrbCp7i4In5bT5mTQTL72xZPHKgnOm79domB-Ek9pBscRnQfKa-DrUgY0lhqZlMCvrYjuZtC15bmix_zAqlDqdja_Ez66mjEsnX8XZ5i_zsqH93ibCs21l-dCvefmfrc8Ke81a9WRU54w1v5ywBXIld8_0EbqOoeiTCYw6E7-FkfhhZ55FWwBb8uxrL0BZwwI487uaToJ2krZWX_91Az7hEusL2b3ZY0Oi58Q\">Alfredo Del Mazo Maza<\/a>&nbsp;compromiso con el sector empresarial para brindar las condiciones necesarias para la llegada de m\u00e1s inversiones al&nbsp;<a href=\"https:\/\/www.facebook.com\/hashtag\/edom%C3%A9x?source=feed_text&amp;epa=HASHTAG&amp;__xts__%5B0%5D=68.ARDsG9Va7IzIYWc-eDtTfsrxQP8NUidCx_QIYu8izashKjtm-og_iNGH7PH7VP_hGZhvvZzXa5iAjhxaLR-A1_gs2_6QPvXPiyBBDtV0bk0SHaxuK_5MiEGVVVgy9ceLCfjgPya7Lq7ciBTrpZMenIxYRpYnfv8yhNZZ8qURP14ea63uUSrlWKdZirmLgMJJ4l8tBpEjR45glZD9FOYzk22LOiRWhmAnnkTpx5JOjy8hovDKnwDqbMSDCCEs1rcKQXWnbIuSYH0WnnRFIGQrbCp7i4In5bT5mTQTL72xZPHKgnOm79domB-Ek9pBscRnQfKa-DrUgY0lhqZlMCvrYjuZtC15bmix_zAqlDqdja_Ez66mjEsnX8XZ5i_zsqH93ibCs21l-dCvefmfrc8Ke81a9WRU54w1v5ywBXIld8_0EbqOoeiTCYw6E7-FkfhhZ55FWwBb8uxrL0BZwwI487uaToJ2krZWX_91Az7hEusL2b3ZY0Oi58Q&amp;__tn__=%2ANKH-R\">#Edom\u00e9x<\/a>.<\/p>\n\n\n\n<p>\ud83d\udcc4&nbsp;<a href=\"https:\/\/bit.ly\/2YlgeGk?fbclid=IwAR3jgHJLiHRZa-PtPv6ux85nMDIQyf3tkGsYnqbnpFUdb97Zq3qFJO8jsK4\" target=\"_blank\" rel=\"noreferrer noopener\">https:\/\/bit.ly\/2YlgeGk<\/a><\/p>\n","protected":false},"excerpt":{"rendered":"<p>Reitera&nbsp;Alfredo Del Mazo Maza&nbsp;compromiso con el sector empresarial para brindar las condiciones necesarias para la llegada de m\u00e1s inversiones al&nbsp;#Edom\u00e9x. \ud83d\udcc4&nbsp;https:\/\/bit.ly\/2YlgeGk<\/p>\n","protected":false},"author":1,"featured_media":108,"comment_status":"open","ping_status":"open","sticky":false,"template":"","format":"standard","meta":{"footnotes":""},"categories":[12],"tags":[],"class_list":["post-105","post","type-post","status-publish","format-standard","has-post-thumbnail","hentry","category-politica"],"yoast_head":"<!-- This site is optimized with the Yoast SEO plugin v24.9 - https:\/\/yoast.com\/wordpress\/plugins\/seo\/ -->\n<title>ALFREDO DEL MAZO MAZA BRINDA MEJORES CONDICIONES - 21 Panorama<\/title>\n<meta name=\"robots\" content=\"index, follow, max-snippet:-1, max-image-preview:large, max-video-preview:-1\" \/>\n<link rel=\"canonical\" href=\"https:\/\/21panorama.com\/index.php\/2019\/07\/26\/alfredo-del-mazo-brinda-mejores-condiciones\/\" \/>\n<meta property=\"og:locale\" content=\"es_MX\" \/>\n<meta property=\"og:type\" content=\"article\" \/>\n<meta property=\"og:title\" content=\"ALFREDO DEL MAZO MAZA BRINDA MEJORES CONDICIONES - 21 Panorama\" \/>\n<meta property=\"og:description\" content=\"Reitera&nbsp;Alfredo Del Mazo Maza&nbsp;compromiso con el sector empresarial para brindar las condiciones necesarias para la llegada de m\u00e1s inversiones al&nbsp;#Edom\u00e9x. \ud83d\udcc4&nbsp;https:\/\/bit.ly\/2YlgeGk\" \/>\n<meta property=\"og:url\" content=\"https:\/\/21panorama.com\/index.php\/2019\/07\/26\/alfredo-del-mazo-brinda-mejores-condiciones\/\" \/>\n<meta property=\"og:site_name\" content=\"21 Panorama\" \/>\n<meta property=\"article:published_time\" content=\"2019-07-26T01:43:41+00:00\" \/>\n<meta property=\"article:modified_time\" content=\"2019-07-26T16:38:24+00:00\" \/>\n<meta property=\"og:image\" content=\"https:\/\/21panorama.com\/wp-content\/uploads\/2019\/07\/67380995_2401533133460561_7953656996941529088_n.jpg\" \/>\n\t<meta property=\"og:image:width\" content=\"724\" \/>\n\t<meta property=\"og:image:height\" content=\"960\" \/>\n\t<meta property=\"og:image:type\" content=\"image\/jpeg\" \/>\n<meta name=\"author\" content=\"admin\" \/>\n<meta name=\"twitter:card\" content=\"summary_large_image\" \/>\n<meta name=\"twitter:label1\" content=\"Escrito por\" \/>\n\t<meta name=\"twitter:data1\" content=\"admin\" \/>\n<script type=\"application\/ld+json\" class=\"yoast-schema-graph\">{\"@context\":\"https:\/\/schema.org\",\"@graph\":[{\"@type\":\"Article\",\"@id\":\"https:\/\/21panorama.com\/index.php\/2019\/07\/26\/alfredo-del-mazo-brinda-mejores-condiciones\/#article\",\"isPartOf\":{\"@id\":\"https:\/\/21panorama.com\/index.php\/2019\/07\/26\/alfredo-del-mazo-brinda-mejores-condiciones\/\"},\"author\":{\"name\":\"admin\",\"@id\":\"https:\/\/21panorama.com\/#\/schema\/person\/1afc291b96d5792a158768324287319f\"},\"headline\":\"ALFREDO DEL MAZO MAZA BRINDA MEJORES CONDICIONES\",\"datePublished\":\"2019-07-26T01:43:41+00:00\",\"dateModified\":\"2019-07-26T16:38:24+00:00\",\"mainEntityOfPage\":{\"@id\":\"https:\/\/21panorama.com\/index.php\/2019\/07\/26\/alfredo-del-mazo-brinda-mejores-condiciones\/\"},\"wordCount\":40,\"commentCount\":0,\"publisher\":{\"@id\":\"https:\/\/21panorama.com\/#organization\"},\"image\":{\"@id\":\"https:\/\/21panorama.com\/index.php\/2019\/07\/26\/alfredo-del-mazo-brinda-mejores-condiciones\/#primaryimage\"},\"thumbnailUrl\":\"https:\/\/21panorama.com\/wp-content\/uploads\/2019\/07\/67380995_2401533133460561_7953656996941529088_n.jpg\",\"articleSection\":[\"Politica\"],\"inLanguage\":\"es\",\"potentialAction\":[{\"@type\":\"CommentAction\",\"name\":\"Comment\",\"target\":[\"https:\/\/21panorama.com\/index.php\/2019\/07\/26\/alfredo-del-mazo-brinda-mejores-condiciones\/#respond\"]}]},{\"@type\":\"WebPage\",\"@id\":\"https:\/\/21panorama.com\/index.php\/2019\/07\/26\/alfredo-del-mazo-brinda-mejores-condiciones\/\",\"url\":\"https:\/\/21panorama.com\/index.php\/2019\/07\/26\/alfredo-del-mazo-brinda-mejores-condiciones\/\",\"name\":\"ALFREDO DEL MAZO MAZA BRINDA MEJORES CONDICIONES - 21 Panorama\",\"isPartOf\":{\"@id\":\"https:\/\/21panorama.com\/#website\"},\"primaryImageOfPage\":{\"@id\":\"https:\/\/21panorama.com\/index.php\/2019\/07\/26\/alfredo-del-mazo-brinda-mejores-condiciones\/#primaryimage\"},\"image\":{\"@id\":\"https:\/\/21panorama.com\/index.php\/2019\/07\/26\/alfredo-del-mazo-brinda-mejores-condiciones\/#primaryimage\"},\"thumbnailUrl\":\"https:\/\/21panorama.com\/wp-content\/uploads\/2019\/07\/67380995_2401533133460561_7953656996941529088_n.jpg\",\"datePublished\":\"2019-07-26T01:43:41+00:00\",\"dateModified\":\"2019-07-26T16:38:24+00:00\",\"breadcrumb\":{\"@id\":\"https:\/\/21panorama.com\/index.php\/2019\/07\/26\/alfredo-del-mazo-brinda-mejores-condiciones\/#breadcrumb\"},\"inLanguage\":\"es\",\"potentialAction\":[{\"@type\":\"ReadAction\",\"target\":[\"https:\/\/21panorama.com\/index.php\/2019\/07\/26\/alfredo-del-mazo-brinda-mejores-condiciones\/\"]}]},{\"@type\":\"ImageObject\",\"inLanguage\":\"es\",\"@id\":\"https:\/\/21panorama.com\/index.php\/2019\/07\/26\/alfredo-del-mazo-brinda-mejores-condiciones\/#primaryimage\",\"url\":\"https:\/\/21panorama.com\/wp-content\/uploads\/2019\/07\/67380995_2401533133460561_7953656996941529088_n.jpg\",\"contentUrl\":\"https:\/\/21panorama.com\/wp-content\/uploads\/2019\/07\/67380995_2401533133460561_7953656996941529088_n.jpg\",\"width\":724,\"height\":960},{\"@type\":\"BreadcrumbList\",\"@id\":\"https:\/\/21panorama.com\/index.php\/2019\/07\/26\/alfredo-del-mazo-brinda-mejores-condiciones\/#breadcrumb\",\"itemListElement\":[{\"@type\":\"ListItem\",\"position\":1,\"name\":\"Inicio\",\"item\":\"https:\/\/21panorama.com\/\"},{\"@type\":\"ListItem\",\"position\":2,\"name\":\"ALFREDO DEL MAZO MAZA BRINDA MEJORES CONDICIONES\"}]},{\"@type\":\"WebSite\",\"@id\":\"https:\/\/21panorama.com\/#website\",\"url\":\"https:\/\/21panorama.com\/\",\"name\":\"21 Panorama\",\"description\":\"La construcci\u00f3n de la opini\u00f3n p\u00fablica merece un mejor Panorama en este siglo 21 para alcanzar una sociedad con mayor transparencia y sin corrupci\u00f3n.\",\"publisher\":{\"@id\":\"https:\/\/21panorama.com\/#organization\"},\"potentialAction\":[{\"@type\":\"SearchAction\",\"target\":{\"@type\":\"EntryPoint\",\"urlTemplate\":\"https:\/\/21panorama.com\/?s={search_term_string}\"},\"query-input\":{\"@type\":\"PropertyValueSpecification\",\"valueRequired\":true,\"valueName\":\"search_term_string\"}}],\"inLanguage\":\"es\"},{\"@type\":\"Organization\",\"@id\":\"https:\/\/21panorama.com\/#organization\",\"name\":\"21 Panorama\",\"url\":\"https:\/\/21panorama.com\/\",\"logo\":{\"@type\":\"ImageObject\",\"inLanguage\":\"es\",\"@id\":\"https:\/\/21panorama.com\/#\/schema\/logo\/image\/\",\"url\":\"https:\/\/21panorama.com\/wp-content\/uploads\/2019\/07\/cropped-Logo-Panorama-01.jpeg\",\"contentUrl\":\"https:\/\/21panorama.com\/wp-content\/uploads\/2019\/07\/cropped-Logo-Panorama-01.jpeg\",\"width\":290,\"height\":70,\"caption\":\"21 Panorama\"},\"image\":{\"@id\":\"https:\/\/21panorama.com\/#\/schema\/logo\/image\/\"}},{\"@type\":\"Person\",\"@id\":\"https:\/\/21panorama.com\/#\/schema\/person\/1afc291b96d5792a158768324287319f\",\"name\":\"admin\",\"image\":{\"@type\":\"ImageObject\",\"inLanguage\":\"es\",\"@id\":\"https:\/\/21panorama.com\/#\/schema\/person\/image\/\",\"url\":\"https:\/\/secure.gravatar.com\/avatar\/ad365d9d9f46719215b0d042cc3df92a5a8683e09ef13d102233e5491985f0f0?s=96&d=mm&r=g\",\"contentUrl\":\"https:\/\/secure.gravatar.com\/avatar\/ad365d9d9f46719215b0d042cc3df92a5a8683e09ef13d102233e5491985f0f0?s=96&d=mm&r=g\",\"caption\":\"admin\"},\"url\":\"https:\/\/21panorama.com\/index.php\/author\/admin\/\"}]}<\/script>\n<!-- \/ Yoast SEO plugin. -->","yoast_head_json":{"title":"ALFREDO DEL MAZO MAZA BRINDA MEJORES CONDICIONES - 21 Panorama","robots":{"index":"index","follow":"follow","max-snippet":"max-snippet:-1","max-image-preview":"max-image-preview:large","max-video-preview":"max-video-preview:-1"},"canonical":"https:\/\/21panorama.com\/index.php\/2019\/07\/26\/alfredo-del-mazo-brinda-mejores-condiciones\/","og_locale":"es_MX","og_type":"article","og_title":"ALFREDO DEL MAZO MAZA BRINDA MEJORES CONDICIONES - 21 Panorama","og_description":"Reitera&nbsp;Alfredo Del Mazo Maza&nbsp;compromiso con el sector empresarial para brindar las condiciones necesarias para la llegada de m\u00e1s inversiones al&nbsp;#Edom\u00e9x. \ud83d\udcc4&nbsp;https:\/\/bit.ly\/2YlgeGk","og_url":"https:\/\/21panorama.com\/index.php\/2019\/07\/26\/alfredo-del-mazo-brinda-mejores-condiciones\/","og_site_name":"21 Panorama","article_published_time":"2019-07-26T01:43:41+00:00","article_modified_time":"2019-07-26T16:38:24+00:00","og_image":[{"width":724,"height":960,"url":"https:\/\/21panorama.com\/wp-content\/uploads\/2019\/07\/67380995_2401533133460561_7953656996941529088_n.jpg","type":"image\/jpeg"}],"author":"admin","twitter_card":"summary_large_image","twitter_misc":{"Escrito por":"admin"},"schema":{"@context":"https:\/\/schema.org","@graph":[{"@type":"Article","@id":"https:\/\/21panorama.com\/index.php\/2019\/07\/26\/alfredo-del-mazo-brinda-mejores-condiciones\/#article","isPartOf":{"@id":"https:\/\/21panorama.com\/index.php\/2019\/07\/26\/alfredo-del-mazo-brinda-mejores-condiciones\/"},"author":{"name":"admin","@id":"https:\/\/21panorama.com\/#\/schema\/person\/1afc291b96d5792a158768324287319f"},"headline":"ALFREDO DEL MAZO MAZA BRINDA MEJORES CONDICIONES","datePublished":"2019-07-26T01:43:41+00:00","dateModified":"2019-07-26T16:38:24+00:00","mainEntityOfPage":{"@id":"https:\/\/21panorama.com\/index.php\/2019\/07\/26\/alfredo-del-mazo-brinda-mejores-condiciones\/"},"wordCount":40,"commentCount":0,"publisher":{"@id":"https:\/\/21panorama.com\/#organization"},"image":{"@id":"https:\/\/21panorama.com\/index.php\/2019\/07\/26\/alfredo-del-mazo-brinda-mejores-condiciones\/#primaryimage"},"thumbnailUrl":"https:\/\/21panorama.com\/wp-content\/uploads\/2019\/07\/67380995_2401533133460561_7953656996941529088_n.jpg","articleSection":["Politica"],"inLanguage":"es","potentialAction":[{"@type":"CommentAction","name":"Comment","target":["https:\/\/21panorama.com\/index.php\/2019\/07\/26\/alfredo-del-mazo-brinda-mejores-condiciones\/#respond"]}]},{"@type":"WebPage","@id":"https:\/\/21panorama.com\/index.php\/2019\/07\/26\/alfredo-del-mazo-brinda-mejores-condiciones\/","url":"https:\/\/21panorama.com\/index.php\/2019\/07\/26\/alfredo-del-mazo-brinda-mejores-condiciones\/","name":"ALFREDO DEL MAZO MAZA BRINDA MEJORES CONDICIONES - 21 Panorama","isPartOf":{"@id":"https:\/\/21panorama.com\/#website"},"primaryImageOfPage":{"@id":"https:\/\/21panorama.com\/index.php\/2019\/07\/26\/alfredo-del-mazo-brinda-mejores-condiciones\/#primaryimage"},"image":{"@id":"https:\/\/21panorama.com\/index.php\/2019\/07\/26\/alfredo-del-mazo-brinda-mejores-condiciones\/#primaryimage"},"thumbnailUrl":"https:\/\/21panorama.com\/wp-content\/uploads\/2019\/07\/67380995_2401533133460561_7953656996941529088_n.jpg","datePublished":"2019-07-26T01:43:41+00:00","dateModified":"2019-07-26T16:38:24+00:00","breadcrumb":{"@id":"https:\/\/21panorama.com\/index.php\/2019\/07\/26\/alfredo-del-mazo-brinda-mejores-condiciones\/#breadcrumb"},"inLanguage":"es","potentialAction":[{"@type":"ReadAction","target":["https:\/\/21panorama.com\/index.php\/2019\/07\/26\/alfredo-del-mazo-brinda-mejores-condiciones\/"]}]},{"@type":"ImageObject","inLanguage":"es","@id":"https:\/\/21panorama.com\/index.php\/2019\/07\/26\/alfredo-del-mazo-brinda-mejores-condiciones\/#primaryimage","url":"https:\/\/21panorama.com\/wp-content\/uploads\/2019\/07\/67380995_2401533133460561_7953656996941529088_n.jpg","contentUrl":"https:\/\/21panorama.com\/wp-content\/uploads\/2019\/07\/67380995_2401533133460561_7953656996941529088_n.jpg","width":724,"height":960},{"@type":"BreadcrumbList","@id":"https:\/\/21panorama.com\/index.php\/2019\/07\/26\/alfredo-del-mazo-brinda-mejores-condiciones\/#breadcrumb","itemListElement":[{"@type":"ListItem","position":1,"name":"Inicio","item":"https:\/\/21panorama.com\/"},{"@type":"ListItem","position":2,"name":"ALFREDO DEL MAZO MAZA BRINDA MEJORES CONDICIONES"}]},{"@type":"WebSite","@id":"https:\/\/21panorama.com\/#website","url":"https:\/\/21panorama.com\/","name":"21 Panorama","description":"La construcci\u00f3n de la opini\u00f3n p\u00fablica merece un mejor Panorama en este siglo 21 para alcanzar una sociedad con mayor transparencia y sin corrupci\u00f3n.","publisher":{"@id":"https:\/\/21panorama.com\/#organization"},"potentialAction":[{"@type":"SearchAction","target":{"@type":"EntryPoint","urlTemplate":"https:\/\/21panorama.com\/?s={search_term_string}"},"query-input":{"@type":"PropertyValueSpecification","valueRequired":true,"valueName":"search_term_string"}}],"inLanguage":"es"},{"@type":"Organization","@id":"https:\/\/21panorama.com\/#organization","name":"21 Panorama","url":"https:\/\/21panorama.com\/","logo":{"@type":"ImageObject","inLanguage":"es","@id":"https:\/\/21panorama.com\/#\/schema\/logo\/image\/","url":"https:\/\/21panorama.com\/wp-content\/uploads\/2019\/07\/cropped-Logo-Panorama-01.jpeg","contentUrl":"https:\/\/21panorama.com\/wp-content\/uploads\/2019\/07\/cropped-Logo-Panorama-01.jpeg","width":290,"height":70,"caption":"21 Panorama"},"image":{"@id":"https:\/\/21panorama.com\/#\/schema\/logo\/image\/"}},{"@type":"Person","@id":"https:\/\/21panorama.com\/#\/schema\/person\/1afc291b96d5792a158768324287319f","name":"admin","image":{"@type":"ImageObject","inLanguage":"es","@id":"https:\/\/21panorama.com\/#\/schema\/person\/image\/","url":"https:\/\/secure.gravatar.com\/avatar\/ad365d9d9f46719215b0d042cc3df92a5a8683e09ef13d102233e5491985f0f0?s=96&d=mm&r=g","contentUrl":"https:\/\/secure.gravatar.com\/avatar\/ad365d9d9f46719215b0d042cc3df92a5a8683e09ef13d102233e5491985f0f0?s=96&d=mm&r=g","caption":"admin"},"url":"https:\/\/21panorama.com\/index.php\/author\/admin\/"}]}},"_links":{"self":[{"href":"https:\/\/21panorama.com\/index.php\/wp-json\/wp\/v2\/posts\/105","targetHints":{"allow":["GET"]}}],"collection":[{"href":"https:\/\/21panorama.com\/index.php\/wp-json\/wp\/v2\/posts"}],"about":[{"href":"https:\/\/21panorama.com\/index.php\/wp-json\/wp\/v2\/types\/post"}],"author":[{"embeddable":true,"href":"https:\/\/21panorama.com\/index.php\/wp-json\/wp\/v2\/users\/1"}],"replies":[{"embeddable":true,"href":"https:\/\/21panorama.com\/index.php\/wp-json\/wp\/v2\/comments?post=105"}],"version-history":[{"count":2,"href":"https:\/\/21panorama.com\/index.php\/wp-json\/wp\/v2\/posts\/105\/revisions"}],"predecessor-version":[{"id":134,"href":"https:\/\/21panorama.com\/index.php\/wp-json\/wp\/v2\/posts\/105\/revisions\/134"}],"wp:featuredmedia":[{"embeddable":true,"href":"https:\/\/21panorama.com\/index.php\/wp-json\/wp\/v2\/media\/108"}],"wp:attachment":[{"href":"https:\/\/21panorama.com\/index.php\/wp-json\/wp\/v2\/media?parent=105"}],"wp:term":[{"taxonomy":"category","embeddable":true,"href":"https:\/\/21panorama.com\/index.php\/wp-json\/wp\/v2\/categories?post=105"},{"taxonomy":"post_tag","embeddable":true,"href":"https:\/\/21panorama.com\/index.php\/wp-json\/wp\/v2\/tags?post=105"}],"curies":[{"name":"wp","href":"https:\/\/api.w.org\/{rel}","templated":true}]}}